{"id":145187,"date":"2020-06-30T15:19:38","date_gmt":"2020-06-30T13:19:38","guid":{"rendered":"https:\/\/www.intoscana.it\/coronavirus-in-toscana-2-nuovi-casi-zero-decessi-e-nessuna-guarigione\/"},"modified":"2020-08-10T09:31:46","modified_gmt":"2020-08-10T07:31:46","slug":"coronavirus-30-giugno","status":"publish","type":"post","link":"https:\/\/www.intoscana.it\/it\/coronavirus-30-giugno\/","title":{"rendered":"Coronavirus in Toscana: 2 nuovi casi, zero decessi e nessuna guarigione"},"content":{"rendered":"<div class=\"row\">\n<div id=\"column-1\" class=\"col-md-12 portlet-column portlet-column-only\">\n<section class=\"rt-subheader rt-subheader--news\">\n<div class=\"rt-subheader__wrapper\">\n<div class=\"rt-subheader__title-wrapper\">Sono 2 in pi\u00f9 rispetto a ieri&nbsp;<strong>i casi di positivit\u00e0 al Coronavirus in Toscana, lo&nbsp;0,02% in pi\u00f9 <\/strong>rispetto al giorno precedente, che porta il totale dei casi di Covid-19 dall&#8217;inizio dell&#8217;epidemia a&nbsp;10.250.&nbsp;<strong>Oggi non si registrano nuovi decessi <\/strong>e restano stabili i guariti a quota 8.817 (l&#8217;86% dei casi totali). I&nbsp;<strong>tamponi eseguiti<\/strong>&nbsp;hanno raggiunto quota&nbsp;<strong>337.110<\/strong>, 2.912 in pi\u00f9 rispetto a ieri. Gli attualmente positivi sono oggi 329, +0,6% rispetto a ieri.&nbsp;<\/div>\n<\/div>\n<\/section>\n<\/div>\n<\/div>\n<div class=\"row has-sidebar\">\n<div id=\"column-2\" class=\"col-md-12 col-lg-9 portlet-column portlet-column-first\">\n<div class=\"rt-page__content rt-page-content--left\">\n<div class=\"rt-page__content-text\">\n<p>Questi i dati &#8211; accertati alle ore 12 di oggi sulla base delle richieste della Protezione Civile Nazionale &#8211; relativi all&#8217;andamento dell&#8217;epidemia in regione.<\/p>\n<p>Si ricorda che a partire dal 24 giugno 2020, il Ministero della Salute ha modificato il sistema di rilevazione dei dati sulla diffusione del Covid-19. I casi positivi non sono pi\u00f9 indicati secondo la provincia di notifica, bens\u00ec in base alla provincia di residenza o domicilio.<\/p>\n<p><strong>Di seguito i casi di positivit\u00e0 sul territorio<\/strong>&nbsp;con la variazione rispetto a ieri. Sono 3.192 i casi complessivi a oggi a Firenze (2 in pi\u00f9 rispetto a ieri), 532 a Prato, 747 a Pistoia, 1.051 a Massa, 1.351 a Lucca, 930 a Pisa, 477 a Livorno, 676 ad Arezzo, 427 a Siena, 396 a Grosseto. Sono 471 i casi positivi notificati in Toscana, ma residenti in altre regioni. Due in pi\u00f9, quindi, i casi riscontrati oggi nell&#8217;Asl Centro, 0 nella Nord Ovest, 0 nella Sud est.<\/p>\n<p><strong>La Toscana si conferma al 10\u00b0 posto in Italia come numerosit\u00e0 di casi<\/strong> (comprensivi di residenti e non residenti), con circa 275 casi per 100.000 abitanti (media italiana circa 398 x100.000, dato di ieri). Le province di notifica con il tasso pi\u00f9 alto sono Massa Carrara con 539 casi x100.000 abitanti, Lucca con 348, Firenze con 316, la pi\u00f9 bassa Livorno con 142.<\/p>\n<p>Complessivamente,&nbsp;<strong>306 persone sono in isolamento a casa<\/strong>, poich\u00e9 presentano sintomi lievi che non richiedono cure ospedaliere&nbsp;o risultano prive di sintomi (meno 1 rispetto a ieri, meno 0,3%). Sono&nbsp;<strong>2.025<\/strong>&nbsp;(meno 18 rispetto a ieri, meno 0,9%) le persone, anche loro&nbsp;isolate,&nbsp;<strong>in sorveglianza attiva<\/strong>, perch\u00e9 hanno avuto contatti con persone contagiate (Asl Centro 549, Nord Ovest 1.419, Sud Est 57).<\/p>\n<p><strong>Le persone ricoverate nei posti letto dedicati ai pazienti Covid oggi sono complessivamente 23<\/strong>, 3 in pi\u00f9 di ieri (pi\u00f9 15%), di cui 6 in terapia intensiva (stabili rispetto a ieri).<\/p>\n<p><strong>Le persone complessivamente guarite sono 8.817 (stabili rispetto a ieri):<\/strong> 266 persone \u201cclinicamente guarite\u201d (meno 15 rispetto a ieri, meno 5,3%), divenute cio\u00e8 asintomatiche dopo aver presentato manifestazioni cliniche associate all&#8217;infezione e 8.551 (pi\u00f9 15 rispetto a ieri, pi\u00f9 0,2%) dichiarate guarite a tutti gli effetti, le cosiddette guarigioni virali, con doppio tampone negativo.<\/p>\n<p>Oggi non si registrano nuovi decessi. Restano, quindi,&nbsp;<strong>1.104 i deceduti dall&#8217;inizio dell&#8217;epidemia<\/strong>&nbsp;cosi ripartiti: 405 a Firenze, 51 a Prato, 81 a Pistoia, 164 a Massa Carrara, 141 a Lucca, 89 a Pisa, 61 a Livorno, 47 ad Arezzo, 33 a Siena, 24 a Grosseto, 8 persone sono decedute sul suolo toscano ma erano residenti fuori regione.<\/p>\n<p>Il tasso grezzo di mortalit\u00e0 toscano (numero di deceduti\/popolazione residente) per Covid-19 \u00e8 di 29,6 x100.000 residenti contro il 57,6 x100.000 della media italiana (11\u00b0 regione). Per quanto riguarda le province, il tasso di mortalit\u00e0 pi\u00f9 alto si riscontra a Massa Carrara (84,2 x100.000), Firenze (40,0 x100.000) e Lucca (36,4 x100.000), il pi\u00f9 basso a Grosseto (10,8 x100.000).<\/p>\n<\/div>\n<\/div>\n<\/div>\n<\/div>\n","protected":false},"excerpt":{"rendered":"<p>Stabili i guariti a quota 8.817 (l&#8217;86% dei casi totali), mentre gli attualmente positivi sono oggi 329. In totale eseguiti 337.110 tamponi.<\/p>\n","protected":false},"author":525,"featured_media":145683,"comment_status":"open","ping_status":"open","sticky":false,"template":"","format":"standard","meta":{"_acf_changed":false,"footnotes":""},"categories":[18],"tags":[],"class_list":["post-145187","post","type-post","status-publish","format-standard","has-post-thumbnail","hentry","category-salute"],"acf":[],"yoast_head":"<!-- This site is optimized with the Yoast SEO Premium plugin v24.2 (Yoast SEO v25.6) - https:\/\/yoast.com\/wordpress\/plugins\/seo\/ -->\n<title>Coronavirus in Toscana: 2 nuovi casi, zero decessi e nessuna guarigione - intoscana<\/title>\n<meta name=\"robots\" content=\"index, follow, max-snippet:-1, max-image-preview:large, max-video-preview:-1\" \/>\n<link rel=\"canonical\" href=\"https:\/\/www.intoscana.it\/it\/coronavirus-30-giugno\/\" \/>\n<meta property=\"og:locale\" content=\"it_IT\" \/>\n<meta property=\"og:type\" content=\"article\" \/>\n<meta property=\"og:title\" content=\"Coronavirus in Toscana: 2 nuovi casi, zero decessi e nessuna guarigione\" \/>\n<meta property=\"og:description\" content=\"Stabili i guariti a quota 8.817 (l&#039;86% dei casi totali), mentre gli attualmente positivi sono oggi 329. In totale eseguiti 337.110 tamponi.\" \/>\n<meta property=\"og:url\" content=\"https:\/\/www.intoscana.it\/it\/coronavirus-30-giugno\/\" \/>\n<meta property=\"og:site_name\" content=\"intoscana\" \/>\n<meta property=\"article:publisher\" content=\"https:\/\/www.facebook.com\/intoscana.it\" \/>\n<meta property=\"article:published_time\" content=\"2020-06-30T13:19:38+00:00\" \/>\n<meta property=\"article:modified_time\" content=\"2020-08-10T07:31:46+00:00\" \/>\n<meta property=\"og:image\" content=\"https:\/\/www.intoscana.it\/wp-content\/uploads\/bambini-arcobaleno-covid-5.jpg\" \/>\n\t<meta property=\"og:image:width\" content=\"1000\" \/>\n\t<meta property=\"og:image:height\" content=\"667\" \/>\n\t<meta property=\"og:image:type\" content=\"image\/jpeg\" \/>\n<meta name=\"author\" content=\"Redazione\" \/>\n<meta name=\"twitter:card\" content=\"summary_large_image\" \/>\n<meta name=\"twitter:creator\" content=\"@intoscana\" \/>\n<meta name=\"twitter:site\" content=\"@intoscana\" \/>\n<meta name=\"twitter:label1\" content=\"Written by\" \/>\n\t<meta name=\"twitter:data1\" content=\"Redazione\" \/>\n\t<meta name=\"twitter:label2\" content=\"Est. reading time\" \/>\n\t<meta name=\"twitter:data2\" content=\"3 minuti\" \/>\n<script type=\"application\/ld+json\" class=\"yoast-schema-graph\">{\"@context\":\"https:\/\/schema.org\",\"@graph\":[{\"@type\":\"WebPage\",\"@id\":\"https:\/\/www.intoscana.it\/it\/coronavirus-30-giugno\/\",\"url\":\"https:\/\/www.intoscana.it\/it\/coronavirus-30-giugno\/\",\"name\":\"Coronavirus in Toscana: 2 nuovi casi, zero decessi e nessuna guarigione - intoscana\",\"isPartOf\":{\"@id\":\"https:\/\/www.intoscana.it\/it\/#website\"},\"primaryImageOfPage\":{\"@id\":\"https:\/\/www.intoscana.it\/it\/coronavirus-30-giugno\/#primaryimage\"},\"image\":{\"@id\":\"https:\/\/www.intoscana.it\/it\/coronavirus-30-giugno\/#primaryimage\"},\"thumbnailUrl\":\"https:\/\/www.intoscana.it\/wp-content\/uploads\/bambini-arcobaleno-covid-5.jpg\",\"datePublished\":\"2020-06-30T13:19:38+00:00\",\"dateModified\":\"2020-08-10T07:31:46+00:00\",\"author\":{\"@id\":\"https:\/\/www.intoscana.it\/it\/#\/schema\/person\/9223810753230f20bd670fdd322661f8\"},\"breadcrumb\":{\"@id\":\"https:\/\/www.intoscana.it\/it\/coronavirus-30-giugno\/#breadcrumb\"},\"inLanguage\":\"it-IT\",\"potentialAction\":[{\"@type\":\"ReadAction\",\"target\":[\"https:\/\/www.intoscana.it\/it\/coronavirus-30-giugno\/\"]}]},{\"@type\":\"ImageObject\",\"inLanguage\":\"it-IT\",\"@id\":\"https:\/\/www.intoscana.it\/it\/coronavirus-30-giugno\/#primaryimage\",\"url\":\"https:\/\/www.intoscana.it\/wp-content\/uploads\/bambini-arcobaleno-covid-5.jpg\",\"contentUrl\":\"https:\/\/www.intoscana.it\/wp-content\/uploads\/bambini-arcobaleno-covid-5.jpg\",\"width\":1000,\"height\":667},{\"@type\":\"BreadcrumbList\",\"@id\":\"https:\/\/www.intoscana.it\/it\/coronavirus-30-giugno\/#breadcrumb\",\"itemListElement\":[{\"@type\":\"ListItem\",\"position\":1,\"name\":\"Home\",\"item\":\"https:\/\/www.intoscana.it\/it\/\"},{\"@type\":\"ListItem\",\"position\":2,\"name\":\"Coronavirus in Toscana: 2 nuovi casi, zero decessi e nessuna guarigione\"}]},{\"@type\":\"WebSite\",\"@id\":\"https:\/\/www.intoscana.it\/it\/#website\",\"url\":\"https:\/\/www.intoscana.it\/it\/\",\"name\":\"intoscana\",\"description\":\"\",\"potentialAction\":[{\"@type\":\"SearchAction\",\"target\":{\"@type\":\"EntryPoint\",\"urlTemplate\":\"https:\/\/www.intoscana.it\/it\/?s={search_term_string}\"},\"query-input\":{\"@type\":\"PropertyValueSpecification\",\"valueRequired\":true,\"valueName\":\"search_term_string\"}}],\"inLanguage\":\"it-IT\"},{\"@type\":\"Person\",\"@id\":\"https:\/\/www.intoscana.it\/it\/#\/schema\/person\/9223810753230f20bd670fdd322661f8\",\"name\":\"Redazione\",\"url\":\"https:\/\/www.intoscana.it\/it\/author\/redazione\/\"}]}<\/script>\n<!-- \/ Yoast SEO Premium plugin. -->","yoast_head_json":{"title":"Coronavirus in Toscana: 2 nuovi casi, zero decessi e nessuna guarigione - intoscana","robots":{"index":"index","follow":"follow","max-snippet":"max-snippet:-1","max-image-preview":"max-image-preview:large","max-video-preview":"max-video-preview:-1"},"canonical":"https:\/\/www.intoscana.it\/it\/coronavirus-30-giugno\/","og_locale":"it_IT","og_type":"article","og_title":"Coronavirus in Toscana: 2 nuovi casi, zero decessi e nessuna guarigione","og_description":"Stabili i guariti a quota 8.817 (l'86% dei casi totali), mentre gli attualmente positivi sono oggi 329. In totale eseguiti 337.110 tamponi.","og_url":"https:\/\/www.intoscana.it\/it\/coronavirus-30-giugno\/","og_site_name":"intoscana","article_publisher":"https:\/\/www.facebook.com\/intoscana.it","article_published_time":"2020-06-30T13:19:38+00:00","article_modified_time":"2020-08-10T07:31:46+00:00","og_image":[{"width":1000,"height":667,"url":"https:\/\/www.intoscana.it\/wp-content\/uploads\/bambini-arcobaleno-covid-5.jpg","type":"image\/jpeg"}],"author":"Redazione","twitter_card":"summary_large_image","twitter_creator":"@intoscana","twitter_site":"@intoscana","twitter_misc":{"Written by":"Redazione","Est. reading time":"3 minuti"},"schema":{"@context":"https:\/\/schema.org","@graph":[{"@type":"WebPage","@id":"https:\/\/www.intoscana.it\/it\/coronavirus-30-giugno\/","url":"https:\/\/www.intoscana.it\/it\/coronavirus-30-giugno\/","name":"Coronavirus in Toscana: 2 nuovi casi, zero decessi e nessuna guarigione - intoscana","isPartOf":{"@id":"https:\/\/www.intoscana.it\/it\/#website"},"primaryImageOfPage":{"@id":"https:\/\/www.intoscana.it\/it\/coronavirus-30-giugno\/#primaryimage"},"image":{"@id":"https:\/\/www.intoscana.it\/it\/coronavirus-30-giugno\/#primaryimage"},"thumbnailUrl":"https:\/\/www.intoscana.it\/wp-content\/uploads\/bambini-arcobaleno-covid-5.jpg","datePublished":"2020-06-30T13:19:38+00:00","dateModified":"2020-08-10T07:31:46+00:00","author":{"@id":"https:\/\/www.intoscana.it\/it\/#\/schema\/person\/9223810753230f20bd670fdd322661f8"},"breadcrumb":{"@id":"https:\/\/www.intoscana.it\/it\/coronavirus-30-giugno\/#breadcrumb"},"inLanguage":"it-IT","potentialAction":[{"@type":"ReadAction","target":["https:\/\/www.intoscana.it\/it\/coronavirus-30-giugno\/"]}]},{"@type":"ImageObject","inLanguage":"it-IT","@id":"https:\/\/www.intoscana.it\/it\/coronavirus-30-giugno\/#primaryimage","url":"https:\/\/www.intoscana.it\/wp-content\/uploads\/bambini-arcobaleno-covid-5.jpg","contentUrl":"https:\/\/www.intoscana.it\/wp-content\/uploads\/bambini-arcobaleno-covid-5.jpg","width":1000,"height":667},{"@type":"BreadcrumbList","@id":"https:\/\/www.intoscana.it\/it\/coronavirus-30-giugno\/#breadcrumb","itemListElement":[{"@type":"ListItem","position":1,"name":"Home","item":"https:\/\/www.intoscana.it\/it\/"},{"@type":"ListItem","position":2,"name":"Coronavirus in Toscana: 2 nuovi casi, zero decessi e nessuna guarigione"}]},{"@type":"WebSite","@id":"https:\/\/www.intoscana.it\/it\/#website","url":"https:\/\/www.intoscana.it\/it\/","name":"intoscana","description":"","potentialAction":[{"@type":"SearchAction","target":{"@type":"EntryPoint","urlTemplate":"https:\/\/www.intoscana.it\/it\/?s={search_term_string}"},"query-input":{"@type":"PropertyValueSpecification","valueRequired":true,"valueName":"search_term_string"}}],"inLanguage":"it-IT"},{"@type":"Person","@id":"https:\/\/www.intoscana.it\/it\/#\/schema\/person\/9223810753230f20bd670fdd322661f8","name":"Redazione","url":"https:\/\/www.intoscana.it\/it\/author\/redazione\/"}]}},"_links":{"self":[{"href":"https:\/\/www.intoscana.it\/it\/wp-json\/wp\/v2\/posts\/145187","targetHints":{"allow":["GET"]}}],"collection":[{"href":"https:\/\/www.intoscana.it\/it\/wp-json\/wp\/v2\/posts"}],"about":[{"href":"https:\/\/www.intoscana.it\/it\/wp-json\/wp\/v2\/types\/post"}],"author":[{"embeddable":true,"href":"https:\/\/www.intoscana.it\/it\/wp-json\/wp\/v2\/users\/525"}],"replies":[{"embeddable":true,"href":"https:\/\/www.intoscana.it\/it\/wp-json\/wp\/v2\/comments?post=145187"}],"version-history":[{"count":0,"href":"https:\/\/www.intoscana.it\/it\/wp-json\/wp\/v2\/posts\/145187\/revisions"}],"wp:featuredmedia":[{"embeddable":true,"href":"https:\/\/www.intoscana.it\/it\/wp-json\/wp\/v2\/media\/145683"}],"wp:attachment":[{"href":"https:\/\/www.intoscana.it\/it\/wp-json\/wp\/v2\/media?parent=145187"}],"wp:term":[{"taxonomy":"category","embeddable":true,"href":"https:\/\/www.intoscana.it\/it\/wp-json\/wp\/v2\/categories?post=145187"},{"taxonomy":"post_tag","embeddable":true,"href":"https:\/\/www.intoscana.it\/it\/wp-json\/wp\/v2\/tags?post=145187"}],"curies":[{"name":"wp","href":"https:\/\/api.w.org\/{rel}","templated":true}]}}