{"id":145188,"date":"2020-07-06T13:44:29","date_gmt":"2020-07-06T11:44:29","guid":{"rendered":"https:\/\/www.intoscana.it\/coronavirus-in-toscana-2-nuovi-casi-nessun-decesso\/"},"modified":"2020-08-10T09:31:46","modified_gmt":"2020-08-10T07:31:46","slug":"coronavirus-dati-6-luglio-2020","status":"publish","type":"post","link":"https:\/\/www.intoscana.it\/it\/coronavirus-dati-6-luglio-2020\/","title":{"rendered":"Coronavirus in Toscana: 2 nuovi casi, nessun decesso"},"content":{"rendered":"<p><strong>In Toscana sono 10.287 i casi di positivit\u00e0 al Coronavirus, 2 in pi\u00f9 rispetto a ieri<\/strong>. I nuovi casi sono lo 0,02% in pi\u00f9 rispetto al totale del giorno precedente. Stabili i guariti a quota 8.841 (l\u201985,9% dei casi totali). I tamponi eseguiti hanno raggiunto quota 353.862, 1.313 in pi\u00f9 rispetto a ieri. Gli attualmente positivi sono oggi 332, +0,6% rispetto a ieri.&nbsp;<strong>Oggi non si registrano nuovi decessi<\/strong>.<\/p>\n<p>Si ricorda che <strong>a partire dal 24 giugno 2020, il Ministero della Salute ha modificato il sistema di rilevazione dei dati sulla diffusione del Covid-19<\/strong>. I casi positivi non sono pi\u00f9 indicati secondo la provincia di notifica bens\u00ec in base alla provincia di residenza o domicilio.<\/p>\n<p>Di seguito i casi di positivit\u00e0 sul territorio con la variazione rispetto a ieri. Sono <strong>3.206 i casi complessivi a&nbsp;oggi a Firenze,<\/strong> 538 a Prato (2 in pi\u00f9), 748 a Pistoia, 1.052 a Massa, 1.351 a Lucca, 932 a Pisa, 479 a Livorno, 680 ad Arezzo, 429 a Siena, 401 a Grosseto. Sono 471 i casi positivi notificati in Toscana, ma residenti in altre regioni. Due in pi\u00f9, quindi, i casi riscontrati oggi nell\u2019Asl Centro, 0 nella Nord Ovest, 0 nella Sud est.<\/p>\n<p><strong>La Toscana si conferma al 10\u00b0 posto in Italia come numerosit\u00e0 di casi<\/strong> (comprensivi di residenti e non residenti), con circa 276 casi per 100.000 abitanti (media italiana circa 400 x100.000, dato di ieri). Le province di notifica con il tasso pi\u00f9 alto sono Massa Carrara con 540 casi x100.000 abitanti, Lucca con 348, Firenze con 317, la pi\u00f9 bassa Livorno con 143.<\/p>\n<p>Complessivamente,&nbsp;<strong>318 persone sono in isolamento a casa<\/strong>, poich\u00e9 presentano sintomi lievi che non richiedono cure ospedaliere o risultano prive di sintomi (pi\u00f9 2 rispetto a ieri, pi\u00f9 0,6%).&nbsp;Sono 1.042 (meno 21 rispetto a ieri, meno 2%) le persone, anche loro isolate, in sorveglianza attiva, perch\u00e9 hanno avuto contatti con persone contagiate (Asl Centro 400, Nord Ovest 582, Sud Est 60).<\/p>\n<p><strong>Restano 14 le persone ricoverate nei posti letto dedicati ai pazienti Covid<\/strong>, di cui 2 in terapia intensiva (stabili rispetto a ieri).<\/p>\n<p><strong>Le persone complessivamente guarite sono 8.841<\/strong> (stabili rispetto a ieri): 223 persone \u201cclinicamente guarite\u201d (meno 3 rispetto a ieri, meno 1,3%), divenute cio\u00e8 asintomatiche dopo aver presentato manifestazioni cliniche associate all\u2019infezione e 8.618 (pi\u00f9 3 rispetto a ieri, pi\u00f9 0,03%) dichiarate guarite a tutti gli effetti, le cosiddette guarigioni virali, con doppio tampone negativo.<\/p>\n<p>Oggi non si registrano nuovi decessi. Restano quindi&nbsp;<strong>1.114 i deceduti dall\u2019inizio dell\u2019epidemia&nbsp;<\/strong>cosi ripartiti: 407 a Firenze, 52 a Prato, 81 a Pistoia, 170 a Massa Carrara, 141 a Lucca, 89 a Pisa, 61 a Livorno, 48 ad Arezzo, 33 a Siena, 24 a Grosseto, 8 persone sono decedute sul suolo toscano ma erano residenti fuori regione.<\/p>\n<p>Il tasso grezzo di mortalit\u00e0 toscano (numero di deceduti\/popolazione residente) per Covid-19 \u00e8 di 29,9 x100.000 residenti contro il 57,8 x100.000 della media italiana (11\u00b0 regione). Per quanto riguarda le province, il tasso di mortalit\u00e0 pi\u00f9 alto si riscontra a Massa Carrara (87,2 x100.000), Firenze (40,2 x100.000) e Lucca (36,4 x100.000), il pi\u00f9 basso a Grosseto (10,8 x100.000).<\/p>\n","protected":false},"excerpt":{"rendered":"<p>Gli attualmente positivi sono oggi 332, +0,6% rispetto a ieri, le persone complessivamente guarite 8.841<\/p>\n","protected":false},"author":525,"featured_media":145684,"comment_status":"open","ping_status":"open","sticky":false,"template":"","format":"standard","meta":{"_acf_changed":false,"footnotes":""},"categories":[18],"tags":[],"class_list":["post-145188","post","type-post","status-publish","format-standard","has-post-thumbnail","hentry","category-salute"],"acf":[],"yoast_head":"<!-- This site is optimized with the Yoast SEO Premium plugin v24.2 (Yoast SEO v25.6) - https:\/\/yoast.com\/wordpress\/plugins\/seo\/ -->\n<title>Coronavirus in Toscana: 2 nuovi casi, nessun decesso - intoscana<\/title>\n<meta name=\"robots\" content=\"index, follow, max-snippet:-1, max-image-preview:large, max-video-preview:-1\" \/>\n<link rel=\"canonical\" href=\"https:\/\/www.intoscana.it\/it\/coronavirus-dati-6-luglio-2020\/\" \/>\n<meta property=\"og:locale\" content=\"it_IT\" \/>\n<meta property=\"og:type\" content=\"article\" \/>\n<meta property=\"og:title\" content=\"Coronavirus in Toscana: 2 nuovi casi, nessun decesso\" \/>\n<meta property=\"og:description\" content=\"Gli attualmente positivi sono oggi 332, +0,6% rispetto a ieri, le persone complessivamente guarite 8.841\" \/>\n<meta property=\"og:url\" content=\"https:\/\/www.intoscana.it\/it\/coronavirus-dati-6-luglio-2020\/\" \/>\n<meta property=\"og:site_name\" content=\"intoscana\" \/>\n<meta property=\"article:publisher\" content=\"https:\/\/www.facebook.com\/intoscana.it\" \/>\n<meta property=\"article:published_time\" content=\"2020-07-06T11:44:29+00:00\" \/>\n<meta property=\"article:modified_time\" content=\"2020-08-10T07:31:46+00:00\" \/>\n<meta property=\"og:image\" content=\"https:\/\/www.intoscana.it\/wp-content\/uploads\/mare_mascherina-1.jpeg\" \/>\n\t<meta property=\"og:image:width\" content=\"2000\" \/>\n\t<meta property=\"og:image:height\" content=\"1142\" \/>\n\t<meta property=\"og:image:type\" content=\"image\/jpeg\" \/>\n<meta name=\"author\" content=\"Redazione\" \/>\n<meta name=\"twitter:card\" content=\"summary_large_image\" \/>\n<meta name=\"twitter:creator\" content=\"@intoscana\" \/>\n<meta name=\"twitter:site\" content=\"@intoscana\" \/>\n<meta name=\"twitter:label1\" content=\"Written by\" \/>\n\t<meta name=\"twitter:data1\" content=\"Redazione\" \/>\n\t<meta name=\"twitter:label2\" content=\"Est. reading time\" \/>\n\t<meta name=\"twitter:data2\" content=\"2 minuti\" \/>\n<script type=\"application\/ld+json\" class=\"yoast-schema-graph\">{\"@context\":\"https:\/\/schema.org\",\"@graph\":[{\"@type\":\"WebPage\",\"@id\":\"https:\/\/www.intoscana.it\/it\/coronavirus-dati-6-luglio-2020\/\",\"url\":\"https:\/\/www.intoscana.it\/it\/coronavirus-dati-6-luglio-2020\/\",\"name\":\"Coronavirus in Toscana: 2 nuovi casi, nessun decesso - intoscana\",\"isPartOf\":{\"@id\":\"https:\/\/www.intoscana.it\/it\/#website\"},\"primaryImageOfPage\":{\"@id\":\"https:\/\/www.intoscana.it\/it\/coronavirus-dati-6-luglio-2020\/#primaryimage\"},\"image\":{\"@id\":\"https:\/\/www.intoscana.it\/it\/coronavirus-dati-6-luglio-2020\/#primaryimage\"},\"thumbnailUrl\":\"https:\/\/www.intoscana.it\/wp-content\/uploads\/mare_mascherina-1.jpeg\",\"datePublished\":\"2020-07-06T11:44:29+00:00\",\"dateModified\":\"2020-08-10T07:31:46+00:00\",\"author\":{\"@id\":\"https:\/\/www.intoscana.it\/it\/#\/schema\/person\/9223810753230f20bd670fdd322661f8\"},\"breadcrumb\":{\"@id\":\"https:\/\/www.intoscana.it\/it\/coronavirus-dati-6-luglio-2020\/#breadcrumb\"},\"inLanguage\":\"it-IT\",\"potentialAction\":[{\"@type\":\"ReadAction\",\"target\":[\"https:\/\/www.intoscana.it\/it\/coronavirus-dati-6-luglio-2020\/\"]}]},{\"@type\":\"ImageObject\",\"inLanguage\":\"it-IT\",\"@id\":\"https:\/\/www.intoscana.it\/it\/coronavirus-dati-6-luglio-2020\/#primaryimage\",\"url\":\"https:\/\/www.intoscana.it\/wp-content\/uploads\/mare_mascherina-1.jpeg\",\"contentUrl\":\"https:\/\/www.intoscana.it\/wp-content\/uploads\/mare_mascherina-1.jpeg\",\"width\":2000,\"height\":1142,\"caption\":\"Coronavirus in Toscana: 2 nuovi casi, nessun decesso\"},{\"@type\":\"BreadcrumbList\",\"@id\":\"https:\/\/www.intoscana.it\/it\/coronavirus-dati-6-luglio-2020\/#breadcrumb\",\"itemListElement\":[{\"@type\":\"ListItem\",\"position\":1,\"name\":\"Home\",\"item\":\"https:\/\/www.intoscana.it\/it\/\"},{\"@type\":\"ListItem\",\"position\":2,\"name\":\"Coronavirus in Toscana: 2 nuovi casi, nessun decesso\"}]},{\"@type\":\"WebSite\",\"@id\":\"https:\/\/www.intoscana.it\/it\/#website\",\"url\":\"https:\/\/www.intoscana.it\/it\/\",\"name\":\"intoscana\",\"description\":\"\",\"potentialAction\":[{\"@type\":\"SearchAction\",\"target\":{\"@type\":\"EntryPoint\",\"urlTemplate\":\"https:\/\/www.intoscana.it\/it\/?s={search_term_string}\"},\"query-input\":{\"@type\":\"PropertyValueSpecification\",\"valueRequired\":true,\"valueName\":\"search_term_string\"}}],\"inLanguage\":\"it-IT\"},{\"@type\":\"Person\",\"@id\":\"https:\/\/www.intoscana.it\/it\/#\/schema\/person\/9223810753230f20bd670fdd322661f8\",\"name\":\"Redazione\",\"url\":\"https:\/\/www.intoscana.it\/it\/author\/redazione\/\"}]}<\/script>\n<!-- \/ Yoast SEO Premium plugin. -->","yoast_head_json":{"title":"Coronavirus in Toscana: 2 nuovi casi, nessun decesso - intoscana","robots":{"index":"index","follow":"follow","max-snippet":"max-snippet:-1","max-image-preview":"max-image-preview:large","max-video-preview":"max-video-preview:-1"},"canonical":"https:\/\/www.intoscana.it\/it\/coronavirus-dati-6-luglio-2020\/","og_locale":"it_IT","og_type":"article","og_title":"Coronavirus in Toscana: 2 nuovi casi, nessun decesso","og_description":"Gli attualmente positivi sono oggi 332, +0,6% rispetto a ieri, le persone complessivamente guarite 8.841","og_url":"https:\/\/www.intoscana.it\/it\/coronavirus-dati-6-luglio-2020\/","og_site_name":"intoscana","article_publisher":"https:\/\/www.facebook.com\/intoscana.it","article_published_time":"2020-07-06T11:44:29+00:00","article_modified_time":"2020-08-10T07:31:46+00:00","og_image":[{"width":2000,"height":1142,"url":"https:\/\/www.intoscana.it\/wp-content\/uploads\/mare_mascherina-1.jpeg","type":"image\/jpeg"}],"author":"Redazione","twitter_card":"summary_large_image","twitter_creator":"@intoscana","twitter_site":"@intoscana","twitter_misc":{"Written by":"Redazione","Est. reading time":"2 minuti"},"schema":{"@context":"https:\/\/schema.org","@graph":[{"@type":"WebPage","@id":"https:\/\/www.intoscana.it\/it\/coronavirus-dati-6-luglio-2020\/","url":"https:\/\/www.intoscana.it\/it\/coronavirus-dati-6-luglio-2020\/","name":"Coronavirus in Toscana: 2 nuovi casi, nessun decesso - intoscana","isPartOf":{"@id":"https:\/\/www.intoscana.it\/it\/#website"},"primaryImageOfPage":{"@id":"https:\/\/www.intoscana.it\/it\/coronavirus-dati-6-luglio-2020\/#primaryimage"},"image":{"@id":"https:\/\/www.intoscana.it\/it\/coronavirus-dati-6-luglio-2020\/#primaryimage"},"thumbnailUrl":"https:\/\/www.intoscana.it\/wp-content\/uploads\/mare_mascherina-1.jpeg","datePublished":"2020-07-06T11:44:29+00:00","dateModified":"2020-08-10T07:31:46+00:00","author":{"@id":"https:\/\/www.intoscana.it\/it\/#\/schema\/person\/9223810753230f20bd670fdd322661f8"},"breadcrumb":{"@id":"https:\/\/www.intoscana.it\/it\/coronavirus-dati-6-luglio-2020\/#breadcrumb"},"inLanguage":"it-IT","potentialAction":[{"@type":"ReadAction","target":["https:\/\/www.intoscana.it\/it\/coronavirus-dati-6-luglio-2020\/"]}]},{"@type":"ImageObject","inLanguage":"it-IT","@id":"https:\/\/www.intoscana.it\/it\/coronavirus-dati-6-luglio-2020\/#primaryimage","url":"https:\/\/www.intoscana.it\/wp-content\/uploads\/mare_mascherina-1.jpeg","contentUrl":"https:\/\/www.intoscana.it\/wp-content\/uploads\/mare_mascherina-1.jpeg","width":2000,"height":1142,"caption":"Coronavirus in Toscana: 2 nuovi casi, nessun decesso"},{"@type":"BreadcrumbList","@id":"https:\/\/www.intoscana.it\/it\/coronavirus-dati-6-luglio-2020\/#breadcrumb","itemListElement":[{"@type":"ListItem","position":1,"name":"Home","item":"https:\/\/www.intoscana.it\/it\/"},{"@type":"ListItem","position":2,"name":"Coronavirus in Toscana: 2 nuovi casi, nessun decesso"}]},{"@type":"WebSite","@id":"https:\/\/www.intoscana.it\/it\/#website","url":"https:\/\/www.intoscana.it\/it\/","name":"intoscana","description":"","potentialAction":[{"@type":"SearchAction","target":{"@type":"EntryPoint","urlTemplate":"https:\/\/www.intoscana.it\/it\/?s={search_term_string}"},"query-input":{"@type":"PropertyValueSpecification","valueRequired":true,"valueName":"search_term_string"}}],"inLanguage":"it-IT"},{"@type":"Person","@id":"https:\/\/www.intoscana.it\/it\/#\/schema\/person\/9223810753230f20bd670fdd322661f8","name":"Redazione","url":"https:\/\/www.intoscana.it\/it\/author\/redazione\/"}]}},"_links":{"self":[{"href":"https:\/\/www.intoscana.it\/it\/wp-json\/wp\/v2\/posts\/145188","targetHints":{"allow":["GET"]}}],"collection":[{"href":"https:\/\/www.intoscana.it\/it\/wp-json\/wp\/v2\/posts"}],"about":[{"href":"https:\/\/www.intoscana.it\/it\/wp-json\/wp\/v2\/types\/post"}],"author":[{"embeddable":true,"href":"https:\/\/www.intoscana.it\/it\/wp-json\/wp\/v2\/users\/525"}],"replies":[{"embeddable":true,"href":"https:\/\/www.intoscana.it\/it\/wp-json\/wp\/v2\/comments?post=145188"}],"version-history":[{"count":0,"href":"https:\/\/www.intoscana.it\/it\/wp-json\/wp\/v2\/posts\/145188\/revisions"}],"wp:featuredmedia":[{"embeddable":true,"href":"https:\/\/www.intoscana.it\/it\/wp-json\/wp\/v2\/media\/145684"}],"wp:attachment":[{"href":"https:\/\/www.intoscana.it\/it\/wp-json\/wp\/v2\/media?parent=145188"}],"wp:term":[{"taxonomy":"category","embeddable":true,"href":"https:\/\/www.intoscana.it\/it\/wp-json\/wp\/v2\/categories?post=145188"},{"taxonomy":"post_tag","embeddable":true,"href":"https:\/\/www.intoscana.it\/it\/wp-json\/wp\/v2\/tags?post=145188"}],"curies":[{"name":"wp","href":"https:\/\/api.w.org\/{rel}","templated":true}]}}