{"id":145192,"date":"2020-07-06T17:50:13","date_gmt":"2020-07-06T15:50:13","guid":{"rendered":"https:\/\/www.intoscana.it\/50-milioni-di-euro-alle-aziende-sanitarie-per-450-nuovi-posti-letto\/"},"modified":"2020-08-10T09:31:48","modified_gmt":"2020-08-10T07:31:48","slug":"regione-toscana-cure-intermedie","status":"publish","type":"post","link":"https:\/\/www.intoscana.it\/it\/regione-toscana-cure-intermedie\/","title":{"rendered":"50 milioni di euro alle aziende sanitarie per 450 nuovi posti letto"},"content":{"rendered":"<p>Una delibera della giunta regionale assegna alle aziende sanitarie <strong>50 milioni di euro, di cui 15 milioni di euro per la riorganizzazione sanitaria delle cure intermedie, e 35 milioni di euro<\/strong> per gli investimenti necessari all\u2019allestimento di <strong>450 nuovi<\/strong> <strong>posti letto.<\/strong><\/p>\n<p>Lo sviluppo del <strong>nuovo assetto organizzativo<\/strong>&nbsp;\u00e8 finalizzato a una stretta integrazione tra <strong>cure ospedaliere per acuti e &#8216;low care&#8217;<\/strong> ossia strutture sanitarie attrezzate per curare pazienti non gravi o che devono riabilitarsi dopo la fase acuta di una malattia. Questo nell\u2019ottica di assicurare un corretto percorso di cura dei pazienti, le cui condizioni cliniche non richiedono pi\u00f9 un\u2019intensit\u00e0 di cura quale quella garantita negli ambienti (setting) per acuti, ma una necessit\u00e0 di assistenza elevata.<\/p>\n<p><strong>Al 31 maggio 2020,<\/strong> il numero di posti letto complessivo dedicato alle <strong>cure intermedie sanitarie \u00e8 di 1.044 unit\u00e0,<\/strong> cos\u00ec distribuito: 540 nella Asl Centro, 315 nella Asl Nord Ovest e 189 nella Asl Sud Est. Con l\u2019aggiunta di 450 nuovi posti letto in pi\u00f9 entro il 2020, <strong>il numero complessivo sar\u00e0 di 1.494 unit\u00e0,<\/strong> registrando cos\u00ec un incremento di 111 nuovi posti letto in pi\u00f9 nella Asl centro, 195 nella Nord Ovest e 144 nella Sud Est. A conclusione di questa riorganizzazione, nella Asl centro i posti letto passeranno dagli attuali 540 a 651, nella Asl Nord Ovest da 315 a 510, e nella Asl Sud Est da 189 a 333 unit\u00e0 complessive.<\/p>\n<p>\u201cIn seguito al monitoraggio della dotazione di posti letto di cure intermedie residenziali, che esistono nelle aziende sanitarie, e dopo avere analizzato le necessit\u00e0 emergenti, <strong>legate all\u2019evolversi della situazione epidemiologica determinata dal Covid<\/strong> &#8211; ha spiegati <strong>l&#8217;assessore al diritto alla salute Stefania Saccardi &#8211;<\/strong> abbiamo stabilito di incrementare l&#8217;offerta complessiva, individuando <strong>un parametro di 0,4 posti letto ogni 1.000 residenti per ciascuna delle tre Aree vaste.<\/strong> In questo contesto abbiamo confermato il ruolo delle Agenzie di continuit\u00e0 ospedale territorio (Acot), che riteniamo essere importanti punti di riferimento nei percorsi di dimissione dei pazienti complessi. Con questo intervento abbiamo inteso garantire adeguati livelli di assistenza sul piano dia della qualit\u00e0 che della quantit\u00e0 dell\u2019offerta, garantendo la continuit\u00e0 delle cure dei pazienti in dimissione sia dagli ospedali delle Asl che dalle Aziende ospedaliero-universitarie tramite modalit\u00e0 integrate e collaborazioni interaziendali per l\u2019assistenza medica nelle strutture di cure intermedie, gestite direttamente dal nostro servizio sanitario\u201d.<\/p>\n<p>&nbsp;<\/p>\n","protected":false},"excerpt":{"rendered":"<p>Lo sviluppo del nuovo assetto organizzativo&nbsp;\u00e8 finalizzato a una stretta integrazione tra cure ospedaliere per acuti e &#8216;low care&#8217; cio\u00e8 per pazienti non gravi<\/p>\n","protected":false},"author":525,"featured_media":145688,"comment_status":"open","ping_status":"open","sticky":false,"template":"","format":"standard","meta":{"_acf_changed":false,"footnotes":""},"categories":[18],"tags":[],"class_list":["post-145192","post","type-post","status-publish","format-standard","has-post-thumbnail","hentry","category-salute"],"acf":[],"yoast_head":"<!-- This site is optimized with the Yoast SEO Premium plugin v24.2 (Yoast SEO v25.6) - https:\/\/yoast.com\/wordpress\/plugins\/seo\/ -->\n<title>50 milioni di euro alle aziende sanitarie per 450 nuovi posti letto - intoscana<\/title>\n<meta name=\"robots\" content=\"index, follow, max-snippet:-1, max-image-preview:large, max-video-preview:-1\" \/>\n<link rel=\"canonical\" href=\"https:\/\/www.intoscana.it\/it\/regione-toscana-cure-intermedie\/\" \/>\n<meta property=\"og:locale\" content=\"it_IT\" \/>\n<meta property=\"og:type\" content=\"article\" \/>\n<meta property=\"og:title\" content=\"50 milioni di euro alle aziende sanitarie per 450 nuovi posti letto\" \/>\n<meta property=\"og:description\" content=\"Lo sviluppo del nuovo assetto organizzativo&nbsp;\u00e8 finalizzato a una stretta integrazione tra cure ospedaliere per acuti e &#039;low care&#039; cio\u00e8 per pazienti non gravi\" \/>\n<meta property=\"og:url\" content=\"https:\/\/www.intoscana.it\/it\/regione-toscana-cure-intermedie\/\" \/>\n<meta property=\"og:site_name\" content=\"intoscana\" \/>\n<meta property=\"article:publisher\" content=\"https:\/\/www.facebook.com\/intoscana.it\" \/>\n<meta property=\"article:published_time\" content=\"2020-07-06T15:50:13+00:00\" \/>\n<meta property=\"article:modified_time\" content=\"2020-08-10T07:31:48+00:00\" \/>\n<meta property=\"og:image\" content=\"https:\/\/www.intoscana.it\/wp-content\/uploads\/shutterstock_295184639-5.jpg\" \/>\n\t<meta property=\"og:image:width\" content=\"2000\" \/>\n\t<meta property=\"og:image:height\" content=\"1333\" \/>\n\t<meta property=\"og:image:type\" content=\"image\/jpeg\" \/>\n<meta name=\"author\" content=\"Redazione\" \/>\n<meta name=\"twitter:card\" content=\"summary_large_image\" \/>\n<meta name=\"twitter:creator\" content=\"@intoscana\" \/>\n<meta name=\"twitter:site\" content=\"@intoscana\" \/>\n<meta name=\"twitter:label1\" content=\"Written by\" \/>\n\t<meta name=\"twitter:data1\" content=\"Redazione\" \/>\n\t<meta name=\"twitter:label2\" content=\"Est. reading time\" \/>\n\t<meta name=\"twitter:data2\" content=\"2 minuti\" \/>\n<script type=\"application\/ld+json\" class=\"yoast-schema-graph\">{\"@context\":\"https:\/\/schema.org\",\"@graph\":[{\"@type\":\"WebPage\",\"@id\":\"https:\/\/www.intoscana.it\/it\/regione-toscana-cure-intermedie\/\",\"url\":\"https:\/\/www.intoscana.it\/it\/regione-toscana-cure-intermedie\/\",\"name\":\"50 milioni di euro alle aziende sanitarie per 450 nuovi posti letto - intoscana\",\"isPartOf\":{\"@id\":\"https:\/\/www.intoscana.it\/it\/#website\"},\"primaryImageOfPage\":{\"@id\":\"https:\/\/www.intoscana.it\/it\/regione-toscana-cure-intermedie\/#primaryimage\"},\"image\":{\"@id\":\"https:\/\/www.intoscana.it\/it\/regione-toscana-cure-intermedie\/#primaryimage\"},\"thumbnailUrl\":\"https:\/\/www.intoscana.it\/wp-content\/uploads\/shutterstock_295184639-5.jpg\",\"datePublished\":\"2020-07-06T15:50:13+00:00\",\"dateModified\":\"2020-08-10T07:31:48+00:00\",\"author\":{\"@id\":\"https:\/\/www.intoscana.it\/it\/#\/schema\/person\/9223810753230f20bd670fdd322661f8\"},\"breadcrumb\":{\"@id\":\"https:\/\/www.intoscana.it\/it\/regione-toscana-cure-intermedie\/#breadcrumb\"},\"inLanguage\":\"it-IT\",\"potentialAction\":[{\"@type\":\"ReadAction\",\"target\":[\"https:\/\/www.intoscana.it\/it\/regione-toscana-cure-intermedie\/\"]}]},{\"@type\":\"ImageObject\",\"inLanguage\":\"it-IT\",\"@id\":\"https:\/\/www.intoscana.it\/it\/regione-toscana-cure-intermedie\/#primaryimage\",\"url\":\"https:\/\/www.intoscana.it\/wp-content\/uploads\/shutterstock_295184639-5.jpg\",\"contentUrl\":\"https:\/\/www.intoscana.it\/wp-content\/uploads\/shutterstock_295184639-5.jpg\",\"width\":2000,\"height\":1333},{\"@type\":\"BreadcrumbList\",\"@id\":\"https:\/\/www.intoscana.it\/it\/regione-toscana-cure-intermedie\/#breadcrumb\",\"itemListElement\":[{\"@type\":\"ListItem\",\"position\":1,\"name\":\"Home\",\"item\":\"https:\/\/www.intoscana.it\/it\/\"},{\"@type\":\"ListItem\",\"position\":2,\"name\":\"50 milioni di euro alle aziende sanitarie per 450 nuovi posti letto\"}]},{\"@type\":\"WebSite\",\"@id\":\"https:\/\/www.intoscana.it\/it\/#website\",\"url\":\"https:\/\/www.intoscana.it\/it\/\",\"name\":\"intoscana\",\"description\":\"\",\"potentialAction\":[{\"@type\":\"SearchAction\",\"target\":{\"@type\":\"EntryPoint\",\"urlTemplate\":\"https:\/\/www.intoscana.it\/it\/?s={search_term_string}\"},\"query-input\":{\"@type\":\"PropertyValueSpecification\",\"valueRequired\":true,\"valueName\":\"search_term_string\"}}],\"inLanguage\":\"it-IT\"},{\"@type\":\"Person\",\"@id\":\"https:\/\/www.intoscana.it\/it\/#\/schema\/person\/9223810753230f20bd670fdd322661f8\",\"name\":\"Redazione\",\"url\":\"https:\/\/www.intoscana.it\/it\/author\/redazione\/\"}]}<\/script>\n<!-- \/ Yoast SEO Premium plugin. -->","yoast_head_json":{"title":"50 milioni di euro alle aziende sanitarie per 450 nuovi posti letto - intoscana","robots":{"index":"index","follow":"follow","max-snippet":"max-snippet:-1","max-image-preview":"max-image-preview:large","max-video-preview":"max-video-preview:-1"},"canonical":"https:\/\/www.intoscana.it\/it\/regione-toscana-cure-intermedie\/","og_locale":"it_IT","og_type":"article","og_title":"50 milioni di euro alle aziende sanitarie per 450 nuovi posti letto","og_description":"Lo sviluppo del nuovo assetto organizzativo&nbsp;\u00e8 finalizzato a una stretta integrazione tra cure ospedaliere per acuti e 'low care' cio\u00e8 per pazienti non gravi","og_url":"https:\/\/www.intoscana.it\/it\/regione-toscana-cure-intermedie\/","og_site_name":"intoscana","article_publisher":"https:\/\/www.facebook.com\/intoscana.it","article_published_time":"2020-07-06T15:50:13+00:00","article_modified_time":"2020-08-10T07:31:48+00:00","og_image":[{"width":2000,"height":1333,"url":"https:\/\/www.intoscana.it\/wp-content\/uploads\/shutterstock_295184639-5.jpg","type":"image\/jpeg"}],"author":"Redazione","twitter_card":"summary_large_image","twitter_creator":"@intoscana","twitter_site":"@intoscana","twitter_misc":{"Written by":"Redazione","Est. reading time":"2 minuti"},"schema":{"@context":"https:\/\/schema.org","@graph":[{"@type":"WebPage","@id":"https:\/\/www.intoscana.it\/it\/regione-toscana-cure-intermedie\/","url":"https:\/\/www.intoscana.it\/it\/regione-toscana-cure-intermedie\/","name":"50 milioni di euro alle aziende sanitarie per 450 nuovi posti letto - intoscana","isPartOf":{"@id":"https:\/\/www.intoscana.it\/it\/#website"},"primaryImageOfPage":{"@id":"https:\/\/www.intoscana.it\/it\/regione-toscana-cure-intermedie\/#primaryimage"},"image":{"@id":"https:\/\/www.intoscana.it\/it\/regione-toscana-cure-intermedie\/#primaryimage"},"thumbnailUrl":"https:\/\/www.intoscana.it\/wp-content\/uploads\/shutterstock_295184639-5.jpg","datePublished":"2020-07-06T15:50:13+00:00","dateModified":"2020-08-10T07:31:48+00:00","author":{"@id":"https:\/\/www.intoscana.it\/it\/#\/schema\/person\/9223810753230f20bd670fdd322661f8"},"breadcrumb":{"@id":"https:\/\/www.intoscana.it\/it\/regione-toscana-cure-intermedie\/#breadcrumb"},"inLanguage":"it-IT","potentialAction":[{"@type":"ReadAction","target":["https:\/\/www.intoscana.it\/it\/regione-toscana-cure-intermedie\/"]}]},{"@type":"ImageObject","inLanguage":"it-IT","@id":"https:\/\/www.intoscana.it\/it\/regione-toscana-cure-intermedie\/#primaryimage","url":"https:\/\/www.intoscana.it\/wp-content\/uploads\/shutterstock_295184639-5.jpg","contentUrl":"https:\/\/www.intoscana.it\/wp-content\/uploads\/shutterstock_295184639-5.jpg","width":2000,"height":1333},{"@type":"BreadcrumbList","@id":"https:\/\/www.intoscana.it\/it\/regione-toscana-cure-intermedie\/#breadcrumb","itemListElement":[{"@type":"ListItem","position":1,"name":"Home","item":"https:\/\/www.intoscana.it\/it\/"},{"@type":"ListItem","position":2,"name":"50 milioni di euro alle aziende sanitarie per 450 nuovi posti letto"}]},{"@type":"WebSite","@id":"https:\/\/www.intoscana.it\/it\/#website","url":"https:\/\/www.intoscana.it\/it\/","name":"intoscana","description":"","potentialAction":[{"@type":"SearchAction","target":{"@type":"EntryPoint","urlTemplate":"https:\/\/www.intoscana.it\/it\/?s={search_term_string}"},"query-input":{"@type":"PropertyValueSpecification","valueRequired":true,"valueName":"search_term_string"}}],"inLanguage":"it-IT"},{"@type":"Person","@id":"https:\/\/www.intoscana.it\/it\/#\/schema\/person\/9223810753230f20bd670fdd322661f8","name":"Redazione","url":"https:\/\/www.intoscana.it\/it\/author\/redazione\/"}]}},"_links":{"self":[{"href":"https:\/\/www.intoscana.it\/it\/wp-json\/wp\/v2\/posts\/145192","targetHints":{"allow":["GET"]}}],"collection":[{"href":"https:\/\/www.intoscana.it\/it\/wp-json\/wp\/v2\/posts"}],"about":[{"href":"https:\/\/www.intoscana.it\/it\/wp-json\/wp\/v2\/types\/post"}],"author":[{"embeddable":true,"href":"https:\/\/www.intoscana.it\/it\/wp-json\/wp\/v2\/users\/525"}],"replies":[{"embeddable":true,"href":"https:\/\/www.intoscana.it\/it\/wp-json\/wp\/v2\/comments?post=145192"}],"version-history":[{"count":0,"href":"https:\/\/www.intoscana.it\/it\/wp-json\/wp\/v2\/posts\/145192\/revisions"}],"wp:featuredmedia":[{"embeddable":true,"href":"https:\/\/www.intoscana.it\/it\/wp-json\/wp\/v2\/media\/145688"}],"wp:attachment":[{"href":"https:\/\/www.intoscana.it\/it\/wp-json\/wp\/v2\/media?parent=145192"}],"wp:term":[{"taxonomy":"category","embeddable":true,"href":"https:\/\/www.intoscana.it\/it\/wp-json\/wp\/v2\/categories?post=145192"},{"taxonomy":"post_tag","embeddable":true,"href":"https:\/\/www.intoscana.it\/it\/wp-json\/wp\/v2\/tags?post=145192"}],"curies":[{"name":"wp","href":"https:\/\/api.w.org\/{rel}","templated":true}]}}