{"id":145195,"date":"2020-07-07T15:08:33","date_gmt":"2020-07-07T13:08:33","guid":{"rendered":"https:\/\/www.intoscana.it\/coronavirus-in-toscana-19-nuovi-casi-2-decessi-e-10-guarigioni\/"},"modified":"2020-08-10T09:31:50","modified_gmt":"2020-08-10T07:31:50","slug":"coronavirus-7-luglio","status":"publish","type":"post","link":"https:\/\/www.intoscana.it\/it\/coronavirus-7-luglio\/","title":{"rendered":"Coronavirus in Toscana: 19 nuovi casi, 2 decessi e 10 guarigioni"},"content":{"rendered":"<div class=\"row\">\n<div id=\"column-1\" class=\"col-md-12 portlet-column portlet-column-only\">\n<section class=\"rt-subheader rt-subheader--news\">\n<div class=\"rt-subheader__wrapper\">\n<div class=\"rt-subheader__title-wrapper\"><strong>Sono 19 in pi\u00f9 rispetto a ieri i casi di positivit\u00e0 al Coronavirus oggi in Toscana: undici dei nuovi casi risultano essere collegati tra di loro e costituiscono un cluster,&nbsp;<\/strong>emerso attraverso l\u2019attivit\u00e0 di tracciamento effettuata dai servizi territoriali negli ultimi 2 giorni.<\/div>\n<\/div>\n<\/section>\n<\/div>\n<\/div>\n<div class=\"row has-sidebar\">\n<div id=\"column-2\" class=\"col-md-12 col-lg-9 portlet-column portlet-column-first\">\n<div class=\"rt-page__content rt-page-content--left\">\n<div class=\"rt-page__content-text\">\n<p>I nuovi casi sono lo 0,2% in pi\u00f9 rispetto al totale del giorno precedente. I guariti crescono dello 0,1% e raggiungono quota 8.851 (l\u201985,9% dei casi totali). I&nbsp;<strong>tamponi eseguiti<\/strong>&nbsp;hanno raggiunto quota&nbsp;<strong>356.547<\/strong>, 2.685 in pi\u00f9 rispetto a ieri. Gli attualmente positivi sono oggi 339, +2,1% rispetto a ieri.&nbsp;<strong>Si registrano 2 nuovi decessi: 2 uomini, con un\u2019et\u00e0 media di 84 anni<\/strong>.<br \/>Questi i dati &#8211; accertati alle ore 12 di oggi sulla base delle richieste della Protezione Civile Nazionale &#8211; relativi all\u2019andamento dell\u2019epidemia in regione.<\/p>\n<p>Di seguito i casi di positivit\u00e0 sul territorio con la variazione rispetto a ieri. Sono 3.213 i casi complessivi a oggi a <strong>Firenze (7 in pi\u00f9 rispetto a ieri), 538 a Prato, 748 a Pistoia, 1.052 a Massa, 1.362 a Lucca (11 in pi\u00f9)<\/strong>, 932 a Pisa, 479 a Livorno, 681 ad Arezzo (1 in pi\u00f9), 429 a Siena, 401 a Grosseto. Sono 471 i casi positivi notificati in Toscana, ma residenti in altre regioni.&nbsp;Sette in pi\u00f9, quindi, i casi riscontrati oggi nell\u2019Asl Centro, 11 nella Nord Ovest, 1 nella Sud est.<\/p>\n<p>La Toscana si conferma al 10\u00b0 posto in Italia come numerosit\u00e0 di casi (comprensivi di residenti e non residenti), con circa 276 casi per 100.000 abitanti (media italiana circa 401 x100.000, dato di ieri). Le province di notifica con il tasso pi\u00f9 alto sono Massa Carrara con 540 casi x100.000 abitanti, Lucca con 351, Firenze con 318, la pi\u00f9 bassa Livorno con 143.<\/p>\n<p>Complessivamente,&nbsp;<strong>326 persone sono in isolamento a casa<\/strong>, poich\u00e9 presentano sintomi lievi che non richiedono cure ospedaliere, o risultano prive di sintomi (pi\u00f9 8 rispetto a ieri, pi\u00f9 2,5%).&nbsp;Sono&nbsp;<strong>1.048<\/strong>&nbsp;(pi\u00f9 6 rispetto a ieri, pi\u00f9 0,6%) le persone, anche loro isolate,&nbsp;<strong>in sorveglianza attiva<\/strong>&nbsp;perch\u00e9 hanno avuto contatti con persone contagiate (Asl Centro 430, Nord Ovest 556, Sud Est 62).<\/p>\n<p><strong>Le persone ricoverate nei posti letto dedicati ai pazienti Covid oggi sono complessivamente 13<\/strong>, 1 in meno di ieri (meno 7,1%), di cui 1 in terapia intensiva (1 in meno rispetto a ieri, meno 50%).<\/p>\n<p>Le persone complessivamente guarite salgono a 8.851 (pi\u00f9 10 rispetto a ieri, pi\u00f9 0,1%): 210 persone \u201cclinicamente guarite\u201d (meno 13 rispetto a ieri, meno 5,8%), divenute cio\u00e8 asintomatiche dopo aver presentato manifestazioni cliniche associate all\u2019infezione e 8.641 (pi\u00f9 23 rispetto a ieri, pi\u00f9 0,3%) dichiarate guarite a tutti gli effetti, le cosiddette guarigioni virali, con doppio tampone negativo.<\/p>\n<p>Si registrano 2 nuovi decessi: 2 uomini, con un\u2019et\u00e0 media di 84 anni. Relativamente alla provincia di notifica, le persone decedute sono: 1 a Firenze, 1 a Massa Carrara. Sono&nbsp;<strong>1.116 i deceduti dall\u2019inizio dell\u2019epidemia<\/strong>&nbsp;cosi ripartiti: 408 a Firenze, 52 a Prato, 81 a Pistoia, 171 a Massa Carrara, 141 a Lucca, 89 a Pisa, 61 a Livorno, 48 ad Arezzo, 33 a Siena, 24 a Grosseto, 8 persone sono decedute sul suolo toscano ma erano residenti fuori regione.<\/p>\n<p>Il tasso grezzo di mortalit\u00e0 toscano (numero di deceduti\/popolazione residente) per Covid-19 \u00e8 di 29,9 x100.000 residenti contro il 57,8 x100.000 della media italiana (11\u00b0 regione). Per quanto riguarda le province, il tasso di mortalit\u00e0 pi\u00f9 alto si riscontra a Massa Carrara (87,7 x100.000), Firenze (40,3 x100.000) e Lucca (36,4 x100.000), il pi\u00f9 basso a Grosseto (10,8 x100.000).<\/p>\n<\/div>\n<\/div>\n<div class=\"rt-btn-wrapper rt-btn-wrapper--right-align\">\n<div class=\"a2a_kit a2a_kit_size_32 a2a_default_style\" data-a2a-title=\"Coronavirus: 2 decessi, 19 nuovi casi, 10 guarigioni\">&nbsp;<\/div>\n<\/div>\n<\/div>\n<\/div>\n","protected":false},"excerpt":{"rendered":"<p>Gli attualmente positivi sono oggi 339, +2,1% rispetto a ieri.&nbsp;Undici dei nuovi casi risultano essere collegati tra di loro e costituiscono un cluster emerso attraverso l\u2019attivit\u00e0 di tracciamento effettuata negli ultimi 2 giorni.<\/p>\n","protected":false},"author":525,"featured_media":145691,"comment_status":"open","ping_status":"open","sticky":false,"template":"","format":"standard","meta":{"_acf_changed":false,"footnotes":""},"categories":[18],"tags":[],"class_list":["post-145195","post","type-post","status-publish","format-standard","has-post-thumbnail","hentry","category-salute"],"acf":[],"yoast_head":"<!-- This site is optimized with the Yoast SEO Premium plugin v24.2 (Yoast SEO v25.6) - https:\/\/yoast.com\/wordpress\/plugins\/seo\/ -->\n<title>Coronavirus in Toscana: 19 nuovi casi, 2 decessi e 10 guarigioni - intoscana<\/title>\n<meta name=\"robots\" content=\"index, follow, max-snippet:-1, max-image-preview:large, max-video-preview:-1\" \/>\n<link rel=\"canonical\" href=\"https:\/\/www.intoscana.it\/it\/coronavirus-7-luglio\/\" \/>\n<meta property=\"og:locale\" content=\"it_IT\" \/>\n<meta property=\"og:type\" content=\"article\" \/>\n<meta property=\"og:title\" content=\"Coronavirus in Toscana: 19 nuovi casi, 2 decessi e 10 guarigioni\" \/>\n<meta property=\"og:description\" content=\"Gli attualmente positivi sono oggi 339, +2,1% rispetto a ieri.&nbsp;Undici dei nuovi casi risultano essere collegati tra di loro e costituiscono un cluster emerso attraverso l\u2019attivit\u00e0 di tracciamento effettuata negli ultimi 2 giorni.\" \/>\n<meta property=\"og:url\" content=\"https:\/\/www.intoscana.it\/it\/coronavirus-7-luglio\/\" \/>\n<meta property=\"og:site_name\" content=\"intoscana\" \/>\n<meta property=\"article:publisher\" content=\"https:\/\/www.facebook.com\/intoscana.it\" \/>\n<meta property=\"article:published_time\" content=\"2020-07-07T13:08:33+00:00\" \/>\n<meta property=\"article:modified_time\" content=\"2020-08-10T07:31:50+00:00\" \/>\n<meta property=\"og:image\" content=\"https:\/\/www.intoscana.it\/wp-content\/uploads\/shutterstock_1670462338-3.jpg\" \/>\n\t<meta property=\"og:image:width\" content=\"2000\" \/>\n\t<meta property=\"og:image:height\" content=\"1333\" \/>\n\t<meta property=\"og:image:type\" content=\"image\/jpeg\" \/>\n<meta name=\"author\" content=\"Redazione\" \/>\n<meta name=\"twitter:card\" content=\"summary_large_image\" \/>\n<meta name=\"twitter:creator\" content=\"@intoscana\" \/>\n<meta name=\"twitter:site\" content=\"@intoscana\" \/>\n<meta name=\"twitter:label1\" content=\"Written by\" \/>\n\t<meta name=\"twitter:data1\" content=\"Redazione\" \/>\n\t<meta name=\"twitter:label2\" content=\"Est. reading time\" \/>\n\t<meta name=\"twitter:data2\" content=\"3 minuti\" \/>\n<script type=\"application\/ld+json\" class=\"yoast-schema-graph\">{\"@context\":\"https:\/\/schema.org\",\"@graph\":[{\"@type\":\"WebPage\",\"@id\":\"https:\/\/www.intoscana.it\/it\/coronavirus-7-luglio\/\",\"url\":\"https:\/\/www.intoscana.it\/it\/coronavirus-7-luglio\/\",\"name\":\"Coronavirus in Toscana: 19 nuovi casi, 2 decessi e 10 guarigioni - intoscana\",\"isPartOf\":{\"@id\":\"https:\/\/www.intoscana.it\/it\/#website\"},\"primaryImageOfPage\":{\"@id\":\"https:\/\/www.intoscana.it\/it\/coronavirus-7-luglio\/#primaryimage\"},\"image\":{\"@id\":\"https:\/\/www.intoscana.it\/it\/coronavirus-7-luglio\/#primaryimage\"},\"thumbnailUrl\":\"https:\/\/www.intoscana.it\/wp-content\/uploads\/shutterstock_1670462338-3.jpg\",\"datePublished\":\"2020-07-07T13:08:33+00:00\",\"dateModified\":\"2020-08-10T07:31:50+00:00\",\"author\":{\"@id\":\"https:\/\/www.intoscana.it\/it\/#\/schema\/person\/9223810753230f20bd670fdd322661f8\"},\"breadcrumb\":{\"@id\":\"https:\/\/www.intoscana.it\/it\/coronavirus-7-luglio\/#breadcrumb\"},\"inLanguage\":\"it-IT\",\"potentialAction\":[{\"@type\":\"ReadAction\",\"target\":[\"https:\/\/www.intoscana.it\/it\/coronavirus-7-luglio\/\"]}]},{\"@type\":\"ImageObject\",\"inLanguage\":\"it-IT\",\"@id\":\"https:\/\/www.intoscana.it\/it\/coronavirus-7-luglio\/#primaryimage\",\"url\":\"https:\/\/www.intoscana.it\/wp-content\/uploads\/shutterstock_1670462338-3.jpg\",\"contentUrl\":\"https:\/\/www.intoscana.it\/wp-content\/uploads\/shutterstock_1670462338-3.jpg\",\"width\":2000,\"height\":1333},{\"@type\":\"BreadcrumbList\",\"@id\":\"https:\/\/www.intoscana.it\/it\/coronavirus-7-luglio\/#breadcrumb\",\"itemListElement\":[{\"@type\":\"ListItem\",\"position\":1,\"name\":\"Home\",\"item\":\"https:\/\/www.intoscana.it\/it\/\"},{\"@type\":\"ListItem\",\"position\":2,\"name\":\"Coronavirus in Toscana: 19 nuovi casi, 2 decessi e 10 guarigioni\"}]},{\"@type\":\"WebSite\",\"@id\":\"https:\/\/www.intoscana.it\/it\/#website\",\"url\":\"https:\/\/www.intoscana.it\/it\/\",\"name\":\"intoscana\",\"description\":\"\",\"potentialAction\":[{\"@type\":\"SearchAction\",\"target\":{\"@type\":\"EntryPoint\",\"urlTemplate\":\"https:\/\/www.intoscana.it\/it\/?s={search_term_string}\"},\"query-input\":{\"@type\":\"PropertyValueSpecification\",\"valueRequired\":true,\"valueName\":\"search_term_string\"}}],\"inLanguage\":\"it-IT\"},{\"@type\":\"Person\",\"@id\":\"https:\/\/www.intoscana.it\/it\/#\/schema\/person\/9223810753230f20bd670fdd322661f8\",\"name\":\"Redazione\",\"url\":\"https:\/\/www.intoscana.it\/it\/author\/redazione\/\"}]}<\/script>\n<!-- \/ Yoast SEO Premium plugin. -->","yoast_head_json":{"title":"Coronavirus in Toscana: 19 nuovi casi, 2 decessi e 10 guarigioni - intoscana","robots":{"index":"index","follow":"follow","max-snippet":"max-snippet:-1","max-image-preview":"max-image-preview:large","max-video-preview":"max-video-preview:-1"},"canonical":"https:\/\/www.intoscana.it\/it\/coronavirus-7-luglio\/","og_locale":"it_IT","og_type":"article","og_title":"Coronavirus in Toscana: 19 nuovi casi, 2 decessi e 10 guarigioni","og_description":"Gli attualmente positivi sono oggi 339, +2,1% rispetto a ieri.&nbsp;Undici dei nuovi casi risultano essere collegati tra di loro e costituiscono un cluster emerso attraverso l\u2019attivit\u00e0 di tracciamento effettuata negli ultimi 2 giorni.","og_url":"https:\/\/www.intoscana.it\/it\/coronavirus-7-luglio\/","og_site_name":"intoscana","article_publisher":"https:\/\/www.facebook.com\/intoscana.it","article_published_time":"2020-07-07T13:08:33+00:00","article_modified_time":"2020-08-10T07:31:50+00:00","og_image":[{"width":2000,"height":1333,"url":"https:\/\/www.intoscana.it\/wp-content\/uploads\/shutterstock_1670462338-3.jpg","type":"image\/jpeg"}],"author":"Redazione","twitter_card":"summary_large_image","twitter_creator":"@intoscana","twitter_site":"@intoscana","twitter_misc":{"Written by":"Redazione","Est. reading time":"3 minuti"},"schema":{"@context":"https:\/\/schema.org","@graph":[{"@type":"WebPage","@id":"https:\/\/www.intoscana.it\/it\/coronavirus-7-luglio\/","url":"https:\/\/www.intoscana.it\/it\/coronavirus-7-luglio\/","name":"Coronavirus in Toscana: 19 nuovi casi, 2 decessi e 10 guarigioni - intoscana","isPartOf":{"@id":"https:\/\/www.intoscana.it\/it\/#website"},"primaryImageOfPage":{"@id":"https:\/\/www.intoscana.it\/it\/coronavirus-7-luglio\/#primaryimage"},"image":{"@id":"https:\/\/www.intoscana.it\/it\/coronavirus-7-luglio\/#primaryimage"},"thumbnailUrl":"https:\/\/www.intoscana.it\/wp-content\/uploads\/shutterstock_1670462338-3.jpg","datePublished":"2020-07-07T13:08:33+00:00","dateModified":"2020-08-10T07:31:50+00:00","author":{"@id":"https:\/\/www.intoscana.it\/it\/#\/schema\/person\/9223810753230f20bd670fdd322661f8"},"breadcrumb":{"@id":"https:\/\/www.intoscana.it\/it\/coronavirus-7-luglio\/#breadcrumb"},"inLanguage":"it-IT","potentialAction":[{"@type":"ReadAction","target":["https:\/\/www.intoscana.it\/it\/coronavirus-7-luglio\/"]}]},{"@type":"ImageObject","inLanguage":"it-IT","@id":"https:\/\/www.intoscana.it\/it\/coronavirus-7-luglio\/#primaryimage","url":"https:\/\/www.intoscana.it\/wp-content\/uploads\/shutterstock_1670462338-3.jpg","contentUrl":"https:\/\/www.intoscana.it\/wp-content\/uploads\/shutterstock_1670462338-3.jpg","width":2000,"height":1333},{"@type":"BreadcrumbList","@id":"https:\/\/www.intoscana.it\/it\/coronavirus-7-luglio\/#breadcrumb","itemListElement":[{"@type":"ListItem","position":1,"name":"Home","item":"https:\/\/www.intoscana.it\/it\/"},{"@type":"ListItem","position":2,"name":"Coronavirus in Toscana: 19 nuovi casi, 2 decessi e 10 guarigioni"}]},{"@type":"WebSite","@id":"https:\/\/www.intoscana.it\/it\/#website","url":"https:\/\/www.intoscana.it\/it\/","name":"intoscana","description":"","potentialAction":[{"@type":"SearchAction","target":{"@type":"EntryPoint","urlTemplate":"https:\/\/www.intoscana.it\/it\/?s={search_term_string}"},"query-input":{"@type":"PropertyValueSpecification","valueRequired":true,"valueName":"search_term_string"}}],"inLanguage":"it-IT"},{"@type":"Person","@id":"https:\/\/www.intoscana.it\/it\/#\/schema\/person\/9223810753230f20bd670fdd322661f8","name":"Redazione","url":"https:\/\/www.intoscana.it\/it\/author\/redazione\/"}]}},"_links":{"self":[{"href":"https:\/\/www.intoscana.it\/it\/wp-json\/wp\/v2\/posts\/145195","targetHints":{"allow":["GET"]}}],"collection":[{"href":"https:\/\/www.intoscana.it\/it\/wp-json\/wp\/v2\/posts"}],"about":[{"href":"https:\/\/www.intoscana.it\/it\/wp-json\/wp\/v2\/types\/post"}],"author":[{"embeddable":true,"href":"https:\/\/www.intoscana.it\/it\/wp-json\/wp\/v2\/users\/525"}],"replies":[{"embeddable":true,"href":"https:\/\/www.intoscana.it\/it\/wp-json\/wp\/v2\/comments?post=145195"}],"version-history":[{"count":0,"href":"https:\/\/www.intoscana.it\/it\/wp-json\/wp\/v2\/posts\/145195\/revisions"}],"wp:featuredmedia":[{"embeddable":true,"href":"https:\/\/www.intoscana.it\/it\/wp-json\/wp\/v2\/media\/145691"}],"wp:attachment":[{"href":"https:\/\/www.intoscana.it\/it\/wp-json\/wp\/v2\/media?parent=145195"}],"wp:term":[{"taxonomy":"category","embeddable":true,"href":"https:\/\/www.intoscana.it\/it\/wp-json\/wp\/v2\/categories?post=145195"},{"taxonomy":"post_tag","embeddable":true,"href":"https:\/\/www.intoscana.it\/it\/wp-json\/wp\/v2\/tags?post=145195"}],"curies":[{"name":"wp","href":"https:\/\/api.w.org\/{rel}","templated":true}]}}