{"id":145197,"date":"2020-07-10T13:54:57","date_gmt":"2020-07-10T11:54:57","guid":{"rendered":"https:\/\/www.intoscana.it\/coronavirus-in-toscana-2-nuovi-casi-1-decesso-e-8-guarigioni\/"},"modified":"2020-08-10T09:31:51","modified_gmt":"2020-08-10T07:31:51","slug":"coronavirus-10-luglio","status":"publish","type":"post","link":"https:\/\/www.intoscana.it\/it\/coronavirus-10-luglio\/","title":{"rendered":"Coronavirus in Toscana: 2 nuovi casi, 1 decesso e 8 guarigioni"},"content":{"rendered":"<div class=\"row\">\n<div id=\"column-1\" class=\"col-md-12 portlet-column portlet-column-only\">\n<section class=\"rt-subheader rt-subheader--news\">\n<div class=\"rt-subheader__wrapper\">\n<div class=\"rt-subheader__title-wrapper\">&nbsp;<\/div>\n<\/div>\n<\/section>\n<\/div>\n<\/div>\n<div class=\"row has-sidebar\">\n<div id=\"column-2\" class=\"col-md-12 col-lg-9 portlet-column portlet-column-first\">\n<div class=\"rt-page__content rt-page-content--left\">\n<div class=\"rt-page__content-text\">\n<p><strong>Sono solo 2 i nuovi casi di positivit\u00e0 al Coronavirus emersi oggi in Toscana,&nbsp;lo 0,02% in pi\u00f9 rispetto a ieri, <\/strong>per un totale di 10.316 casi dall&#8217;inizio dell&#8217;epidemia.&nbsp;<strong>I guariti crescono dello 0,09% e raggiungono quota 8.865<\/strong> (l\u201985,9% dei casi totali). I&nbsp;<strong>tamponi eseguiti<\/strong>&nbsp;hanno raggiunto quota&nbsp;<strong>366.018<\/strong>, 2.685 in pi\u00f9 rispetto a ieri. Gli attualmente positivi sono oggi 330, -2,1% rispetto a ieri.&nbsp;<strong>Si registra 1 nuovo decesso: un uomo di 73 anni<\/strong>.<br \/>Questi i dati &#8211; accertati alle ore 12 di oggi sulla base delle richieste della Protezione Civile Nazionale &#8211; relativi all\u2019andamento dell\u2019epidemia in regione.<\/p>\n<p>Di seguito i casi di positivit\u00e0 sul territorio con la variazione rispetto a ieri. Sono 3.218 i casi complessivi a oggi a Firenze, <strong>541 a Prato (2 in pi\u00f9),<\/strong> 749 a Pistoia, 1.052 a Massa, 1.362 a Lucca, 932 a Pisa, 479 a Livorno, 681 ad Arezzo, 429 a Siena, 402 a Grosseto. Sono 471 i casi positivi notificati in Toscana, ma residenti in altre regioni. Due in pi\u00f9, quindi, i casi riscontrati oggi nell\u2019Asl Centro, 0 nella Nord Ovest, 0 nella Sud est.<\/p>\n<p><strong>La Toscana si conferma al 10\u00b0 posto in Italia come numerosit\u00e0 di casi<\/strong> (comprensivi di residenti e non residenti), con circa 277 casi per 100.000 abitanti (media italiana circa 402 x100.000, dato di ieri). Le province di notifica con il tasso pi\u00f9 alto sono Massa Carrara con 540 casi x100.000 abitanti, Lucca con 351, Firenze con 318, la pi\u00f9 bassa Livorno con 143.<\/p>\n<p>Complessivamente,&nbsp;<strong>319 persone sono in isolamento a casa<\/strong>, poich\u00e9 presentano sintomi lievi che non richiedono cure ospedaliere o risultano prive di sintomi (-5 rispetto a ieri, meno 1,5%). Sono&nbsp;<strong>862<\/strong>&nbsp;(pi\u00f9 -88 rispetto a ieri, meno 9,3%) le persone, anche loro isolate,&nbsp;<strong>in sorveglianza attiva<\/strong>&nbsp;perch\u00e9 hanno avuto contatti con persone contagiate (Asl Centro 432, Nord Ovest 358, Sud Est 72).<\/p>\n<p><strong>Le persone ricoverate nei posti letto dedicati ai pazienti Covid oggi sono complessivamente 11<\/strong>, (-2 in pi\u00f9 rispetto a ieri (meno 15,4%), di cui 2 in terapia intensiva (stabili rispetto a ieri).<\/p>\n<p><strong>Le persone complessivamente guarite salgono a 8.865<\/strong>&nbsp;(pi\u00f9 8 rispetto a ieri, pi\u00f9 0,09%): 168 persone \u201cclinicamente guarite\u201d (-14 rispetto a ieri, meno 7,7%), divenute cio\u00e8 asintomatiche dopo aver presentato manifestazioni cliniche associate all\u2019infezione e 8.697 (pi\u00f9 22 rispetto a ieri, pi\u00f9 0,3%) dichiarate guarite a tutti gli effetti, le cosiddette guarigioni virali, con doppio tampone negativo.<\/p>\n<p>Si registra 1 nuovo decesso: un uomo di 73 anni. Relativamente alla provincia di notifica, la persona deceduta \u00e8 a Firenze. Sono&nbsp;<strong>1.121 i deceduti dall\u2019inizio dell\u2019epidemia<\/strong>&nbsp;cosi ripartiti: 411 a Firenze, 52 a Prato, 81 a Pistoia, 171 a Massa Carrara, 142 a Lucca, 89 a Pisa, 61 a Livorno, 49 ad Arezzo, 33 a Siena, 24 a Grosseto, 8 persone sono decedute sul suolo toscano ma erano residenti fuori regione.<\/p>\n<p>Il tasso grezzo di mortalit\u00e0 toscano (numero di deceduti\/popolazione residente) per Covid-19 \u00e8 di 30,1 x100.000 residenti contro il 57,9 x100.000 della media italiana (11\u00b0 regione). Per quanto riguarda le province, il tasso di mortalit\u00e0 pi\u00f9 alto si riscontra a Massa Carrara (87,7 x100.000), Firenze (40,6 x100.000) e Lucca (36,6 x100.000), il pi\u00f9 basso a Grosseto (10,8 x100.000).<\/p>\n<\/div>\n<\/div>\n<\/div>\n<\/div>\n","protected":false},"excerpt":{"rendered":"<p>Gli attualmente positivi sono oggi 330, meno 2,1% rispetto a ieri. In calo anche le persone in isolamento a casa con sintomi lievi (319)<\/p>\n","protected":false},"author":525,"featured_media":145693,"comment_status":"open","ping_status":"open","sticky":false,"template":"","format":"standard","meta":{"_acf_changed":false,"footnotes":""},"categories":[18],"tags":[],"class_list":["post-145197","post","type-post","status-publish","format-standard","has-post-thumbnail","hentry","category-salute"],"acf":[],"yoast_head":"<!-- This site is optimized with the Yoast SEO Premium plugin v24.2 (Yoast SEO v25.6) - https:\/\/yoast.com\/wordpress\/plugins\/seo\/ -->\n<title>Coronavirus in Toscana: 2 nuovi casi, 1 decesso e 8 guarigioni - intoscana<\/title>\n<meta name=\"robots\" content=\"index, follow, max-snippet:-1, max-image-preview:large, max-video-preview:-1\" \/>\n<link rel=\"canonical\" href=\"https:\/\/www.intoscana.it\/it\/coronavirus-10-luglio\/\" \/>\n<meta property=\"og:locale\" content=\"it_IT\" \/>\n<meta property=\"og:type\" content=\"article\" \/>\n<meta property=\"og:title\" content=\"Coronavirus in Toscana: 2 nuovi casi, 1 decesso e 8 guarigioni\" \/>\n<meta property=\"og:description\" content=\"Gli attualmente positivi sono oggi 330, meno 2,1% rispetto a ieri. In calo anche le persone in isolamento a casa con sintomi lievi (319)\" \/>\n<meta property=\"og:url\" content=\"https:\/\/www.intoscana.it\/it\/coronavirus-10-luglio\/\" \/>\n<meta property=\"og:site_name\" content=\"intoscana\" \/>\n<meta property=\"article:publisher\" content=\"https:\/\/www.facebook.com\/intoscana.it\" \/>\n<meta property=\"article:published_time\" content=\"2020-07-10T11:54:57+00:00\" \/>\n<meta property=\"article:modified_time\" content=\"2020-08-10T07:31:51+00:00\" \/>\n<meta property=\"og:image\" content=\"https:\/\/www.intoscana.it\/wp-content\/uploads\/covid-felicita-campo-1.jpg\" \/>\n\t<meta property=\"og:image:width\" content=\"1000\" \/>\n\t<meta property=\"og:image:height\" content=\"667\" \/>\n\t<meta property=\"og:image:type\" content=\"image\/jpeg\" \/>\n<meta name=\"author\" content=\"Redazione\" \/>\n<meta name=\"twitter:card\" content=\"summary_large_image\" \/>\n<meta name=\"twitter:creator\" content=\"@intoscana\" \/>\n<meta name=\"twitter:site\" content=\"@intoscana\" \/>\n<meta name=\"twitter:label1\" content=\"Written by\" \/>\n\t<meta name=\"twitter:data1\" content=\"Redazione\" \/>\n\t<meta name=\"twitter:label2\" content=\"Est. reading time\" \/>\n\t<meta name=\"twitter:data2\" content=\"2 minuti\" \/>\n<script type=\"application\/ld+json\" class=\"yoast-schema-graph\">{\"@context\":\"https:\/\/schema.org\",\"@graph\":[{\"@type\":\"WebPage\",\"@id\":\"https:\/\/www.intoscana.it\/it\/coronavirus-10-luglio\/\",\"url\":\"https:\/\/www.intoscana.it\/it\/coronavirus-10-luglio\/\",\"name\":\"Coronavirus in Toscana: 2 nuovi casi, 1 decesso e 8 guarigioni - intoscana\",\"isPartOf\":{\"@id\":\"https:\/\/www.intoscana.it\/it\/#website\"},\"primaryImageOfPage\":{\"@id\":\"https:\/\/www.intoscana.it\/it\/coronavirus-10-luglio\/#primaryimage\"},\"image\":{\"@id\":\"https:\/\/www.intoscana.it\/it\/coronavirus-10-luglio\/#primaryimage\"},\"thumbnailUrl\":\"https:\/\/www.intoscana.it\/wp-content\/uploads\/covid-felicita-campo-1.jpg\",\"datePublished\":\"2020-07-10T11:54:57+00:00\",\"dateModified\":\"2020-08-10T07:31:51+00:00\",\"author\":{\"@id\":\"https:\/\/www.intoscana.it\/it\/#\/schema\/person\/9223810753230f20bd670fdd322661f8\"},\"breadcrumb\":{\"@id\":\"https:\/\/www.intoscana.it\/it\/coronavirus-10-luglio\/#breadcrumb\"},\"inLanguage\":\"it-IT\",\"potentialAction\":[{\"@type\":\"ReadAction\",\"target\":[\"https:\/\/www.intoscana.it\/it\/coronavirus-10-luglio\/\"]}]},{\"@type\":\"ImageObject\",\"inLanguage\":\"it-IT\",\"@id\":\"https:\/\/www.intoscana.it\/it\/coronavirus-10-luglio\/#primaryimage\",\"url\":\"https:\/\/www.intoscana.it\/wp-content\/uploads\/covid-felicita-campo-1.jpg\",\"contentUrl\":\"https:\/\/www.intoscana.it\/wp-content\/uploads\/covid-felicita-campo-1.jpg\",\"width\":1000,\"height\":667},{\"@type\":\"BreadcrumbList\",\"@id\":\"https:\/\/www.intoscana.it\/it\/coronavirus-10-luglio\/#breadcrumb\",\"itemListElement\":[{\"@type\":\"ListItem\",\"position\":1,\"name\":\"Home\",\"item\":\"https:\/\/www.intoscana.it\/it\/\"},{\"@type\":\"ListItem\",\"position\":2,\"name\":\"Coronavirus in Toscana: 2 nuovi casi, 1 decesso e 8 guarigioni\"}]},{\"@type\":\"WebSite\",\"@id\":\"https:\/\/www.intoscana.it\/it\/#website\",\"url\":\"https:\/\/www.intoscana.it\/it\/\",\"name\":\"intoscana\",\"description\":\"\",\"potentialAction\":[{\"@type\":\"SearchAction\",\"target\":{\"@type\":\"EntryPoint\",\"urlTemplate\":\"https:\/\/www.intoscana.it\/it\/?s={search_term_string}\"},\"query-input\":{\"@type\":\"PropertyValueSpecification\",\"valueRequired\":true,\"valueName\":\"search_term_string\"}}],\"inLanguage\":\"it-IT\"},{\"@type\":\"Person\",\"@id\":\"https:\/\/www.intoscana.it\/it\/#\/schema\/person\/9223810753230f20bd670fdd322661f8\",\"name\":\"Redazione\",\"url\":\"https:\/\/www.intoscana.it\/it\/author\/redazione\/\"}]}<\/script>\n<!-- \/ Yoast SEO Premium plugin. -->","yoast_head_json":{"title":"Coronavirus in Toscana: 2 nuovi casi, 1 decesso e 8 guarigioni - intoscana","robots":{"index":"index","follow":"follow","max-snippet":"max-snippet:-1","max-image-preview":"max-image-preview:large","max-video-preview":"max-video-preview:-1"},"canonical":"https:\/\/www.intoscana.it\/it\/coronavirus-10-luglio\/","og_locale":"it_IT","og_type":"article","og_title":"Coronavirus in Toscana: 2 nuovi casi, 1 decesso e 8 guarigioni","og_description":"Gli attualmente positivi sono oggi 330, meno 2,1% rispetto a ieri. In calo anche le persone in isolamento a casa con sintomi lievi (319)","og_url":"https:\/\/www.intoscana.it\/it\/coronavirus-10-luglio\/","og_site_name":"intoscana","article_publisher":"https:\/\/www.facebook.com\/intoscana.it","article_published_time":"2020-07-10T11:54:57+00:00","article_modified_time":"2020-08-10T07:31:51+00:00","og_image":[{"width":1000,"height":667,"url":"https:\/\/www.intoscana.it\/wp-content\/uploads\/covid-felicita-campo-1.jpg","type":"image\/jpeg"}],"author":"Redazione","twitter_card":"summary_large_image","twitter_creator":"@intoscana","twitter_site":"@intoscana","twitter_misc":{"Written by":"Redazione","Est. reading time":"2 minuti"},"schema":{"@context":"https:\/\/schema.org","@graph":[{"@type":"WebPage","@id":"https:\/\/www.intoscana.it\/it\/coronavirus-10-luglio\/","url":"https:\/\/www.intoscana.it\/it\/coronavirus-10-luglio\/","name":"Coronavirus in Toscana: 2 nuovi casi, 1 decesso e 8 guarigioni - intoscana","isPartOf":{"@id":"https:\/\/www.intoscana.it\/it\/#website"},"primaryImageOfPage":{"@id":"https:\/\/www.intoscana.it\/it\/coronavirus-10-luglio\/#primaryimage"},"image":{"@id":"https:\/\/www.intoscana.it\/it\/coronavirus-10-luglio\/#primaryimage"},"thumbnailUrl":"https:\/\/www.intoscana.it\/wp-content\/uploads\/covid-felicita-campo-1.jpg","datePublished":"2020-07-10T11:54:57+00:00","dateModified":"2020-08-10T07:31:51+00:00","author":{"@id":"https:\/\/www.intoscana.it\/it\/#\/schema\/person\/9223810753230f20bd670fdd322661f8"},"breadcrumb":{"@id":"https:\/\/www.intoscana.it\/it\/coronavirus-10-luglio\/#breadcrumb"},"inLanguage":"it-IT","potentialAction":[{"@type":"ReadAction","target":["https:\/\/www.intoscana.it\/it\/coronavirus-10-luglio\/"]}]},{"@type":"ImageObject","inLanguage":"it-IT","@id":"https:\/\/www.intoscana.it\/it\/coronavirus-10-luglio\/#primaryimage","url":"https:\/\/www.intoscana.it\/wp-content\/uploads\/covid-felicita-campo-1.jpg","contentUrl":"https:\/\/www.intoscana.it\/wp-content\/uploads\/covid-felicita-campo-1.jpg","width":1000,"height":667},{"@type":"BreadcrumbList","@id":"https:\/\/www.intoscana.it\/it\/coronavirus-10-luglio\/#breadcrumb","itemListElement":[{"@type":"ListItem","position":1,"name":"Home","item":"https:\/\/www.intoscana.it\/it\/"},{"@type":"ListItem","position":2,"name":"Coronavirus in Toscana: 2 nuovi casi, 1 decesso e 8 guarigioni"}]},{"@type":"WebSite","@id":"https:\/\/www.intoscana.it\/it\/#website","url":"https:\/\/www.intoscana.it\/it\/","name":"intoscana","description":"","potentialAction":[{"@type":"SearchAction","target":{"@type":"EntryPoint","urlTemplate":"https:\/\/www.intoscana.it\/it\/?s={search_term_string}"},"query-input":{"@type":"PropertyValueSpecification","valueRequired":true,"valueName":"search_term_string"}}],"inLanguage":"it-IT"},{"@type":"Person","@id":"https:\/\/www.intoscana.it\/it\/#\/schema\/person\/9223810753230f20bd670fdd322661f8","name":"Redazione","url":"https:\/\/www.intoscana.it\/it\/author\/redazione\/"}]}},"_links":{"self":[{"href":"https:\/\/www.intoscana.it\/it\/wp-json\/wp\/v2\/posts\/145197","targetHints":{"allow":["GET"]}}],"collection":[{"href":"https:\/\/www.intoscana.it\/it\/wp-json\/wp\/v2\/posts"}],"about":[{"href":"https:\/\/www.intoscana.it\/it\/wp-json\/wp\/v2\/types\/post"}],"author":[{"embeddable":true,"href":"https:\/\/www.intoscana.it\/it\/wp-json\/wp\/v2\/users\/525"}],"replies":[{"embeddable":true,"href":"https:\/\/www.intoscana.it\/it\/wp-json\/wp\/v2\/comments?post=145197"}],"version-history":[{"count":0,"href":"https:\/\/www.intoscana.it\/it\/wp-json\/wp\/v2\/posts\/145197\/revisions"}],"wp:featuredmedia":[{"embeddable":true,"href":"https:\/\/www.intoscana.it\/it\/wp-json\/wp\/v2\/media\/145693"}],"wp:attachment":[{"href":"https:\/\/www.intoscana.it\/it\/wp-json\/wp\/v2\/media?parent=145197"}],"wp:term":[{"taxonomy":"category","embeddable":true,"href":"https:\/\/www.intoscana.it\/it\/wp-json\/wp\/v2\/categories?post=145197"},{"taxonomy":"post_tag","embeddable":true,"href":"https:\/\/www.intoscana.it\/it\/wp-json\/wp\/v2\/tags?post=145197"}],"curies":[{"name":"wp","href":"https:\/\/api.w.org\/{rel}","templated":true}]}}