{"id":145201,"date":"2020-07-09T09:28:16","date_gmt":"2020-07-09T07:28:16","guid":{"rendered":"https:\/\/www.intoscana.it\/sanita-post-covid-in-toscana-liste-dattesa-abbattute-entro-il-15-luglio\/"},"modified":"2020-08-10T09:31:55","modified_gmt":"2020-08-10T07:31:55","slug":"abbattimento-liste-attesa","status":"publish","type":"post","link":"https:\/\/www.intoscana.it\/it\/abbattimento-liste-attesa\/","title":{"rendered":"Sanit\u00e0 post Covid: in Toscana liste d&#8217;attesa abbattute entro il 15 luglio"},"content":{"rendered":"<p>La sanit\u00e0 toscana, ora che \u00e8 passata l&#8217;emergenza Covid-19, si riorganizza per <strong>abbattere le liste d&#8217;attesa per le prestazioni sanitarie entro il 15 luglio<\/strong>. Per raggiungere questo obiettivo le aziende e gli enti del sistema sanitario regionale dovranno procedere subito al <strong>potenziamento delle attivit\u00e0 dei propri call center e dei punti di&nbsp;<\/strong><strong>prenotazione<\/strong>, in modo tale da raggiungere, entro il il prossimo 15 luglio, <strong>gli indici di catchment registrati nel periodo&nbsp;<\/strong><strong>pre-Covid (rapporto fra prenotato e prescritto),<\/strong> cos\u00ec come prevede il piano regionale di gestione dei tempi di attesa, nel rispetto degli indirizzi nazionali.<\/p>\n<p>Lo definisce un&#8217;apposita delibera, approvata nell&#8217;ultima seduta di Giunta, su proposta del presidente Enrico Rossi e dell&#8217;assessore al diritto alla salute Stefania Saccardi.<\/p>\n<p><strong>&#8220;Durante il periodo di massima diffusione del Covid, abbiamo assistito a una naturale&nbsp;<\/strong><strong>contrazione della richiesta di prestazioni sanitarie<\/strong> anche perch\u00e9 \u00e8 stato necessario riorganizzare i servizi per la presa in carico dei pazienti affetti da Covid &#8211; spiega Saccardi &#8211; nella fase successiva al picco dell&#8217;emergenza epidemiologica, anche in ragione della ripresa a pieno regime dei servizi,&nbsp;abbiamo riscontrato un significativo innalzamento della domanda&nbsp;delle prestazioni sanitarie. Ecco perch\u00e9 oggi s<strong>ervono altre risposte organizzative per riportare di nuovo in equilibrio, e in tempi rapidi, la dialettica tra domanda e offerta delle prestazioni<\/strong>&#8220;.&nbsp;<\/p>\n<p>Estar, l&#8217;Ente per il supporto tecnico amministrativo regionale, dovr\u00e0 avviare, peraltro, tutte le necessarie procedure per l&#8217;eventuale acquisizione temporanea di personale da impiegare nei call center aziendali e nei punti di prenotazione, sulla base dei fabbisogni dichiarati dalle aziende e dagli enti stessi del sistema sanitario, perch\u00e9 si raggiunga in tempi celeri &#8211; e si mantenga &#8211; l&#8217;equilibrio fra domanda e prenotazione. Inoltre, <strong>dovranno essere potenziati, attraverso i propri canali aziendali, sempre con effetto immediato, la modalit\u00e0 di prenotazione on line,&nbsp;<\/strong>prevedendo l&#8217;estensione delle prestazioni prenotabili attraverso il portale regionale dedicato. Dal canto suo, la Regione, attraverso i propri settori di competenza, provveder\u00e0 a effettuare il monitoraggio continuo del processo di riallineamento fra prescrizioni e prenotazioni, sia per area vasta che per singole aziende.&nbsp;<\/p>\n<p>&nbsp;<\/p>\n","protected":false},"excerpt":{"rendered":"<p>Saranno potenziati i call center e i punti prenotazione per riequilibrare in fretta la domanda e offerta di prestazioni sanitarie&nbsp;<\/p>\n","protected":false},"author":525,"featured_media":145697,"comment_status":"open","ping_status":"open","sticky":false,"template":"","format":"standard","meta":{"_acf_changed":false,"footnotes":""},"categories":[18],"tags":[],"class_list":["post-145201","post","type-post","status-publish","format-standard","has-post-thumbnail","hentry","category-salute"],"acf":[],"yoast_head":"<!-- This site is optimized with the Yoast SEO Premium plugin v24.2 (Yoast SEO v25.6) - https:\/\/yoast.com\/wordpress\/plugins\/seo\/ -->\n<title>Sanit\u00e0 post Covid: in Toscana liste d&#039;attesa abbattute entro il 15 luglio - intoscana<\/title>\n<meta name=\"robots\" content=\"index, follow, max-snippet:-1, max-image-preview:large, max-video-preview:-1\" \/>\n<link rel=\"canonical\" href=\"https:\/\/www.intoscana.it\/it\/abbattimento-liste-attesa\/\" \/>\n<meta property=\"og:locale\" content=\"it_IT\" \/>\n<meta property=\"og:type\" content=\"article\" \/>\n<meta property=\"og:title\" content=\"Sanit\u00e0 post Covid: in Toscana liste d&#039;attesa abbattute entro il 15 luglio\" \/>\n<meta property=\"og:description\" content=\"Saranno potenziati i call center e i punti prenotazione per riequilibrare in fretta la domanda e offerta di prestazioni sanitarie&nbsp;\" \/>\n<meta property=\"og:url\" content=\"https:\/\/www.intoscana.it\/it\/abbattimento-liste-attesa\/\" \/>\n<meta property=\"og:site_name\" content=\"intoscana\" \/>\n<meta property=\"article:publisher\" content=\"https:\/\/www.facebook.com\/intoscana.it\" \/>\n<meta property=\"article:published_time\" content=\"2020-07-09T07:28:16+00:00\" \/>\n<meta property=\"article:modified_time\" content=\"2020-08-10T07:31:55+00:00\" \/>\n<meta property=\"og:image\" content=\"https:\/\/www.intoscana.it\/wp-content\/uploads\/46dbbdefa5fe2cfc7f3b30c666ac98cc-31.jpg\" \/>\n\t<meta property=\"og:image:width\" content=\"960\" \/>\n\t<meta property=\"og:image:height\" content=\"684\" \/>\n\t<meta property=\"og:image:type\" content=\"image\/jpeg\" \/>\n<meta name=\"author\" content=\"Redazione\" \/>\n<meta name=\"twitter:card\" content=\"summary_large_image\" \/>\n<meta name=\"twitter:creator\" content=\"@intoscana\" \/>\n<meta name=\"twitter:site\" content=\"@intoscana\" \/>\n<meta name=\"twitter:label1\" content=\"Written by\" \/>\n\t<meta name=\"twitter:data1\" content=\"Redazione\" \/>\n\t<meta name=\"twitter:label2\" content=\"Est. reading time\" \/>\n\t<meta name=\"twitter:data2\" content=\"2 minuti\" \/>\n<script type=\"application\/ld+json\" class=\"yoast-schema-graph\">{\"@context\":\"https:\/\/schema.org\",\"@graph\":[{\"@type\":\"WebPage\",\"@id\":\"https:\/\/www.intoscana.it\/it\/abbattimento-liste-attesa\/\",\"url\":\"https:\/\/www.intoscana.it\/it\/abbattimento-liste-attesa\/\",\"name\":\"Sanit\u00e0 post Covid: in Toscana liste d'attesa abbattute entro il 15 luglio - intoscana\",\"isPartOf\":{\"@id\":\"https:\/\/www.intoscana.it\/it\/#website\"},\"primaryImageOfPage\":{\"@id\":\"https:\/\/www.intoscana.it\/it\/abbattimento-liste-attesa\/#primaryimage\"},\"image\":{\"@id\":\"https:\/\/www.intoscana.it\/it\/abbattimento-liste-attesa\/#primaryimage\"},\"thumbnailUrl\":\"https:\/\/www.intoscana.it\/wp-content\/uploads\/46dbbdefa5fe2cfc7f3b30c666ac98cc-31.jpg\",\"datePublished\":\"2020-07-09T07:28:16+00:00\",\"dateModified\":\"2020-08-10T07:31:55+00:00\",\"author\":{\"@id\":\"https:\/\/www.intoscana.it\/it\/#\/schema\/person\/9223810753230f20bd670fdd322661f8\"},\"breadcrumb\":{\"@id\":\"https:\/\/www.intoscana.it\/it\/abbattimento-liste-attesa\/#breadcrumb\"},\"inLanguage\":\"it-IT\",\"potentialAction\":[{\"@type\":\"ReadAction\",\"target\":[\"https:\/\/www.intoscana.it\/it\/abbattimento-liste-attesa\/\"]}]},{\"@type\":\"ImageObject\",\"inLanguage\":\"it-IT\",\"@id\":\"https:\/\/www.intoscana.it\/it\/abbattimento-liste-attesa\/#primaryimage\",\"url\":\"https:\/\/www.intoscana.it\/wp-content\/uploads\/46dbbdefa5fe2cfc7f3b30c666ac98cc-31.jpg\",\"contentUrl\":\"https:\/\/www.intoscana.it\/wp-content\/uploads\/46dbbdefa5fe2cfc7f3b30c666ac98cc-31.jpg\",\"width\":960,\"height\":684},{\"@type\":\"BreadcrumbList\",\"@id\":\"https:\/\/www.intoscana.it\/it\/abbattimento-liste-attesa\/#breadcrumb\",\"itemListElement\":[{\"@type\":\"ListItem\",\"position\":1,\"name\":\"Home\",\"item\":\"https:\/\/www.intoscana.it\/it\/\"},{\"@type\":\"ListItem\",\"position\":2,\"name\":\"Sanit\u00e0 post Covid: in Toscana liste d&#8217;attesa abbattute entro il 15 luglio\"}]},{\"@type\":\"WebSite\",\"@id\":\"https:\/\/www.intoscana.it\/it\/#website\",\"url\":\"https:\/\/www.intoscana.it\/it\/\",\"name\":\"intoscana\",\"description\":\"\",\"potentialAction\":[{\"@type\":\"SearchAction\",\"target\":{\"@type\":\"EntryPoint\",\"urlTemplate\":\"https:\/\/www.intoscana.it\/it\/?s={search_term_string}\"},\"query-input\":{\"@type\":\"PropertyValueSpecification\",\"valueRequired\":true,\"valueName\":\"search_term_string\"}}],\"inLanguage\":\"it-IT\"},{\"@type\":\"Person\",\"@id\":\"https:\/\/www.intoscana.it\/it\/#\/schema\/person\/9223810753230f20bd670fdd322661f8\",\"name\":\"Redazione\",\"url\":\"https:\/\/www.intoscana.it\/it\/author\/redazione\/\"}]}<\/script>\n<!-- \/ Yoast SEO Premium plugin. -->","yoast_head_json":{"title":"Sanit\u00e0 post Covid: in Toscana liste d'attesa abbattute entro il 15 luglio - intoscana","robots":{"index":"index","follow":"follow","max-snippet":"max-snippet:-1","max-image-preview":"max-image-preview:large","max-video-preview":"max-video-preview:-1"},"canonical":"https:\/\/www.intoscana.it\/it\/abbattimento-liste-attesa\/","og_locale":"it_IT","og_type":"article","og_title":"Sanit\u00e0 post Covid: in Toscana liste d'attesa abbattute entro il 15 luglio","og_description":"Saranno potenziati i call center e i punti prenotazione per riequilibrare in fretta la domanda e offerta di prestazioni sanitarie&nbsp;","og_url":"https:\/\/www.intoscana.it\/it\/abbattimento-liste-attesa\/","og_site_name":"intoscana","article_publisher":"https:\/\/www.facebook.com\/intoscana.it","article_published_time":"2020-07-09T07:28:16+00:00","article_modified_time":"2020-08-10T07:31:55+00:00","og_image":[{"width":960,"height":684,"url":"https:\/\/www.intoscana.it\/wp-content\/uploads\/46dbbdefa5fe2cfc7f3b30c666ac98cc-31.jpg","type":"image\/jpeg"}],"author":"Redazione","twitter_card":"summary_large_image","twitter_creator":"@intoscana","twitter_site":"@intoscana","twitter_misc":{"Written by":"Redazione","Est. reading time":"2 minuti"},"schema":{"@context":"https:\/\/schema.org","@graph":[{"@type":"WebPage","@id":"https:\/\/www.intoscana.it\/it\/abbattimento-liste-attesa\/","url":"https:\/\/www.intoscana.it\/it\/abbattimento-liste-attesa\/","name":"Sanit\u00e0 post Covid: in Toscana liste d'attesa abbattute entro il 15 luglio - intoscana","isPartOf":{"@id":"https:\/\/www.intoscana.it\/it\/#website"},"primaryImageOfPage":{"@id":"https:\/\/www.intoscana.it\/it\/abbattimento-liste-attesa\/#primaryimage"},"image":{"@id":"https:\/\/www.intoscana.it\/it\/abbattimento-liste-attesa\/#primaryimage"},"thumbnailUrl":"https:\/\/www.intoscana.it\/wp-content\/uploads\/46dbbdefa5fe2cfc7f3b30c666ac98cc-31.jpg","datePublished":"2020-07-09T07:28:16+00:00","dateModified":"2020-08-10T07:31:55+00:00","author":{"@id":"https:\/\/www.intoscana.it\/it\/#\/schema\/person\/9223810753230f20bd670fdd322661f8"},"breadcrumb":{"@id":"https:\/\/www.intoscana.it\/it\/abbattimento-liste-attesa\/#breadcrumb"},"inLanguage":"it-IT","potentialAction":[{"@type":"ReadAction","target":["https:\/\/www.intoscana.it\/it\/abbattimento-liste-attesa\/"]}]},{"@type":"ImageObject","inLanguage":"it-IT","@id":"https:\/\/www.intoscana.it\/it\/abbattimento-liste-attesa\/#primaryimage","url":"https:\/\/www.intoscana.it\/wp-content\/uploads\/46dbbdefa5fe2cfc7f3b30c666ac98cc-31.jpg","contentUrl":"https:\/\/www.intoscana.it\/wp-content\/uploads\/46dbbdefa5fe2cfc7f3b30c666ac98cc-31.jpg","width":960,"height":684},{"@type":"BreadcrumbList","@id":"https:\/\/www.intoscana.it\/it\/abbattimento-liste-attesa\/#breadcrumb","itemListElement":[{"@type":"ListItem","position":1,"name":"Home","item":"https:\/\/www.intoscana.it\/it\/"},{"@type":"ListItem","position":2,"name":"Sanit\u00e0 post Covid: in Toscana liste d&#8217;attesa abbattute entro il 15 luglio"}]},{"@type":"WebSite","@id":"https:\/\/www.intoscana.it\/it\/#website","url":"https:\/\/www.intoscana.it\/it\/","name":"intoscana","description":"","potentialAction":[{"@type":"SearchAction","target":{"@type":"EntryPoint","urlTemplate":"https:\/\/www.intoscana.it\/it\/?s={search_term_string}"},"query-input":{"@type":"PropertyValueSpecification","valueRequired":true,"valueName":"search_term_string"}}],"inLanguage":"it-IT"},{"@type":"Person","@id":"https:\/\/www.intoscana.it\/it\/#\/schema\/person\/9223810753230f20bd670fdd322661f8","name":"Redazione","url":"https:\/\/www.intoscana.it\/it\/author\/redazione\/"}]}},"_links":{"self":[{"href":"https:\/\/www.intoscana.it\/it\/wp-json\/wp\/v2\/posts\/145201","targetHints":{"allow":["GET"]}}],"collection":[{"href":"https:\/\/www.intoscana.it\/it\/wp-json\/wp\/v2\/posts"}],"about":[{"href":"https:\/\/www.intoscana.it\/it\/wp-json\/wp\/v2\/types\/post"}],"author":[{"embeddable":true,"href":"https:\/\/www.intoscana.it\/it\/wp-json\/wp\/v2\/users\/525"}],"replies":[{"embeddable":true,"href":"https:\/\/www.intoscana.it\/it\/wp-json\/wp\/v2\/comments?post=145201"}],"version-history":[{"count":0,"href":"https:\/\/www.intoscana.it\/it\/wp-json\/wp\/v2\/posts\/145201\/revisions"}],"wp:featuredmedia":[{"embeddable":true,"href":"https:\/\/www.intoscana.it\/it\/wp-json\/wp\/v2\/media\/145697"}],"wp:attachment":[{"href":"https:\/\/www.intoscana.it\/it\/wp-json\/wp\/v2\/media?parent=145201"}],"wp:term":[{"taxonomy":"category","embeddable":true,"href":"https:\/\/www.intoscana.it\/it\/wp-json\/wp\/v2\/categories?post=145201"},{"taxonomy":"post_tag","embeddable":true,"href":"https:\/\/www.intoscana.it\/it\/wp-json\/wp\/v2\/tags?post=145201"}],"curies":[{"name":"wp","href":"https:\/\/api.w.org\/{rel}","templated":true}]}}