{"id":145204,"date":"2020-06-26T15:27:49","date_gmt":"2020-06-26T13:27:49","guid":{"rendered":"https:\/\/www.intoscana.it\/coronavirus-in-toscana-2-nuovi-casi-2-decessi-10-guarigioni\/"},"modified":"2020-08-10T09:31:57","modified_gmt":"2020-08-10T07:31:57","slug":"coronavirus-dati-26-giugno","status":"publish","type":"post","link":"https:\/\/www.intoscana.it\/it\/coronavirus-dati-26-giugno\/","title":{"rendered":"Coronavirus in Toscana: 2 nuovi casi, 2 decessi, 10 guarigioni"},"content":{"rendered":"<p>Sono<strong> 10.226 i casi di positivit\u00e0 al Coronavirus in Toscana, 2 in pi\u00f9 rispetto a ieri<\/strong>. I nuovi casi sono lo 0,02% in pi\u00f9 rispetto al totale del giorno precedente. I <strong>guariti<\/strong> crescono dello 0,1% e raggiungono quota<strong> 8.809<\/strong>(l&#8217;86,1% dei casi totali). I<strong> test eseguiti <\/strong>hanno raggiunto quota <strong>326.645, 2.781 in pi\u00f9 rispetto a ieri.<\/strong> Gli <strong>attualmente positivi sono oggi 314<\/strong>, -3,1% rispetto a ieri. Si registrano <strong>2 nuovi decessi: 1 uomo e 1 donna, con un&#8217;et\u00e0 media di 86,5 anni.<\/strong><\/p>\n<p>Questi i dati &#8211; accertati alle ore 12 di <strong>venerd\u00ec 26 giugno<\/strong> sulla base delle richieste della Protezione Civile Nazionale &#8211; relativi all&#8217;andamento dell&#8217;epidemia in regione.<\/p>\n<p>Si ricorda che a partire dal 24\/06\/2020, il Ministero della Salute ha modificato il sistema di rilevazione dei dati sulla diffusione del Covid-19. I casi positivi non sono pi\u00f9 indicati secondo la provincia di notifica bens\u00ec in base alla provincia di residenza o domicilio.<\/p>\n<p><strong>Di seguito i casi di positivit\u00e0 sul territorio con la variazione rispetto a ieri<\/strong>. Sono 3.185 i casi complessivi ad oggi a Firenze, 532 a Prato (1 in pi\u00f9), 743 a Pistoia, 1.050 a Massa Carrara, 1.351 a Lucca, 925 a Pisa, 476 a Livorno, 671 ad Arezzo (1 in pi\u00f9), 427 a Siena, 395 a Grosseto. Sono 471 i casi positivi notificati in Toscana, ma residenti in altre regioni. 1 in pi\u00f9 quindi i casi riscontrati oggi nell&#8217;Asl centro, 0 nella nord ovest, 1 nella sud est.<\/p>\n<p>La Toscana si conferma al 10\u00b0 posto in Italia come numerosit\u00e0 di casi (comprensivi di residenti e non residenti), con circa 274 casi per 100.000 abitanti (media italiana circa 397 x 100.000, dato di ieri). Le province di notifica con il tasso pi\u00f9 alto sono Massa Carrara con 539 casi x 100.000 abitanti, Lucca con 348, Firenze con 315, la pi\u00f9 bassa Livorno con 142.<\/p>\n<p>Complessivamente,<strong> 287 persone sono in isolamento a casa<\/strong>, poich\u00e9 presentano <strong>sintomi lievi <\/strong>che non richiedono cure ospedaliere, o risultano <strong>prive di sintomi<\/strong> (meno 7 rispetto a ieri, meno 2,4%).<\/p>\n<p>Sono<strong> 2.400<\/strong> (meno 77 rispetto a ieri, meno 3,1%) <strong>le persone, anch&#8217;esse isolate, in sorveglianza attiva perch\u00e9 hanno avuto contatti con persone contagiate<\/strong> (Asl centro 840, nord ovest 1.507, sud est 53).<\/p>\n<p><strong>Si riducono le persone ricoverate nei posti letto dedicati ai pazienti Covid<\/strong> che oggi sono complessivamente<strong> 27<\/strong>, 3 in meno di ieri (meno 10%) <strong>di cui 6 in terapia intensiva<\/strong> (stabili rispetto a ieri).<\/p>\n<p><strong>Le persone complessivamente guarite salgono a 8.809<\/strong> (pi\u00f9 10 rispetto a ieri, pi\u00f9 0,1%):<strong> 297 persone \u201cclinicamente guarite\u201d <\/strong>(meno 18 rispetto a ieri, meno 5,7%), divenute cio\u00e8 asintomatiche dopo aver presentato manifestazioni cliniche associate all&#8217;infezione e <strong>8.512 <\/strong>(pi\u00f9 28 rispetto a ieri, pi\u00f9 0,3%) <strong>dichiarate guarite a tutti gli effetti, le cosiddette guarigioni virali,<\/strong> con doppio tampone negativo.<\/p>\n<p>Si registrano <strong>2 nuovi decessi: 1 uomo e 1 donna, con un&#8217;et\u00e0 media di 86,5 anni.<\/strong><\/p>\n<p>Relativamente alla provincia di notifica, le persone decedute sono entrambe a Massa Carrara.<\/p>\n<p>Sono <strong>1.103 i deceduti dall&#8217;inizio dell&#8217;epidemia<\/strong> cosi ripartiti: 405 a Firenze, 51 a Prato, 81 a Pistoia, 164 a Massa Carrara, 141 a Lucca, 89 a Pisa, 61 a Livorno, 46 ad Arezzo, 33 a Siena, 24 a Grosseto, 8 persone sono decedute sul suolo toscano ma erano residenti fuori regione.<\/p>\n<p>Il tasso grezzo di mortalit\u00e0 toscano (numero di deceduti\/popolazione residente) per Covid-19 \u00e8 di 29,6 x 100.000 residenti contro il 57,5 x 100.000 della media italiana (11\u00b0 regione). Per quanto riguarda le province, il tasso di mortalit\u00e0 pi\u00f9 alto si riscontra a Massa Carrara (84,2 x 100.000), Firenze (40,0 x 100.000) e Lucca (36,4 x 100.000), il pi\u00f9 basso a Grosseto (10,8 x 100.000).<\/p>\n","protected":false},"excerpt":{"rendered":"<p>Dall&#8217;inizio dell&#8217;epidemia, 10.226 casi, 1.103 decessi, 8.809 guariti. Oggi sono 27 i ricoverati, di cui 6 in terapia intensiva<\/p>\n","protected":false},"author":525,"featured_media":145700,"comment_status":"open","ping_status":"open","sticky":false,"template":"","format":"standard","meta":{"_acf_changed":false,"footnotes":""},"categories":[18],"tags":[],"class_list":["post-145204","post","type-post","status-publish","format-standard","has-post-thumbnail","hentry","category-salute"],"acf":[],"yoast_head":"<!-- This site is optimized with the Yoast SEO Premium plugin v24.2 (Yoast SEO v25.6) - https:\/\/yoast.com\/wordpress\/plugins\/seo\/ -->\n<title>Coronavirus in Toscana: 2 nuovi casi, 2 decessi, 10 guarigioni - intoscana<\/title>\n<meta name=\"robots\" content=\"index, follow, max-snippet:-1, max-image-preview:large, max-video-preview:-1\" \/>\n<link rel=\"canonical\" href=\"https:\/\/www.intoscana.it\/it\/coronavirus-dati-26-giugno\/\" \/>\n<meta property=\"og:locale\" content=\"it_IT\" \/>\n<meta property=\"og:type\" content=\"article\" \/>\n<meta property=\"og:title\" content=\"Coronavirus in Toscana: 2 nuovi casi, 2 decessi, 10 guarigioni\" \/>\n<meta property=\"og:description\" content=\"Dall&#039;inizio dell&#039;epidemia, 10.226 casi, 1.103 decessi, 8.809 guariti. Oggi sono 27 i ricoverati, di cui 6 in terapia intensiva\" \/>\n<meta property=\"og:url\" content=\"https:\/\/www.intoscana.it\/it\/coronavirus-dati-26-giugno\/\" \/>\n<meta property=\"og:site_name\" content=\"intoscana\" \/>\n<meta property=\"article:publisher\" content=\"https:\/\/www.facebook.com\/intoscana.it\" \/>\n<meta property=\"article:published_time\" content=\"2020-06-26T13:27:49+00:00\" \/>\n<meta property=\"article:modified_time\" content=\"2020-08-10T07:31:57+00:00\" \/>\n<meta property=\"og:image\" content=\"https:\/\/www.intoscana.it\/wp-content\/uploads\/shutterstock_1632557005-9.jpg\" \/>\n\t<meta property=\"og:image:width\" content=\"2000\" \/>\n\t<meta property=\"og:image:height\" content=\"1333\" \/>\n\t<meta property=\"og:image:type\" content=\"image\/jpeg\" \/>\n<meta name=\"author\" content=\"Redazione\" \/>\n<meta name=\"twitter:card\" content=\"summary_large_image\" \/>\n<meta name=\"twitter:creator\" content=\"@intoscana\" \/>\n<meta name=\"twitter:site\" content=\"@intoscana\" \/>\n<meta name=\"twitter:label1\" content=\"Written by\" \/>\n\t<meta name=\"twitter:data1\" content=\"Redazione\" \/>\n\t<meta name=\"twitter:label2\" content=\"Est. reading time\" \/>\n\t<meta name=\"twitter:data2\" content=\"3 minuti\" \/>\n<script type=\"application\/ld+json\" class=\"yoast-schema-graph\">{\"@context\":\"https:\/\/schema.org\",\"@graph\":[{\"@type\":\"WebPage\",\"@id\":\"https:\/\/www.intoscana.it\/it\/coronavirus-dati-26-giugno\/\",\"url\":\"https:\/\/www.intoscana.it\/it\/coronavirus-dati-26-giugno\/\",\"name\":\"Coronavirus in Toscana: 2 nuovi casi, 2 decessi, 10 guarigioni - intoscana\",\"isPartOf\":{\"@id\":\"https:\/\/www.intoscana.it\/it\/#website\"},\"primaryImageOfPage\":{\"@id\":\"https:\/\/www.intoscana.it\/it\/coronavirus-dati-26-giugno\/#primaryimage\"},\"image\":{\"@id\":\"https:\/\/www.intoscana.it\/it\/coronavirus-dati-26-giugno\/#primaryimage\"},\"thumbnailUrl\":\"https:\/\/www.intoscana.it\/wp-content\/uploads\/shutterstock_1632557005-9.jpg\",\"datePublished\":\"2020-06-26T13:27:49+00:00\",\"dateModified\":\"2020-08-10T07:31:57+00:00\",\"author\":{\"@id\":\"https:\/\/www.intoscana.it\/it\/#\/schema\/person\/9223810753230f20bd670fdd322661f8\"},\"breadcrumb\":{\"@id\":\"https:\/\/www.intoscana.it\/it\/coronavirus-dati-26-giugno\/#breadcrumb\"},\"inLanguage\":\"it-IT\",\"potentialAction\":[{\"@type\":\"ReadAction\",\"target\":[\"https:\/\/www.intoscana.it\/it\/coronavirus-dati-26-giugno\/\"]}]},{\"@type\":\"ImageObject\",\"inLanguage\":\"it-IT\",\"@id\":\"https:\/\/www.intoscana.it\/it\/coronavirus-dati-26-giugno\/#primaryimage\",\"url\":\"https:\/\/www.intoscana.it\/wp-content\/uploads\/shutterstock_1632557005-9.jpg\",\"contentUrl\":\"https:\/\/www.intoscana.it\/wp-content\/uploads\/shutterstock_1632557005-9.jpg\",\"width\":2000,\"height\":1333,\"caption\":\"Coronavirus in Toscana\"},{\"@type\":\"BreadcrumbList\",\"@id\":\"https:\/\/www.intoscana.it\/it\/coronavirus-dati-26-giugno\/#breadcrumb\",\"itemListElement\":[{\"@type\":\"ListItem\",\"position\":1,\"name\":\"Home\",\"item\":\"https:\/\/www.intoscana.it\/it\/\"},{\"@type\":\"ListItem\",\"position\":2,\"name\":\"Coronavirus in Toscana: 2 nuovi casi, 2 decessi, 10 guarigioni\"}]},{\"@type\":\"WebSite\",\"@id\":\"https:\/\/www.intoscana.it\/it\/#website\",\"url\":\"https:\/\/www.intoscana.it\/it\/\",\"name\":\"intoscana\",\"description\":\"\",\"potentialAction\":[{\"@type\":\"SearchAction\",\"target\":{\"@type\":\"EntryPoint\",\"urlTemplate\":\"https:\/\/www.intoscana.it\/it\/?s={search_term_string}\"},\"query-input\":{\"@type\":\"PropertyValueSpecification\",\"valueRequired\":true,\"valueName\":\"search_term_string\"}}],\"inLanguage\":\"it-IT\"},{\"@type\":\"Person\",\"@id\":\"https:\/\/www.intoscana.it\/it\/#\/schema\/person\/9223810753230f20bd670fdd322661f8\",\"name\":\"Redazione\",\"url\":\"https:\/\/www.intoscana.it\/it\/author\/redazione\/\"}]}<\/script>\n<!-- \/ Yoast SEO Premium plugin. -->","yoast_head_json":{"title":"Coronavirus in Toscana: 2 nuovi casi, 2 decessi, 10 guarigioni - intoscana","robots":{"index":"index","follow":"follow","max-snippet":"max-snippet:-1","max-image-preview":"max-image-preview:large","max-video-preview":"max-video-preview:-1"},"canonical":"https:\/\/www.intoscana.it\/it\/coronavirus-dati-26-giugno\/","og_locale":"it_IT","og_type":"article","og_title":"Coronavirus in Toscana: 2 nuovi casi, 2 decessi, 10 guarigioni","og_description":"Dall'inizio dell'epidemia, 10.226 casi, 1.103 decessi, 8.809 guariti. Oggi sono 27 i ricoverati, di cui 6 in terapia intensiva","og_url":"https:\/\/www.intoscana.it\/it\/coronavirus-dati-26-giugno\/","og_site_name":"intoscana","article_publisher":"https:\/\/www.facebook.com\/intoscana.it","article_published_time":"2020-06-26T13:27:49+00:00","article_modified_time":"2020-08-10T07:31:57+00:00","og_image":[{"width":2000,"height":1333,"url":"https:\/\/www.intoscana.it\/wp-content\/uploads\/shutterstock_1632557005-9.jpg","type":"image\/jpeg"}],"author":"Redazione","twitter_card":"summary_large_image","twitter_creator":"@intoscana","twitter_site":"@intoscana","twitter_misc":{"Written by":"Redazione","Est. reading time":"3 minuti"},"schema":{"@context":"https:\/\/schema.org","@graph":[{"@type":"WebPage","@id":"https:\/\/www.intoscana.it\/it\/coronavirus-dati-26-giugno\/","url":"https:\/\/www.intoscana.it\/it\/coronavirus-dati-26-giugno\/","name":"Coronavirus in Toscana: 2 nuovi casi, 2 decessi, 10 guarigioni - intoscana","isPartOf":{"@id":"https:\/\/www.intoscana.it\/it\/#website"},"primaryImageOfPage":{"@id":"https:\/\/www.intoscana.it\/it\/coronavirus-dati-26-giugno\/#primaryimage"},"image":{"@id":"https:\/\/www.intoscana.it\/it\/coronavirus-dati-26-giugno\/#primaryimage"},"thumbnailUrl":"https:\/\/www.intoscana.it\/wp-content\/uploads\/shutterstock_1632557005-9.jpg","datePublished":"2020-06-26T13:27:49+00:00","dateModified":"2020-08-10T07:31:57+00:00","author":{"@id":"https:\/\/www.intoscana.it\/it\/#\/schema\/person\/9223810753230f20bd670fdd322661f8"},"breadcrumb":{"@id":"https:\/\/www.intoscana.it\/it\/coronavirus-dati-26-giugno\/#breadcrumb"},"inLanguage":"it-IT","potentialAction":[{"@type":"ReadAction","target":["https:\/\/www.intoscana.it\/it\/coronavirus-dati-26-giugno\/"]}]},{"@type":"ImageObject","inLanguage":"it-IT","@id":"https:\/\/www.intoscana.it\/it\/coronavirus-dati-26-giugno\/#primaryimage","url":"https:\/\/www.intoscana.it\/wp-content\/uploads\/shutterstock_1632557005-9.jpg","contentUrl":"https:\/\/www.intoscana.it\/wp-content\/uploads\/shutterstock_1632557005-9.jpg","width":2000,"height":1333,"caption":"Coronavirus in Toscana"},{"@type":"BreadcrumbList","@id":"https:\/\/www.intoscana.it\/it\/coronavirus-dati-26-giugno\/#breadcrumb","itemListElement":[{"@type":"ListItem","position":1,"name":"Home","item":"https:\/\/www.intoscana.it\/it\/"},{"@type":"ListItem","position":2,"name":"Coronavirus in Toscana: 2 nuovi casi, 2 decessi, 10 guarigioni"}]},{"@type":"WebSite","@id":"https:\/\/www.intoscana.it\/it\/#website","url":"https:\/\/www.intoscana.it\/it\/","name":"intoscana","description":"","potentialAction":[{"@type":"SearchAction","target":{"@type":"EntryPoint","urlTemplate":"https:\/\/www.intoscana.it\/it\/?s={search_term_string}"},"query-input":{"@type":"PropertyValueSpecification","valueRequired":true,"valueName":"search_term_string"}}],"inLanguage":"it-IT"},{"@type":"Person","@id":"https:\/\/www.intoscana.it\/it\/#\/schema\/person\/9223810753230f20bd670fdd322661f8","name":"Redazione","url":"https:\/\/www.intoscana.it\/it\/author\/redazione\/"}]}},"_links":{"self":[{"href":"https:\/\/www.intoscana.it\/it\/wp-json\/wp\/v2\/posts\/145204","targetHints":{"allow":["GET"]}}],"collection":[{"href":"https:\/\/www.intoscana.it\/it\/wp-json\/wp\/v2\/posts"}],"about":[{"href":"https:\/\/www.intoscana.it\/it\/wp-json\/wp\/v2\/types\/post"}],"author":[{"embeddable":true,"href":"https:\/\/www.intoscana.it\/it\/wp-json\/wp\/v2\/users\/525"}],"replies":[{"embeddable":true,"href":"https:\/\/www.intoscana.it\/it\/wp-json\/wp\/v2\/comments?post=145204"}],"version-history":[{"count":0,"href":"https:\/\/www.intoscana.it\/it\/wp-json\/wp\/v2\/posts\/145204\/revisions"}],"wp:featuredmedia":[{"embeddable":true,"href":"https:\/\/www.intoscana.it\/it\/wp-json\/wp\/v2\/media\/145700"}],"wp:attachment":[{"href":"https:\/\/www.intoscana.it\/it\/wp-json\/wp\/v2\/media?parent=145204"}],"wp:term":[{"taxonomy":"category","embeddable":true,"href":"https:\/\/www.intoscana.it\/it\/wp-json\/wp\/v2\/categories?post=145204"},{"taxonomy":"post_tag","embeddable":true,"href":"https:\/\/www.intoscana.it\/it\/wp-json\/wp\/v2\/tags?post=145204"}],"curies":[{"name":"wp","href":"https:\/\/api.w.org\/{rel}","templated":true}]}}