{"id":145206,"date":"2020-06-28T14:17:12","date_gmt":"2020-06-28T12:17:12","guid":{"rendered":"https:\/\/www.intoscana.it\/coronavirus-5-nuovi-casi-e-anche-oggi-zero-decessi-in-toscana\/"},"modified":"2020-08-10T09:31:58","modified_gmt":"2020-08-10T07:31:58","slug":"coronavirus-28-giugno","status":"publish","type":"post","link":"https:\/\/www.intoscana.it\/it\/coronavirus-28-giugno\/","title":{"rendered":"Coronavirus: 5 nuovi casi e anche oggi zero decessi in Toscana"},"content":{"rendered":"<div class=\"row\">\n<div id=\"column-1\" class=\"col-md-12 portlet-column portlet-column-only\">\n<section class=\"rt-subheader rt-subheader--news\">\n<div class=\"rt-subheader__wrapper\">\n<div class=\"rt-subheader__title-wrapper\">Sono 5 i nuovi casi di&nbsp;<strong>positivit\u00e0 al Coronavirus oggi in Toscana,<\/strong> lo 0,05% in pi\u00f9 rispetto a ieri, per un totale di 10.243 casi dall&#8217;inizio dell&#8217;epidemia. Stabili i&nbsp;<strong>guariti&nbsp;<\/strong>a quota&nbsp;<strong>8.817&nbsp;<\/strong>(l\u201986,1% dei casi totali). I&nbsp;<strong>test eseguiti&nbsp;<\/strong>hanno raggiunto quota&nbsp;<strong>332.758<\/strong>,<strong>&nbsp;2.893 in pi\u00f9 rispetto a ieri<\/strong>. Gli<strong>&nbsp;attualmente positivi sono oggi 323<\/strong>, +1,6% rispetto a ieri.&nbsp;<strong>Anche oggi non si registrano nuovi decessi.&nbsp;<\/strong>Questi i dati &#8211; accertati alle ore 12 di oggi sulla base delle richieste della Protezione Civile Nazionale &#8211; relativi all\u2019andamento dell\u2019epidemia in regione.<\/div>\n<\/div>\n<\/section>\n<\/div>\n<\/div>\n<div class=\"row has-sidebar\">\n<div id=\"column-2\" class=\"col-md-12 col-lg-8 portlet-column portlet-column-first\">\n<div class=\"rt-page__content rt-page-content--left\">\n<div class=\"rt-page__content-text\">\n<p>Si ricorda che a partire dal 24\/06\/2020, il Ministero della Salute ha modificato il sistema di rilevazione dei dati sulla diffusione del Covid-19. I casi positivi non sono pi\u00f9 indicati secondo la provincia di notifica bens\u00ec in base alla provincia di residenza o domicilio.<\/p>\n<p>Di seguito<strong>&nbsp;i casi di positivit\u00e0 sul territorio con la variazione rispetto a ieri<\/strong>. Sono 3.187 i casi complessivi ad oggi a Firenze, 532 a Prato, 747 a Pistoia, 1.051 a Massa (1 in pi\u00f9), 1.351 a Lucca, 928 a Pisa, 477 a Livorno (1 in pi\u00f9), 676 ad Arezzo (3 in pi\u00f9), 427 a Siena, 396 a Grosseto. Sono 471 i casi positivi notificati in Toscana, ma residenti in altre regioni. 0 in pi\u00f9 quindi i casi riscontrati oggi nell\u2019Asl centro, 2 nella nord ovest, 3 nella sud est.<\/p>\n<p><strong>La Toscana si conferma al 10\u00b0 posto in Italia come numerosit\u00e0 di casi<\/strong> (comprensivi di residenti e non residenti), con circa 275 casi per 100.000 abitanti (media italiana circa 399 x 100.000, dato di ieri). Le province di notifica con il tasso pi\u00f9 alto sono Massa Carrara con 539 casi x 100.000 abitanti, Lucca con 348, Firenze con 315, la pi\u00f9 bassa Livorno con 142.<\/p>\n<p>Complessivamente,<strong>&nbsp;301 persone sono in isolamento a casa<\/strong>, poich\u00e9 presentano&nbsp;<strong>sintomi lievi che non richiedono cure ospedaliere, o risultano prive di sintomi<\/strong>&nbsp; (pi\u00f9 3 rispetto a ieri, pi\u00f9 1%). Sono&nbsp;<strong>2.175&nbsp;<\/strong>(meno 100 rispetto a ieri, meno 4,4%) le persone, anch\u2019esse<strong>&nbsp;isolate, in sorveglianza attiva perch\u00e9 hanno avuto contatti con persone contagiate<\/strong>&nbsp;(Asl centro 664, nord ovest 1.432, sud sst 79).<\/p>\n<p>Sono&nbsp;<strong>2 in pi\u00f9 (pi\u00f9 10%) le persone ricoverate nei posti letto dedicati ai pazienti Covid&nbsp;<\/strong>che oggi sono&nbsp;<strong>complessivamente 22<\/strong>, di cui&nbsp;<strong>6 in terapia intensiva<\/strong>&nbsp;(stabili rispetto a ieri).<\/p>\n<p>Le persone&nbsp;<strong>complessivamente guarite rimangono 8.817<\/strong>&nbsp;(stabili rispetto a ieri):&nbsp;<strong>283 persone \u201cclinicamente guarite\u201d&nbsp;<\/strong>(meno 12 rispetto a ieri, meno 4,1%), divenute cio\u00e8 asintomatiche dopo aver presentato manifestazioni cliniche associate all\u2019infezione e&nbsp;<strong>8.534&nbsp;<\/strong>(pi\u00f9 12 rispetto a ieri, pi\u00f9 0,1%)&nbsp;<strong>dichiarate guarite a tutti gli effetti, le cosiddette guarigioni virali<\/strong>, con doppio tampone negativo.<\/p>\n<p><strong>Oggi non si registrano nuovi decessi.&nbsp;<\/strong>Restano quindi&nbsp;<strong>1.103 i deceduti dall\u2019inizio dell\u2019epidemia<\/strong>&nbsp;cosi ripartiti: 405 a Firenze, 51 a Prato, 81 a Pistoia, 164 a Massa Carrara, 141 a Lucca, 89 a Pisa, 61 a Livorno, 46 ad Arezzo, 33 a Siena, 24 a Grosseto, 8 persone sono decedute sul suolo toscano ma erano residenti fuori regione.<\/p>\n<p>Il tasso grezzo di mortalit\u00e0 toscano (numero di deceduti\/popolazione residente) per Covid-19 \u00e8 di 29,6 x 100.000 residenti contro il 58,5 x 100.000 della media italiana (11\u00b0 regione). Per quanto riguarda le province, il tasso di mortalit\u00e0 pi\u00f9 alto si riscontra a Massa Carrara (84,2 x 100.000), Firenze (40,0 x 100.000) e Lucca (36,4 x 100.000), il pi\u00f9 basso a Grosseto (10,8 x 100.000).<\/p>\n<\/div>\n<\/div>\n<\/div>\n<\/div>\n","protected":false},"excerpt":{"rendered":"<p>I&nbsp;guariti&nbsp;sono ormai 8.817&nbsp;(l\u201986,1% dei casi totali dall&#8217;inizio dell&#8217;epidemia), mentre&nbsp;gli attualmente positivi sono 323<\/p>\n","protected":false},"author":525,"featured_media":145702,"comment_status":"open","ping_status":"open","sticky":false,"template":"","format":"standard","meta":{"_acf_changed":false,"footnotes":""},"categories":[18],"tags":[],"class_list":["post-145206","post","type-post","status-publish","format-standard","has-post-thumbnail","hentry","category-salute"],"acf":[],"yoast_head":"<!-- This site is optimized with the Yoast SEO Premium plugin v24.2 (Yoast SEO v25.6) - https:\/\/yoast.com\/wordpress\/plugins\/seo\/ -->\n<title>Coronavirus: 5 nuovi casi e anche oggi zero decessi in Toscana - intoscana<\/title>\n<meta name=\"robots\" content=\"index, follow, max-snippet:-1, max-image-preview:large, max-video-preview:-1\" \/>\n<link rel=\"canonical\" href=\"https:\/\/www.intoscana.it\/it\/coronavirus-28-giugno\/\" \/>\n<meta property=\"og:locale\" content=\"it_IT\" \/>\n<meta property=\"og:type\" content=\"article\" \/>\n<meta property=\"og:title\" content=\"Coronavirus: 5 nuovi casi e anche oggi zero decessi in Toscana\" \/>\n<meta property=\"og:description\" content=\"I&nbsp;guariti&nbsp;sono ormai 8.817&nbsp;(l\u201986,1% dei casi totali dall&#039;inizio dell&#039;epidemia), mentre&nbsp;gli attualmente positivi sono 323\" \/>\n<meta property=\"og:url\" content=\"https:\/\/www.intoscana.it\/it\/coronavirus-28-giugno\/\" \/>\n<meta property=\"og:site_name\" content=\"intoscana\" \/>\n<meta property=\"article:publisher\" content=\"https:\/\/www.facebook.com\/intoscana.it\" \/>\n<meta property=\"article:published_time\" content=\"2020-06-28T12:17:12+00:00\" \/>\n<meta property=\"article:modified_time\" content=\"2020-08-10T07:31:58+00:00\" \/>\n<meta property=\"og:image\" content=\"https:\/\/www.intoscana.it\/wp-content\/uploads\/shutterstock_1733332589-2.jpg\" \/>\n\t<meta property=\"og:image:width\" content=\"2000\" \/>\n\t<meta property=\"og:image:height\" content=\"1335\" \/>\n\t<meta property=\"og:image:type\" content=\"image\/jpeg\" \/>\n<meta name=\"author\" content=\"Redazione\" \/>\n<meta name=\"twitter:card\" content=\"summary_large_image\" \/>\n<meta name=\"twitter:creator\" content=\"@intoscana\" \/>\n<meta name=\"twitter:site\" content=\"@intoscana\" \/>\n<meta name=\"twitter:label1\" content=\"Written by\" \/>\n\t<meta name=\"twitter:data1\" content=\"Redazione\" \/>\n\t<meta name=\"twitter:label2\" content=\"Est. reading time\" \/>\n\t<meta name=\"twitter:data2\" content=\"3 minuti\" \/>\n<script type=\"application\/ld+json\" class=\"yoast-schema-graph\">{\"@context\":\"https:\/\/schema.org\",\"@graph\":[{\"@type\":\"WebPage\",\"@id\":\"https:\/\/www.intoscana.it\/it\/coronavirus-28-giugno\/\",\"url\":\"https:\/\/www.intoscana.it\/it\/coronavirus-28-giugno\/\",\"name\":\"Coronavirus: 5 nuovi casi e anche oggi zero decessi in Toscana - intoscana\",\"isPartOf\":{\"@id\":\"https:\/\/www.intoscana.it\/it\/#website\"},\"primaryImageOfPage\":{\"@id\":\"https:\/\/www.intoscana.it\/it\/coronavirus-28-giugno\/#primaryimage\"},\"image\":{\"@id\":\"https:\/\/www.intoscana.it\/it\/coronavirus-28-giugno\/#primaryimage\"},\"thumbnailUrl\":\"https:\/\/www.intoscana.it\/wp-content\/uploads\/shutterstock_1733332589-2.jpg\",\"datePublished\":\"2020-06-28T12:17:12+00:00\",\"dateModified\":\"2020-08-10T07:31:58+00:00\",\"author\":{\"@id\":\"https:\/\/www.intoscana.it\/it\/#\/schema\/person\/9223810753230f20bd670fdd322661f8\"},\"breadcrumb\":{\"@id\":\"https:\/\/www.intoscana.it\/it\/coronavirus-28-giugno\/#breadcrumb\"},\"inLanguage\":\"it-IT\",\"potentialAction\":[{\"@type\":\"ReadAction\",\"target\":[\"https:\/\/www.intoscana.it\/it\/coronavirus-28-giugno\/\"]}]},{\"@type\":\"ImageObject\",\"inLanguage\":\"it-IT\",\"@id\":\"https:\/\/www.intoscana.it\/it\/coronavirus-28-giugno\/#primaryimage\",\"url\":\"https:\/\/www.intoscana.it\/wp-content\/uploads\/shutterstock_1733332589-2.jpg\",\"contentUrl\":\"https:\/\/www.intoscana.it\/wp-content\/uploads\/shutterstock_1733332589-2.jpg\",\"width\":2000,\"height\":1335},{\"@type\":\"BreadcrumbList\",\"@id\":\"https:\/\/www.intoscana.it\/it\/coronavirus-28-giugno\/#breadcrumb\",\"itemListElement\":[{\"@type\":\"ListItem\",\"position\":1,\"name\":\"Home\",\"item\":\"https:\/\/www.intoscana.it\/it\/\"},{\"@type\":\"ListItem\",\"position\":2,\"name\":\"Coronavirus: 5 nuovi casi e anche oggi zero decessi in Toscana\"}]},{\"@type\":\"WebSite\",\"@id\":\"https:\/\/www.intoscana.it\/it\/#website\",\"url\":\"https:\/\/www.intoscana.it\/it\/\",\"name\":\"intoscana\",\"description\":\"\",\"potentialAction\":[{\"@type\":\"SearchAction\",\"target\":{\"@type\":\"EntryPoint\",\"urlTemplate\":\"https:\/\/www.intoscana.it\/it\/?s={search_term_string}\"},\"query-input\":{\"@type\":\"PropertyValueSpecification\",\"valueRequired\":true,\"valueName\":\"search_term_string\"}}],\"inLanguage\":\"it-IT\"},{\"@type\":\"Person\",\"@id\":\"https:\/\/www.intoscana.it\/it\/#\/schema\/person\/9223810753230f20bd670fdd322661f8\",\"name\":\"Redazione\",\"url\":\"https:\/\/www.intoscana.it\/it\/author\/redazione\/\"}]}<\/script>\n<!-- \/ Yoast SEO Premium plugin. -->","yoast_head_json":{"title":"Coronavirus: 5 nuovi casi e anche oggi zero decessi in Toscana - intoscana","robots":{"index":"index","follow":"follow","max-snippet":"max-snippet:-1","max-image-preview":"max-image-preview:large","max-video-preview":"max-video-preview:-1"},"canonical":"https:\/\/www.intoscana.it\/it\/coronavirus-28-giugno\/","og_locale":"it_IT","og_type":"article","og_title":"Coronavirus: 5 nuovi casi e anche oggi zero decessi in Toscana","og_description":"I&nbsp;guariti&nbsp;sono ormai 8.817&nbsp;(l\u201986,1% dei casi totali dall'inizio dell'epidemia), mentre&nbsp;gli attualmente positivi sono 323","og_url":"https:\/\/www.intoscana.it\/it\/coronavirus-28-giugno\/","og_site_name":"intoscana","article_publisher":"https:\/\/www.facebook.com\/intoscana.it","article_published_time":"2020-06-28T12:17:12+00:00","article_modified_time":"2020-08-10T07:31:58+00:00","og_image":[{"width":2000,"height":1335,"url":"https:\/\/www.intoscana.it\/wp-content\/uploads\/shutterstock_1733332589-2.jpg","type":"image\/jpeg"}],"author":"Redazione","twitter_card":"summary_large_image","twitter_creator":"@intoscana","twitter_site":"@intoscana","twitter_misc":{"Written by":"Redazione","Est. reading time":"3 minuti"},"schema":{"@context":"https:\/\/schema.org","@graph":[{"@type":"WebPage","@id":"https:\/\/www.intoscana.it\/it\/coronavirus-28-giugno\/","url":"https:\/\/www.intoscana.it\/it\/coronavirus-28-giugno\/","name":"Coronavirus: 5 nuovi casi e anche oggi zero decessi in Toscana - intoscana","isPartOf":{"@id":"https:\/\/www.intoscana.it\/it\/#website"},"primaryImageOfPage":{"@id":"https:\/\/www.intoscana.it\/it\/coronavirus-28-giugno\/#primaryimage"},"image":{"@id":"https:\/\/www.intoscana.it\/it\/coronavirus-28-giugno\/#primaryimage"},"thumbnailUrl":"https:\/\/www.intoscana.it\/wp-content\/uploads\/shutterstock_1733332589-2.jpg","datePublished":"2020-06-28T12:17:12+00:00","dateModified":"2020-08-10T07:31:58+00:00","author":{"@id":"https:\/\/www.intoscana.it\/it\/#\/schema\/person\/9223810753230f20bd670fdd322661f8"},"breadcrumb":{"@id":"https:\/\/www.intoscana.it\/it\/coronavirus-28-giugno\/#breadcrumb"},"inLanguage":"it-IT","potentialAction":[{"@type":"ReadAction","target":["https:\/\/www.intoscana.it\/it\/coronavirus-28-giugno\/"]}]},{"@type":"ImageObject","inLanguage":"it-IT","@id":"https:\/\/www.intoscana.it\/it\/coronavirus-28-giugno\/#primaryimage","url":"https:\/\/www.intoscana.it\/wp-content\/uploads\/shutterstock_1733332589-2.jpg","contentUrl":"https:\/\/www.intoscana.it\/wp-content\/uploads\/shutterstock_1733332589-2.jpg","width":2000,"height":1335},{"@type":"BreadcrumbList","@id":"https:\/\/www.intoscana.it\/it\/coronavirus-28-giugno\/#breadcrumb","itemListElement":[{"@type":"ListItem","position":1,"name":"Home","item":"https:\/\/www.intoscana.it\/it\/"},{"@type":"ListItem","position":2,"name":"Coronavirus: 5 nuovi casi e anche oggi zero decessi in Toscana"}]},{"@type":"WebSite","@id":"https:\/\/www.intoscana.it\/it\/#website","url":"https:\/\/www.intoscana.it\/it\/","name":"intoscana","description":"","potentialAction":[{"@type":"SearchAction","target":{"@type":"EntryPoint","urlTemplate":"https:\/\/www.intoscana.it\/it\/?s={search_term_string}"},"query-input":{"@type":"PropertyValueSpecification","valueRequired":true,"valueName":"search_term_string"}}],"inLanguage":"it-IT"},{"@type":"Person","@id":"https:\/\/www.intoscana.it\/it\/#\/schema\/person\/9223810753230f20bd670fdd322661f8","name":"Redazione","url":"https:\/\/www.intoscana.it\/it\/author\/redazione\/"}]}},"_links":{"self":[{"href":"https:\/\/www.intoscana.it\/it\/wp-json\/wp\/v2\/posts\/145206","targetHints":{"allow":["GET"]}}],"collection":[{"href":"https:\/\/www.intoscana.it\/it\/wp-json\/wp\/v2\/posts"}],"about":[{"href":"https:\/\/www.intoscana.it\/it\/wp-json\/wp\/v2\/types\/post"}],"author":[{"embeddable":true,"href":"https:\/\/www.intoscana.it\/it\/wp-json\/wp\/v2\/users\/525"}],"replies":[{"embeddable":true,"href":"https:\/\/www.intoscana.it\/it\/wp-json\/wp\/v2\/comments?post=145206"}],"version-history":[{"count":0,"href":"https:\/\/www.intoscana.it\/it\/wp-json\/wp\/v2\/posts\/145206\/revisions"}],"wp:featuredmedia":[{"embeddable":true,"href":"https:\/\/www.intoscana.it\/it\/wp-json\/wp\/v2\/media\/145702"}],"wp:attachment":[{"href":"https:\/\/www.intoscana.it\/it\/wp-json\/wp\/v2\/media?parent=145206"}],"wp:term":[{"taxonomy":"category","embeddable":true,"href":"https:\/\/www.intoscana.it\/it\/wp-json\/wp\/v2\/categories?post=145206"},{"taxonomy":"post_tag","embeddable":true,"href":"https:\/\/www.intoscana.it\/it\/wp-json\/wp\/v2\/tags?post=145206"}],"curies":[{"name":"wp","href":"https:\/\/api.w.org\/{rel}","templated":true}]}}