{"id":145213,"date":"2020-06-22T11:45:22","date_gmt":"2020-06-22T09:45:22","guid":{"rendered":"https:\/\/www.intoscana.it\/grazie-a-file-arriva-te-le-il-numero-verde-per-malati-gravi\/"},"modified":"2020-08-10T09:32:05","modified_gmt":"2020-08-10T07:32:05","slug":"te-le-malati-gravi","status":"publish","type":"post","link":"https:\/\/www.intoscana.it\/it\/te-le-malati-gravi\/","title":{"rendered":"Grazie a File arriva &#8216;Te.Le&#8217; il numero verde per malati gravi"},"content":{"rendered":"<p><strong>Arriva a Firenze \u201cTe.Le\u201d<\/strong> (Telefono per la Leniterapia) <strong>il nuovo numero verde 800 800 552 promosso da File<\/strong> (Fondazione italiana di Leniterapia) e dedicato ad aiutare <strong>quelle famiglie che stanno affrontando una situazione di malattia cronico-inguaribile in fase avanzata.<\/strong> Il centralino nasce come <strong>progetto sperimentale per i residenti nel Comune di Firenze<\/strong> con l\u2019obiettivo di <strong>facilitare l\u2019accesso alla Rete di Cure Palliative<\/strong>, ma anche per fornire<strong> un ascolto alle esigenze delle famiglie o dei caregiver.<\/strong> Sar\u00e0 attivo <strong>sei giorni su sette: da luned\u00ec a venerd\u00ec con orario 9-15 e il sabato con orario 9-12<\/strong>. Obiettivo del numero verde \u00e8 aiutare queste persone ad accedere al percorso di cura pi\u00f9 appropriato, anche quando la malattia non \u00e8 in fase terminale. Un numero dedicato non solo al fine vita, ma anche a promuovere la presa in carico precoce di coloro che, insieme alle terapie, avrebbero bisogno di una valutazione ed un atteggiamento palliativo.<\/p>\n<p><strong>Il centralino informer\u00e0 il cittadino su come attivare i vari servizi di assistenza<\/strong> a seconda delle situazioni e vuole rappresentare<strong> un \u201cponte\u201d tra il malato cronico in fase avanzata, i medici di medicina generale e i servizi sanitari<\/strong> che File offre sul territorio anche in stretta collaborazione con la Usl Toscana Centro. Alla speciale linea telefonica rispondono operatrici volontarie formate in Cure Palliative e alla relazione con le persone in difficolt\u00e0, le quali forniscono non solo un supporto diretto e immediato, ma anche informazioni sui servizi di assistenza sul territorio e indicazioni su come attivarli: sono loro a dare le prime indicazioni, ad ascoltare e ad accogliere le richieste. <strong>Lo staff delle operatrici telefoniche \u00e8 composto da 10 volontarie affiancate da una psicologa.<\/strong><\/p>\n<p>Un servizio <strong>ancora pi\u00f9 prezioso all\u2019indomani della pandemia Coronavirus, dove le Cure Palliative sono state purtroppo relegate ai margini dell\u2019attenzione<\/strong> e spesso messe in secondo piano e dove la voce del paziente non ha trovato la giusta considerazione a causa dell\u2019emergenza in corso.<\/p>\n<p>\u201cGrazie al contatto personale ed immediato di questi operatori \u2013 ha detto <strong>Donatella Carmi, presidente di File<\/strong> &#8211; con questo centralino ci proponiamo di andare a <strong>colmare un vuoto informativo importante, che vede spesso malati e famiglie lasciati a loro stessi.<\/strong> A fronte dell\u2019aumento dell\u2019incidenza e della mortalit\u00e0 provocate dal cancro e da altre malattie evolutive e irreversibili nonch\u00e9 dall\u2019et\u00e0 avanzata, l\u2019accesso alle Cure Palliative rappresenta \u2013 e rappresenter\u00e0 sempre di pi\u00f9, in futuro &#8211; uno dei bisogni sanitari prioritari. Purtroppo ad oggi troppe persone malate e le loro famiglie vivono nella solitudine della inguaribilit\u00e0. Questo perch\u00e9, da un lato, le Cure Palliative non sono ancora abbastanza conosciute e, dall\u2019altro, perch\u00e9 molte realt\u00e0 sanitarie sono troppo poco strutturate, mancano di un\u2019efficace programmazione e di un\u2019adeguata organizzazione dei servizi. <strong>Obiettivo del numero verde 800 800 552 \u00e8 facilitare e velocizzare l\u2019accesso ai servizi di Cure Palliative<\/strong>, realizzare un percorso omogeneo e condiviso tra i vari referenti sanitari territoriali e ridurre, quando possibile, i numerosi accessi inappropriati al pronto soccorso e gli eventuali conseguenti ricoveri\u201d.<\/p>\n","protected":false},"excerpt":{"rendered":"<p>Un centralino dedicato alle persone che affrontano malattie inguaribili in fase avanzata per indirizzarle alle cure palliative<\/p>\n","protected":false},"author":525,"featured_media":145709,"comment_status":"open","ping_status":"open","sticky":false,"template":"","format":"standard","meta":{"_acf_changed":false,"footnotes":""},"categories":[18],"tags":[],"class_list":["post-145213","post","type-post","status-publish","format-standard","has-post-thumbnail","hentry","category-salute"],"acf":[],"yoast_head":"<!-- This site is optimized with the Yoast SEO Premium plugin v24.2 (Yoast SEO v25.6) - https:\/\/yoast.com\/wordpress\/plugins\/seo\/ -->\n<title>Grazie a File arriva &#039;Te.Le&#039; il numero verde per malati gravi - intoscana<\/title>\n<meta name=\"description\" content=\"Arriva Te.Le il numero verde di File per malati gravi, promosso da File dedicato alle persone che affrontano malattie inguaribili e incurabili in fase avanzata\" \/>\n<meta name=\"robots\" content=\"index, follow, max-snippet:-1, max-image-preview:large, max-video-preview:-1\" \/>\n<link rel=\"canonical\" href=\"https:\/\/www.intoscana.it\/it\/te-le-malati-gravi\/\" \/>\n<meta property=\"og:locale\" content=\"it_IT\" \/>\n<meta property=\"og:type\" content=\"article\" \/>\n<meta property=\"og:title\" content=\"Grazie a File arriva &#039;Te.Le&#039; il numero verde per malati gravi\" \/>\n<meta property=\"og:description\" content=\"Arriva Te.Le il numero verde di File per malati gravi, promosso da File dedicato alle persone che affrontano malattie inguaribili e incurabili in fase avanzata\" \/>\n<meta property=\"og:url\" content=\"https:\/\/www.intoscana.it\/it\/te-le-malati-gravi\/\" \/>\n<meta property=\"og:site_name\" content=\"intoscana\" \/>\n<meta property=\"article:publisher\" content=\"https:\/\/www.facebook.com\/intoscana.it\" \/>\n<meta property=\"article:published_time\" content=\"2020-06-22T09:45:22+00:00\" \/>\n<meta property=\"article:modified_time\" content=\"2020-08-10T07:32:05+00:00\" \/>\n<meta property=\"og:image\" content=\"https:\/\/www.intoscana.it\/wp-content\/uploads\/foto-centralino.jpg\" \/>\n\t<meta property=\"og:image:width\" content=\"1920\" \/>\n\t<meta property=\"og:image:height\" content=\"1080\" \/>\n\t<meta property=\"og:image:type\" content=\"image\/jpeg\" \/>\n<meta name=\"author\" content=\"Redazione\" \/>\n<meta name=\"twitter:card\" content=\"summary_large_image\" \/>\n<meta name=\"twitter:creator\" content=\"@intoscana\" \/>\n<meta name=\"twitter:site\" content=\"@intoscana\" \/>\n<meta name=\"twitter:label1\" content=\"Written by\" \/>\n\t<meta name=\"twitter:data1\" content=\"Redazione\" \/>\n\t<meta name=\"twitter:label2\" content=\"Est. reading time\" \/>\n\t<meta name=\"twitter:data2\" content=\"2 minuti\" \/>\n<script type=\"application\/ld+json\" class=\"yoast-schema-graph\">{\"@context\":\"https:\/\/schema.org\",\"@graph\":[{\"@type\":\"WebPage\",\"@id\":\"https:\/\/www.intoscana.it\/it\/te-le-malati-gravi\/\",\"url\":\"https:\/\/www.intoscana.it\/it\/te-le-malati-gravi\/\",\"name\":\"Grazie a File arriva 'Te.Le' il numero verde per malati gravi - intoscana\",\"isPartOf\":{\"@id\":\"https:\/\/www.intoscana.it\/it\/#website\"},\"primaryImageOfPage\":{\"@id\":\"https:\/\/www.intoscana.it\/it\/te-le-malati-gravi\/#primaryimage\"},\"image\":{\"@id\":\"https:\/\/www.intoscana.it\/it\/te-le-malati-gravi\/#primaryimage\"},\"thumbnailUrl\":\"https:\/\/www.intoscana.it\/wp-content\/uploads\/foto-centralino.jpg\",\"datePublished\":\"2020-06-22T09:45:22+00:00\",\"dateModified\":\"2020-08-10T07:32:05+00:00\",\"author\":{\"@id\":\"https:\/\/www.intoscana.it\/it\/#\/schema\/person\/9223810753230f20bd670fdd322661f8\"},\"description\":\"Arriva Te.Le il numero verde di File per malati gravi, promosso da File dedicato alle persone che affrontano malattie inguaribili e incurabili in fase avanzata\",\"breadcrumb\":{\"@id\":\"https:\/\/www.intoscana.it\/it\/te-le-malati-gravi\/#breadcrumb\"},\"inLanguage\":\"it-IT\",\"potentialAction\":[{\"@type\":\"ReadAction\",\"target\":[\"https:\/\/www.intoscana.it\/it\/te-le-malati-gravi\/\"]}]},{\"@type\":\"ImageObject\",\"inLanguage\":\"it-IT\",\"@id\":\"https:\/\/www.intoscana.it\/it\/te-le-malati-gravi\/#primaryimage\",\"url\":\"https:\/\/www.intoscana.it\/wp-content\/uploads\/foto-centralino.jpg\",\"contentUrl\":\"https:\/\/www.intoscana.it\/wp-content\/uploads\/foto-centralino.jpg\",\"width\":1920,\"height\":1080,\"caption\":\"A Firenze arriva 'Te.Le' un numero verde per malati gravi\"},{\"@type\":\"BreadcrumbList\",\"@id\":\"https:\/\/www.intoscana.it\/it\/te-le-malati-gravi\/#breadcrumb\",\"itemListElement\":[{\"@type\":\"ListItem\",\"position\":1,\"name\":\"Home\",\"item\":\"https:\/\/www.intoscana.it\/it\/\"},{\"@type\":\"ListItem\",\"position\":2,\"name\":\"Grazie a File arriva &#8216;Te.Le&#8217; il numero verde per malati gravi\"}]},{\"@type\":\"WebSite\",\"@id\":\"https:\/\/www.intoscana.it\/it\/#website\",\"url\":\"https:\/\/www.intoscana.it\/it\/\",\"name\":\"intoscana\",\"description\":\"\",\"potentialAction\":[{\"@type\":\"SearchAction\",\"target\":{\"@type\":\"EntryPoint\",\"urlTemplate\":\"https:\/\/www.intoscana.it\/it\/?s={search_term_string}\"},\"query-input\":{\"@type\":\"PropertyValueSpecification\",\"valueRequired\":true,\"valueName\":\"search_term_string\"}}],\"inLanguage\":\"it-IT\"},{\"@type\":\"Person\",\"@id\":\"https:\/\/www.intoscana.it\/it\/#\/schema\/person\/9223810753230f20bd670fdd322661f8\",\"name\":\"Redazione\",\"url\":\"https:\/\/www.intoscana.it\/it\/author\/redazione\/\"}]}<\/script>\n<!-- \/ Yoast SEO Premium plugin. -->","yoast_head_json":{"title":"Grazie a File arriva 'Te.Le' il numero verde per malati gravi - intoscana","description":"Arriva Te.Le il numero verde di File per malati gravi, promosso da File dedicato alle persone che affrontano malattie inguaribili e incurabili in fase avanzata","robots":{"index":"index","follow":"follow","max-snippet":"max-snippet:-1","max-image-preview":"max-image-preview:large","max-video-preview":"max-video-preview:-1"},"canonical":"https:\/\/www.intoscana.it\/it\/te-le-malati-gravi\/","og_locale":"it_IT","og_type":"article","og_title":"Grazie a File arriva 'Te.Le' il numero verde per malati gravi","og_description":"Arriva Te.Le il numero verde di File per malati gravi, promosso da File dedicato alle persone che affrontano malattie inguaribili e incurabili in fase avanzata","og_url":"https:\/\/www.intoscana.it\/it\/te-le-malati-gravi\/","og_site_name":"intoscana","article_publisher":"https:\/\/www.facebook.com\/intoscana.it","article_published_time":"2020-06-22T09:45:22+00:00","article_modified_time":"2020-08-10T07:32:05+00:00","og_image":[{"width":1920,"height":1080,"url":"https:\/\/www.intoscana.it\/wp-content\/uploads\/foto-centralino.jpg","type":"image\/jpeg"}],"author":"Redazione","twitter_card":"summary_large_image","twitter_creator":"@intoscana","twitter_site":"@intoscana","twitter_misc":{"Written by":"Redazione","Est. reading time":"2 minuti"},"schema":{"@context":"https:\/\/schema.org","@graph":[{"@type":"WebPage","@id":"https:\/\/www.intoscana.it\/it\/te-le-malati-gravi\/","url":"https:\/\/www.intoscana.it\/it\/te-le-malati-gravi\/","name":"Grazie a File arriva 'Te.Le' il numero verde per malati gravi - intoscana","isPartOf":{"@id":"https:\/\/www.intoscana.it\/it\/#website"},"primaryImageOfPage":{"@id":"https:\/\/www.intoscana.it\/it\/te-le-malati-gravi\/#primaryimage"},"image":{"@id":"https:\/\/www.intoscana.it\/it\/te-le-malati-gravi\/#primaryimage"},"thumbnailUrl":"https:\/\/www.intoscana.it\/wp-content\/uploads\/foto-centralino.jpg","datePublished":"2020-06-22T09:45:22+00:00","dateModified":"2020-08-10T07:32:05+00:00","author":{"@id":"https:\/\/www.intoscana.it\/it\/#\/schema\/person\/9223810753230f20bd670fdd322661f8"},"description":"Arriva Te.Le il numero verde di File per malati gravi, promosso da File dedicato alle persone che affrontano malattie inguaribili e incurabili in fase avanzata","breadcrumb":{"@id":"https:\/\/www.intoscana.it\/it\/te-le-malati-gravi\/#breadcrumb"},"inLanguage":"it-IT","potentialAction":[{"@type":"ReadAction","target":["https:\/\/www.intoscana.it\/it\/te-le-malati-gravi\/"]}]},{"@type":"ImageObject","inLanguage":"it-IT","@id":"https:\/\/www.intoscana.it\/it\/te-le-malati-gravi\/#primaryimage","url":"https:\/\/www.intoscana.it\/wp-content\/uploads\/foto-centralino.jpg","contentUrl":"https:\/\/www.intoscana.it\/wp-content\/uploads\/foto-centralino.jpg","width":1920,"height":1080,"caption":"A Firenze arriva 'Te.Le' un numero verde per malati gravi"},{"@type":"BreadcrumbList","@id":"https:\/\/www.intoscana.it\/it\/te-le-malati-gravi\/#breadcrumb","itemListElement":[{"@type":"ListItem","position":1,"name":"Home","item":"https:\/\/www.intoscana.it\/it\/"},{"@type":"ListItem","position":2,"name":"Grazie a File arriva &#8216;Te.Le&#8217; il numero verde per malati gravi"}]},{"@type":"WebSite","@id":"https:\/\/www.intoscana.it\/it\/#website","url":"https:\/\/www.intoscana.it\/it\/","name":"intoscana","description":"","potentialAction":[{"@type":"SearchAction","target":{"@type":"EntryPoint","urlTemplate":"https:\/\/www.intoscana.it\/it\/?s={search_term_string}"},"query-input":{"@type":"PropertyValueSpecification","valueRequired":true,"valueName":"search_term_string"}}],"inLanguage":"it-IT"},{"@type":"Person","@id":"https:\/\/www.intoscana.it\/it\/#\/schema\/person\/9223810753230f20bd670fdd322661f8","name":"Redazione","url":"https:\/\/www.intoscana.it\/it\/author\/redazione\/"}]}},"_links":{"self":[{"href":"https:\/\/www.intoscana.it\/it\/wp-json\/wp\/v2\/posts\/145213","targetHints":{"allow":["GET"]}}],"collection":[{"href":"https:\/\/www.intoscana.it\/it\/wp-json\/wp\/v2\/posts"}],"about":[{"href":"https:\/\/www.intoscana.it\/it\/wp-json\/wp\/v2\/types\/post"}],"author":[{"embeddable":true,"href":"https:\/\/www.intoscana.it\/it\/wp-json\/wp\/v2\/users\/525"}],"replies":[{"embeddable":true,"href":"https:\/\/www.intoscana.it\/it\/wp-json\/wp\/v2\/comments?post=145213"}],"version-history":[{"count":0,"href":"https:\/\/www.intoscana.it\/it\/wp-json\/wp\/v2\/posts\/145213\/revisions"}],"wp:featuredmedia":[{"embeddable":true,"href":"https:\/\/www.intoscana.it\/it\/wp-json\/wp\/v2\/media\/145709"}],"wp:attachment":[{"href":"https:\/\/www.intoscana.it\/it\/wp-json\/wp\/v2\/media?parent=145213"}],"wp:term":[{"taxonomy":"category","embeddable":true,"href":"https:\/\/www.intoscana.it\/it\/wp-json\/wp\/v2\/categories?post=145213"},{"taxonomy":"post_tag","embeddable":true,"href":"https:\/\/www.intoscana.it\/it\/wp-json\/wp\/v2\/tags?post=145213"}],"curies":[{"name":"wp","href":"https:\/\/api.w.org\/{rel}","templated":true}]}}