{"id":145214,"date":"2020-06-19T16:18:09","date_gmt":"2020-06-19T14:18:09","guid":{"rendered":"https:\/\/www.intoscana.it\/coronavirus-in-toscana-10-nuovi-casi-2-decessi-e-23-guarigioni\/"},"modified":"2020-08-10T09:32:05","modified_gmt":"2020-08-10T07:32:05","slug":"coronavirus-19-giugno","status":"publish","type":"post","link":"https:\/\/www.intoscana.it\/it\/coronavirus-19-giugno\/","title":{"rendered":"Coronavirus in Toscana: 10 nuovi casi, 2 decessi e 23 guarigioni"},"content":{"rendered":"<div class=\"row\">\n<div id=\"column-1\" class=\"col-md-12 portlet-column portlet-column-only\">\n<section class=\"rt-subheader rt-subheader--news\">\n<div class=\"rt-subheader__wrapper\">\n<div class=\"rt-subheader__title-wrapper\"><strong>Sono 10 i nuovi casi di positivit\u00e0 al Coronavirus in Toscana oggi,<\/strong> lo 0,10% in pi\u00f9 rispetto al giorno precedente, per un totale di 10.205 casi di Covid-19 dall&#8217;inizio dell&#8217;epidemia.&nbsp;I guariti crescono dello 0,3% e raggiungono quota 8.687 (l\u201985,1% dei casi totali). I&nbsp;<strong>tamponi eseguiti<\/strong>&nbsp;hanno raggiunto quota&nbsp;<strong>306.489<\/strong>, 2.703 in pi\u00f9 rispetto a ieri, quelli analizzati oggi sono 2.699. Gli attualmente positivi sono oggi 423, -3,4% rispetto a ieri.&nbsp;<strong>Si registrano 2 nuovi decessi: 2 uomini con un\u2019et\u00e0 media di 82 anni<\/strong>.<\/div>\n<\/div>\n<\/section>\n<\/div>\n<\/div>\n<div class=\"row has-sidebar\">\n<div id=\"column-2\" class=\"col-md-12 col-lg-9 portlet-column portlet-column-first\">\n<div class=\"rt-page__content rt-page-content--left\">\n<div class=\"rt-page__content-text\">\n<p>Questi i dati &#8211; accertati alle ore 12 di oggi sulla base delle richieste della Protezione Civile Nazionale &#8211; relativi all\u2019andamento dell\u2019epidemia in regione.<\/p>\n<p><strong>Di seguito i casi di positivit\u00e0 sul territorio<\/strong>&nbsp;con la variazione rispetto a ieri, ricordando che si riferiscono non alla provincia di residenza, ma a quella in cui \u00e8 stata fatta la diagnosi. Sono 3.516 i casi complessivi ad oggi a Firenze (2 in pi\u00f9 rispetto a ieri), 571 a Prato (2 in pi\u00f9), 680 a Pistoia, 1.052 a Massa Carrara, 1.369 a Lucca (2 in pi\u00f9), 899 a Pisa (2 in pi\u00f9), 559 a Livorno, 688 ad Arezzo (2 in pi\u00f9), 441 a Siena, 430 a Grosseto. Sono 4 in pi\u00f9, quindi, i casi riscontrati oggi nell\u2019Asl Centro, 4 nella Nord Ovest, 2 nella Sud est.<\/p>\n<p><strong>La Toscana si conferma al 10\u00b0 posto in Italia come numerosit\u00e0 di casi,<\/strong> con circa 274 casi per 100.000 abitanti (media italiana circa 395 x100.000, dato di ieri). Le province di notifica con il tasso pi\u00f9 alto sono Massa Carrara con 540 casi x100.000 abitanti, Lucca con 353, Firenze con 348, la pi\u00f9 bassa Siena con 165.<\/p>\n<p>Complessivamente,&nbsp;<strong>393 persone sono in isolamento a casa<\/strong>, poich\u00e9 presentano sintomi lievi, che non richiedono cure ospedaliere o risultano prive di sintomi (meno 9 rispetto a ieri, meno 2,2%). Sono&nbsp;<strong>2.975<\/strong>&nbsp;(meno 152 rispetto a ieri, meno 4,9%) le persone, anche loro isolate,&nbsp;<strong>in sorveglianza attiva<\/strong>, perch\u00e9 hanno avuto contatti con persone contagiate (Asl Centro 1.277, Nord Ovest 1.634, Sud Est 64).<\/p>\n<p><img decoding=\"async\" style=\"width: 599px;\" title=\"coronavirus dati 19 giugno\" src=\"https:\/\/www.intoscana.it\/shared\/intoscana\/immagini\/schermata-2020-06-19-alle-16.18.29.png\" alt=\"coronavirus dati 19 giugno\" height=\"1144\" \/><\/p>\n<p><strong>Si riducono ancora le persone ricoverate nei posti letto dedicati ai pazienti Covid<\/strong>, che oggi sono complessivamente 30, 6 in meno di ieri (meno 16,7%), di cui 12 in terapia intensiva (1 in meno rispetto a ieri, meno 7,7%). \u00c8 il punto pi\u00f9 basso dal 9 marzo 2020 per le terapie intensive e dal 5 marzo 2020 per i ricoveri totali.<\/p>\n<p><strong>Le persone complessivamente guarite salgono a 8.687<\/strong> (pi\u00f9 23 rispetto a ieri, pi\u00f9 0,3%): 307 persone \u201cclinicamente guarite\u201d (meno 42 rispetto a ieri, meno 12%), divenute cio\u00e8 asintomatiche dopo aver presentato manifestazioni cliniche associate all\u2019infezione e 8.380 (pi\u00f9 65 rispetto a ieri, pi\u00f9 0,8%) dichiarate guarite a tutti gli effetti, le cosiddette guarigioni virali, con doppio tampone negativo.<\/p>\n<p><strong>Si registrano 2 nuovi decessi: 2 uomini con un\u2019et\u00e0 media di 82 anni.<\/strong> Relativamente alla provincia di notifica, le due persone decedute sono entrambe a Firenze. Sono&nbsp;<strong>1.095 i deceduti dall\u2019inizio dell\u2019epidemia<\/strong>&nbsp;cosi ripartiti: 403 a Firenze, 51 a Prato, 80 a Pistoia, 162 a Massa Carrara, 140 a Lucca, 89 a Pisa, 61 a Livorno, 46 ad Arezzo, 31 a Siena, 24 a Grosseto, 8 persone sono decedute sul suolo toscano ma erano residenti fuori regione.<\/p>\n<p>Il tasso grezzo di mortalit\u00e0 toscano (numero di deceduti\/popolazione residente) per Covid-19 \u00e8 di 29,4 x100.000 residenti contro il 57,2 x100.000 della media italiana (11\u00b0 regione). Per quanto riguarda le province, il tasso di mortalit\u00e0 pi\u00f9 alto si riscontra a Massa Carrara (83,1 x100.000), Firenze (39,8 x100.000) e Lucca (36,1 x100.000), il pi\u00f9 basso a Grosseto (10,8 x100.000).<\/p>\n<\/div>\n<\/div>\n<\/div>\n<\/div>\n","protected":false},"excerpt":{"rendered":"<p>I guariti crescono dello 0,3% e raggiungono quota 8.687 (l\u201985,1% dei casi totali).&nbsp;Si registrano 2 nuovi decessi: 2 uomini con un\u2019et\u00e0 media di 82 anni.<\/p>\n","protected":false},"author":525,"featured_media":145714,"comment_status":"open","ping_status":"open","sticky":false,"template":"","format":"standard","meta":{"_acf_changed":false,"footnotes":""},"categories":[18],"tags":[],"class_list":["post-145214","post","type-post","status-publish","format-standard","has-post-thumbnail","hentry","category-salute"],"acf":[],"yoast_head":"<!-- This site is optimized with the Yoast SEO Premium plugin v24.2 (Yoast SEO v25.6) - https:\/\/yoast.com\/wordpress\/plugins\/seo\/ -->\n<title>Coronavirus in Toscana: 10 nuovi casi, 2 decessi e 23 guarigioni - intoscana<\/title>\n<meta name=\"robots\" content=\"index, follow, max-snippet:-1, max-image-preview:large, max-video-preview:-1\" \/>\n<link rel=\"canonical\" href=\"https:\/\/www.intoscana.it\/it\/coronavirus-19-giugno\/\" \/>\n<meta property=\"og:locale\" content=\"it_IT\" \/>\n<meta property=\"og:type\" content=\"article\" \/>\n<meta property=\"og:title\" content=\"Coronavirus in Toscana: 10 nuovi casi, 2 decessi e 23 guarigioni\" \/>\n<meta property=\"og:description\" content=\"I guariti crescono dello 0,3% e raggiungono quota 8.687 (l\u201985,1% dei casi totali).&nbsp;Si registrano 2 nuovi decessi: 2 uomini con un\u2019et\u00e0 media di 82 anni.\" \/>\n<meta property=\"og:url\" content=\"https:\/\/www.intoscana.it\/it\/coronavirus-19-giugno\/\" \/>\n<meta property=\"og:site_name\" content=\"intoscana\" \/>\n<meta property=\"article:publisher\" content=\"https:\/\/www.facebook.com\/intoscana.it\" \/>\n<meta property=\"article:published_time\" content=\"2020-06-19T14:18:09+00:00\" \/>\n<meta property=\"article:modified_time\" content=\"2020-08-10T07:32:05+00:00\" \/>\n<meta property=\"og:image\" content=\"https:\/\/www.intoscana.it\/wp-content\/uploads\/shutterstock_1681544344-5.jpg\" \/>\n\t<meta property=\"og:image:width\" content=\"2000\" \/>\n\t<meta property=\"og:image:height\" content=\"1335\" \/>\n\t<meta property=\"og:image:type\" content=\"image\/jpeg\" \/>\n<meta name=\"author\" content=\"Redazione\" \/>\n<meta name=\"twitter:card\" content=\"summary_large_image\" \/>\n<meta name=\"twitter:creator\" content=\"@intoscana\" \/>\n<meta name=\"twitter:site\" content=\"@intoscana\" \/>\n<meta name=\"twitter:label1\" content=\"Written by\" \/>\n\t<meta name=\"twitter:data1\" content=\"Redazione\" \/>\n\t<meta name=\"twitter:label2\" content=\"Est. reading time\" \/>\n\t<meta name=\"twitter:data2\" content=\"3 minuti\" \/>\n<script type=\"application\/ld+json\" class=\"yoast-schema-graph\">{\"@context\":\"https:\/\/schema.org\",\"@graph\":[{\"@type\":\"WebPage\",\"@id\":\"https:\/\/www.intoscana.it\/it\/coronavirus-19-giugno\/\",\"url\":\"https:\/\/www.intoscana.it\/it\/coronavirus-19-giugno\/\",\"name\":\"Coronavirus in Toscana: 10 nuovi casi, 2 decessi e 23 guarigioni - intoscana\",\"isPartOf\":{\"@id\":\"https:\/\/www.intoscana.it\/it\/#website\"},\"primaryImageOfPage\":{\"@id\":\"https:\/\/www.intoscana.it\/it\/coronavirus-19-giugno\/#primaryimage\"},\"image\":{\"@id\":\"https:\/\/www.intoscana.it\/it\/coronavirus-19-giugno\/#primaryimage\"},\"thumbnailUrl\":\"https:\/\/www.intoscana.it\/wp-content\/uploads\/shutterstock_1681544344-5.jpg\",\"datePublished\":\"2020-06-19T14:18:09+00:00\",\"dateModified\":\"2020-08-10T07:32:05+00:00\",\"author\":{\"@id\":\"https:\/\/www.intoscana.it\/it\/#\/schema\/person\/9223810753230f20bd670fdd322661f8\"},\"breadcrumb\":{\"@id\":\"https:\/\/www.intoscana.it\/it\/coronavirus-19-giugno\/#breadcrumb\"},\"inLanguage\":\"it-IT\",\"potentialAction\":[{\"@type\":\"ReadAction\",\"target\":[\"https:\/\/www.intoscana.it\/it\/coronavirus-19-giugno\/\"]}]},{\"@type\":\"ImageObject\",\"inLanguage\":\"it-IT\",\"@id\":\"https:\/\/www.intoscana.it\/it\/coronavirus-19-giugno\/#primaryimage\",\"url\":\"https:\/\/www.intoscana.it\/wp-content\/uploads\/shutterstock_1681544344-5.jpg\",\"contentUrl\":\"https:\/\/www.intoscana.it\/wp-content\/uploads\/shutterstock_1681544344-5.jpg\",\"width\":2000,\"height\":1335},{\"@type\":\"BreadcrumbList\",\"@id\":\"https:\/\/www.intoscana.it\/it\/coronavirus-19-giugno\/#breadcrumb\",\"itemListElement\":[{\"@type\":\"ListItem\",\"position\":1,\"name\":\"Home\",\"item\":\"https:\/\/www.intoscana.it\/it\/\"},{\"@type\":\"ListItem\",\"position\":2,\"name\":\"Coronavirus in Toscana: 10 nuovi casi, 2 decessi e 23 guarigioni\"}]},{\"@type\":\"WebSite\",\"@id\":\"https:\/\/www.intoscana.it\/it\/#website\",\"url\":\"https:\/\/www.intoscana.it\/it\/\",\"name\":\"intoscana\",\"description\":\"\",\"potentialAction\":[{\"@type\":\"SearchAction\",\"target\":{\"@type\":\"EntryPoint\",\"urlTemplate\":\"https:\/\/www.intoscana.it\/it\/?s={search_term_string}\"},\"query-input\":{\"@type\":\"PropertyValueSpecification\",\"valueRequired\":true,\"valueName\":\"search_term_string\"}}],\"inLanguage\":\"it-IT\"},{\"@type\":\"Person\",\"@id\":\"https:\/\/www.intoscana.it\/it\/#\/schema\/person\/9223810753230f20bd670fdd322661f8\",\"name\":\"Redazione\",\"url\":\"https:\/\/www.intoscana.it\/it\/author\/redazione\/\"}]}<\/script>\n<!-- \/ Yoast SEO Premium plugin. -->","yoast_head_json":{"title":"Coronavirus in Toscana: 10 nuovi casi, 2 decessi e 23 guarigioni - intoscana","robots":{"index":"index","follow":"follow","max-snippet":"max-snippet:-1","max-image-preview":"max-image-preview:large","max-video-preview":"max-video-preview:-1"},"canonical":"https:\/\/www.intoscana.it\/it\/coronavirus-19-giugno\/","og_locale":"it_IT","og_type":"article","og_title":"Coronavirus in Toscana: 10 nuovi casi, 2 decessi e 23 guarigioni","og_description":"I guariti crescono dello 0,3% e raggiungono quota 8.687 (l\u201985,1% dei casi totali).&nbsp;Si registrano 2 nuovi decessi: 2 uomini con un\u2019et\u00e0 media di 82 anni.","og_url":"https:\/\/www.intoscana.it\/it\/coronavirus-19-giugno\/","og_site_name":"intoscana","article_publisher":"https:\/\/www.facebook.com\/intoscana.it","article_published_time":"2020-06-19T14:18:09+00:00","article_modified_time":"2020-08-10T07:32:05+00:00","og_image":[{"width":2000,"height":1335,"url":"https:\/\/www.intoscana.it\/wp-content\/uploads\/shutterstock_1681544344-5.jpg","type":"image\/jpeg"}],"author":"Redazione","twitter_card":"summary_large_image","twitter_creator":"@intoscana","twitter_site":"@intoscana","twitter_misc":{"Written by":"Redazione","Est. reading time":"3 minuti"},"schema":{"@context":"https:\/\/schema.org","@graph":[{"@type":"WebPage","@id":"https:\/\/www.intoscana.it\/it\/coronavirus-19-giugno\/","url":"https:\/\/www.intoscana.it\/it\/coronavirus-19-giugno\/","name":"Coronavirus in Toscana: 10 nuovi casi, 2 decessi e 23 guarigioni - intoscana","isPartOf":{"@id":"https:\/\/www.intoscana.it\/it\/#website"},"primaryImageOfPage":{"@id":"https:\/\/www.intoscana.it\/it\/coronavirus-19-giugno\/#primaryimage"},"image":{"@id":"https:\/\/www.intoscana.it\/it\/coronavirus-19-giugno\/#primaryimage"},"thumbnailUrl":"https:\/\/www.intoscana.it\/wp-content\/uploads\/shutterstock_1681544344-5.jpg","datePublished":"2020-06-19T14:18:09+00:00","dateModified":"2020-08-10T07:32:05+00:00","author":{"@id":"https:\/\/www.intoscana.it\/it\/#\/schema\/person\/9223810753230f20bd670fdd322661f8"},"breadcrumb":{"@id":"https:\/\/www.intoscana.it\/it\/coronavirus-19-giugno\/#breadcrumb"},"inLanguage":"it-IT","potentialAction":[{"@type":"ReadAction","target":["https:\/\/www.intoscana.it\/it\/coronavirus-19-giugno\/"]}]},{"@type":"ImageObject","inLanguage":"it-IT","@id":"https:\/\/www.intoscana.it\/it\/coronavirus-19-giugno\/#primaryimage","url":"https:\/\/www.intoscana.it\/wp-content\/uploads\/shutterstock_1681544344-5.jpg","contentUrl":"https:\/\/www.intoscana.it\/wp-content\/uploads\/shutterstock_1681544344-5.jpg","width":2000,"height":1335},{"@type":"BreadcrumbList","@id":"https:\/\/www.intoscana.it\/it\/coronavirus-19-giugno\/#breadcrumb","itemListElement":[{"@type":"ListItem","position":1,"name":"Home","item":"https:\/\/www.intoscana.it\/it\/"},{"@type":"ListItem","position":2,"name":"Coronavirus in Toscana: 10 nuovi casi, 2 decessi e 23 guarigioni"}]},{"@type":"WebSite","@id":"https:\/\/www.intoscana.it\/it\/#website","url":"https:\/\/www.intoscana.it\/it\/","name":"intoscana","description":"","potentialAction":[{"@type":"SearchAction","target":{"@type":"EntryPoint","urlTemplate":"https:\/\/www.intoscana.it\/it\/?s={search_term_string}"},"query-input":{"@type":"PropertyValueSpecification","valueRequired":true,"valueName":"search_term_string"}}],"inLanguage":"it-IT"},{"@type":"Person","@id":"https:\/\/www.intoscana.it\/it\/#\/schema\/person\/9223810753230f20bd670fdd322661f8","name":"Redazione","url":"https:\/\/www.intoscana.it\/it\/author\/redazione\/"}]}},"_links":{"self":[{"href":"https:\/\/www.intoscana.it\/it\/wp-json\/wp\/v2\/posts\/145214","targetHints":{"allow":["GET"]}}],"collection":[{"href":"https:\/\/www.intoscana.it\/it\/wp-json\/wp\/v2\/posts"}],"about":[{"href":"https:\/\/www.intoscana.it\/it\/wp-json\/wp\/v2\/types\/post"}],"author":[{"embeddable":true,"href":"https:\/\/www.intoscana.it\/it\/wp-json\/wp\/v2\/users\/525"}],"replies":[{"embeddable":true,"href":"https:\/\/www.intoscana.it\/it\/wp-json\/wp\/v2\/comments?post=145214"}],"version-history":[{"count":0,"href":"https:\/\/www.intoscana.it\/it\/wp-json\/wp\/v2\/posts\/145214\/revisions"}],"wp:featuredmedia":[{"embeddable":true,"href":"https:\/\/www.intoscana.it\/it\/wp-json\/wp\/v2\/media\/145714"}],"wp:attachment":[{"href":"https:\/\/www.intoscana.it\/it\/wp-json\/wp\/v2\/media?parent=145214"}],"wp:term":[{"taxonomy":"category","embeddable":true,"href":"https:\/\/www.intoscana.it\/it\/wp-json\/wp\/v2\/categories?post=145214"},{"taxonomy":"post_tag","embeddable":true,"href":"https:\/\/www.intoscana.it\/it\/wp-json\/wp\/v2\/tags?post=145214"}],"curies":[{"name":"wp","href":"https:\/\/api.w.org\/{rel}","templated":true}]}}