{"id":145216,"date":"2020-06-22T15:53:14","date_gmt":"2020-06-22T13:53:14","guid":{"rendered":"https:\/\/www.intoscana.it\/coronavirus-in-toscana-un-nuovo-caso-4-decessi-27-i-ricoverati\/"},"modified":"2020-08-10T09:32:06","modified_gmt":"2020-08-10T07:32:06","slug":"coronavirus-bollettino-22-giugno","status":"publish","type":"post","link":"https:\/\/www.intoscana.it\/it\/coronavirus-bollettino-22-giugno\/","title":{"rendered":"Coronavirus in Toscana: un nuovo caso, 4 decessi, 27 i ricoverati"},"content":{"rendered":"<p><strong>Sono 10.211 i casi di positivit\u00e0 al Coronavirus in Toscana<\/strong>, 1 in pi\u00f9 rispetto a ieri. I nuovi casi sono lo 0,01% in pi\u00f9 rispetto al totale del giorno precedente. I guariti crescono dello 0,02% e raggiungono quota 8.752 (l\u201985,7% dei casi totali). I <strong>test eseguiti<\/strong> hanno raggiunto quota <strong>313.455<\/strong>, 1.578 in pi\u00f9 rispetto a ieri, <strong>quelli analizzati oggi sono 1.507<\/strong>. Gli <strong>attualmente positivi <\/strong>sono oggi<strong> 360<\/strong>, -1,4% rispetto a ieri. Si registrano <strong>4 nuovi decessi: 2 uomini e 2 donne, con un\u2019et\u00e0 media di 71,8 anni.<\/strong><\/p>\n<p><strong>Di seguito i casi di positivit\u00e0 sul territorio con la variazione rispetto a ieri<\/strong>, ricordando che si riferiscono non alla provincia di residenza ma a quella in cui \u00e8 stata fatta la diagnosi. Sono 3.517 i casi complessivi ad oggi a Firenze, 572 a Prato, 680 a Pistoia, 1.052 a Massa Carrara, 1.369 a Lucca, 900 a Pisa, 559 a Livorno, 691 ad Arezzo (1 in pi\u00f9), 441 a Siena, 430 a Grosseto.<br \/>Nessun caso in pi\u00f9 quindi riscontrato oggi nell\u2019Asl Centro e nella Nord Ovest, 1 invece nella Sud est.<\/p>\n<p>La Toscana si conferma al 10\u00b0 posto in Italia come numerosit\u00e0 di casi, con circa 274 casi per 100.000 abitanti (media italiana circa 395 x 100.000, dato di ieri). Le province di notifica con il tasso pi\u00f9 alto sono Massa Carrara con 540 casi x 100.000 abitanti, Lucca con 353, Firenze con 348, la pi\u00f9 bassa Siena con 165.<\/p>\n<p>Complessivamente, <strong>333 persone sono in isolamento a casa<\/strong>, poich\u00e9 presentano <strong>sintomi lievi che non richiedono cure ospedaliere, o risultano prive di sintomi&nbsp;<\/strong> (meno 4 rispetto a ieri, meno 1,2%). Sono <strong>2.822 <\/strong>(meno 31 rispetto a ieri, meno 1,1%) le<strong> persone, anch\u2019esse isolate, in sorveglianza attiva perch\u00e9 hanno avuto contatti con persone contagiate<\/strong> (Asl centro 1.218, nord ovest 1.557, sud est 47).<\/p>\n<p><strong>Si riducono ancora le persone ricoverate nei posti letto dedicati ai pazienti Covid<\/strong> che oggi sono complessivamente <strong>27<\/strong>, 1 in meno di ieri (meno 3,6%), <strong>di cui 9 in terapia intensiva <\/strong>(stabili rispetto a ieri). \u00c8 il punto pi\u00f9 basso dall\u20198 marzo 2020 per le terapie intensive e dal 4 marzo 2020 per i ricoveri totali.<\/p>\n<p>Le<strong> persone complessivamente guarite salgono a 8.752 <\/strong>(pi\u00f9 2 rispetto a ieri, pi\u00f9 0,02%): <strong>320 persone \u201cclinicamente guarite\u201d<\/strong> (meno 13 rispetto a ieri, meno 3,9%), divenute cio\u00e8 asintomatiche dopo aver presentato manifestazioni cliniche associate all\u2019infezione e<strong> 8.432 (pi\u00f9 15 rispetto a ieri, pi\u00f9 0,2%) dichiarate guarite a tutti gli effetti, le cosiddette guarigioni virali<\/strong>, con doppio tampone negativo.<\/p>\n<p><strong>Si registrano 4 nuovi decessi: 2 uomini e 2 donne, con un\u2019et\u00e0 media di 71,8 anni.<\/strong><br \/>Relativamente alla provincia di notifica, le persone decedute sono: 2 a Firenze, 1 a Pistoia, 1 a Lucca. Sono 1.099 i deceduti dall\u2019inizio dell\u2019epidemia cosi ripartiti: 405 a Firenze, 51 a Prato, 81 a Pistoia, 162 a Massa Carrara, 141 a Lucca, 89 a Pisa, 61 a Livorno, 46 ad Arezzo, 31 a Siena, 24 a Grosseto, 8 persone sono decedute sul suolo toscano ma erano residenti fuori regione.<\/p>\n<p>Il tasso grezzo di mortalit\u00e0 toscano (numero di deceduti\/popolazione residente) per Covid-19 \u00e8 di 29,5 x 100.000 residenti contro il 57,4 x 100.000 della media italiana (11\u00b0 regione). Per quanto riguarda le province, il tasso di mortalit\u00e0 pi\u00f9 alto si riscontra a Massa Carrara (83,1 x 100.000), Firenze (40,0 x 100.000) e Lucca (36,4 x 100.000), il pi\u00f9 basso a Grosseto (10,8 x 100.000).<\/p>\n<p><img decoding=\"async\" style=\"width: 600px;\" title=\"Schermata 2020-06-22 alle 15.57.22\" src=\"https:\/\/www.intoscana.it\/shared\/intoscana\/immagini\/schermata-2020-06-22-alle-15.57.22.jpeg\" alt=\"Schermata 2020-06-22 alle 15.57.22\" \/><\/p>\n","protected":false},"excerpt":{"rendered":"<p>Questi i dati &#8211; accertati alle ore 12 di luned\u00ec 22 giugno sulla base delle richieste della Protezione Civile Nazionale &#8211; relativi all\u2019andamento dell\u2019epidemia in Toscana<\/p>\n","protected":false},"author":525,"featured_media":145716,"comment_status":"open","ping_status":"open","sticky":false,"template":"","format":"standard","meta":{"_acf_changed":false,"footnotes":""},"categories":[18],"tags":[],"class_list":["post-145216","post","type-post","status-publish","format-standard","has-post-thumbnail","hentry","category-salute"],"acf":[],"yoast_head":"<!-- This site is optimized with the Yoast SEO Premium plugin v24.2 (Yoast SEO v25.6) - https:\/\/yoast.com\/wordpress\/plugins\/seo\/ -->\n<title>Coronavirus in Toscana: un nuovo caso, 4 decessi, 27 i ricoverati - intoscana<\/title>\n<meta name=\"robots\" content=\"index, follow, max-snippet:-1, max-image-preview:large, max-video-preview:-1\" \/>\n<link rel=\"canonical\" href=\"https:\/\/www.intoscana.it\/it\/coronavirus-bollettino-22-giugno\/\" \/>\n<meta property=\"og:locale\" content=\"it_IT\" \/>\n<meta property=\"og:type\" content=\"article\" \/>\n<meta property=\"og:title\" content=\"Coronavirus in Toscana: un nuovo caso, 4 decessi, 27 i ricoverati\" \/>\n<meta property=\"og:description\" content=\"Questi i dati - accertati alle ore 12 di luned\u00ec 22 giugno sulla base delle richieste della Protezione Civile Nazionale - relativi all\u2019andamento dell\u2019epidemia in Toscana\" \/>\n<meta property=\"og:url\" content=\"https:\/\/www.intoscana.it\/it\/coronavirus-bollettino-22-giugno\/\" \/>\n<meta property=\"og:site_name\" content=\"intoscana\" \/>\n<meta property=\"article:publisher\" content=\"https:\/\/www.facebook.com\/intoscana.it\" \/>\n<meta property=\"article:published_time\" content=\"2020-06-22T13:53:14+00:00\" \/>\n<meta property=\"article:modified_time\" content=\"2020-08-10T07:32:06+00:00\" \/>\n<meta property=\"og:image\" content=\"https:\/\/www.intoscana.it\/wp-content\/uploads\/mare_mascherina-2.jpeg\" \/>\n\t<meta property=\"og:image:width\" content=\"2000\" \/>\n\t<meta property=\"og:image:height\" content=\"1142\" \/>\n\t<meta property=\"og:image:type\" content=\"image\/jpeg\" \/>\n<meta name=\"author\" content=\"Redazione\" \/>\n<meta name=\"twitter:card\" content=\"summary_large_image\" \/>\n<meta name=\"twitter:creator\" content=\"@intoscana\" \/>\n<meta name=\"twitter:site\" content=\"@intoscana\" \/>\n<meta name=\"twitter:label1\" content=\"Written by\" \/>\n\t<meta name=\"twitter:data1\" content=\"Redazione\" \/>\n\t<meta name=\"twitter:label2\" content=\"Est. reading time\" \/>\n\t<meta name=\"twitter:data2\" content=\"2 minuti\" \/>\n<script type=\"application\/ld+json\" class=\"yoast-schema-graph\">{\"@context\":\"https:\/\/schema.org\",\"@graph\":[{\"@type\":\"WebPage\",\"@id\":\"https:\/\/www.intoscana.it\/it\/coronavirus-bollettino-22-giugno\/\",\"url\":\"https:\/\/www.intoscana.it\/it\/coronavirus-bollettino-22-giugno\/\",\"name\":\"Coronavirus in Toscana: un nuovo caso, 4 decessi, 27 i ricoverati - intoscana\",\"isPartOf\":{\"@id\":\"https:\/\/www.intoscana.it\/it\/#website\"},\"primaryImageOfPage\":{\"@id\":\"https:\/\/www.intoscana.it\/it\/coronavirus-bollettino-22-giugno\/#primaryimage\"},\"image\":{\"@id\":\"https:\/\/www.intoscana.it\/it\/coronavirus-bollettino-22-giugno\/#primaryimage\"},\"thumbnailUrl\":\"https:\/\/www.intoscana.it\/wp-content\/uploads\/mare_mascherina-2.jpeg\",\"datePublished\":\"2020-06-22T13:53:14+00:00\",\"dateModified\":\"2020-08-10T07:32:06+00:00\",\"author\":{\"@id\":\"https:\/\/www.intoscana.it\/it\/#\/schema\/person\/9223810753230f20bd670fdd322661f8\"},\"breadcrumb\":{\"@id\":\"https:\/\/www.intoscana.it\/it\/coronavirus-bollettino-22-giugno\/#breadcrumb\"},\"inLanguage\":\"it-IT\",\"potentialAction\":[{\"@type\":\"ReadAction\",\"target\":[\"https:\/\/www.intoscana.it\/it\/coronavirus-bollettino-22-giugno\/\"]}]},{\"@type\":\"ImageObject\",\"inLanguage\":\"it-IT\",\"@id\":\"https:\/\/www.intoscana.it\/it\/coronavirus-bollettino-22-giugno\/#primaryimage\",\"url\":\"https:\/\/www.intoscana.it\/wp-content\/uploads\/mare_mascherina-2.jpeg\",\"contentUrl\":\"https:\/\/www.intoscana.it\/wp-content\/uploads\/mare_mascherina-2.jpeg\",\"width\":2000,\"height\":1142,\"caption\":\"Coronavirus in Toscana: un nuovo caso, 4 decessi, 27 i ricoverati\"},{\"@type\":\"BreadcrumbList\",\"@id\":\"https:\/\/www.intoscana.it\/it\/coronavirus-bollettino-22-giugno\/#breadcrumb\",\"itemListElement\":[{\"@type\":\"ListItem\",\"position\":1,\"name\":\"Home\",\"item\":\"https:\/\/www.intoscana.it\/it\/\"},{\"@type\":\"ListItem\",\"position\":2,\"name\":\"Coronavirus in Toscana: un nuovo caso, 4 decessi, 27 i ricoverati\"}]},{\"@type\":\"WebSite\",\"@id\":\"https:\/\/www.intoscana.it\/it\/#website\",\"url\":\"https:\/\/www.intoscana.it\/it\/\",\"name\":\"intoscana\",\"description\":\"\",\"potentialAction\":[{\"@type\":\"SearchAction\",\"target\":{\"@type\":\"EntryPoint\",\"urlTemplate\":\"https:\/\/www.intoscana.it\/it\/?s={search_term_string}\"},\"query-input\":{\"@type\":\"PropertyValueSpecification\",\"valueRequired\":true,\"valueName\":\"search_term_string\"}}],\"inLanguage\":\"it-IT\"},{\"@type\":\"Person\",\"@id\":\"https:\/\/www.intoscana.it\/it\/#\/schema\/person\/9223810753230f20bd670fdd322661f8\",\"name\":\"Redazione\",\"url\":\"https:\/\/www.intoscana.it\/it\/author\/redazione\/\"}]}<\/script>\n<!-- \/ Yoast SEO Premium plugin. -->","yoast_head_json":{"title":"Coronavirus in Toscana: un nuovo caso, 4 decessi, 27 i ricoverati - intoscana","robots":{"index":"index","follow":"follow","max-snippet":"max-snippet:-1","max-image-preview":"max-image-preview:large","max-video-preview":"max-video-preview:-1"},"canonical":"https:\/\/www.intoscana.it\/it\/coronavirus-bollettino-22-giugno\/","og_locale":"it_IT","og_type":"article","og_title":"Coronavirus in Toscana: un nuovo caso, 4 decessi, 27 i ricoverati","og_description":"Questi i dati - accertati alle ore 12 di luned\u00ec 22 giugno sulla base delle richieste della Protezione Civile Nazionale - relativi all\u2019andamento dell\u2019epidemia in Toscana","og_url":"https:\/\/www.intoscana.it\/it\/coronavirus-bollettino-22-giugno\/","og_site_name":"intoscana","article_publisher":"https:\/\/www.facebook.com\/intoscana.it","article_published_time":"2020-06-22T13:53:14+00:00","article_modified_time":"2020-08-10T07:32:06+00:00","og_image":[{"width":2000,"height":1142,"url":"https:\/\/www.intoscana.it\/wp-content\/uploads\/mare_mascherina-2.jpeg","type":"image\/jpeg"}],"author":"Redazione","twitter_card":"summary_large_image","twitter_creator":"@intoscana","twitter_site":"@intoscana","twitter_misc":{"Written by":"Redazione","Est. reading time":"2 minuti"},"schema":{"@context":"https:\/\/schema.org","@graph":[{"@type":"WebPage","@id":"https:\/\/www.intoscana.it\/it\/coronavirus-bollettino-22-giugno\/","url":"https:\/\/www.intoscana.it\/it\/coronavirus-bollettino-22-giugno\/","name":"Coronavirus in Toscana: un nuovo caso, 4 decessi, 27 i ricoverati - intoscana","isPartOf":{"@id":"https:\/\/www.intoscana.it\/it\/#website"},"primaryImageOfPage":{"@id":"https:\/\/www.intoscana.it\/it\/coronavirus-bollettino-22-giugno\/#primaryimage"},"image":{"@id":"https:\/\/www.intoscana.it\/it\/coronavirus-bollettino-22-giugno\/#primaryimage"},"thumbnailUrl":"https:\/\/www.intoscana.it\/wp-content\/uploads\/mare_mascherina-2.jpeg","datePublished":"2020-06-22T13:53:14+00:00","dateModified":"2020-08-10T07:32:06+00:00","author":{"@id":"https:\/\/www.intoscana.it\/it\/#\/schema\/person\/9223810753230f20bd670fdd322661f8"},"breadcrumb":{"@id":"https:\/\/www.intoscana.it\/it\/coronavirus-bollettino-22-giugno\/#breadcrumb"},"inLanguage":"it-IT","potentialAction":[{"@type":"ReadAction","target":["https:\/\/www.intoscana.it\/it\/coronavirus-bollettino-22-giugno\/"]}]},{"@type":"ImageObject","inLanguage":"it-IT","@id":"https:\/\/www.intoscana.it\/it\/coronavirus-bollettino-22-giugno\/#primaryimage","url":"https:\/\/www.intoscana.it\/wp-content\/uploads\/mare_mascherina-2.jpeg","contentUrl":"https:\/\/www.intoscana.it\/wp-content\/uploads\/mare_mascherina-2.jpeg","width":2000,"height":1142,"caption":"Coronavirus in Toscana: un nuovo caso, 4 decessi, 27 i ricoverati"},{"@type":"BreadcrumbList","@id":"https:\/\/www.intoscana.it\/it\/coronavirus-bollettino-22-giugno\/#breadcrumb","itemListElement":[{"@type":"ListItem","position":1,"name":"Home","item":"https:\/\/www.intoscana.it\/it\/"},{"@type":"ListItem","position":2,"name":"Coronavirus in Toscana: un nuovo caso, 4 decessi, 27 i ricoverati"}]},{"@type":"WebSite","@id":"https:\/\/www.intoscana.it\/it\/#website","url":"https:\/\/www.intoscana.it\/it\/","name":"intoscana","description":"","potentialAction":[{"@type":"SearchAction","target":{"@type":"EntryPoint","urlTemplate":"https:\/\/www.intoscana.it\/it\/?s={search_term_string}"},"query-input":{"@type":"PropertyValueSpecification","valueRequired":true,"valueName":"search_term_string"}}],"inLanguage":"it-IT"},{"@type":"Person","@id":"https:\/\/www.intoscana.it\/it\/#\/schema\/person\/9223810753230f20bd670fdd322661f8","name":"Redazione","url":"https:\/\/www.intoscana.it\/it\/author\/redazione\/"}]}},"_links":{"self":[{"href":"https:\/\/www.intoscana.it\/it\/wp-json\/wp\/v2\/posts\/145216","targetHints":{"allow":["GET"]}}],"collection":[{"href":"https:\/\/www.intoscana.it\/it\/wp-json\/wp\/v2\/posts"}],"about":[{"href":"https:\/\/www.intoscana.it\/it\/wp-json\/wp\/v2\/types\/post"}],"author":[{"embeddable":true,"href":"https:\/\/www.intoscana.it\/it\/wp-json\/wp\/v2\/users\/525"}],"replies":[{"embeddable":true,"href":"https:\/\/www.intoscana.it\/it\/wp-json\/wp\/v2\/comments?post=145216"}],"version-history":[{"count":0,"href":"https:\/\/www.intoscana.it\/it\/wp-json\/wp\/v2\/posts\/145216\/revisions"}],"wp:featuredmedia":[{"embeddable":true,"href":"https:\/\/www.intoscana.it\/it\/wp-json\/wp\/v2\/media\/145716"}],"wp:attachment":[{"href":"https:\/\/www.intoscana.it\/it\/wp-json\/wp\/v2\/media?parent=145216"}],"wp:term":[{"taxonomy":"category","embeddable":true,"href":"https:\/\/www.intoscana.it\/it\/wp-json\/wp\/v2\/categories?post=145216"},{"taxonomy":"post_tag","embeddable":true,"href":"https:\/\/www.intoscana.it\/it\/wp-json\/wp\/v2\/tags?post=145216"}],"curies":[{"name":"wp","href":"https:\/\/api.w.org\/{rel}","templated":true}]}}