{"id":145220,"date":"2020-06-19T15:44:15","date_gmt":"2020-06-19T13:44:15","guid":{"rendered":"https:\/\/www.intoscana.it\/coronavirus-la-toscana-avvia-il-monitoraggio-dei-pazienti-guariti\/"},"modified":"2020-08-10T09:32:08","modified_gmt":"2020-08-10T07:32:08","slug":"monitoraggio-post-covid","status":"publish","type":"post","link":"https:\/\/www.intoscana.it\/it\/monitoraggio-post-covid\/","title":{"rendered":"Coronavirus: la Toscana avvia il monitoraggio dei pazienti guariti"},"content":{"rendered":"<p><strong>La Toscana monitorer\u00e0 da vicino i pazienti guariti dal Coronavirus.<\/strong> La&nbsp;Giunta regionale ha approvato&nbsp;le linee di indirizzo operative per la presa in carico dei pazienti guariti dall&#8217;infezione da Covid-19, in modo da controllare il periodo post guarigione con <strong>percorsi gratuiti di follow-up.<\/strong> <br \/><strong>&#8220;Per curare in modo efficace &#8211; sostiene l&#8217;assessore toscano al diritto alla salute Stefania Saccardi &#8211; bisogna prima&nbsp;<\/strong><strong>conoscere.<\/strong> Ecco perch\u00e9 abbiamo inteso monitorare e studiare anche il periodo post guarigione dei pazienti venuti a contatto con questa insidiosa malattia infettiva&#8221;. &#8220;L&#8217;epidemia &#8211; aggiunge &#8211; ci richiede un&#8217;attenzione particolare di tipo sanitario anche nel periodo post guarigione dei nostri pazienti. <strong>Per la tutela&nbsp;<\/strong><strong>della salute di ciascuno e di tutti, non possiamo abbassare la&nbsp;<\/strong><strong>guardia&#8221;.<\/strong><\/p>\n<p><img decoding=\"async\" alt=\"corona virus ospedale\" style=\"width: 599px;\" title=\"corona virus ospedale\" src=\"https:\/\/www.intoscana.it\/shared\/intoscana\/immagini\/corona-virus-ospedale.jpg\" height=\"337\" \/><\/p>\n<p>Per Saccardi, &#8220;il provvedimento che abbiamo approvato fornisce alle aziende e agli enti del servizio sanitario regionale una serie di indicazioni omogenee e condivise,<strong> con l&#8217;obiettivo di conoscere meglio questa patologia infettiva, monitorandola anche a guarigione clinica avvenuta<\/strong>. In questa ottica \u00e8 molto importante anche il lavoro dell&#8217;Agenzia regionale di sanit\u00e0, alla quale abbiamo affidato il coordinamento delle specifiche attivit\u00e0 di ricerca di tipo osservazionale, gi\u00e0 avviate o che potranno esserlo successivamente da parte delle aziende stesse&#8221;.<\/p>\n<p><strong>I dati raccolti con i percorsi di follow-up s<\/strong><strong>aranno raccolti in un database unico.&nbsp;<\/strong>La Regione ha infine stabilito che le prestazioni di follow-up non saranno soggette a compartecipazione alla spesa da parte dei cittadini che si sono ammalati, ampliando cos\u00ec al massimo l\u2019ambito dei soggetti, che potranno godere gratuitamente di queste prestazioni.<\/p>\n<div class=\"rt-page__content rt-page-content--left\">\n<div class=\"rt-page__content-text\">\n<p>&nbsp;<\/p>\n<\/div>\n<\/div>\n<div class=\"rt-btn-wrapper rt-btn-wrapper--right-align\">\n<div class=\"a2a_kit a2a_kit_size_32 a2a_default_style\" data-a2a-title=\"Coronavirus, monitorare i pazienti clinicamente guariti. Le linee guida della Toscana\">&nbsp;<\/div>\n<\/div>\n","protected":false},"excerpt":{"rendered":"<p>La Regione ha approvato le linee guida per i percorsi di follow-up post Covid-19, per seguire con attenzione anche il periodo dopo la guarigione<\/p>\n","protected":false},"author":525,"featured_media":145720,"comment_status":"open","ping_status":"open","sticky":false,"template":"","format":"standard","meta":{"_acf_changed":false,"footnotes":""},"categories":[18],"tags":[418,134,349],"class_list":["post-145220","post","type-post","status-publish","format-standard","has-post-thumbnail","hentry","category-salute","tag-covid-19","tag-salute","tag-sanita"],"acf":[],"yoast_head":"<!-- This site is optimized with the Yoast SEO Premium plugin v24.2 (Yoast SEO v25.6) - https:\/\/yoast.com\/wordpress\/plugins\/seo\/ -->\n<title>Coronavirus: la Toscana avvia il monitoraggio dei pazienti guariti - intoscana<\/title>\n<meta name=\"robots\" content=\"index, follow, max-snippet:-1, max-image-preview:large, max-video-preview:-1\" \/>\n<link rel=\"canonical\" href=\"https:\/\/www.intoscana.it\/it\/monitoraggio-post-covid\/\" \/>\n<meta property=\"og:locale\" content=\"it_IT\" \/>\n<meta property=\"og:type\" content=\"article\" \/>\n<meta property=\"og:title\" content=\"Coronavirus: la Toscana avvia il monitoraggio dei pazienti guariti\" \/>\n<meta property=\"og:description\" content=\"La Regione ha approvato le linee guida per i percorsi di follow-up post Covid-19, per seguire con attenzione anche il periodo dopo la guarigione\" \/>\n<meta property=\"og:url\" content=\"https:\/\/www.intoscana.it\/it\/monitoraggio-post-covid\/\" \/>\n<meta property=\"og:site_name\" content=\"intoscana\" \/>\n<meta property=\"article:publisher\" content=\"https:\/\/www.facebook.com\/intoscana.it\" \/>\n<meta property=\"article:published_time\" content=\"2020-06-19T13:44:15+00:00\" \/>\n<meta property=\"article:modified_time\" content=\"2020-08-10T07:32:08+00:00\" \/>\n<meta property=\"og:image\" content=\"https:\/\/www.intoscana.it\/wp-content\/uploads\/medici-infermieri-toscana-3.jpg\" \/>\n\t<meta property=\"og:image:width\" content=\"1000\" \/>\n\t<meta property=\"og:image:height\" content=\"526\" \/>\n\t<meta property=\"og:image:type\" content=\"image\/jpeg\" \/>\n<meta name=\"author\" content=\"Redazione\" \/>\n<meta name=\"twitter:card\" content=\"summary_large_image\" \/>\n<meta name=\"twitter:creator\" content=\"@intoscana\" \/>\n<meta name=\"twitter:site\" content=\"@intoscana\" \/>\n<meta name=\"twitter:label1\" content=\"Written by\" \/>\n\t<meta name=\"twitter:data1\" content=\"Redazione\" \/>\n\t<meta name=\"twitter:label2\" content=\"Est. reading time\" \/>\n\t<meta name=\"twitter:data2\" content=\"1 minuto\" \/>\n<script type=\"application\/ld+json\" class=\"yoast-schema-graph\">{\"@context\":\"https:\/\/schema.org\",\"@graph\":[{\"@type\":\"WebPage\",\"@id\":\"https:\/\/www.intoscana.it\/it\/monitoraggio-post-covid\/\",\"url\":\"https:\/\/www.intoscana.it\/it\/monitoraggio-post-covid\/\",\"name\":\"Coronavirus: la Toscana avvia il monitoraggio dei pazienti guariti - intoscana\",\"isPartOf\":{\"@id\":\"https:\/\/www.intoscana.it\/it\/#website\"},\"primaryImageOfPage\":{\"@id\":\"https:\/\/www.intoscana.it\/it\/monitoraggio-post-covid\/#primaryimage\"},\"image\":{\"@id\":\"https:\/\/www.intoscana.it\/it\/monitoraggio-post-covid\/#primaryimage\"},\"thumbnailUrl\":\"https:\/\/www.intoscana.it\/wp-content\/uploads\/medici-infermieri-toscana-3.jpg\",\"datePublished\":\"2020-06-19T13:44:15+00:00\",\"dateModified\":\"2020-08-10T07:32:08+00:00\",\"author\":{\"@id\":\"https:\/\/www.intoscana.it\/it\/#\/schema\/person\/9223810753230f20bd670fdd322661f8\"},\"breadcrumb\":{\"@id\":\"https:\/\/www.intoscana.it\/it\/monitoraggio-post-covid\/#breadcrumb\"},\"inLanguage\":\"it-IT\",\"potentialAction\":[{\"@type\":\"ReadAction\",\"target\":[\"https:\/\/www.intoscana.it\/it\/monitoraggio-post-covid\/\"]}]},{\"@type\":\"ImageObject\",\"inLanguage\":\"it-IT\",\"@id\":\"https:\/\/www.intoscana.it\/it\/monitoraggio-post-covid\/#primaryimage\",\"url\":\"https:\/\/www.intoscana.it\/wp-content\/uploads\/medici-infermieri-toscana-3.jpg\",\"contentUrl\":\"https:\/\/www.intoscana.it\/wp-content\/uploads\/medici-infermieri-toscana-3.jpg\",\"width\":1000,\"height\":526,\"caption\":\"sanitari\"},{\"@type\":\"BreadcrumbList\",\"@id\":\"https:\/\/www.intoscana.it\/it\/monitoraggio-post-covid\/#breadcrumb\",\"itemListElement\":[{\"@type\":\"ListItem\",\"position\":1,\"name\":\"Home\",\"item\":\"https:\/\/www.intoscana.it\/it\/\"},{\"@type\":\"ListItem\",\"position\":2,\"name\":\"Coronavirus: la Toscana avvia il monitoraggio dei pazienti guariti\"}]},{\"@type\":\"WebSite\",\"@id\":\"https:\/\/www.intoscana.it\/it\/#website\",\"url\":\"https:\/\/www.intoscana.it\/it\/\",\"name\":\"intoscana\",\"description\":\"\",\"potentialAction\":[{\"@type\":\"SearchAction\",\"target\":{\"@type\":\"EntryPoint\",\"urlTemplate\":\"https:\/\/www.intoscana.it\/it\/?s={search_term_string}\"},\"query-input\":{\"@type\":\"PropertyValueSpecification\",\"valueRequired\":true,\"valueName\":\"search_term_string\"}}],\"inLanguage\":\"it-IT\"},{\"@type\":\"Person\",\"@id\":\"https:\/\/www.intoscana.it\/it\/#\/schema\/person\/9223810753230f20bd670fdd322661f8\",\"name\":\"Redazione\",\"url\":\"https:\/\/www.intoscana.it\/it\/author\/redazione\/\"}]}<\/script>\n<!-- \/ Yoast SEO Premium plugin. -->","yoast_head_json":{"title":"Coronavirus: la Toscana avvia il monitoraggio dei pazienti guariti - intoscana","robots":{"index":"index","follow":"follow","max-snippet":"max-snippet:-1","max-image-preview":"max-image-preview:large","max-video-preview":"max-video-preview:-1"},"canonical":"https:\/\/www.intoscana.it\/it\/monitoraggio-post-covid\/","og_locale":"it_IT","og_type":"article","og_title":"Coronavirus: la Toscana avvia il monitoraggio dei pazienti guariti","og_description":"La Regione ha approvato le linee guida per i percorsi di follow-up post Covid-19, per seguire con attenzione anche il periodo dopo la guarigione","og_url":"https:\/\/www.intoscana.it\/it\/monitoraggio-post-covid\/","og_site_name":"intoscana","article_publisher":"https:\/\/www.facebook.com\/intoscana.it","article_published_time":"2020-06-19T13:44:15+00:00","article_modified_time":"2020-08-10T07:32:08+00:00","og_image":[{"width":1000,"height":526,"url":"https:\/\/www.intoscana.it\/wp-content\/uploads\/medici-infermieri-toscana-3.jpg","type":"image\/jpeg"}],"author":"Redazione","twitter_card":"summary_large_image","twitter_creator":"@intoscana","twitter_site":"@intoscana","twitter_misc":{"Written by":"Redazione","Est. reading time":"1 minuto"},"schema":{"@context":"https:\/\/schema.org","@graph":[{"@type":"WebPage","@id":"https:\/\/www.intoscana.it\/it\/monitoraggio-post-covid\/","url":"https:\/\/www.intoscana.it\/it\/monitoraggio-post-covid\/","name":"Coronavirus: la Toscana avvia il monitoraggio dei pazienti guariti - intoscana","isPartOf":{"@id":"https:\/\/www.intoscana.it\/it\/#website"},"primaryImageOfPage":{"@id":"https:\/\/www.intoscana.it\/it\/monitoraggio-post-covid\/#primaryimage"},"image":{"@id":"https:\/\/www.intoscana.it\/it\/monitoraggio-post-covid\/#primaryimage"},"thumbnailUrl":"https:\/\/www.intoscana.it\/wp-content\/uploads\/medici-infermieri-toscana-3.jpg","datePublished":"2020-06-19T13:44:15+00:00","dateModified":"2020-08-10T07:32:08+00:00","author":{"@id":"https:\/\/www.intoscana.it\/it\/#\/schema\/person\/9223810753230f20bd670fdd322661f8"},"breadcrumb":{"@id":"https:\/\/www.intoscana.it\/it\/monitoraggio-post-covid\/#breadcrumb"},"inLanguage":"it-IT","potentialAction":[{"@type":"ReadAction","target":["https:\/\/www.intoscana.it\/it\/monitoraggio-post-covid\/"]}]},{"@type":"ImageObject","inLanguage":"it-IT","@id":"https:\/\/www.intoscana.it\/it\/monitoraggio-post-covid\/#primaryimage","url":"https:\/\/www.intoscana.it\/wp-content\/uploads\/medici-infermieri-toscana-3.jpg","contentUrl":"https:\/\/www.intoscana.it\/wp-content\/uploads\/medici-infermieri-toscana-3.jpg","width":1000,"height":526,"caption":"sanitari"},{"@type":"BreadcrumbList","@id":"https:\/\/www.intoscana.it\/it\/monitoraggio-post-covid\/#breadcrumb","itemListElement":[{"@type":"ListItem","position":1,"name":"Home","item":"https:\/\/www.intoscana.it\/it\/"},{"@type":"ListItem","position":2,"name":"Coronavirus: la Toscana avvia il monitoraggio dei pazienti guariti"}]},{"@type":"WebSite","@id":"https:\/\/www.intoscana.it\/it\/#website","url":"https:\/\/www.intoscana.it\/it\/","name":"intoscana","description":"","potentialAction":[{"@type":"SearchAction","target":{"@type":"EntryPoint","urlTemplate":"https:\/\/www.intoscana.it\/it\/?s={search_term_string}"},"query-input":{"@type":"PropertyValueSpecification","valueRequired":true,"valueName":"search_term_string"}}],"inLanguage":"it-IT"},{"@type":"Person","@id":"https:\/\/www.intoscana.it\/it\/#\/schema\/person\/9223810753230f20bd670fdd322661f8","name":"Redazione","url":"https:\/\/www.intoscana.it\/it\/author\/redazione\/"}]}},"_links":{"self":[{"href":"https:\/\/www.intoscana.it\/it\/wp-json\/wp\/v2\/posts\/145220","targetHints":{"allow":["GET"]}}],"collection":[{"href":"https:\/\/www.intoscana.it\/it\/wp-json\/wp\/v2\/posts"}],"about":[{"href":"https:\/\/www.intoscana.it\/it\/wp-json\/wp\/v2\/types\/post"}],"author":[{"embeddable":true,"href":"https:\/\/www.intoscana.it\/it\/wp-json\/wp\/v2\/users\/525"}],"replies":[{"embeddable":true,"href":"https:\/\/www.intoscana.it\/it\/wp-json\/wp\/v2\/comments?post=145220"}],"version-history":[{"count":0,"href":"https:\/\/www.intoscana.it\/it\/wp-json\/wp\/v2\/posts\/145220\/revisions"}],"wp:featuredmedia":[{"embeddable":true,"href":"https:\/\/www.intoscana.it\/it\/wp-json\/wp\/v2\/media\/145720"}],"wp:attachment":[{"href":"https:\/\/www.intoscana.it\/it\/wp-json\/wp\/v2\/media?parent=145220"}],"wp:term":[{"taxonomy":"category","embeddable":true,"href":"https:\/\/www.intoscana.it\/it\/wp-json\/wp\/v2\/categories?post=145220"},{"taxonomy":"post_tag","embeddable":true,"href":"https:\/\/www.intoscana.it\/it\/wp-json\/wp\/v2\/tags?post=145220"}],"curies":[{"name":"wp","href":"https:\/\/api.w.org\/{rel}","templated":true}]}}