{"id":145226,"date":"2020-06-13T15:45:05","date_gmt":"2020-06-13T13:45:05","guid":{"rendered":"https:\/\/www.intoscana.it\/coronavirus-7-nuovi-casi-2-decessi-13-guarigioni\/"},"modified":"2020-08-10T09:32:12","modified_gmt":"2020-08-10T07:32:12","slug":"coronavirus-dati-13-giugno","status":"publish","type":"post","link":"https:\/\/www.intoscana.it\/it\/coronavirus-dati-13-giugno\/","title":{"rendered":"Coronavirus: 7 nuovi casi, 2 decessi, 13 guarigioni"},"content":{"rendered":"<p><strong>In Toscana sono 10.172 i casi di positivit\u00e0 al Coronavirus, 7 in pi\u00f9 rispetto a ieri.<\/strong> I nuovi casi sono lo 0,07% in pi\u00f9 rispetto al totale del giorno precedente. <strong>I guariti crescono del 0,2% e raggiungono quota 8.588<\/strong> (l&#8217;84,4% dei casi totali). I tamponi eseguiti hanno raggiunto quota 289.524, 2.831 in pi\u00f9 rispetto a ieri, quelli analizzati oggi sono 3.299. Gli attualmente positivi sono oggi 502, -1,6% rispetto a ieri. Si registrano 2 nuovi decessi: 1 uomo e 1 donna, con un&#8217;et\u00e0 media di 89,5 anni.<\/p>\n<p>Di seguito i casi di positivit\u00e0 sul territorio con la variazione rispetto a ieri, ricordando che si riferiscono non alla provincia di residenza ma a quella in cui \u00e8 stata fatta la diagnosi. <strong>Sono 3.504 i casi complessivi ad oggi a Firenze (7 in pi\u00f9 rispetto a ieri),<\/strong> 569 a Prato, 679 a Pistoia, 1.051 a Massa Carrara, 1.366 a Lucca, 897 a Pisa, 557 a Livorno, 679 ad Arezzo, 441 a Siena, 429 a Grosseto. Sono <strong>7 in pi\u00f9 quindi i casi riscontrati oggi nell&#8217;Asl Centro,<\/strong> 0 nella Nord Ovest, 0 nella Sud est.<\/p>\n<p><strong>La Toscana si conferma al 10\u00b0 posto in Italia come numerosit\u00e0 di casi,<\/strong> con circa 273 casi per 100.000 abitanti (media italiana circa 391 x100.000, dato di ieri). Le province di notifica con il tasso pi\u00f9 alto sono <strong>Massa Carrara con 539 casi x100.000 abitanti, Lucca con 352, Firenze con 346, la pi\u00f9 bassa Siena con 165.<\/strong><\/p>\n<p>Complessivamente, <strong>453 persone sono in isolamento a casa, poich\u00e9 presentano sintomi lievi che non richiedono cure ospedaliere, o risultano prive di sintomi<\/strong> (meno 7 rispetto a ieri, meno 1,5%). Sono 3.249 (meno 85 rispetto a ieri, meno 2,5%) le persone, anch&#8217;esse isolate, in sorveglianza attiva perch\u00e9 hanno avuto contatti con persone contagiate (ASL Centro 1.359, Nord Ovest 1.835, Sud Est 55).<\/p>\n<p>Si riducono ancora <strong>le persone ricoverate nei posti letto dedicati ai pazienti Covid che oggi sono complessivamente 49<\/strong>, 1 in meno di ieri (meno 2%) di cui 16 in terapia intensiva (2 in pi\u00f9 rispetto a ieri, pi\u00f9 14,3%). \u00c8 il punto pi\u00f9 basso raggiunto dal 6 marzo 2020 per i ricoveri totali.<\/p>\n<p><strong>Le persone complessivamente guarite salgono a 8.588<\/strong> (pi\u00f9 13 rispetto a ieri, pi\u00f9 0,2%): 594 persone \u201cclinicamente guarite\u201d (meno 71 rispetto a ieri, meno 10,7%), divenute cio\u00e8 asintomatiche dopo aver presentato manifestazioni cliniche associate all&#8217;infezione e 7.994 (pi\u00f9 84 rispetto a ieri, pi\u00f9 1,1%) dichiarate guarite a tutti gli effetti, le cosiddette guarigioni virali, con doppio tampone negativo.<\/p>\n<p><strong>Si registrano 2 nuovi decessi: 1 uomo e 1 donna, con un&#8217;et\u00e0 media di 89,5 anni<\/strong>. Relativamente alla provincia di notifica, <strong>entrambe le persone decedute sono a Lucca<\/strong>. Sono 1.082 i deceduti dall&#8217;inizio dell&#8217;epidemia cosi ripartiti: 395 a Firenze, 49 a Prato, 80 a Pistoia, 162 a Massa Carrara, 138 a Lucca, 89 a Pisa, 61 a Livorno, 46 ad Arezzo, 31 a Siena, 23 a Grosseto, 8 persone sono decedute sul suolo toscano ma erano residenti fuori regione.<\/p>\n<p><strong>Il tasso grezzo di mortalit\u00e0 toscano<\/strong> (numero di deceduti\/popolazione residente)<strong> per Covid-19 \u00e8 di 29 x100.000 residenti contro il 56,7 x100.000 della media italiana<\/strong> (11\u00b0 regione). Per quanto riguarda le province, il tasso di mortalit\u00e0 pi\u00f9 alto si riscontra a Massa Carrara (83,1 x100.000), Firenze (39,1 x100.000) e Lucca (35,6 x100.000), il pi\u00f9 basso a Grosseto (10,4 x100.000).<\/p>\n<p><img decoding=\"async\" alt=\"Schermata 2020-06-13 alle 15.53.11\" style=\"width: 624px;\" title=\"Schermata 2020-06-13 alle 15.53.11\" src=\"https:\/\/www.intoscana.it\/shared\/intoscana\/immagini\/schermata-2020-06-13-alle-15.53.11.png\" \/><\/p>\n","protected":false},"excerpt":{"rendered":"<p>Questi i dati &#8211; accertati alle ore 12 di sabato 13 giugno sulla base delle richieste della Protezione Civile Nazionale &#8211; relativi all&#8217;andamento dell&#8217;epidemia in Toscana<\/p>\n","protected":false},"author":525,"featured_media":145726,"comment_status":"open","ping_status":"open","sticky":false,"template":"","format":"standard","meta":{"_acf_changed":false,"footnotes":""},"categories":[18],"tags":[],"class_list":["post-145226","post","type-post","status-publish","format-standard","has-post-thumbnail","hentry","category-salute"],"acf":[],"yoast_head":"<!-- This site is optimized with the Yoast SEO Premium plugin v24.2 (Yoast SEO v25.6) - https:\/\/yoast.com\/wordpress\/plugins\/seo\/ -->\n<title>Coronavirus: 7 nuovi casi, 2 decessi, 13 guarigioni - intoscana<\/title>\n<meta name=\"robots\" content=\"index, follow, max-snippet:-1, max-image-preview:large, max-video-preview:-1\" \/>\n<link rel=\"canonical\" href=\"https:\/\/www.intoscana.it\/it\/coronavirus-dati-13-giugno\/\" \/>\n<meta property=\"og:locale\" content=\"it_IT\" \/>\n<meta property=\"og:type\" content=\"article\" \/>\n<meta property=\"og:title\" content=\"Coronavirus: 7 nuovi casi, 2 decessi, 13 guarigioni\" \/>\n<meta property=\"og:description\" content=\"Questi i dati - accertati alle ore 12 di sabato 13 giugno sulla base delle richieste della Protezione Civile Nazionale - relativi all&#039;andamento dell&#039;epidemia in Toscana\" \/>\n<meta property=\"og:url\" content=\"https:\/\/www.intoscana.it\/it\/coronavirus-dati-13-giugno\/\" \/>\n<meta property=\"og:site_name\" content=\"intoscana\" \/>\n<meta property=\"article:publisher\" content=\"https:\/\/www.facebook.com\/intoscana.it\" \/>\n<meta property=\"article:published_time\" content=\"2020-06-13T13:45:05+00:00\" \/>\n<meta property=\"article:modified_time\" content=\"2020-08-10T07:32:12+00:00\" \/>\n<meta property=\"og:image\" content=\"https:\/\/www.intoscana.it\/wp-content\/uploads\/covid-felicita-campo-3.jpg\" \/>\n\t<meta property=\"og:image:width\" content=\"1000\" \/>\n\t<meta property=\"og:image:height\" content=\"667\" \/>\n\t<meta property=\"og:image:type\" content=\"image\/jpeg\" \/>\n<meta name=\"author\" content=\"Redazione\" \/>\n<meta name=\"twitter:card\" content=\"summary_large_image\" \/>\n<meta name=\"twitter:creator\" content=\"@intoscana\" \/>\n<meta name=\"twitter:site\" content=\"@intoscana\" \/>\n<meta name=\"twitter:label1\" content=\"Written by\" \/>\n\t<meta name=\"twitter:data1\" content=\"Redazione\" \/>\n\t<meta name=\"twitter:label2\" content=\"Est. reading time\" \/>\n\t<meta name=\"twitter:data2\" content=\"2 minuti\" \/>\n<script type=\"application\/ld+json\" class=\"yoast-schema-graph\">{\"@context\":\"https:\/\/schema.org\",\"@graph\":[{\"@type\":\"WebPage\",\"@id\":\"https:\/\/www.intoscana.it\/it\/coronavirus-dati-13-giugno\/\",\"url\":\"https:\/\/www.intoscana.it\/it\/coronavirus-dati-13-giugno\/\",\"name\":\"Coronavirus: 7 nuovi casi, 2 decessi, 13 guarigioni - intoscana\",\"isPartOf\":{\"@id\":\"https:\/\/www.intoscana.it\/it\/#website\"},\"primaryImageOfPage\":{\"@id\":\"https:\/\/www.intoscana.it\/it\/coronavirus-dati-13-giugno\/#primaryimage\"},\"image\":{\"@id\":\"https:\/\/www.intoscana.it\/it\/coronavirus-dati-13-giugno\/#primaryimage\"},\"thumbnailUrl\":\"https:\/\/www.intoscana.it\/wp-content\/uploads\/covid-felicita-campo-3.jpg\",\"datePublished\":\"2020-06-13T13:45:05+00:00\",\"dateModified\":\"2020-08-10T07:32:12+00:00\",\"author\":{\"@id\":\"https:\/\/www.intoscana.it\/it\/#\/schema\/person\/9223810753230f20bd670fdd322661f8\"},\"breadcrumb\":{\"@id\":\"https:\/\/www.intoscana.it\/it\/coronavirus-dati-13-giugno\/#breadcrumb\"},\"inLanguage\":\"it-IT\",\"potentialAction\":[{\"@type\":\"ReadAction\",\"target\":[\"https:\/\/www.intoscana.it\/it\/coronavirus-dati-13-giugno\/\"]}]},{\"@type\":\"ImageObject\",\"inLanguage\":\"it-IT\",\"@id\":\"https:\/\/www.intoscana.it\/it\/coronavirus-dati-13-giugno\/#primaryimage\",\"url\":\"https:\/\/www.intoscana.it\/wp-content\/uploads\/covid-felicita-campo-3.jpg\",\"contentUrl\":\"https:\/\/www.intoscana.it\/wp-content\/uploads\/covid-felicita-campo-3.jpg\",\"width\":1000,\"height\":667,\"caption\":\"Coronavirus: 7 nuovi casi, 2 decessi, 13 guarigioni\"},{\"@type\":\"BreadcrumbList\",\"@id\":\"https:\/\/www.intoscana.it\/it\/coronavirus-dati-13-giugno\/#breadcrumb\",\"itemListElement\":[{\"@type\":\"ListItem\",\"position\":1,\"name\":\"Home\",\"item\":\"https:\/\/www.intoscana.it\/it\/\"},{\"@type\":\"ListItem\",\"position\":2,\"name\":\"Coronavirus: 7 nuovi casi, 2 decessi, 13 guarigioni\"}]},{\"@type\":\"WebSite\",\"@id\":\"https:\/\/www.intoscana.it\/it\/#website\",\"url\":\"https:\/\/www.intoscana.it\/it\/\",\"name\":\"intoscana\",\"description\":\"\",\"potentialAction\":[{\"@type\":\"SearchAction\",\"target\":{\"@type\":\"EntryPoint\",\"urlTemplate\":\"https:\/\/www.intoscana.it\/it\/?s={search_term_string}\"},\"query-input\":{\"@type\":\"PropertyValueSpecification\",\"valueRequired\":true,\"valueName\":\"search_term_string\"}}],\"inLanguage\":\"it-IT\"},{\"@type\":\"Person\",\"@id\":\"https:\/\/www.intoscana.it\/it\/#\/schema\/person\/9223810753230f20bd670fdd322661f8\",\"name\":\"Redazione\",\"url\":\"https:\/\/www.intoscana.it\/it\/author\/redazione\/\"}]}<\/script>\n<!-- \/ Yoast SEO Premium plugin. -->","yoast_head_json":{"title":"Coronavirus: 7 nuovi casi, 2 decessi, 13 guarigioni - intoscana","robots":{"index":"index","follow":"follow","max-snippet":"max-snippet:-1","max-image-preview":"max-image-preview:large","max-video-preview":"max-video-preview:-1"},"canonical":"https:\/\/www.intoscana.it\/it\/coronavirus-dati-13-giugno\/","og_locale":"it_IT","og_type":"article","og_title":"Coronavirus: 7 nuovi casi, 2 decessi, 13 guarigioni","og_description":"Questi i dati - accertati alle ore 12 di sabato 13 giugno sulla base delle richieste della Protezione Civile Nazionale - relativi all'andamento dell'epidemia in Toscana","og_url":"https:\/\/www.intoscana.it\/it\/coronavirus-dati-13-giugno\/","og_site_name":"intoscana","article_publisher":"https:\/\/www.facebook.com\/intoscana.it","article_published_time":"2020-06-13T13:45:05+00:00","article_modified_time":"2020-08-10T07:32:12+00:00","og_image":[{"width":1000,"height":667,"url":"https:\/\/www.intoscana.it\/wp-content\/uploads\/covid-felicita-campo-3.jpg","type":"image\/jpeg"}],"author":"Redazione","twitter_card":"summary_large_image","twitter_creator":"@intoscana","twitter_site":"@intoscana","twitter_misc":{"Written by":"Redazione","Est. reading time":"2 minuti"},"schema":{"@context":"https:\/\/schema.org","@graph":[{"@type":"WebPage","@id":"https:\/\/www.intoscana.it\/it\/coronavirus-dati-13-giugno\/","url":"https:\/\/www.intoscana.it\/it\/coronavirus-dati-13-giugno\/","name":"Coronavirus: 7 nuovi casi, 2 decessi, 13 guarigioni - intoscana","isPartOf":{"@id":"https:\/\/www.intoscana.it\/it\/#website"},"primaryImageOfPage":{"@id":"https:\/\/www.intoscana.it\/it\/coronavirus-dati-13-giugno\/#primaryimage"},"image":{"@id":"https:\/\/www.intoscana.it\/it\/coronavirus-dati-13-giugno\/#primaryimage"},"thumbnailUrl":"https:\/\/www.intoscana.it\/wp-content\/uploads\/covid-felicita-campo-3.jpg","datePublished":"2020-06-13T13:45:05+00:00","dateModified":"2020-08-10T07:32:12+00:00","author":{"@id":"https:\/\/www.intoscana.it\/it\/#\/schema\/person\/9223810753230f20bd670fdd322661f8"},"breadcrumb":{"@id":"https:\/\/www.intoscana.it\/it\/coronavirus-dati-13-giugno\/#breadcrumb"},"inLanguage":"it-IT","potentialAction":[{"@type":"ReadAction","target":["https:\/\/www.intoscana.it\/it\/coronavirus-dati-13-giugno\/"]}]},{"@type":"ImageObject","inLanguage":"it-IT","@id":"https:\/\/www.intoscana.it\/it\/coronavirus-dati-13-giugno\/#primaryimage","url":"https:\/\/www.intoscana.it\/wp-content\/uploads\/covid-felicita-campo-3.jpg","contentUrl":"https:\/\/www.intoscana.it\/wp-content\/uploads\/covid-felicita-campo-3.jpg","width":1000,"height":667,"caption":"Coronavirus: 7 nuovi casi, 2 decessi, 13 guarigioni"},{"@type":"BreadcrumbList","@id":"https:\/\/www.intoscana.it\/it\/coronavirus-dati-13-giugno\/#breadcrumb","itemListElement":[{"@type":"ListItem","position":1,"name":"Home","item":"https:\/\/www.intoscana.it\/it\/"},{"@type":"ListItem","position":2,"name":"Coronavirus: 7 nuovi casi, 2 decessi, 13 guarigioni"}]},{"@type":"WebSite","@id":"https:\/\/www.intoscana.it\/it\/#website","url":"https:\/\/www.intoscana.it\/it\/","name":"intoscana","description":"","potentialAction":[{"@type":"SearchAction","target":{"@type":"EntryPoint","urlTemplate":"https:\/\/www.intoscana.it\/it\/?s={search_term_string}"},"query-input":{"@type":"PropertyValueSpecification","valueRequired":true,"valueName":"search_term_string"}}],"inLanguage":"it-IT"},{"@type":"Person","@id":"https:\/\/www.intoscana.it\/it\/#\/schema\/person\/9223810753230f20bd670fdd322661f8","name":"Redazione","url":"https:\/\/www.intoscana.it\/it\/author\/redazione\/"}]}},"_links":{"self":[{"href":"https:\/\/www.intoscana.it\/it\/wp-json\/wp\/v2\/posts\/145226","targetHints":{"allow":["GET"]}}],"collection":[{"href":"https:\/\/www.intoscana.it\/it\/wp-json\/wp\/v2\/posts"}],"about":[{"href":"https:\/\/www.intoscana.it\/it\/wp-json\/wp\/v2\/types\/post"}],"author":[{"embeddable":true,"href":"https:\/\/www.intoscana.it\/it\/wp-json\/wp\/v2\/users\/525"}],"replies":[{"embeddable":true,"href":"https:\/\/www.intoscana.it\/it\/wp-json\/wp\/v2\/comments?post=145226"}],"version-history":[{"count":0,"href":"https:\/\/www.intoscana.it\/it\/wp-json\/wp\/v2\/posts\/145226\/revisions"}],"wp:featuredmedia":[{"embeddable":true,"href":"https:\/\/www.intoscana.it\/it\/wp-json\/wp\/v2\/media\/145726"}],"wp:attachment":[{"href":"https:\/\/www.intoscana.it\/it\/wp-json\/wp\/v2\/media?parent=145226"}],"wp:term":[{"taxonomy":"category","embeddable":true,"href":"https:\/\/www.intoscana.it\/it\/wp-json\/wp\/v2\/categories?post=145226"},{"taxonomy":"post_tag","embeddable":true,"href":"https:\/\/www.intoscana.it\/it\/wp-json\/wp\/v2\/tags?post=145226"}],"curies":[{"name":"wp","href":"https:\/\/api.w.org\/{rel}","templated":true}]}}