{"id":145239,"date":"2020-06-11T17:53:51","date_gmt":"2020-06-11T15:53:51","guid":{"rendered":"https:\/\/www.intoscana.it\/lucca-sempre-piu-green-in-arrivo-3mila-nuovi-alberi-in-tre-anni\/"},"modified":"2021-11-18T12:50:58","modified_gmt":"2021-11-18T11:50:58","slug":"tremila-alberi-lucca","status":"publish","type":"post","link":"https:\/\/www.intoscana.it\/it\/tremila-alberi-lucca\/","title":{"rendered":"Lucca sempre pi\u00f9 green: in arrivo 3mila nuovi alberi in tre anni"},"content":{"rendered":"<p><strong>Tremila nuovi alberi nei prossimi tre anni: \u00e8 questo il nuovo piano green varato a Lucca<\/strong> dall&#8217;associazione Talea Aps con il sostegno del Comune, che render\u00e0 la citt\u00e0 sempre pi\u00f9 verde ed ecosostenibile. L&#8217;obiettivo infatti \u00e8<strong>&nbsp;assorbire le emissioni inquinanti e favorire la biodiversit\u00e0. <\/strong><\/p>\n<p>L&#8217;amministrazione comunale ha individuato sette aree che verranno rimboscate con specie arboree autoctone tra cui <strong>pioppi, querce, frassini, aceri e carpini ma anche ciliegi e tigli.<\/strong> Nei prossimi giorni sar\u00e0 approvata un&#8217;apposita manifestazione d&#8217;interesse necessaria a formalizzare la concessione delle aree. <br \/>&#8220;La proposta dell&#8217;associazione Talea e ci ha convinto cos\u00ec tanto che ci siamo subito attivati per favorirne la realizzazione nel pi\u00f9 breve tempo possibile &#8211; sottolinea l&#8217;assessore comunale all&#8217;ambiente Francesco Raspini &#8211; abbiamo censito le aree pi\u00f9 adatte e abbiamo sostenuto l&#8217;idea nei confronti della Fondazione Cassa di risparmio di Lucca e della Fondazione Banca del Monte&#8221;.<\/p>\n<p><img decoding=\"async\" alt=\"piantare-albero-natura-ambiente\" style=\"width: 599px;\" title=\"piantare-albero-natura-ambiente\" src=\"https:\/\/www.intoscana.it\/shared\/intoscana\/immagini\/piantare-albero-natura-ambiente.jpg\" height=\"399\" \/><\/p>\n<p>Per Raffaele Domenici del cda della Fondazione Cassa di risparmio di Lucca, &#8220;il progetto \u00e8 molto importante per il nostro territorio ed \u00e8 meritevole di grande attenzione, per questo lo sosteniamo volentieri. <strong>Il verde \u00e8 nei nostri cuori e rappresenta la vita&#8221;, &#8220;significa salute per i cittadini e cura per i luoghi in cui viviamo<\/strong>&#8220;.<br \/>&#8220;Tendiamo a considerare gli alberi come un arredo, un qualcosa di superfluo, se non addirittura di scomodo quando dobbiamo fare spazio, e dispendioso quando si tratta di fare manutenzione &#8211; osserva Oriano Landucci, presidente della Fondazione Banca del Monte di Lucca -. Cos\u00ec, tralasciamo il fatto che sia una vita, e una vita parte di un tutto che si chiama terra. Per questo, quando abbiamo ricevuto la proposta da parte dell&#8217;associazione Talea, ci siamo voluti attivare subito per rendere possibile questo progetto&#8221;.&nbsp;<\/p>\n","protected":false},"excerpt":{"rendered":"<p>Nelle aree comunali saranno piantate specie come pioppi e querce, ciliegi e tigli, con l&#8217;obiettivo di assorbire le emissioni inquinanti<\/p>\n","protected":false},"author":525,"featured_media":145739,"comment_status":"open","ping_status":"open","sticky":false,"template":"","format":"standard","meta":{"_acf_changed":false,"footnotes":""},"categories":[19],"tags":[3566,177,170],"class_list":["post-145239","post","type-post","status-publish","format-standard","has-post-thumbnail","hentry","category-ambiente","tag-alberi","tag-ambiente","tag-lucca"],"acf":[],"yoast_head":"<!-- This site is optimized with the Yoast SEO Premium plugin v24.2 (Yoast SEO v25.6) - https:\/\/yoast.com\/wordpress\/plugins\/seo\/ -->\n<title>Lucca sempre pi\u00f9 green: in arrivo 3mila nuovi alberi in tre anni - intoscana<\/title>\n<meta name=\"robots\" content=\"index, follow, max-snippet:-1, max-image-preview:large, max-video-preview:-1\" \/>\n<link rel=\"canonical\" href=\"https:\/\/www.intoscana.it\/it\/tremila-alberi-lucca\/\" \/>\n<meta property=\"og:locale\" content=\"it_IT\" \/>\n<meta property=\"og:type\" content=\"article\" \/>\n<meta property=\"og:title\" content=\"Lucca sempre pi\u00f9 green: in arrivo 3mila nuovi alberi in tre anni\" \/>\n<meta property=\"og:description\" content=\"Nelle aree comunali saranno piantate specie come pioppi e querce, ciliegi e tigli, con l&#039;obiettivo di assorbire le emissioni inquinanti\" \/>\n<meta property=\"og:url\" content=\"https:\/\/www.intoscana.it\/it\/tremila-alberi-lucca\/\" \/>\n<meta property=\"og:site_name\" content=\"intoscana\" \/>\n<meta property=\"article:publisher\" content=\"https:\/\/www.facebook.com\/intoscana.it\" \/>\n<meta property=\"article:published_time\" content=\"2020-06-11T15:53:51+00:00\" \/>\n<meta property=\"article:modified_time\" content=\"2021-11-18T11:50:58+00:00\" \/>\n<meta property=\"og:image\" content=\"https:\/\/www.intoscana.it\/wp-content\/uploads\/lucca-visione-aerea-1.jpg\" \/>\n\t<meta property=\"og:image:width\" content=\"1000\" \/>\n\t<meta property=\"og:image:height\" content=\"563\" \/>\n\t<meta property=\"og:image:type\" content=\"image\/jpeg\" \/>\n<meta name=\"author\" content=\"Redazione\" \/>\n<meta name=\"twitter:card\" content=\"summary_large_image\" \/>\n<meta name=\"twitter:creator\" content=\"@intoscana\" \/>\n<meta name=\"twitter:site\" content=\"@intoscana\" \/>\n<meta name=\"twitter:label1\" content=\"Written by\" \/>\n\t<meta name=\"twitter:data1\" content=\"Redazione\" \/>\n\t<meta name=\"twitter:label2\" content=\"Est. reading time\" \/>\n\t<meta name=\"twitter:data2\" content=\"1 minuto\" \/>\n<script type=\"application\/ld+json\" class=\"yoast-schema-graph\">{\"@context\":\"https:\/\/schema.org\",\"@graph\":[{\"@type\":\"WebPage\",\"@id\":\"https:\/\/www.intoscana.it\/it\/tremila-alberi-lucca\/\",\"url\":\"https:\/\/www.intoscana.it\/it\/tremila-alberi-lucca\/\",\"name\":\"Lucca sempre pi\u00f9 green: in arrivo 3mila nuovi alberi in tre anni - intoscana\",\"isPartOf\":{\"@id\":\"https:\/\/www.intoscana.it\/it\/#website\"},\"primaryImageOfPage\":{\"@id\":\"https:\/\/www.intoscana.it\/it\/tremila-alberi-lucca\/#primaryimage\"},\"image\":{\"@id\":\"https:\/\/www.intoscana.it\/it\/tremila-alberi-lucca\/#primaryimage\"},\"thumbnailUrl\":\"https:\/\/www.intoscana.it\/wp-content\/uploads\/lucca-visione-aerea-1.jpg\",\"datePublished\":\"2020-06-11T15:53:51+00:00\",\"dateModified\":\"2021-11-18T11:50:58+00:00\",\"author\":{\"@id\":\"https:\/\/www.intoscana.it\/it\/#\/schema\/person\/9223810753230f20bd670fdd322661f8\"},\"breadcrumb\":{\"@id\":\"https:\/\/www.intoscana.it\/it\/tremila-alberi-lucca\/#breadcrumb\"},\"inLanguage\":\"it-IT\",\"potentialAction\":[{\"@type\":\"ReadAction\",\"target\":[\"https:\/\/www.intoscana.it\/it\/tremila-alberi-lucca\/\"]}]},{\"@type\":\"ImageObject\",\"inLanguage\":\"it-IT\",\"@id\":\"https:\/\/www.intoscana.it\/it\/tremila-alberi-lucca\/#primaryimage\",\"url\":\"https:\/\/www.intoscana.it\/wp-content\/uploads\/lucca-visione-aerea-1.jpg\",\"contentUrl\":\"https:\/\/www.intoscana.it\/wp-content\/uploads\/lucca-visione-aerea-1.jpg\",\"width\":1000,\"height\":563,\"caption\":\"Lucca e le sue mura\"},{\"@type\":\"BreadcrumbList\",\"@id\":\"https:\/\/www.intoscana.it\/it\/tremila-alberi-lucca\/#breadcrumb\",\"itemListElement\":[{\"@type\":\"ListItem\",\"position\":1,\"name\":\"Home\",\"item\":\"https:\/\/www.intoscana.it\/it\/\"},{\"@type\":\"ListItem\",\"position\":2,\"name\":\"Lucca sempre pi\u00f9 green: in arrivo 3mila nuovi alberi in tre anni\"}]},{\"@type\":\"WebSite\",\"@id\":\"https:\/\/www.intoscana.it\/it\/#website\",\"url\":\"https:\/\/www.intoscana.it\/it\/\",\"name\":\"intoscana\",\"description\":\"\",\"potentialAction\":[{\"@type\":\"SearchAction\",\"target\":{\"@type\":\"EntryPoint\",\"urlTemplate\":\"https:\/\/www.intoscana.it\/it\/?s={search_term_string}\"},\"query-input\":{\"@type\":\"PropertyValueSpecification\",\"valueRequired\":true,\"valueName\":\"search_term_string\"}}],\"inLanguage\":\"it-IT\"},{\"@type\":\"Person\",\"@id\":\"https:\/\/www.intoscana.it\/it\/#\/schema\/person\/9223810753230f20bd670fdd322661f8\",\"name\":\"Redazione\",\"url\":\"https:\/\/www.intoscana.it\/it\/author\/redazione\/\"}]}<\/script>\n<!-- \/ Yoast SEO Premium plugin. -->","yoast_head_json":{"title":"Lucca sempre pi\u00f9 green: in arrivo 3mila nuovi alberi in tre anni - intoscana","robots":{"index":"index","follow":"follow","max-snippet":"max-snippet:-1","max-image-preview":"max-image-preview:large","max-video-preview":"max-video-preview:-1"},"canonical":"https:\/\/www.intoscana.it\/it\/tremila-alberi-lucca\/","og_locale":"it_IT","og_type":"article","og_title":"Lucca sempre pi\u00f9 green: in arrivo 3mila nuovi alberi in tre anni","og_description":"Nelle aree comunali saranno piantate specie come pioppi e querce, ciliegi e tigli, con l'obiettivo di assorbire le emissioni inquinanti","og_url":"https:\/\/www.intoscana.it\/it\/tremila-alberi-lucca\/","og_site_name":"intoscana","article_publisher":"https:\/\/www.facebook.com\/intoscana.it","article_published_time":"2020-06-11T15:53:51+00:00","article_modified_time":"2021-11-18T11:50:58+00:00","og_image":[{"width":1000,"height":563,"url":"https:\/\/www.intoscana.it\/wp-content\/uploads\/lucca-visione-aerea-1.jpg","type":"image\/jpeg"}],"author":"Redazione","twitter_card":"summary_large_image","twitter_creator":"@intoscana","twitter_site":"@intoscana","twitter_misc":{"Written by":"Redazione","Est. reading time":"1 minuto"},"schema":{"@context":"https:\/\/schema.org","@graph":[{"@type":"WebPage","@id":"https:\/\/www.intoscana.it\/it\/tremila-alberi-lucca\/","url":"https:\/\/www.intoscana.it\/it\/tremila-alberi-lucca\/","name":"Lucca sempre pi\u00f9 green: in arrivo 3mila nuovi alberi in tre anni - intoscana","isPartOf":{"@id":"https:\/\/www.intoscana.it\/it\/#website"},"primaryImageOfPage":{"@id":"https:\/\/www.intoscana.it\/it\/tremila-alberi-lucca\/#primaryimage"},"image":{"@id":"https:\/\/www.intoscana.it\/it\/tremila-alberi-lucca\/#primaryimage"},"thumbnailUrl":"https:\/\/www.intoscana.it\/wp-content\/uploads\/lucca-visione-aerea-1.jpg","datePublished":"2020-06-11T15:53:51+00:00","dateModified":"2021-11-18T11:50:58+00:00","author":{"@id":"https:\/\/www.intoscana.it\/it\/#\/schema\/person\/9223810753230f20bd670fdd322661f8"},"breadcrumb":{"@id":"https:\/\/www.intoscana.it\/it\/tremila-alberi-lucca\/#breadcrumb"},"inLanguage":"it-IT","potentialAction":[{"@type":"ReadAction","target":["https:\/\/www.intoscana.it\/it\/tremila-alberi-lucca\/"]}]},{"@type":"ImageObject","inLanguage":"it-IT","@id":"https:\/\/www.intoscana.it\/it\/tremila-alberi-lucca\/#primaryimage","url":"https:\/\/www.intoscana.it\/wp-content\/uploads\/lucca-visione-aerea-1.jpg","contentUrl":"https:\/\/www.intoscana.it\/wp-content\/uploads\/lucca-visione-aerea-1.jpg","width":1000,"height":563,"caption":"Lucca e le sue mura"},{"@type":"BreadcrumbList","@id":"https:\/\/www.intoscana.it\/it\/tremila-alberi-lucca\/#breadcrumb","itemListElement":[{"@type":"ListItem","position":1,"name":"Home","item":"https:\/\/www.intoscana.it\/it\/"},{"@type":"ListItem","position":2,"name":"Lucca sempre pi\u00f9 green: in arrivo 3mila nuovi alberi in tre anni"}]},{"@type":"WebSite","@id":"https:\/\/www.intoscana.it\/it\/#website","url":"https:\/\/www.intoscana.it\/it\/","name":"intoscana","description":"","potentialAction":[{"@type":"SearchAction","target":{"@type":"EntryPoint","urlTemplate":"https:\/\/www.intoscana.it\/it\/?s={search_term_string}"},"query-input":{"@type":"PropertyValueSpecification","valueRequired":true,"valueName":"search_term_string"}}],"inLanguage":"it-IT"},{"@type":"Person","@id":"https:\/\/www.intoscana.it\/it\/#\/schema\/person\/9223810753230f20bd670fdd322661f8","name":"Redazione","url":"https:\/\/www.intoscana.it\/it\/author\/redazione\/"}]}},"_links":{"self":[{"href":"https:\/\/www.intoscana.it\/it\/wp-json\/wp\/v2\/posts\/145239","targetHints":{"allow":["GET"]}}],"collection":[{"href":"https:\/\/www.intoscana.it\/it\/wp-json\/wp\/v2\/posts"}],"about":[{"href":"https:\/\/www.intoscana.it\/it\/wp-json\/wp\/v2\/types\/post"}],"author":[{"embeddable":true,"href":"https:\/\/www.intoscana.it\/it\/wp-json\/wp\/v2\/users\/525"}],"replies":[{"embeddable":true,"href":"https:\/\/www.intoscana.it\/it\/wp-json\/wp\/v2\/comments?post=145239"}],"version-history":[{"count":0,"href":"https:\/\/www.intoscana.it\/it\/wp-json\/wp\/v2\/posts\/145239\/revisions"}],"wp:featuredmedia":[{"embeddable":true,"href":"https:\/\/www.intoscana.it\/it\/wp-json\/wp\/v2\/media\/145739"}],"wp:attachment":[{"href":"https:\/\/www.intoscana.it\/it\/wp-json\/wp\/v2\/media?parent=145239"}],"wp:term":[{"taxonomy":"category","embeddable":true,"href":"https:\/\/www.intoscana.it\/it\/wp-json\/wp\/v2\/categories?post=145239"},{"taxonomy":"post_tag","embeddable":true,"href":"https:\/\/www.intoscana.it\/it\/wp-json\/wp\/v2\/tags?post=145239"}],"curies":[{"name":"wp","href":"https:\/\/api.w.org\/{rel}","templated":true}]}}