{"id":145247,"date":"2020-06-17T11:20:10","date_gmt":"2020-06-17T09:20:10","guid":{"rendered":"https:\/\/www.intoscana.it\/bonus-bicicletta-e-boom-di-vendite-ma-sono-finite-le-scorte\/"},"modified":"2020-08-10T09:32:23","modified_gmt":"2020-08-10T07:32:23","slug":"bonus-bici-boom","status":"publish","type":"post","link":"https:\/\/www.intoscana.it\/it\/bonus-bici-boom\/","title":{"rendered":"Bonus bicicletta: \u00e8 boom di vendite, ma sono finite le scorte"},"content":{"rendered":"<p><strong>I dati di Confartigianto Firenze<\/strong> parlano chiaro, grazie al &#8220;<strong>bonus biciclette&#8221;<\/strong> introdotto dal Decreto Rilancio del governo italiano <strong>\u00e8 boom di vendite per il mercato dei pedali,<\/strong> negozi e produttori sono sommersi dalle richieste e i magazzini sono stati svuotati.&nbsp;<\/p>\n<p>\u201cQuello ciclistico \u00e8 un settore che per il commercio e l&#8217;artigianalit\u00e0 del territorio \u00e8 da sempre importante, ma ora \u00e8 anche <strong>uno dei pochi comparti che fanno registrare un segno positivo,<\/strong> con un incremento sia nelle vendite che nella produzione\u201d afferma <strong>Alessandro Sorani, presidente di Confartigianato Firenze.<\/strong> \u201cNonostante un certo scetticismo iniziale, siamo rimasti soddisfatti dal provvedimento non solo per i fatturati dei nostri iscritti ma anche perch\u00e9 questa <strong>pu\u00f2 essere l&#8217;occasione per un approccio diverso sulle politiche ambientali.<\/strong> In questo caso<strong> l&#8217;incentivo \u00e8 doppio: economico e ambientale.<\/strong>\u201d Molti fiorentini hanno approfittato dei contributi statali (il bonus \u00e8 pari al 60% del costo della bicicletta, e il tetto di spesa massimo \u00e8 di 500 euro) per acquistare bici elettriche o tradizionali per muoversi in citt\u00e0. <strong>Ma le scorte sono finite.<\/strong><\/p>\n<p>\u201cLe vendite stanno andando bene, ma <strong>siamo nella situazione paradossale di non riuscire a soddisfare tutte le richieste\u201d<\/strong> racconta<strong> Fabrizio Bemporad di Bike Store Firenze.<\/strong> \u201cNoi siamo specializzati in mountain bike, ma ora vendiamo tutti i modelli, da uomo da donna, soprattutto prodotti per la mobilit\u00e0 urbana. Siamo rimasti senza bici e anche i fornitori e i produttori hanno difficolt\u00e0 a reperirle\u201d.<\/p>\n<p><strong>Anche da Palazzi Group, dove le bici classiche vengono trasformate in mezzi elettrici, da settimane lavorano a ritmi frenetici<\/strong>. \u201cAbbiamo ripreso molto bene il lavoro che si era interrotto, ma i pezzi ora si trovano con difficolt\u00e0 e quel che si trova ha tempi di consegna lunghi, anche di un mese\u201d.<\/p>\n<p><strong>Da Monkey Bike Firenze, di Nicholas e Greta Fugali,<\/strong> dalla riapertura hanno venduto 60 bici, <strong>facendo in un mese il fatturato di vendita che di solito fanno in sei.<\/strong> \u201cE tutto nuovo, mentre di solito si vende solo usato\u201d spiegano i titolari. \u201cMa mancano le bici: ne ho ordinate 18, me ne mandano solo 2\u201d. <strong>I clienti sono tanti, ma poco informati sulle procedure per usufruire del bonus:<\/strong> \u201cChiedono spiegazioni a noi, siamo noi a dare loro le informazioni\u201d raccontano gli artigiani.<\/p>\n","protected":false},"excerpt":{"rendered":"<p>I negozianti si trovano nella situazione paradossale di non riuscire a soddisfare tutte le richieste<\/p>\n","protected":false},"author":525,"featured_media":145747,"comment_status":"open","ping_status":"open","sticky":false,"template":"","format":"standard","meta":{"_acf_changed":false,"footnotes":""},"categories":[494,7],"tags":[],"class_list":["post-145247","post","type-post","status-publish","format-standard","has-post-thumbnail","hentry","category-attualita","category-societa"],"acf":[],"yoast_head":"<!-- This site is optimized with the Yoast SEO Premium plugin v24.2 (Yoast SEO v25.6) - https:\/\/yoast.com\/wordpress\/plugins\/seo\/ -->\n<title>Bonus bicicletta: \u00e8 boom di vendite, ma sono finite le scorte - intoscana<\/title>\n<meta name=\"description\" content=\"Bonus bicicletta: \u00e8 boom di vendite, finite le scorte, i negozianti si trovano nella situazione paradossale di non riuscire a soddisfare tutte le richieste\" \/>\n<meta name=\"robots\" content=\"index, follow, max-snippet:-1, max-image-preview:large, max-video-preview:-1\" \/>\n<link rel=\"canonical\" href=\"https:\/\/www.intoscana.it\/it\/bonus-bici-boom\/\" \/>\n<meta property=\"og:locale\" content=\"it_IT\" \/>\n<meta property=\"og:type\" content=\"article\" \/>\n<meta property=\"og:title\" content=\"Bonus bicicletta: \u00e8 boom di vendite, ma sono finite le scorte\" \/>\n<meta property=\"og:description\" content=\"Bonus bicicletta: \u00e8 boom di vendite, finite le scorte, i negozianti si trovano nella situazione paradossale di non riuscire a soddisfare tutte le richieste\" \/>\n<meta property=\"og:url\" content=\"https:\/\/www.intoscana.it\/it\/bonus-bici-boom\/\" \/>\n<meta property=\"og:site_name\" content=\"intoscana\" \/>\n<meta property=\"article:publisher\" content=\"https:\/\/www.facebook.com\/intoscana.it\" \/>\n<meta property=\"article:published_time\" content=\"2020-06-17T09:20:10+00:00\" \/>\n<meta property=\"article:modified_time\" content=\"2020-08-10T07:32:23+00:00\" \/>\n<meta property=\"og:image\" content=\"https:\/\/www.intoscana.it\/wp-content\/uploads\/shutterstock_703856962-1.jpg\" \/>\n\t<meta property=\"og:image:width\" content=\"2000\" \/>\n\t<meta property=\"og:image:height\" content=\"1333\" \/>\n\t<meta property=\"og:image:type\" content=\"image\/jpeg\" \/>\n<meta name=\"author\" content=\"Redazione\" \/>\n<meta name=\"twitter:card\" content=\"summary_large_image\" \/>\n<meta name=\"twitter:creator\" content=\"@intoscana\" \/>\n<meta name=\"twitter:site\" content=\"@intoscana\" \/>\n<meta name=\"twitter:label1\" content=\"Written by\" \/>\n\t<meta name=\"twitter:data1\" content=\"Redazione\" \/>\n\t<meta name=\"twitter:label2\" content=\"Est. reading time\" \/>\n\t<meta name=\"twitter:data2\" content=\"2 minuti\" \/>\n<script type=\"application\/ld+json\" class=\"yoast-schema-graph\">{\"@context\":\"https:\/\/schema.org\",\"@graph\":[{\"@type\":\"WebPage\",\"@id\":\"https:\/\/www.intoscana.it\/it\/bonus-bici-boom\/\",\"url\":\"https:\/\/www.intoscana.it\/it\/bonus-bici-boom\/\",\"name\":\"Bonus bicicletta: \u00e8 boom di vendite, ma sono finite le scorte - intoscana\",\"isPartOf\":{\"@id\":\"https:\/\/www.intoscana.it\/it\/#website\"},\"primaryImageOfPage\":{\"@id\":\"https:\/\/www.intoscana.it\/it\/bonus-bici-boom\/#primaryimage\"},\"image\":{\"@id\":\"https:\/\/www.intoscana.it\/it\/bonus-bici-boom\/#primaryimage\"},\"thumbnailUrl\":\"https:\/\/www.intoscana.it\/wp-content\/uploads\/shutterstock_703856962-1.jpg\",\"datePublished\":\"2020-06-17T09:20:10+00:00\",\"dateModified\":\"2020-08-10T07:32:23+00:00\",\"author\":{\"@id\":\"https:\/\/www.intoscana.it\/it\/#\/schema\/person\/9223810753230f20bd670fdd322661f8\"},\"description\":\"Bonus bicicletta: \u00e8 boom di vendite, finite le scorte, i negozianti si trovano nella situazione paradossale di non riuscire a soddisfare tutte le richieste\",\"breadcrumb\":{\"@id\":\"https:\/\/www.intoscana.it\/it\/bonus-bici-boom\/#breadcrumb\"},\"inLanguage\":\"it-IT\",\"potentialAction\":[{\"@type\":\"ReadAction\",\"target\":[\"https:\/\/www.intoscana.it\/it\/bonus-bici-boom\/\"]}]},{\"@type\":\"ImageObject\",\"inLanguage\":\"it-IT\",\"@id\":\"https:\/\/www.intoscana.it\/it\/bonus-bici-boom\/#primaryimage\",\"url\":\"https:\/\/www.intoscana.it\/wp-content\/uploads\/shutterstock_703856962-1.jpg\",\"contentUrl\":\"https:\/\/www.intoscana.it\/wp-content\/uploads\/shutterstock_703856962-1.jpg\",\"width\":2000,\"height\":1333,\"caption\":\"Bonus bicicletta\"},{\"@type\":\"BreadcrumbList\",\"@id\":\"https:\/\/www.intoscana.it\/it\/bonus-bici-boom\/#breadcrumb\",\"itemListElement\":[{\"@type\":\"ListItem\",\"position\":1,\"name\":\"Home\",\"item\":\"https:\/\/www.intoscana.it\/it\/\"},{\"@type\":\"ListItem\",\"position\":2,\"name\":\"Bonus bicicletta: \u00e8 boom di vendite, ma sono finite le scorte\"}]},{\"@type\":\"WebSite\",\"@id\":\"https:\/\/www.intoscana.it\/it\/#website\",\"url\":\"https:\/\/www.intoscana.it\/it\/\",\"name\":\"intoscana\",\"description\":\"\",\"potentialAction\":[{\"@type\":\"SearchAction\",\"target\":{\"@type\":\"EntryPoint\",\"urlTemplate\":\"https:\/\/www.intoscana.it\/it\/?s={search_term_string}\"},\"query-input\":{\"@type\":\"PropertyValueSpecification\",\"valueRequired\":true,\"valueName\":\"search_term_string\"}}],\"inLanguage\":\"it-IT\"},{\"@type\":\"Person\",\"@id\":\"https:\/\/www.intoscana.it\/it\/#\/schema\/person\/9223810753230f20bd670fdd322661f8\",\"name\":\"Redazione\",\"url\":\"https:\/\/www.intoscana.it\/it\/author\/redazione\/\"}]}<\/script>\n<!-- \/ Yoast SEO Premium plugin. -->","yoast_head_json":{"title":"Bonus bicicletta: \u00e8 boom di vendite, ma sono finite le scorte - intoscana","description":"Bonus bicicletta: \u00e8 boom di vendite, finite le scorte, i negozianti si trovano nella situazione paradossale di non riuscire a soddisfare tutte le richieste","robots":{"index":"index","follow":"follow","max-snippet":"max-snippet:-1","max-image-preview":"max-image-preview:large","max-video-preview":"max-video-preview:-1"},"canonical":"https:\/\/www.intoscana.it\/it\/bonus-bici-boom\/","og_locale":"it_IT","og_type":"article","og_title":"Bonus bicicletta: \u00e8 boom di vendite, ma sono finite le scorte","og_description":"Bonus bicicletta: \u00e8 boom di vendite, finite le scorte, i negozianti si trovano nella situazione paradossale di non riuscire a soddisfare tutte le richieste","og_url":"https:\/\/www.intoscana.it\/it\/bonus-bici-boom\/","og_site_name":"intoscana","article_publisher":"https:\/\/www.facebook.com\/intoscana.it","article_published_time":"2020-06-17T09:20:10+00:00","article_modified_time":"2020-08-10T07:32:23+00:00","og_image":[{"width":2000,"height":1333,"url":"https:\/\/www.intoscana.it\/wp-content\/uploads\/shutterstock_703856962-1.jpg","type":"image\/jpeg"}],"author":"Redazione","twitter_card":"summary_large_image","twitter_creator":"@intoscana","twitter_site":"@intoscana","twitter_misc":{"Written by":"Redazione","Est. reading time":"2 minuti"},"schema":{"@context":"https:\/\/schema.org","@graph":[{"@type":"WebPage","@id":"https:\/\/www.intoscana.it\/it\/bonus-bici-boom\/","url":"https:\/\/www.intoscana.it\/it\/bonus-bici-boom\/","name":"Bonus bicicletta: \u00e8 boom di vendite, ma sono finite le scorte - intoscana","isPartOf":{"@id":"https:\/\/www.intoscana.it\/it\/#website"},"primaryImageOfPage":{"@id":"https:\/\/www.intoscana.it\/it\/bonus-bici-boom\/#primaryimage"},"image":{"@id":"https:\/\/www.intoscana.it\/it\/bonus-bici-boom\/#primaryimage"},"thumbnailUrl":"https:\/\/www.intoscana.it\/wp-content\/uploads\/shutterstock_703856962-1.jpg","datePublished":"2020-06-17T09:20:10+00:00","dateModified":"2020-08-10T07:32:23+00:00","author":{"@id":"https:\/\/www.intoscana.it\/it\/#\/schema\/person\/9223810753230f20bd670fdd322661f8"},"description":"Bonus bicicletta: \u00e8 boom di vendite, finite le scorte, i negozianti si trovano nella situazione paradossale di non riuscire a soddisfare tutte le richieste","breadcrumb":{"@id":"https:\/\/www.intoscana.it\/it\/bonus-bici-boom\/#breadcrumb"},"inLanguage":"it-IT","potentialAction":[{"@type":"ReadAction","target":["https:\/\/www.intoscana.it\/it\/bonus-bici-boom\/"]}]},{"@type":"ImageObject","inLanguage":"it-IT","@id":"https:\/\/www.intoscana.it\/it\/bonus-bici-boom\/#primaryimage","url":"https:\/\/www.intoscana.it\/wp-content\/uploads\/shutterstock_703856962-1.jpg","contentUrl":"https:\/\/www.intoscana.it\/wp-content\/uploads\/shutterstock_703856962-1.jpg","width":2000,"height":1333,"caption":"Bonus bicicletta"},{"@type":"BreadcrumbList","@id":"https:\/\/www.intoscana.it\/it\/bonus-bici-boom\/#breadcrumb","itemListElement":[{"@type":"ListItem","position":1,"name":"Home","item":"https:\/\/www.intoscana.it\/it\/"},{"@type":"ListItem","position":2,"name":"Bonus bicicletta: \u00e8 boom di vendite, ma sono finite le scorte"}]},{"@type":"WebSite","@id":"https:\/\/www.intoscana.it\/it\/#website","url":"https:\/\/www.intoscana.it\/it\/","name":"intoscana","description":"","potentialAction":[{"@type":"SearchAction","target":{"@type":"EntryPoint","urlTemplate":"https:\/\/www.intoscana.it\/it\/?s={search_term_string}"},"query-input":{"@type":"PropertyValueSpecification","valueRequired":true,"valueName":"search_term_string"}}],"inLanguage":"it-IT"},{"@type":"Person","@id":"https:\/\/www.intoscana.it\/it\/#\/schema\/person\/9223810753230f20bd670fdd322661f8","name":"Redazione","url":"https:\/\/www.intoscana.it\/it\/author\/redazione\/"}]}},"_links":{"self":[{"href":"https:\/\/www.intoscana.it\/it\/wp-json\/wp\/v2\/posts\/145247","targetHints":{"allow":["GET"]}}],"collection":[{"href":"https:\/\/www.intoscana.it\/it\/wp-json\/wp\/v2\/posts"}],"about":[{"href":"https:\/\/www.intoscana.it\/it\/wp-json\/wp\/v2\/types\/post"}],"author":[{"embeddable":true,"href":"https:\/\/www.intoscana.it\/it\/wp-json\/wp\/v2\/users\/525"}],"replies":[{"embeddable":true,"href":"https:\/\/www.intoscana.it\/it\/wp-json\/wp\/v2\/comments?post=145247"}],"version-history":[{"count":0,"href":"https:\/\/www.intoscana.it\/it\/wp-json\/wp\/v2\/posts\/145247\/revisions"}],"wp:featuredmedia":[{"embeddable":true,"href":"https:\/\/www.intoscana.it\/it\/wp-json\/wp\/v2\/media\/145747"}],"wp:attachment":[{"href":"https:\/\/www.intoscana.it\/it\/wp-json\/wp\/v2\/media?parent=145247"}],"wp:term":[{"taxonomy":"category","embeddable":true,"href":"https:\/\/www.intoscana.it\/it\/wp-json\/wp\/v2\/categories?post=145247"},{"taxonomy":"post_tag","embeddable":true,"href":"https:\/\/www.intoscana.it\/it\/wp-json\/wp\/v2\/tags?post=145247"}],"curies":[{"name":"wp","href":"https:\/\/api.w.org\/{rel}","templated":true}]}}