{"id":145291,"date":"2020-07-16T09:59:51","date_gmt":"2020-07-16T07:59:51","guid":{"rendered":"https:\/\/www.intoscana.it\/bus-torna-il-collegamento-casentino-firenze-accolte-le-richieste-dei-cittadini\/"},"modified":"2020-08-10T09:32:50","modified_gmt":"2020-08-10T07:32:50","slug":"collegamento-casentinofirenze","status":"publish","type":"post","link":"https:\/\/www.intoscana.it\/it\/collegamento-casentinofirenze\/","title":{"rendered":"Bus, torna il collegamento Casentino-Firenze: &#8216;Accolte le richieste dei cittadini&#8217;"},"content":{"rendered":"<p>Con l\u2019emergenza Covid e lo stop degli spostamenti casa-lavoro molte corse di bus e treni sono state interrotte. Solo i collegamenti necessari hanno continuato a servire chi, nonostante il lockdown, continuava a lavorare e a muoversi da una citt\u00e0 all\u2019altra.<\/p>\n<p>Ora che il peggio sembra passato e la gran parte delle persone ha ripreso l\u2019attivit\u00e0 lavorativa, anche <strong>treni e bus stanno ripristinando le proprie corse<\/strong>. Dopo la graduale ripresa del servizio ferroviario regionale, anche <strong>il tpl sta tornando ad un\u2019offerta piena<\/strong>.<\/p>\n<p><strong>Da domenica (19 luglio)<\/strong>, ad esempio, con il ripristino delle ultime corse mancanti, <strong>saranno riattivati anche tutti i collegamenti bus Casentino-Firenze.<\/strong><\/p>\n<p>Ad annunciarlo l\u2019assessore a trasporti e infrastrutture, <strong>Vincenzo Ceccarelli<\/strong>: \u201cAbbiamo raccolto le segnalazioni dei cittadini e degli utenti che utilizzano quelle corse e abbiamo chiesto all\u2019azienda che effettua il servizio di ripristinare questi collegamenti al pi\u00f9 presto. Sono molto soddisfatto che gi\u00e0 da domenica prossima i cittadini potranno contare di nuovo su questi servizi&#8221;.<\/p>\n<p>Un graduale ritorno alla normalit\u00e0, insomma, che tiene presente le esigenze dei lavoratori e dei residenti di un\u2019area non facilmente raggiungibile ma dalla quale ogni giorno sono molti i pendolari che si spostano verso Firenze..<\/p>\n<p>Particolarmente richiesta <strong>la corsa che parte da Bibbiena<\/strong> alle ore 16:40 nei giorni feriali e alle ore 17:00 la domenica verso Firenze, molto utilizzata da studenti e lavoratori sia nei giorni lavorativi che la domenica per il ritorno verso il capoluogo.<\/p>\n<p><span style=\"text-decoration: underline;\"><strong>Ecco qui la tabella con gli orari<\/strong><\/span><\/p>\n<p><span style=\"text-decoration: underline;\"><strong><img decoding=\"async\" dir=\"ltr\" style=\"text-decoration: underline; width: 600px; display: block; margin-left: auto; margin-right: auto;\" title=\"orari bus Casentino-Firenze\" src=\"https:\/\/www.intoscana.it\/shared\/intoscana\/immagini\/orari-casentino-bus.jpg\" alt=\"orari bus Casentino-Firenze\" \/><\/strong><\/span><\/p>\n<p>Ricordiamo inoltre, che sono gi\u00e0 stati riattivati anche i servizi ferroviari (in modalit\u00e0 sostitutivo autobus) gestiti dal Gruppo Lfi Spa sulla tratta del Casentino (Arezzo-Pratovecchio\/Stia): &#8220;La scelta di ripristinare i collegamenti festivi \u2013 aveva commenta il presidente del Gruppo Lfi Spa,&nbsp;Maurizio Seri&nbsp;\u2013 \u00e8 stata dettata dalla volont\u00e0 di dare il nostro contributo, in una fase estremamente difficile e delicata sotto il profilo economico a causa delle restrizioni Covid-19, alla ripresa di tutte le attivit\u00e0 turistiche e commerciali del territorio casentinese. Ci\u00f2 \u00e8 reso possibile grazie alla disponibilit\u00e0 del gruppo&nbsp;Tiemme&nbsp;spa, in sicurezza per i passeggeri e per il personale in servizio. Abbiamo previsto un programma di servizi che tenga conto, inizialmente, anche della evoluzione del quadro epidemiologico in corso\u201d.<\/p>\n","protected":false},"excerpt":{"rendered":"<p>Da domenica sar\u00e0 ripristinato il servizio particolarmente sentito dalla cittadinanza che era stato interrotto a causa del Covid. Ceccarelli: &#8216;Abbiamo raccolto le segnalazioni degli utenti&#8217;<\/p>\n","protected":false},"author":525,"featured_media":145791,"comment_status":"open","ping_status":"open","sticky":false,"template":"","format":"standard","meta":{"_acf_changed":false,"footnotes":""},"categories":[494,7],"tags":[418,184],"class_list":["post-145291","post","type-post","status-publish","format-standard","has-post-thumbnail","hentry","category-attualita","category-societa","tag-covid-19","tag-mobilita"],"acf":[],"yoast_head":"<!-- This site is optimized with the Yoast SEO Premium plugin v24.2 (Yoast SEO v25.6) - https:\/\/yoast.com\/wordpress\/plugins\/seo\/ -->\n<title>Bus, torna il collegamento Casentino-Firenze: &#039;Accolte le richieste dei cittadini&#039; - intoscana<\/title>\n<meta name=\"description\" content=\"Ceccarelli: &#039;Abbiamo raccolto le segnalazioni degli utenti&#039;. Torna anche la corsa Bibbiena-Firenze della domenica\" \/>\n<meta name=\"robots\" content=\"index, follow, max-snippet:-1, max-image-preview:large, max-video-preview:-1\" \/>\n<link rel=\"canonical\" href=\"https:\/\/www.intoscana.it\/it\/collegamento-casentinofirenze\/\" \/>\n<meta property=\"og:locale\" content=\"it_IT\" \/>\n<meta property=\"og:type\" content=\"article\" \/>\n<meta property=\"og:title\" content=\"Bus, torna il collegamento Casentino-Firenze: &#039;Accolte le richieste dei cittadini&#039;\" \/>\n<meta property=\"og:description\" content=\"Ceccarelli: &#039;Abbiamo raccolto le segnalazioni degli utenti&#039;. Torna anche la corsa Bibbiena-Firenze della domenica\" \/>\n<meta property=\"og:url\" content=\"https:\/\/www.intoscana.it\/it\/collegamento-casentinofirenze\/\" \/>\n<meta property=\"og:site_name\" content=\"intoscana\" \/>\n<meta property=\"article:publisher\" content=\"https:\/\/www.facebook.com\/intoscana.it\" \/>\n<meta property=\"article:published_time\" content=\"2020-07-16T07:59:51+00:00\" \/>\n<meta property=\"article:modified_time\" content=\"2020-08-10T07:32:50+00:00\" \/>\n<meta property=\"og:image\" content=\"https:\/\/www.intoscana.it\/wp-content\/uploads\/bus-campagna-1.jpg\" \/>\n\t<meta property=\"og:image:width\" content=\"1000\" \/>\n\t<meta property=\"og:image:height\" content=\"667\" \/>\n\t<meta property=\"og:image:type\" content=\"image\/jpeg\" \/>\n<meta name=\"author\" content=\"Redazione\" \/>\n<meta name=\"twitter:card\" content=\"summary_large_image\" \/>\n<meta name=\"twitter:creator\" content=\"@intoscana\" \/>\n<meta name=\"twitter:site\" content=\"@intoscana\" \/>\n<meta name=\"twitter:label1\" content=\"Written by\" \/>\n\t<meta name=\"twitter:data1\" content=\"Redazione\" \/>\n\t<meta name=\"twitter:label2\" content=\"Est. reading time\" \/>\n\t<meta name=\"twitter:data2\" content=\"2 minuti\" \/>\n<script type=\"application\/ld+json\" class=\"yoast-schema-graph\">{\"@context\":\"https:\/\/schema.org\",\"@graph\":[{\"@type\":\"WebPage\",\"@id\":\"https:\/\/www.intoscana.it\/it\/collegamento-casentinofirenze\/\",\"url\":\"https:\/\/www.intoscana.it\/it\/collegamento-casentinofirenze\/\",\"name\":\"Bus, torna il collegamento Casentino-Firenze: 'Accolte le richieste dei cittadini' - intoscana\",\"isPartOf\":{\"@id\":\"https:\/\/www.intoscana.it\/it\/#website\"},\"primaryImageOfPage\":{\"@id\":\"https:\/\/www.intoscana.it\/it\/collegamento-casentinofirenze\/#primaryimage\"},\"image\":{\"@id\":\"https:\/\/www.intoscana.it\/it\/collegamento-casentinofirenze\/#primaryimage\"},\"thumbnailUrl\":\"https:\/\/www.intoscana.it\/wp-content\/uploads\/bus-campagna-1.jpg\",\"datePublished\":\"2020-07-16T07:59:51+00:00\",\"dateModified\":\"2020-08-10T07:32:50+00:00\",\"author\":{\"@id\":\"https:\/\/www.intoscana.it\/it\/#\/schema\/person\/9223810753230f20bd670fdd322661f8\"},\"description\":\"Ceccarelli: 'Abbiamo raccolto le segnalazioni degli utenti'. Torna anche la corsa Bibbiena-Firenze della domenica\",\"breadcrumb\":{\"@id\":\"https:\/\/www.intoscana.it\/it\/collegamento-casentinofirenze\/#breadcrumb\"},\"inLanguage\":\"it-IT\",\"potentialAction\":[{\"@type\":\"ReadAction\",\"target\":[\"https:\/\/www.intoscana.it\/it\/collegamento-casentinofirenze\/\"]}]},{\"@type\":\"ImageObject\",\"inLanguage\":\"it-IT\",\"@id\":\"https:\/\/www.intoscana.it\/it\/collegamento-casentinofirenze\/#primaryimage\",\"url\":\"https:\/\/www.intoscana.it\/wp-content\/uploads\/bus-campagna-1.jpg\",\"contentUrl\":\"https:\/\/www.intoscana.it\/wp-content\/uploads\/bus-campagna-1.jpg\",\"width\":1000,\"height\":667},{\"@type\":\"BreadcrumbList\",\"@id\":\"https:\/\/www.intoscana.it\/it\/collegamento-casentinofirenze\/#breadcrumb\",\"itemListElement\":[{\"@type\":\"ListItem\",\"position\":1,\"name\":\"Home\",\"item\":\"https:\/\/www.intoscana.it\/it\/\"},{\"@type\":\"ListItem\",\"position\":2,\"name\":\"Bus, torna il collegamento Casentino-Firenze: &#8216;Accolte le richieste dei cittadini&#8217;\"}]},{\"@type\":\"WebSite\",\"@id\":\"https:\/\/www.intoscana.it\/it\/#website\",\"url\":\"https:\/\/www.intoscana.it\/it\/\",\"name\":\"intoscana\",\"description\":\"\",\"potentialAction\":[{\"@type\":\"SearchAction\",\"target\":{\"@type\":\"EntryPoint\",\"urlTemplate\":\"https:\/\/www.intoscana.it\/it\/?s={search_term_string}\"},\"query-input\":{\"@type\":\"PropertyValueSpecification\",\"valueRequired\":true,\"valueName\":\"search_term_string\"}}],\"inLanguage\":\"it-IT\"},{\"@type\":\"Person\",\"@id\":\"https:\/\/www.intoscana.it\/it\/#\/schema\/person\/9223810753230f20bd670fdd322661f8\",\"name\":\"Redazione\",\"url\":\"https:\/\/www.intoscana.it\/it\/author\/redazione\/\"}]}<\/script>\n<!-- \/ Yoast SEO Premium plugin. -->","yoast_head_json":{"title":"Bus, torna il collegamento Casentino-Firenze: 'Accolte le richieste dei cittadini' - intoscana","description":"Ceccarelli: 'Abbiamo raccolto le segnalazioni degli utenti'. Torna anche la corsa Bibbiena-Firenze della domenica","robots":{"index":"index","follow":"follow","max-snippet":"max-snippet:-1","max-image-preview":"max-image-preview:large","max-video-preview":"max-video-preview:-1"},"canonical":"https:\/\/www.intoscana.it\/it\/collegamento-casentinofirenze\/","og_locale":"it_IT","og_type":"article","og_title":"Bus, torna il collegamento Casentino-Firenze: 'Accolte le richieste dei cittadini'","og_description":"Ceccarelli: 'Abbiamo raccolto le segnalazioni degli utenti'. Torna anche la corsa Bibbiena-Firenze della domenica","og_url":"https:\/\/www.intoscana.it\/it\/collegamento-casentinofirenze\/","og_site_name":"intoscana","article_publisher":"https:\/\/www.facebook.com\/intoscana.it","article_published_time":"2020-07-16T07:59:51+00:00","article_modified_time":"2020-08-10T07:32:50+00:00","og_image":[{"width":1000,"height":667,"url":"https:\/\/www.intoscana.it\/wp-content\/uploads\/bus-campagna-1.jpg","type":"image\/jpeg"}],"author":"Redazione","twitter_card":"summary_large_image","twitter_creator":"@intoscana","twitter_site":"@intoscana","twitter_misc":{"Written by":"Redazione","Est. reading time":"2 minuti"},"schema":{"@context":"https:\/\/schema.org","@graph":[{"@type":"WebPage","@id":"https:\/\/www.intoscana.it\/it\/collegamento-casentinofirenze\/","url":"https:\/\/www.intoscana.it\/it\/collegamento-casentinofirenze\/","name":"Bus, torna il collegamento Casentino-Firenze: 'Accolte le richieste dei cittadini' - intoscana","isPartOf":{"@id":"https:\/\/www.intoscana.it\/it\/#website"},"primaryImageOfPage":{"@id":"https:\/\/www.intoscana.it\/it\/collegamento-casentinofirenze\/#primaryimage"},"image":{"@id":"https:\/\/www.intoscana.it\/it\/collegamento-casentinofirenze\/#primaryimage"},"thumbnailUrl":"https:\/\/www.intoscana.it\/wp-content\/uploads\/bus-campagna-1.jpg","datePublished":"2020-07-16T07:59:51+00:00","dateModified":"2020-08-10T07:32:50+00:00","author":{"@id":"https:\/\/www.intoscana.it\/it\/#\/schema\/person\/9223810753230f20bd670fdd322661f8"},"description":"Ceccarelli: 'Abbiamo raccolto le segnalazioni degli utenti'. Torna anche la corsa Bibbiena-Firenze della domenica","breadcrumb":{"@id":"https:\/\/www.intoscana.it\/it\/collegamento-casentinofirenze\/#breadcrumb"},"inLanguage":"it-IT","potentialAction":[{"@type":"ReadAction","target":["https:\/\/www.intoscana.it\/it\/collegamento-casentinofirenze\/"]}]},{"@type":"ImageObject","inLanguage":"it-IT","@id":"https:\/\/www.intoscana.it\/it\/collegamento-casentinofirenze\/#primaryimage","url":"https:\/\/www.intoscana.it\/wp-content\/uploads\/bus-campagna-1.jpg","contentUrl":"https:\/\/www.intoscana.it\/wp-content\/uploads\/bus-campagna-1.jpg","width":1000,"height":667},{"@type":"BreadcrumbList","@id":"https:\/\/www.intoscana.it\/it\/collegamento-casentinofirenze\/#breadcrumb","itemListElement":[{"@type":"ListItem","position":1,"name":"Home","item":"https:\/\/www.intoscana.it\/it\/"},{"@type":"ListItem","position":2,"name":"Bus, torna il collegamento Casentino-Firenze: &#8216;Accolte le richieste dei cittadini&#8217;"}]},{"@type":"WebSite","@id":"https:\/\/www.intoscana.it\/it\/#website","url":"https:\/\/www.intoscana.it\/it\/","name":"intoscana","description":"","potentialAction":[{"@type":"SearchAction","target":{"@type":"EntryPoint","urlTemplate":"https:\/\/www.intoscana.it\/it\/?s={search_term_string}"},"query-input":{"@type":"PropertyValueSpecification","valueRequired":true,"valueName":"search_term_string"}}],"inLanguage":"it-IT"},{"@type":"Person","@id":"https:\/\/www.intoscana.it\/it\/#\/schema\/person\/9223810753230f20bd670fdd322661f8","name":"Redazione","url":"https:\/\/www.intoscana.it\/it\/author\/redazione\/"}]}},"_links":{"self":[{"href":"https:\/\/www.intoscana.it\/it\/wp-json\/wp\/v2\/posts\/145291","targetHints":{"allow":["GET"]}}],"collection":[{"href":"https:\/\/www.intoscana.it\/it\/wp-json\/wp\/v2\/posts"}],"about":[{"href":"https:\/\/www.intoscana.it\/it\/wp-json\/wp\/v2\/types\/post"}],"author":[{"embeddable":true,"href":"https:\/\/www.intoscana.it\/it\/wp-json\/wp\/v2\/users\/525"}],"replies":[{"embeddable":true,"href":"https:\/\/www.intoscana.it\/it\/wp-json\/wp\/v2\/comments?post=145291"}],"version-history":[{"count":0,"href":"https:\/\/www.intoscana.it\/it\/wp-json\/wp\/v2\/posts\/145291\/revisions"}],"wp:featuredmedia":[{"embeddable":true,"href":"https:\/\/www.intoscana.it\/it\/wp-json\/wp\/v2\/media\/145791"}],"wp:attachment":[{"href":"https:\/\/www.intoscana.it\/it\/wp-json\/wp\/v2\/media?parent=145291"}],"wp:term":[{"taxonomy":"category","embeddable":true,"href":"https:\/\/www.intoscana.it\/it\/wp-json\/wp\/v2\/categories?post=145291"},{"taxonomy":"post_tag","embeddable":true,"href":"https:\/\/www.intoscana.it\/it\/wp-json\/wp\/v2\/tags?post=145291"}],"curies":[{"name":"wp","href":"https:\/\/api.w.org\/{rel}","templated":true}]}}