{"id":145307,"date":"2020-07-24T10:36:44","date_gmt":"2020-07-24T08:36:44","guid":{"rendered":"https:\/\/www.intoscana.it\/nasce-a-siena-saihub-il-parco-dellintelligenza-artificiale\/"},"modified":"2020-08-10T09:32:57","modified_gmt":"2020-08-10T07:32:57","slug":"siena-parco-saihub","status":"publish","type":"post","link":"https:\/\/www.intoscana.it\/it\/siena-parco-saihub\/","title":{"rendered":"Nasce a Siena &#8216;SAIHUB&#8217; il Parco dell\u2019Intelligenza Artificiale"},"content":{"rendered":"<p><strong>\u00c8 stato costituito il polo tecnologico-scientifico SAIHUB<\/strong>, che crea <strong>una realt\u00e0 unica nel territorio toscano<\/strong> e proietta Siena verso un nuovo modello di sviluppo, sotto il segno dell\u2019<strong>Intelligenza Artificiale,<\/strong> in sinergia con il gi\u00e0 esistente<strong> Parco delle Scienze della Vita.<\/strong> La connessione fra Intelligenza Artificiale e Scienze della Vita porter\u00e0 infatti alla creazione di <strong>un centro integrato di assoluta eccellenza e innovazione<\/strong> e sar\u00e0 la cifra distintiva del SAIHUB, rispetto ad altri incubatori di imprese.<\/p>\n<p>Alla cerimonia per la firma dell\u2019<strong>Accordo di partenariato,<\/strong> tenutasi a Palazzo Sansedoni, sede della <strong>Fondazione Mps<\/strong>, erano presenti, oltre ai vertici dell\u2019Ente Carlo Rossi e Marco Forte, il sindaco del <strong>Comune di Siena<\/strong>, Luigi De Mossi, il rettore dell\u2019<strong>Universit\u00e0 degli Studi di Siena<\/strong>, Francesco Frati, il direttore generale di <strong>Fondazione TLS<\/strong>, Andrea Paolini, il direttore generale di <strong>Confindustria Arezzo-Siena<\/strong>, Antonio Capone e il presidente della <strong>Rete SAIHUB<\/strong>, Ernesto Di Iorio.<\/p>\n<p>Il progetto nasce da un\u2019idea elaborata dalla societ\u00e0 <strong>QuestIT<\/strong>, dalla <strong>Fondazione Monte dei Paschi di Siena, <\/strong>in collaborazione con il<strong> Comune di Siena<\/strong>. La <strong>Fondazione Mps,<\/strong> all\u2019interno del partenariato, rappresenter\u00e0 il principale partner finanziario, sostenendo lo sviluppo di progetti di ricerca inerenti all\u2019Intelligenza Artificiale elaborati dalla rete di imprese <strong>Rete SAIHUB<\/strong> con <strong>Fondazione Toscana Life Sciences e Universit\u00e0 degli Studi di Siena.<\/strong><\/p>\n<p>Il player fondamentale del progetto, \u00e8 rappresentato proprio dalla <strong>Rete SAIHUB<\/strong> costituita, attualmente, da <strong>diciotto imprese italiane<\/strong> nell\u2019ottica di rafforzare la <strong>filiera di eccellenze biotecnologica del contesto senese,<\/strong> ma che guarda in prospettiva anche a molti altri settori sempre ben radicati sul territorio, quali<strong> il sanitario, l\u2019agrifood, il turismo e la cultura <\/strong>e lo sviluppo di tecnologie inerenti all\u2019<strong>economia circolare.<\/strong><\/p>\n<p><strong>La Rete,<\/strong> sempre aperta a nuove adesioni per chi vuole guardare al futuro, condividendo un percorso di crescita nel settore dell\u2019Intelligenza Artificiale,<strong> \u00e8 partecipata, al momento, da imprese che provengono da diverse parti del Paese<\/strong>, quali, Datatellers da Bolzano, Siena Imaging, Readytec, Silog, Sei Toscana, AchilleS Vaccines, Vismederi, Assoservizi, QuestIT, Satus, Lascaux e Zucchetti Centro Sistemi dall\u2019Area Toscana Sud; Ergon e Terranova da Firenze, Imola Informatica e SiS.Ter dalla provincia di Bologna, Hopenly da Modena e Exprivia da Bari.<\/p>\n<p>Un ruolo fondamentale per lo sviluppo del progetto sar\u00e0 svolto anche dal <strong>Comune di Siena,<\/strong> quale ente promotore e regolatore dello sviluppo del proprio territorio, e da Confindustria, con attivit\u00e0 di servizio e supporto nella ricerca di nuove partnership e opportunit\u00e0 di cofinanziamento.<\/p>\n<p>Ulteriore finalit\u00e0 del progetto sar\u00e0, infine, quella di <strong>supportare i dipartimenti universitari <\/strong>coinvolti nell\u2019iniziativa che si occupano di&nbsp;<strong>Biotecnologie mediche, Biotecnologie, chimica e farmacia e Ingegneria dell\u2019informazione<\/strong>&nbsp;e di attivare <strong>corsi di specializzazione<\/strong> con l\u2019obiettivo di formare giovani altamente qualificati da inserire in azienda: in quest\u2019ottica, saranno effettuati <strong>dottorati di ricerca, tirocini e stage formativi<\/strong> presso la rete di imprese.<\/p>\n<p>Il partenariato si avvarr\u00e0 dell\u2019operativit\u00e0 di un Comitato Scientifico, che valider\u00e0 le iniziative individuate dalla Rete, e di un Consiglio di Gestione, il cui Presidente, nominato dalla Fondazione Mps, \u00e8<strong> Valter Fraccaro,<\/strong> esperto in direzione di progetti tecnologici avanzati e complessi, con particolari esperienze professionali nell\u2019ambito delle scienze della vita.<\/p>\n<p><strong>La struttura del polo sorger\u00e0 a Siena, in via Fiorentina,<\/strong> nel parco scientifico di GSK, proprio al fine di favorire lo sviluppo di sinergie e rafforzare la collaborazione tra le imprese della Rete SAIHUB, Fondazione TLS e gli altri partner tecnici del settore delle <strong>biotecnologie.<\/strong><\/p>\n","protected":false},"excerpt":{"rendered":"<p>Firmato a Palazzo Sansedoni l\u2019accordo di partenariato tra la rete di imprese con Fondazione Monte dei Paschi di Siena, Comune di Siena, Universit\u00e0 di Siena, Fondazione Toscana Life Sciences e Confindustria Arezzo \u2013 Siena<\/p>\n","protected":false},"author":525,"featured_media":145807,"comment_status":"open","ping_status":"open","sticky":false,"template":"","format":"standard","meta":{"_acf_changed":false,"footnotes":""},"categories":[475,15],"tags":[],"class_list":["post-145307","post","type-post","status-publish","format-standard","has-post-thumbnail","hentry","category-innovazione","category-tecnologia"],"acf":[],"yoast_head":"<!-- This site is optimized with the Yoast SEO Premium plugin v24.2 (Yoast SEO v25.6) - https:\/\/yoast.com\/wordpress\/plugins\/seo\/ -->\n<title>Nasce a Siena &#039;SAIHUB&#039; il Parco dell\u2019Intelligenza Artificiale - intoscana<\/title>\n<meta name=\"robots\" content=\"index, follow, max-snippet:-1, max-image-preview:large, max-video-preview:-1\" \/>\n<link rel=\"canonical\" href=\"https:\/\/www.intoscana.it\/it\/siena-parco-saihub\/\" \/>\n<meta property=\"og:locale\" content=\"it_IT\" \/>\n<meta property=\"og:type\" content=\"article\" \/>\n<meta property=\"og:title\" content=\"Nasce a Siena &#039;SAIHUB&#039; il Parco dell\u2019Intelligenza Artificiale\" \/>\n<meta property=\"og:description\" content=\"Firmato a Palazzo Sansedoni l\u2019accordo di partenariato tra la rete di imprese con Fondazione Monte dei Paschi di Siena, Comune di Siena, Universit\u00e0 di Siena, Fondazione Toscana Life Sciences e Confindustria Arezzo \u2013 Siena\" \/>\n<meta property=\"og:url\" content=\"https:\/\/www.intoscana.it\/it\/siena-parco-saihub\/\" \/>\n<meta property=\"og:site_name\" content=\"intoscana\" \/>\n<meta property=\"article:publisher\" content=\"https:\/\/www.facebook.com\/intoscana.it\" \/>\n<meta property=\"article:published_time\" content=\"2020-07-24T08:36:44+00:00\" \/>\n<meta property=\"article:modified_time\" content=\"2020-08-10T07:32:57+00:00\" \/>\n<meta property=\"og:image\" content=\"https:\/\/www.intoscana.it\/wp-content\/uploads\/henable1-770x481-6.jpg\" \/>\n\t<meta property=\"og:image:width\" content=\"770\" \/>\n\t<meta property=\"og:image:height\" content=\"481\" \/>\n\t<meta property=\"og:image:type\" content=\"image\/jpeg\" \/>\n<meta name=\"author\" content=\"Redazione\" \/>\n<meta name=\"twitter:card\" content=\"summary_large_image\" \/>\n<meta name=\"twitter:creator\" content=\"@intoscana\" \/>\n<meta name=\"twitter:site\" content=\"@intoscana\" \/>\n<meta name=\"twitter:label1\" content=\"Written by\" \/>\n\t<meta name=\"twitter:data1\" content=\"Redazione\" \/>\n\t<meta name=\"twitter:label2\" content=\"Est. reading time\" \/>\n\t<meta name=\"twitter:data2\" content=\"3 minuti\" \/>\n<script type=\"application\/ld+json\" class=\"yoast-schema-graph\">{\"@context\":\"https:\/\/schema.org\",\"@graph\":[{\"@type\":\"WebPage\",\"@id\":\"https:\/\/www.intoscana.it\/it\/siena-parco-saihub\/\",\"url\":\"https:\/\/www.intoscana.it\/it\/siena-parco-saihub\/\",\"name\":\"Nasce a Siena 'SAIHUB' il Parco dell\u2019Intelligenza Artificiale - intoscana\",\"isPartOf\":{\"@id\":\"https:\/\/www.intoscana.it\/it\/#website\"},\"primaryImageOfPage\":{\"@id\":\"https:\/\/www.intoscana.it\/it\/siena-parco-saihub\/#primaryimage\"},\"image\":{\"@id\":\"https:\/\/www.intoscana.it\/it\/siena-parco-saihub\/#primaryimage\"},\"thumbnailUrl\":\"https:\/\/www.intoscana.it\/wp-content\/uploads\/henable1-770x481-6.jpg\",\"datePublished\":\"2020-07-24T08:36:44+00:00\",\"dateModified\":\"2020-08-10T07:32:57+00:00\",\"author\":{\"@id\":\"https:\/\/www.intoscana.it\/it\/#\/schema\/person\/9223810753230f20bd670fdd322661f8\"},\"breadcrumb\":{\"@id\":\"https:\/\/www.intoscana.it\/it\/siena-parco-saihub\/#breadcrumb\"},\"inLanguage\":\"it-IT\",\"potentialAction\":[{\"@type\":\"ReadAction\",\"target\":[\"https:\/\/www.intoscana.it\/it\/siena-parco-saihub\/\"]}]},{\"@type\":\"ImageObject\",\"inLanguage\":\"it-IT\",\"@id\":\"https:\/\/www.intoscana.it\/it\/siena-parco-saihub\/#primaryimage\",\"url\":\"https:\/\/www.intoscana.it\/wp-content\/uploads\/henable1-770x481-6.jpg\",\"contentUrl\":\"https:\/\/www.intoscana.it\/wp-content\/uploads\/henable1-770x481-6.jpg\",\"width\":770,\"height\":481,\"caption\":\"Nasce a Siena il Parco Scientifico dell\u2019Intelligenza Artificiale\"},{\"@type\":\"BreadcrumbList\",\"@id\":\"https:\/\/www.intoscana.it\/it\/siena-parco-saihub\/#breadcrumb\",\"itemListElement\":[{\"@type\":\"ListItem\",\"position\":1,\"name\":\"Home\",\"item\":\"https:\/\/www.intoscana.it\/it\/\"},{\"@type\":\"ListItem\",\"position\":2,\"name\":\"Nasce a Siena &#8216;SAIHUB&#8217; il Parco dell\u2019Intelligenza Artificiale\"}]},{\"@type\":\"WebSite\",\"@id\":\"https:\/\/www.intoscana.it\/it\/#website\",\"url\":\"https:\/\/www.intoscana.it\/it\/\",\"name\":\"intoscana\",\"description\":\"\",\"potentialAction\":[{\"@type\":\"SearchAction\",\"target\":{\"@type\":\"EntryPoint\",\"urlTemplate\":\"https:\/\/www.intoscana.it\/it\/?s={search_term_string}\"},\"query-input\":{\"@type\":\"PropertyValueSpecification\",\"valueRequired\":true,\"valueName\":\"search_term_string\"}}],\"inLanguage\":\"it-IT\"},{\"@type\":\"Person\",\"@id\":\"https:\/\/www.intoscana.it\/it\/#\/schema\/person\/9223810753230f20bd670fdd322661f8\",\"name\":\"Redazione\",\"url\":\"https:\/\/www.intoscana.it\/it\/author\/redazione\/\"}]}<\/script>\n<!-- \/ Yoast SEO Premium plugin. -->","yoast_head_json":{"title":"Nasce a Siena 'SAIHUB' il Parco dell\u2019Intelligenza Artificiale - intoscana","robots":{"index":"index","follow":"follow","max-snippet":"max-snippet:-1","max-image-preview":"max-image-preview:large","max-video-preview":"max-video-preview:-1"},"canonical":"https:\/\/www.intoscana.it\/it\/siena-parco-saihub\/","og_locale":"it_IT","og_type":"article","og_title":"Nasce a Siena 'SAIHUB' il Parco dell\u2019Intelligenza Artificiale","og_description":"Firmato a Palazzo Sansedoni l\u2019accordo di partenariato tra la rete di imprese con Fondazione Monte dei Paschi di Siena, Comune di Siena, Universit\u00e0 di Siena, Fondazione Toscana Life Sciences e Confindustria Arezzo \u2013 Siena","og_url":"https:\/\/www.intoscana.it\/it\/siena-parco-saihub\/","og_site_name":"intoscana","article_publisher":"https:\/\/www.facebook.com\/intoscana.it","article_published_time":"2020-07-24T08:36:44+00:00","article_modified_time":"2020-08-10T07:32:57+00:00","og_image":[{"width":770,"height":481,"url":"https:\/\/www.intoscana.it\/wp-content\/uploads\/henable1-770x481-6.jpg","type":"image\/jpeg"}],"author":"Redazione","twitter_card":"summary_large_image","twitter_creator":"@intoscana","twitter_site":"@intoscana","twitter_misc":{"Written by":"Redazione","Est. reading time":"3 minuti"},"schema":{"@context":"https:\/\/schema.org","@graph":[{"@type":"WebPage","@id":"https:\/\/www.intoscana.it\/it\/siena-parco-saihub\/","url":"https:\/\/www.intoscana.it\/it\/siena-parco-saihub\/","name":"Nasce a Siena 'SAIHUB' il Parco dell\u2019Intelligenza Artificiale - intoscana","isPartOf":{"@id":"https:\/\/www.intoscana.it\/it\/#website"},"primaryImageOfPage":{"@id":"https:\/\/www.intoscana.it\/it\/siena-parco-saihub\/#primaryimage"},"image":{"@id":"https:\/\/www.intoscana.it\/it\/siena-parco-saihub\/#primaryimage"},"thumbnailUrl":"https:\/\/www.intoscana.it\/wp-content\/uploads\/henable1-770x481-6.jpg","datePublished":"2020-07-24T08:36:44+00:00","dateModified":"2020-08-10T07:32:57+00:00","author":{"@id":"https:\/\/www.intoscana.it\/it\/#\/schema\/person\/9223810753230f20bd670fdd322661f8"},"breadcrumb":{"@id":"https:\/\/www.intoscana.it\/it\/siena-parco-saihub\/#breadcrumb"},"inLanguage":"it-IT","potentialAction":[{"@type":"ReadAction","target":["https:\/\/www.intoscana.it\/it\/siena-parco-saihub\/"]}]},{"@type":"ImageObject","inLanguage":"it-IT","@id":"https:\/\/www.intoscana.it\/it\/siena-parco-saihub\/#primaryimage","url":"https:\/\/www.intoscana.it\/wp-content\/uploads\/henable1-770x481-6.jpg","contentUrl":"https:\/\/www.intoscana.it\/wp-content\/uploads\/henable1-770x481-6.jpg","width":770,"height":481,"caption":"Nasce a Siena il Parco Scientifico dell\u2019Intelligenza Artificiale"},{"@type":"BreadcrumbList","@id":"https:\/\/www.intoscana.it\/it\/siena-parco-saihub\/#breadcrumb","itemListElement":[{"@type":"ListItem","position":1,"name":"Home","item":"https:\/\/www.intoscana.it\/it\/"},{"@type":"ListItem","position":2,"name":"Nasce a Siena &#8216;SAIHUB&#8217; il Parco dell\u2019Intelligenza Artificiale"}]},{"@type":"WebSite","@id":"https:\/\/www.intoscana.it\/it\/#website","url":"https:\/\/www.intoscana.it\/it\/","name":"intoscana","description":"","potentialAction":[{"@type":"SearchAction","target":{"@type":"EntryPoint","urlTemplate":"https:\/\/www.intoscana.it\/it\/?s={search_term_string}"},"query-input":{"@type":"PropertyValueSpecification","valueRequired":true,"valueName":"search_term_string"}}],"inLanguage":"it-IT"},{"@type":"Person","@id":"https:\/\/www.intoscana.it\/it\/#\/schema\/person\/9223810753230f20bd670fdd322661f8","name":"Redazione","url":"https:\/\/www.intoscana.it\/it\/author\/redazione\/"}]}},"_links":{"self":[{"href":"https:\/\/www.intoscana.it\/it\/wp-json\/wp\/v2\/posts\/145307","targetHints":{"allow":["GET"]}}],"collection":[{"href":"https:\/\/www.intoscana.it\/it\/wp-json\/wp\/v2\/posts"}],"about":[{"href":"https:\/\/www.intoscana.it\/it\/wp-json\/wp\/v2\/types\/post"}],"author":[{"embeddable":true,"href":"https:\/\/www.intoscana.it\/it\/wp-json\/wp\/v2\/users\/525"}],"replies":[{"embeddable":true,"href":"https:\/\/www.intoscana.it\/it\/wp-json\/wp\/v2\/comments?post=145307"}],"version-history":[{"count":0,"href":"https:\/\/www.intoscana.it\/it\/wp-json\/wp\/v2\/posts\/145307\/revisions"}],"wp:featuredmedia":[{"embeddable":true,"href":"https:\/\/www.intoscana.it\/it\/wp-json\/wp\/v2\/media\/145807"}],"wp:attachment":[{"href":"https:\/\/www.intoscana.it\/it\/wp-json\/wp\/v2\/media?parent=145307"}],"wp:term":[{"taxonomy":"category","embeddable":true,"href":"https:\/\/www.intoscana.it\/it\/wp-json\/wp\/v2\/categories?post=145307"},{"taxonomy":"post_tag","embeddable":true,"href":"https:\/\/www.intoscana.it\/it\/wp-json\/wp\/v2\/tags?post=145307"}],"curies":[{"name":"wp","href":"https:\/\/api.w.org\/{rel}","templated":true}]}}