{"id":145311,"date":"2020-06-11T08:34:39","date_gmt":"2020-06-11T06:34:39","guid":{"rendered":"https:\/\/www.intoscana.it\/losservatorio-polifunzionale-del-chianti-festeggia-10-anni\/"},"modified":"2020-08-10T09:32:59","modified_gmt":"2020-08-10T07:32:59","slug":"osservatorio-polifunzionale-chianti","status":"publish","type":"post","link":"https:\/\/www.intoscana.it\/it\/osservatorio-polifunzionale-chianti\/","title":{"rendered":"L\u2019Osservatorio polifunzionale del Chianti festeggia 10 anni"},"content":{"rendered":"<p>La comunit\u00e0 di <strong>Barberino Tavarnelle<\/strong> \u00e8 pronta a festeggiare i 10 anni di amore per la scienza dell&#8217;O<strong>sservatorio Polifunzionale del Chianti <\/strong>situato tra le colline della Valdelsa <strong>si staglia uno dei firmamenti pi\u00f9 belli e meno inquinati dalla luce artificiale del mondo<\/strong>. <strong>Venerd\u00ec 12 giugno<\/strong> si celebrer\u00e0 l&#8217;anniversario della struttura polifunzionale, battezzata dalla celebre<strong> signora delle stelle Margherita Hack<\/strong>, visitata negli anni da grandi personaggi del mondo scientifico e culturale come <strong>l\u2019astronauta Paolo Nespoli e il cantante Andrea Bocelli. <\/strong><\/p>\n\n<p><strong>L\u2019Osservatorio, opera pubblica di propriet\u00e0 del Comune di Barberino Tavarnelle,<\/strong> nata per un\u2019iniziativa del gruppo locale di astrofili e coordinata dal responsabile scientifico <strong>l\u2019astrofisico Emanuele Pace,<\/strong> in collaborazione con gli Amici dell\u2019Opc, celebra il suo decennale di vita contemporanea condotta dai moti del cuore e degli astri, <strong>tra passioni, volontariato e progetti di comunit\u00e0<\/strong>. \u201cI dieci anni si compiono fra qualche giorno \u2013 dichiara Emanuele Pace \u2013 in realt\u00e0 inizia il lungo percorso di un anno che si concluder\u00e0 con uno straordinario evento il 12 giugno 2021. <strong>Quindi 10+1 anni di grandi iniziative.<\/strong> Festeggeremo il traguardo raggiunto a cavallo tra il 2020 e il 2021 con <strong>una ricca programmazione di eventi speciali<\/strong>, tesi a promuovere le numerose potenzialit\u00e0 dell\u2019Osservatorio, frutto della collaborazione tra l\u2019Universit\u00e0 e l\u2019amministrazione comunale\u201d.<\/p>\n<p><strong>Le stazioni presenti e attive nell\u2019Osservatorio sono l\u2019agrometerologica, la sismica, l\u2019astronomica, l\u2019ambientale,<\/strong> che spaziano <strong>dalla ricerca scientifica alla didattica, alle opportunit\u00e0 turistico-culturali ai servizi rivolti alla comunit\u00e0<\/strong> e al <strong>mondo agricolo<\/strong>. Tanti i primati raggiunti in questi anni. <strong>L\u2019Osservatorio possiede il telescopio pi\u00f9 grande della Toscana e si colloca tra i pi\u00f9 potenti d\u2019Italia<\/strong> per l\u2019ampiezza dello specchio del diametro che, essendo pari a 80 cm, viene utilizzato per la <strong>ricerca dei pianeti che orbitano intorno ad altre stelle<\/strong> sperando di trovarne di simili alla terra.<\/p>\n<p><strong>L\u2019Osservatorio non \u00e8 solo un sito scientifico ma un luogo aperto, accogliente, accessibile<\/strong>. \u201cTra le imprese pi\u00f9 recenti mi preme segnalare \u2013 conclude il sindaco David Baroncelli \u2013 <strong>il progetto di costruzione del primo laboratorio italiano di tecnologie spaziali per ragazzi.<\/strong> Condivideremo i tanti traguardi raggiunti nel corso dei dieci anni dall\u2019Osservatorio, divenuto luogo di aggregazione e centro di formazione, educazione e crescita culturale per tutte le et\u00e0, insieme a coloro che con tanta dedizione lo hanno coltivato. Un grazie di cuore a tutti ed in particolare al responsabile scientifico, ai volontari, agli astrofili di Barberino Tavarnelle e all\u2019intera comunit\u00e0\u201d. <strong>L\u2019Osservatorio \u00e8 stato realizzato dall\u2019amministrazione comunale con in investimento complessivo pari a circa 400mila euro.<\/strong><\/p>\n<a class=\"fotogallery\" href=\"#modalgallery\" rel=\"modal:open\">sfoglia la gallery <i class=\"fas fa-chevron-right\"><\/i><\/a>\n    <div class=\"modal\" id=\"modalgallery\">\n        <div class=\"gallery\">\n          <div class=\"galleryimg\">\n            <div class=\"slidegallerybig\"> <div class=\"itemimg\">\n            <div class=\"wrapimg\">\n            <img decoding=\"async\" src=\"https:\/\/www.intoscana.it\/wp-content\/uploads\/fullsizeoutput_2d68.jpeg\">\n            <\/div>\n            <\/div> <div class=\"itemimg\">\n            <div class=\"wrapimg\">\n            <img decoding=\"async\" src=\"https:\/\/www.intoscana.it\/wp-content\/uploads\/vista-aerea-2-opc.jpg\">\n            <\/div>\n            <\/div> <div class=\"itemimg\">\n            <div class=\"wrapimg\">\n            <img decoding=\"async\" src=\"https:\/\/www.intoscana.it\/wp-content\/uploads\/fullsizeoutput_2d69.jpeg\">\n            <\/div>\n            <\/div> <div class=\"itemimg\">\n            <div class=\"wrapimg\">\n            <img decoding=\"async\" src=\"https:\/\/www.intoscana.it\/wp-content\/uploads\/fullsizeoutput_2d7b.jpeg\">\n            <\/div>\n            <\/div> <div class=\"itemimg\">\n            <div class=\"wrapimg\">\n            <img decoding=\"async\" src=\"https:\/\/www.intoscana.it\/wp-content\/uploads\/fullsizeoutput_2d8e.jpeg\">\n            <\/div>\n            <\/div> <div class=\"itemimg\">\n            <div class=\"wrapimg\">\n            <img decoding=\"async\" src=\"https:\/\/www.intoscana.it\/wp-content\/uploads\/img_2223.jpg\">\n            <\/div>\n            <\/div> <div class=\"itemimg\">\n            <div class=\"wrapimg\">\n            <img decoding=\"async\" src=\"https:\/\/www.intoscana.it\/wp-content\/uploads\/fullsizeoutput_2d6a.jpeg\">\n            <\/div>\n            <\/div> <div class=\"itemimg\">\n            <div class=\"wrapimg\">\n            <img decoding=\"async\" src=\"https:\/\/www.intoscana.it\/wp-content\/uploads\/img_1095-e1498896422551.jpg\">\n            <\/div>\n            <\/div> <div class=\"itemimg\">\n            <div class=\"wrapimg\">\n            <img decoding=\"async\" src=\"https:\/\/www.intoscana.it\/wp-content\/uploads\/img_1139.jpg\">\n            <\/div>\n            <\/div> <div class=\"itemimg\">\n            <div class=\"wrapimg\">\n            <img decoding=\"async\" src=\"https:\/\/www.intoscana.it\/wp-content\/uploads\/img_1234.jpg\">\n            <\/div>\n            <\/div> <div class=\"itemimg\">\n            <div class=\"wrapimg\">\n            <img decoding=\"async\" src=\"https:\/\/www.intoscana.it\/wp-content\/uploads\/dsc06907.jpg\">\n            <\/div>\n            <\/div> <div class=\"itemimg\">\n            <div class=\"wrapimg\">\n            <img decoding=\"async\" src=\"https:\/\/www.intoscana.it\/wp-content\/uploads\/img_0033.jpg\">\n            <\/div>\n            <\/div> <div class=\"itemimg\">\n            <div class=\"wrapimg\">\n            <img decoding=\"async\" src=\"https:\/\/www.intoscana.it\/wp-content\/uploads\/img_0029.jpg\">\n            <\/div>\n            <\/div> <div class=\"itemimg\">\n            <div class=\"wrapimg\">\n            <img decoding=\"async\" src=\"https:\/\/www.intoscana.it\/wp-content\/uploads\/488-dsc2957_2_160893.jpg\">\n            <\/div>\n            <\/div> <div class=\"itemimg\">\n            <div class=\"wrapimg\">\n            <img decoding=\"async\" src=\"https:\/\/www.intoscana.it\/wp-content\/uploads\/dsc02058.jpg\">\n            <\/div>\n            <\/div> <div class=\"itemimg\">\n            <div class=\"wrapimg\">\n            <img decoding=\"async\" src=\"https:\/\/www.intoscana.it\/wp-content\/uploads\/dsc06871.jpg\">\n            <\/div>\n            <\/div>\n            <\/div>\n          <\/div>\n          <div class=\"asidemenu\">\n            <div class=\"action\">\n              <div class=\"countlidegallery\"><\/div>\n              <div class=\"closegallery\" href=\"#modalgallery\" rel=\"modal:close\"><i class=\"far fa-times\"><\/i><\/div>\n            <\/div>\n            <div class=\"title\">\n              <h2>L\u2019Osservatorio polifunzionale del Chianti festeggia 10 anni<\/h2>\n              <div class=\"socialarticolo\"> \n            <div class=\"contsocialico\">\n              <ul>\n                <li><a target=\"_blank\" href=\"https:\/\/www.facebook.com\/sharer\/sharer.php?u=https:\/\/www.intoscana.it\/it\/osservatorio-polifunzionale-chianti\/\"> <i class=\"fab fa-facebook-f\"><\/i><\/a><\/li>\n                <li><a target=\"_blank\" href=\"https:\/\/twitter.com\/home?status=https:\/\/www.intoscana.it\/it\/osservatorio-polifunzionale-chianti\/\"> <i class=\"fab fa-twitter\"><\/i><\/a><\/li>\n                <li>\n                  <div class=\"shareall\" target=\"_blank\" href=\"\"> <i class=\"fas fa-share-alt\"><\/i><\/div>\n                  <div class=\"sharemore\">\n                    <ul>\n                      <li><a target=\"_blank\" href=\"https:\/\/www.linkedin.com\/shareArticle?url=https:\/\/www.intoscana.it\/it\/osservatorio-polifunzionale-chianti\/\"> <i class=\"fab fa-linkedin\"><\/i><\/a><\/li>\n                      <li><a target=\"_blank\" href=\"http:\/\/www.pinterest.com\/pin\/create\/bookmarklet\/?url=https:\/\/www.intoscana.it\/it\/osservatorio-polifunzionale-chianti\/\"> <i class=\"fab fa-pinterest\"><\/i><\/a><\/li>\n                      <li><a target=\"_blank\" href=\"mailto?subject=L\u2019Osservatorio polifunzionale del Chianti festeggia 10 anni&body=https:\/\/www.intoscana.it\/it\/osservatorio-polifunzionale-chianti\/\"> <i class=\"fas fa-envelope\"><\/i><\/a><\/li>\n                    <\/ul>\n                    <div class=\"closesharemore\">\n                    <i class=\"fas fa-times\"><\/i>\n                    <\/div>\n                  <\/div>\n                <\/li>\n              <\/ul>\n            <\/div>\n          <\/div>\n        <\/div>\n          <\/div>\n        <\/div>\n      <\/div>\n<p><strong>Per informazioni:<\/strong><br \/><strong><a href=\"http:\/\/www.osservatoriochianti.it\">http:\/\/www.osservatoriochianti.it<\/a><\/strong><\/p>\n<p>&nbsp;<\/p>\n","protected":false},"excerpt":{"rendered":"<p>L\u2019osservatorio \u00e8 dotato del pi\u00f9 grande telescopio della Toscana e realizzer\u00e0 il primo laboratorio italiano di tecnologie spaziali per ragazzi<\/p>\n","protected":false},"author":525,"featured_media":145811,"comment_status":"open","ping_status":"open","sticky":false,"template":"","format":"standard","meta":{"_acf_changed":false,"footnotes":""},"categories":[475,15],"tags":[],"class_list":["post-145311","post","type-post","status-publish","format-standard","has-post-thumbnail","hentry","category-innovazione","category-tecnologia"],"acf":[],"yoast_head":"<!-- This site is optimized with the Yoast SEO Premium plugin v24.2 (Yoast SEO v25.6) - https:\/\/yoast.com\/wordpress\/plugins\/seo\/ -->\n<title>L\u2019Osservatorio polifunzionale del Chianti festeggia 10 anni - intoscana<\/title>\n<meta name=\"description\" content=\"Anniversario &#039;stellare&#039; l\u2019Osservatorio polifunzionale del Chianti compie 10 anni il 12 giugno si festeggia il telescopio pi\u00f9 grande d&#039;Italia con tanti eventi\" \/>\n<meta name=\"robots\" content=\"index, follow, max-snippet:-1, max-image-preview:large, max-video-preview:-1\" \/>\n<link rel=\"canonical\" href=\"https:\/\/www.intoscana.it\/it\/osservatorio-polifunzionale-chianti\/\" \/>\n<meta property=\"og:locale\" content=\"it_IT\" \/>\n<meta property=\"og:type\" content=\"article\" \/>\n<meta property=\"og:title\" content=\"L\u2019Osservatorio polifunzionale del Chianti festeggia 10 anni\" \/>\n<meta property=\"og:description\" content=\"Anniversario &#039;stellare&#039; l\u2019Osservatorio polifunzionale del Chianti compie 10 anni il 12 giugno si festeggia il telescopio pi\u00f9 grande d&#039;Italia con tanti eventi\" \/>\n<meta property=\"og:url\" content=\"https:\/\/www.intoscana.it\/it\/osservatorio-polifunzionale-chianti\/\" \/>\n<meta property=\"og:site_name\" content=\"intoscana\" \/>\n<meta property=\"article:publisher\" content=\"https:\/\/www.facebook.com\/intoscana.it\" \/>\n<meta property=\"article:published_time\" content=\"2020-06-11T06:34:39+00:00\" \/>\n<meta property=\"article:modified_time\" content=\"2020-08-10T07:32:59+00:00\" \/>\n<meta property=\"og:image\" content=\"https:\/\/www.intoscana.it\/wp-content\/uploads\/img_0098-1.jpg\" \/>\n\t<meta property=\"og:image:width\" content=\"943\" \/>\n\t<meta property=\"og:image:height\" content=\"529\" \/>\n\t<meta property=\"og:image:type\" content=\"image\/jpeg\" \/>\n<meta name=\"author\" content=\"Redazione\" \/>\n<meta name=\"twitter:card\" content=\"summary_large_image\" \/>\n<meta name=\"twitter:creator\" content=\"@intoscana\" \/>\n<meta name=\"twitter:site\" content=\"@intoscana\" \/>\n<meta name=\"twitter:label1\" content=\"Written by\" \/>\n\t<meta name=\"twitter:data1\" content=\"Redazione\" \/>\n\t<meta name=\"twitter:label2\" content=\"Est. reading time\" \/>\n\t<meta name=\"twitter:data2\" content=\"2 minuti\" \/>\n<script type=\"application\/ld+json\" class=\"yoast-schema-graph\">{\"@context\":\"https:\/\/schema.org\",\"@graph\":[{\"@type\":\"WebPage\",\"@id\":\"https:\/\/www.intoscana.it\/it\/osservatorio-polifunzionale-chianti\/\",\"url\":\"https:\/\/www.intoscana.it\/it\/osservatorio-polifunzionale-chianti\/\",\"name\":\"L\u2019Osservatorio polifunzionale del Chianti festeggia 10 anni - intoscana\",\"isPartOf\":{\"@id\":\"https:\/\/www.intoscana.it\/it\/#website\"},\"primaryImageOfPage\":{\"@id\":\"https:\/\/www.intoscana.it\/it\/osservatorio-polifunzionale-chianti\/#primaryimage\"},\"image\":{\"@id\":\"https:\/\/www.intoscana.it\/it\/osservatorio-polifunzionale-chianti\/#primaryimage\"},\"thumbnailUrl\":\"https:\/\/www.intoscana.it\/wp-content\/uploads\/img_0098-1.jpg\",\"datePublished\":\"2020-06-11T06:34:39+00:00\",\"dateModified\":\"2020-08-10T07:32:59+00:00\",\"author\":{\"@id\":\"https:\/\/www.intoscana.it\/it\/#\/schema\/person\/9223810753230f20bd670fdd322661f8\"},\"description\":\"Anniversario 'stellare' l\u2019Osservatorio polifunzionale del Chianti compie 10 anni il 12 giugno si festeggia il telescopio pi\u00f9 grande d'Italia con tanti eventi\",\"breadcrumb\":{\"@id\":\"https:\/\/www.intoscana.it\/it\/osservatorio-polifunzionale-chianti\/#breadcrumb\"},\"inLanguage\":\"it-IT\",\"potentialAction\":[{\"@type\":\"ReadAction\",\"target\":[\"https:\/\/www.intoscana.it\/it\/osservatorio-polifunzionale-chianti\/\"]}]},{\"@type\":\"ImageObject\",\"inLanguage\":\"it-IT\",\"@id\":\"https:\/\/www.intoscana.it\/it\/osservatorio-polifunzionale-chianti\/#primaryimage\",\"url\":\"https:\/\/www.intoscana.it\/wp-content\/uploads\/img_0098-1.jpg\",\"contentUrl\":\"https:\/\/www.intoscana.it\/wp-content\/uploads\/img_0098-1.jpg\",\"width\":943,\"height\":529,\"caption\":\"Osservatorio polifunzionale del Chianti\"},{\"@type\":\"BreadcrumbList\",\"@id\":\"https:\/\/www.intoscana.it\/it\/osservatorio-polifunzionale-chianti\/#breadcrumb\",\"itemListElement\":[{\"@type\":\"ListItem\",\"position\":1,\"name\":\"Home\",\"item\":\"https:\/\/www.intoscana.it\/it\/\"},{\"@type\":\"ListItem\",\"position\":2,\"name\":\"L\u2019Osservatorio polifunzionale del Chianti festeggia 10 anni\"}]},{\"@type\":\"WebSite\",\"@id\":\"https:\/\/www.intoscana.it\/it\/#website\",\"url\":\"https:\/\/www.intoscana.it\/it\/\",\"name\":\"intoscana\",\"description\":\"\",\"potentialAction\":[{\"@type\":\"SearchAction\",\"target\":{\"@type\":\"EntryPoint\",\"urlTemplate\":\"https:\/\/www.intoscana.it\/it\/?s={search_term_string}\"},\"query-input\":{\"@type\":\"PropertyValueSpecification\",\"valueRequired\":true,\"valueName\":\"search_term_string\"}}],\"inLanguage\":\"it-IT\"},{\"@type\":\"Person\",\"@id\":\"https:\/\/www.intoscana.it\/it\/#\/schema\/person\/9223810753230f20bd670fdd322661f8\",\"name\":\"Redazione\",\"url\":\"https:\/\/www.intoscana.it\/it\/author\/redazione\/\"}]}<\/script>\n<!-- \/ Yoast SEO Premium plugin. -->","yoast_head_json":{"title":"L\u2019Osservatorio polifunzionale del Chianti festeggia 10 anni - intoscana","description":"Anniversario 'stellare' l\u2019Osservatorio polifunzionale del Chianti compie 10 anni il 12 giugno si festeggia il telescopio pi\u00f9 grande d'Italia con tanti eventi","robots":{"index":"index","follow":"follow","max-snippet":"max-snippet:-1","max-image-preview":"max-image-preview:large","max-video-preview":"max-video-preview:-1"},"canonical":"https:\/\/www.intoscana.it\/it\/osservatorio-polifunzionale-chianti\/","og_locale":"it_IT","og_type":"article","og_title":"L\u2019Osservatorio polifunzionale del Chianti festeggia 10 anni","og_description":"Anniversario 'stellare' l\u2019Osservatorio polifunzionale del Chianti compie 10 anni il 12 giugno si festeggia il telescopio pi\u00f9 grande d'Italia con tanti eventi","og_url":"https:\/\/www.intoscana.it\/it\/osservatorio-polifunzionale-chianti\/","og_site_name":"intoscana","article_publisher":"https:\/\/www.facebook.com\/intoscana.it","article_published_time":"2020-06-11T06:34:39+00:00","article_modified_time":"2020-08-10T07:32:59+00:00","og_image":[{"width":943,"height":529,"url":"https:\/\/www.intoscana.it\/wp-content\/uploads\/img_0098-1.jpg","type":"image\/jpeg"}],"author":"Redazione","twitter_card":"summary_large_image","twitter_creator":"@intoscana","twitter_site":"@intoscana","twitter_misc":{"Written by":"Redazione","Est. reading time":"2 minuti"},"schema":{"@context":"https:\/\/schema.org","@graph":[{"@type":"WebPage","@id":"https:\/\/www.intoscana.it\/it\/osservatorio-polifunzionale-chianti\/","url":"https:\/\/www.intoscana.it\/it\/osservatorio-polifunzionale-chianti\/","name":"L\u2019Osservatorio polifunzionale del Chianti festeggia 10 anni - intoscana","isPartOf":{"@id":"https:\/\/www.intoscana.it\/it\/#website"},"primaryImageOfPage":{"@id":"https:\/\/www.intoscana.it\/it\/osservatorio-polifunzionale-chianti\/#primaryimage"},"image":{"@id":"https:\/\/www.intoscana.it\/it\/osservatorio-polifunzionale-chianti\/#primaryimage"},"thumbnailUrl":"https:\/\/www.intoscana.it\/wp-content\/uploads\/img_0098-1.jpg","datePublished":"2020-06-11T06:34:39+00:00","dateModified":"2020-08-10T07:32:59+00:00","author":{"@id":"https:\/\/www.intoscana.it\/it\/#\/schema\/person\/9223810753230f20bd670fdd322661f8"},"description":"Anniversario 'stellare' l\u2019Osservatorio polifunzionale del Chianti compie 10 anni il 12 giugno si festeggia il telescopio pi\u00f9 grande d'Italia con tanti eventi","breadcrumb":{"@id":"https:\/\/www.intoscana.it\/it\/osservatorio-polifunzionale-chianti\/#breadcrumb"},"inLanguage":"it-IT","potentialAction":[{"@type":"ReadAction","target":["https:\/\/www.intoscana.it\/it\/osservatorio-polifunzionale-chianti\/"]}]},{"@type":"ImageObject","inLanguage":"it-IT","@id":"https:\/\/www.intoscana.it\/it\/osservatorio-polifunzionale-chianti\/#primaryimage","url":"https:\/\/www.intoscana.it\/wp-content\/uploads\/img_0098-1.jpg","contentUrl":"https:\/\/www.intoscana.it\/wp-content\/uploads\/img_0098-1.jpg","width":943,"height":529,"caption":"Osservatorio polifunzionale del Chianti"},{"@type":"BreadcrumbList","@id":"https:\/\/www.intoscana.it\/it\/osservatorio-polifunzionale-chianti\/#breadcrumb","itemListElement":[{"@type":"ListItem","position":1,"name":"Home","item":"https:\/\/www.intoscana.it\/it\/"},{"@type":"ListItem","position":2,"name":"L\u2019Osservatorio polifunzionale del Chianti festeggia 10 anni"}]},{"@type":"WebSite","@id":"https:\/\/www.intoscana.it\/it\/#website","url":"https:\/\/www.intoscana.it\/it\/","name":"intoscana","description":"","potentialAction":[{"@type":"SearchAction","target":{"@type":"EntryPoint","urlTemplate":"https:\/\/www.intoscana.it\/it\/?s={search_term_string}"},"query-input":{"@type":"PropertyValueSpecification","valueRequired":true,"valueName":"search_term_string"}}],"inLanguage":"it-IT"},{"@type":"Person","@id":"https:\/\/www.intoscana.it\/it\/#\/schema\/person\/9223810753230f20bd670fdd322661f8","name":"Redazione","url":"https:\/\/www.intoscana.it\/it\/author\/redazione\/"}]}},"_links":{"self":[{"href":"https:\/\/www.intoscana.it\/it\/wp-json\/wp\/v2\/posts\/145311","targetHints":{"allow":["GET"]}}],"collection":[{"href":"https:\/\/www.intoscana.it\/it\/wp-json\/wp\/v2\/posts"}],"about":[{"href":"https:\/\/www.intoscana.it\/it\/wp-json\/wp\/v2\/types\/post"}],"author":[{"embeddable":true,"href":"https:\/\/www.intoscana.it\/it\/wp-json\/wp\/v2\/users\/525"}],"replies":[{"embeddable":true,"href":"https:\/\/www.intoscana.it\/it\/wp-json\/wp\/v2\/comments?post=145311"}],"version-history":[{"count":0,"href":"https:\/\/www.intoscana.it\/it\/wp-json\/wp\/v2\/posts\/145311\/revisions"}],"wp:featuredmedia":[{"embeddable":true,"href":"https:\/\/www.intoscana.it\/it\/wp-json\/wp\/v2\/media\/145811"}],"wp:attachment":[{"href":"https:\/\/www.intoscana.it\/it\/wp-json\/wp\/v2\/media?parent=145311"}],"wp:term":[{"taxonomy":"category","embeddable":true,"href":"https:\/\/www.intoscana.it\/it\/wp-json\/wp\/v2\/categories?post=145311"},{"taxonomy":"post_tag","embeddable":true,"href":"https:\/\/www.intoscana.it\/it\/wp-json\/wp\/v2\/tags?post=145311"}],"curies":[{"name":"wp","href":"https:\/\/api.w.org\/{rel}","templated":true}]}}