{"id":145316,"date":"2020-06-19T11:17:25","date_gmt":"2020-06-19T09:17:25","guid":{"rendered":"https:\/\/www.intoscana.it\/a-empoli-una-app-per-prenotare-la-sala-lettura-in-biblioteca\/"},"modified":"2020-08-10T09:33:02","modified_gmt":"2020-08-10T07:33:02","slug":"app-biblioteca-empoli","status":"publish","type":"post","link":"https:\/\/www.intoscana.it\/it\/app-biblioteca-empoli\/","title":{"rendered":"A Empoli una App per prenotare la sala lettura in biblioteca"},"content":{"rendered":"<p><span class=\"titolonotizia\"><strong>La biblioteca Renato Fucini di Empoli riapre le sue sale studio in tutta sicurezza grazie a una App<\/strong> in grado di dire all&#8217;utente se c&#8217;\u00e8 posto e prenotarlo in tempo reale.&nbsp;<\/span><span class=\"sommario\">Da luned\u00ec 22 giugno infatti la biblioteca <strong>riapre le sale studio, le postaziooni pc, la sezione ragazzi e anche il servizio di consultazione dei testi.&nbsp;<\/strong><\/span><br \/>Questo ampliamento degli spazi e dei servizi della biblioteca avviene nel rispetto delle regole e delle disposizioni contenute nelle ordinanze regionali e nelle linee guida per l\u2019accesso e la riapertura delle sale nelle biblioteche, per garantire la massima sicurezza a tutti gli utenti e al personale in servizio.<br \/><strong>Saranno a disposizione una settantina di posti, fra cui 3 per la sala pc e 8 per gli under 14.<\/strong><\/p>\n<p>&#8220;Un altro passo verso il ritorno alla normalit\u00e0. Tornare a studiare in biblioteca, tornare a consultare un libro alla Fucini. Sembra poco, ma pensando a tre mesi fa \u00e8 gi\u00e0 molto \u2013 sottolinea l\u2019assessore alla cultura del Comune di Empoli, Giulia Terreni \u2013 e comunque anche in questa situazione di emergenza i bibliotecari si sono dimostrati innovativi. P<strong>rima puntando sui social network per divulgare cultura durante il lockdown, ora proponendo una App che potr\u00e0 servire anche in futuro per regolamentare gli ingressi e organizzarli ancora meglio<\/strong>.&#8221;<\/p>\n<p>La novit\u00e0 pi\u00f9 importante di questa nuova fase di apertura \u00e8 quindi l\u2019obbligo di prenotazione del posto nelle sale studio e in mediateca. <strong>Le prenotazioni avverranno a partire da luned\u00ec 22 giugno telefonicamente oppure tramite l\u2019utilizzo del software<a href=\"http:\/\/www.affluences.com\" target=\"_blank\" rel=\"noopener noreferrer\"> Affluences<\/a>: l\u2019app mobile Affluences \u00e8 gratuita<\/strong>, priva di pubblicit\u00e0 ed \u00e8 liberamente scaricabile da App Store e Google Play.<br \/>Sar\u00e0 possibile prenotarsi da sette giorni ad un\u2019ora prima; per le sale studio i turni prenotabili sono di 2, 3 e 4 ore, per un massimo di 24 ore settimanali. Per le postazioni pc il limite \u00e8 di un\u2019ora al giorno. <br \/>Si potr\u00e0 entrare in biblioteca solo con mascherina protettiva, previa misurazione della temperature corpoera con il termoscanner.<\/p>\n","protected":false},"excerpt":{"rendered":"<p>Dal 22 giugno si pu\u00f2 tornare a studiare in sicurezza alla biblioteca Renato Fucini ma c&#8217;\u00e8 l&#8217;obbligo di fissare il proprio posto usando l&#8217;applicazione Affluences oppure telefonando<\/p>\n","protected":false},"author":525,"featured_media":145816,"comment_status":"open","ping_status":"open","sticky":false,"template":"","format":"standard","meta":{"_acf_changed":false,"footnotes":""},"categories":[475,15],"tags":[352,141],"class_list":["post-145316","post","type-post","status-publish","format-standard","has-post-thumbnail","hentry","category-innovazione","category-tecnologia","tag-app","tag-tecnologia"],"acf":[],"yoast_head":"<!-- This site is optimized with the Yoast SEO Premium plugin v24.2 (Yoast SEO v25.6) - https:\/\/yoast.com\/wordpress\/plugins\/seo\/ -->\n<title>A Empoli una App per prenotare la sala lettura in biblioteca - intoscana<\/title>\n<meta name=\"robots\" content=\"index, follow, max-snippet:-1, max-image-preview:large, max-video-preview:-1\" \/>\n<link rel=\"canonical\" href=\"https:\/\/www.intoscana.it\/it\/app-biblioteca-empoli\/\" \/>\n<meta property=\"og:locale\" content=\"it_IT\" \/>\n<meta property=\"og:type\" content=\"article\" \/>\n<meta property=\"og:title\" content=\"A Empoli una App per prenotare la sala lettura in biblioteca\" \/>\n<meta property=\"og:description\" content=\"Dal 22 giugno si pu\u00f2 tornare a studiare in sicurezza alla biblioteca Renato Fucini ma c&#039;\u00e8 l&#039;obbligo di fissare il proprio posto usando l&#039;applicazione Affluences oppure telefonando\" \/>\n<meta property=\"og:url\" content=\"https:\/\/www.intoscana.it\/it\/app-biblioteca-empoli\/\" \/>\n<meta property=\"og:site_name\" content=\"intoscana\" \/>\n<meta property=\"article:publisher\" content=\"https:\/\/www.facebook.com\/intoscana.it\" \/>\n<meta property=\"article:published_time\" content=\"2020-06-19T09:17:25+00:00\" \/>\n<meta property=\"article:modified_time\" content=\"2020-08-10T07:33:02+00:00\" \/>\n<meta property=\"og:image\" content=\"https:\/\/www.intoscana.it\/wp-content\/uploads\/smartphone-telefono-app-3.jpg\" \/>\n\t<meta property=\"og:image:width\" content=\"1000\" \/>\n\t<meta property=\"og:image:height\" content=\"668\" \/>\n\t<meta property=\"og:image:type\" content=\"image\/jpeg\" \/>\n<meta name=\"author\" content=\"Redazione\" \/>\n<meta name=\"twitter:card\" content=\"summary_large_image\" \/>\n<meta name=\"twitter:creator\" content=\"@intoscana\" \/>\n<meta name=\"twitter:site\" content=\"@intoscana\" \/>\n<meta name=\"twitter:label1\" content=\"Written by\" \/>\n\t<meta name=\"twitter:data1\" content=\"Redazione\" \/>\n\t<meta name=\"twitter:label2\" content=\"Est. reading time\" \/>\n\t<meta name=\"twitter:data2\" content=\"2 minuti\" \/>\n<script type=\"application\/ld+json\" class=\"yoast-schema-graph\">{\"@context\":\"https:\/\/schema.org\",\"@graph\":[{\"@type\":\"WebPage\",\"@id\":\"https:\/\/www.intoscana.it\/it\/app-biblioteca-empoli\/\",\"url\":\"https:\/\/www.intoscana.it\/it\/app-biblioteca-empoli\/\",\"name\":\"A Empoli una App per prenotare la sala lettura in biblioteca - intoscana\",\"isPartOf\":{\"@id\":\"https:\/\/www.intoscana.it\/it\/#website\"},\"primaryImageOfPage\":{\"@id\":\"https:\/\/www.intoscana.it\/it\/app-biblioteca-empoli\/#primaryimage\"},\"image\":{\"@id\":\"https:\/\/www.intoscana.it\/it\/app-biblioteca-empoli\/#primaryimage\"},\"thumbnailUrl\":\"https:\/\/www.intoscana.it\/wp-content\/uploads\/smartphone-telefono-app-3.jpg\",\"datePublished\":\"2020-06-19T09:17:25+00:00\",\"dateModified\":\"2020-08-10T07:33:02+00:00\",\"author\":{\"@id\":\"https:\/\/www.intoscana.it\/it\/#\/schema\/person\/9223810753230f20bd670fdd322661f8\"},\"breadcrumb\":{\"@id\":\"https:\/\/www.intoscana.it\/it\/app-biblioteca-empoli\/#breadcrumb\"},\"inLanguage\":\"it-IT\",\"potentialAction\":[{\"@type\":\"ReadAction\",\"target\":[\"https:\/\/www.intoscana.it\/it\/app-biblioteca-empoli\/\"]}]},{\"@type\":\"ImageObject\",\"inLanguage\":\"it-IT\",\"@id\":\"https:\/\/www.intoscana.it\/it\/app-biblioteca-empoli\/#primaryimage\",\"url\":\"https:\/\/www.intoscana.it\/wp-content\/uploads\/smartphone-telefono-app-3.jpg\",\"contentUrl\":\"https:\/\/www.intoscana.it\/wp-content\/uploads\/smartphone-telefono-app-3.jpg\",\"width\":1000,\"height\":668},{\"@type\":\"BreadcrumbList\",\"@id\":\"https:\/\/www.intoscana.it\/it\/app-biblioteca-empoli\/#breadcrumb\",\"itemListElement\":[{\"@type\":\"ListItem\",\"position\":1,\"name\":\"Home\",\"item\":\"https:\/\/www.intoscana.it\/it\/\"},{\"@type\":\"ListItem\",\"position\":2,\"name\":\"A Empoli una App per prenotare la sala lettura in biblioteca\"}]},{\"@type\":\"WebSite\",\"@id\":\"https:\/\/www.intoscana.it\/it\/#website\",\"url\":\"https:\/\/www.intoscana.it\/it\/\",\"name\":\"intoscana\",\"description\":\"\",\"potentialAction\":[{\"@type\":\"SearchAction\",\"target\":{\"@type\":\"EntryPoint\",\"urlTemplate\":\"https:\/\/www.intoscana.it\/it\/?s={search_term_string}\"},\"query-input\":{\"@type\":\"PropertyValueSpecification\",\"valueRequired\":true,\"valueName\":\"search_term_string\"}}],\"inLanguage\":\"it-IT\"},{\"@type\":\"Person\",\"@id\":\"https:\/\/www.intoscana.it\/it\/#\/schema\/person\/9223810753230f20bd670fdd322661f8\",\"name\":\"Redazione\",\"url\":\"https:\/\/www.intoscana.it\/it\/author\/redazione\/\"}]}<\/script>\n<!-- \/ Yoast SEO Premium plugin. -->","yoast_head_json":{"title":"A Empoli una App per prenotare la sala lettura in biblioteca - intoscana","robots":{"index":"index","follow":"follow","max-snippet":"max-snippet:-1","max-image-preview":"max-image-preview:large","max-video-preview":"max-video-preview:-1"},"canonical":"https:\/\/www.intoscana.it\/it\/app-biblioteca-empoli\/","og_locale":"it_IT","og_type":"article","og_title":"A Empoli una App per prenotare la sala lettura in biblioteca","og_description":"Dal 22 giugno si pu\u00f2 tornare a studiare in sicurezza alla biblioteca Renato Fucini ma c'\u00e8 l'obbligo di fissare il proprio posto usando l'applicazione Affluences oppure telefonando","og_url":"https:\/\/www.intoscana.it\/it\/app-biblioteca-empoli\/","og_site_name":"intoscana","article_publisher":"https:\/\/www.facebook.com\/intoscana.it","article_published_time":"2020-06-19T09:17:25+00:00","article_modified_time":"2020-08-10T07:33:02+00:00","og_image":[{"width":1000,"height":668,"url":"https:\/\/www.intoscana.it\/wp-content\/uploads\/smartphone-telefono-app-3.jpg","type":"image\/jpeg"}],"author":"Redazione","twitter_card":"summary_large_image","twitter_creator":"@intoscana","twitter_site":"@intoscana","twitter_misc":{"Written by":"Redazione","Est. reading time":"2 minuti"},"schema":{"@context":"https:\/\/schema.org","@graph":[{"@type":"WebPage","@id":"https:\/\/www.intoscana.it\/it\/app-biblioteca-empoli\/","url":"https:\/\/www.intoscana.it\/it\/app-biblioteca-empoli\/","name":"A Empoli una App per prenotare la sala lettura in biblioteca - intoscana","isPartOf":{"@id":"https:\/\/www.intoscana.it\/it\/#website"},"primaryImageOfPage":{"@id":"https:\/\/www.intoscana.it\/it\/app-biblioteca-empoli\/#primaryimage"},"image":{"@id":"https:\/\/www.intoscana.it\/it\/app-biblioteca-empoli\/#primaryimage"},"thumbnailUrl":"https:\/\/www.intoscana.it\/wp-content\/uploads\/smartphone-telefono-app-3.jpg","datePublished":"2020-06-19T09:17:25+00:00","dateModified":"2020-08-10T07:33:02+00:00","author":{"@id":"https:\/\/www.intoscana.it\/it\/#\/schema\/person\/9223810753230f20bd670fdd322661f8"},"breadcrumb":{"@id":"https:\/\/www.intoscana.it\/it\/app-biblioteca-empoli\/#breadcrumb"},"inLanguage":"it-IT","potentialAction":[{"@type":"ReadAction","target":["https:\/\/www.intoscana.it\/it\/app-biblioteca-empoli\/"]}]},{"@type":"ImageObject","inLanguage":"it-IT","@id":"https:\/\/www.intoscana.it\/it\/app-biblioteca-empoli\/#primaryimage","url":"https:\/\/www.intoscana.it\/wp-content\/uploads\/smartphone-telefono-app-3.jpg","contentUrl":"https:\/\/www.intoscana.it\/wp-content\/uploads\/smartphone-telefono-app-3.jpg","width":1000,"height":668},{"@type":"BreadcrumbList","@id":"https:\/\/www.intoscana.it\/it\/app-biblioteca-empoli\/#breadcrumb","itemListElement":[{"@type":"ListItem","position":1,"name":"Home","item":"https:\/\/www.intoscana.it\/it\/"},{"@type":"ListItem","position":2,"name":"A Empoli una App per prenotare la sala lettura in biblioteca"}]},{"@type":"WebSite","@id":"https:\/\/www.intoscana.it\/it\/#website","url":"https:\/\/www.intoscana.it\/it\/","name":"intoscana","description":"","potentialAction":[{"@type":"SearchAction","target":{"@type":"EntryPoint","urlTemplate":"https:\/\/www.intoscana.it\/it\/?s={search_term_string}"},"query-input":{"@type":"PropertyValueSpecification","valueRequired":true,"valueName":"search_term_string"}}],"inLanguage":"it-IT"},{"@type":"Person","@id":"https:\/\/www.intoscana.it\/it\/#\/schema\/person\/9223810753230f20bd670fdd322661f8","name":"Redazione","url":"https:\/\/www.intoscana.it\/it\/author\/redazione\/"}]}},"_links":{"self":[{"href":"https:\/\/www.intoscana.it\/it\/wp-json\/wp\/v2\/posts\/145316","targetHints":{"allow":["GET"]}}],"collection":[{"href":"https:\/\/www.intoscana.it\/it\/wp-json\/wp\/v2\/posts"}],"about":[{"href":"https:\/\/www.intoscana.it\/it\/wp-json\/wp\/v2\/types\/post"}],"author":[{"embeddable":true,"href":"https:\/\/www.intoscana.it\/it\/wp-json\/wp\/v2\/users\/525"}],"replies":[{"embeddable":true,"href":"https:\/\/www.intoscana.it\/it\/wp-json\/wp\/v2\/comments?post=145316"}],"version-history":[{"count":0,"href":"https:\/\/www.intoscana.it\/it\/wp-json\/wp\/v2\/posts\/145316\/revisions"}],"wp:featuredmedia":[{"embeddable":true,"href":"https:\/\/www.intoscana.it\/it\/wp-json\/wp\/v2\/media\/145816"}],"wp:attachment":[{"href":"https:\/\/www.intoscana.it\/it\/wp-json\/wp\/v2\/media?parent=145316"}],"wp:term":[{"taxonomy":"category","embeddable":true,"href":"https:\/\/www.intoscana.it\/it\/wp-json\/wp\/v2\/categories?post=145316"},{"taxonomy":"post_tag","embeddable":true,"href":"https:\/\/www.intoscana.it\/it\/wp-json\/wp\/v2\/tags?post=145316"}],"curies":[{"name":"wp","href":"https:\/\/api.w.org\/{rel}","templated":true}]}}