{"id":145318,"date":"2020-07-20T11:16:04","date_gmt":"2020-07-20T09:16:04","guid":{"rendered":"https:\/\/www.intoscana.it\/banda-ultralarga-un-nuovo-cantiere-al-via-a-a-bucine-e-a-poppi\/"},"modified":"2020-08-10T09:33:03","modified_gmt":"2020-08-10T07:33:03","slug":"banda-ultralarga-bucine-poppi","status":"publish","type":"post","link":"https:\/\/www.intoscana.it\/it\/banda-ultralarga-bucine-poppi\/","title":{"rendered":"Banda ultralarga: un nuovo cantiere al via a a Bucine e a Poppi\u00a0"},"content":{"rendered":"<p><strong>Apre il cantiere della banda ultralarga a Bucine ed anche a Poppi,<\/strong> in provincia di Arezzo, per consentire anche a chi abita nelle frazioni pi\u00f9 isolate di poter <strong>navigare veloci su Internet fino a mille megabit al secondo<\/strong>.<\/p>\n<p>L&#8217;inaugurazione \u00e8 prevista<strong> luned\u00ec 20 luglio alle 10 a Bucine,<\/strong> in via del Risorgimento, e alle 12 a Poppi, presso la sede del Comune in via Cavour 11. Interverr\u00e0 l&#8217;<strong>assessore all&#8217;innovazione della Regione Toscana, Vittorio Bugli.<\/strong> I lavori, finanziati dalla <strong>Regione Toscana,<\/strong> rientrano nella gara che ha vinto<strong> Open Fiber<\/strong> e che permetter\u00e0 di realizzare una rete pubblica in fibra ottica che l&#8217;azienda, che l&#8217;avr\u00e0 in concessione per venti anni, metter\u00e0 a disposizione degli operatori privati.<\/p>\n<p><strong>La Toscana \u00e8 stata tra le prime in Italia ad impegnare risorse pubbliche<\/strong> e mettersi al lavoro per portare la banda larga e poi la banda ultralarga nelle cosiddette &#8216;<strong>aree bianche&#8217;, ovvero i territori dove,<\/strong> per i i pochi abitanti, la distanza e la scarsa presenza di aziende, <strong>gli operatori privati hanno deciso (e dichiarato) di non voler investire<\/strong>.<\/p>\n<p>\u201cComplessivamente a Bucine e a Poppi abbiamo investito <strong>2 milioni per portare la fibra ottica<\/strong> &#8211; <strong>spiega l\u2019assessore Bugli<\/strong> &#8211; Ma \u00e8 solo una piccola parte del nostro intervento che riguarda le aree bianche di tutta la Toscana. Ci siamo presi l\u2019impegno di realizzare l&#8217;infrastruttura pi\u00f9 importante per la vita delle persone e delle imprese: un\u2019opera sulla quale <strong>abbiamo investito 80 milioni di euro<\/strong> dall\u2019inizio della legislatura, ma che ne vale almeno 200. Da qui a qualche anno la connessione cambier\u00e0 totalmente pelle, e proprio per questo \u00e8 importante avere pronta l&#8217;autostrada per viaggiare a grandissima velocit\u00e0\u201d. \u201cCon la fibra ottica \u2013 aggiunge &#8211; <strong>le aziende possono attrezzarsi per essere davvero competitive<\/strong> nel mercato europeo, e le citt\u00e0 possono offrire servizi degni di una smart city. Inoltre il periodo di lockdown causato da Covid ha mostrato a tutti quanto \u00e8 importante poter contare sulla rete per continuare a lavorare e a comunicare anche nei periodi di grandi emergenze. Per questo in Toscana cerchiamo di sfruttare il vantaggio che abbiamo grazie al fatto di essere stata tra le prime Regioni in Italia a partire per cablare i territori\u201d.<\/p>\n<p>La rete in fibra ottica a cui sta lavorando Regione Toscana \u00e8 in linea con la \u201c<strong>Strategia Italiana per la banda ultra larga<\/strong>\u201d e ha come obiettivi quelli fissati dall\u2019Agenda Digitale Europea. Complessivamente <strong>\u00e8 prevista la copertura in banda ultra larga di oltre 640 mila unit\u00e0 immobiliari<\/strong> (abitazioni ed imprese) in 268 Comuni. Il progetto procede per lotti. Vista la quantit\u00e0 degli enti coinvolti, per velocizzare l\u2019iter delle autorizzazioni la Regione ha promosso la sottoscrizione di diversi Accordi di Programma tra i soggetti chiamati al rilascio di autorizzazioni, pareri e nulla-osta. Sono stati sottoscritti complessivamente <strong>6 Accordi di programma.<\/p>\n<p><\/strong>A questo punto il progetto pu\u00f2 dirsi dunque avviato in tutti i territori. Molti sono gi\u00e0 avanti tanto che a fine settembre 2019 \u00e8 partita la commercializzazione in via sperimentale del servizio in fibra nei primi tre comuni dove \u00e8 intervenuto il concessionario Open Fiber: Buonconvento (SI), Chianciano Terme (SI), e San Vincenzo (LI). Ad oggi sono attivabili i servizi FTTH nelle <strong>aree bianche di altri nove comuni toscani:<\/strong> Castel Focognano, Castel San Niccol\u00f2, Fauglia, Firenzuola, Grosseto, Montescudaio, Palazzuolo sul Senio, San Casciano dei Bagni, Talla. E sabato inizier\u00e0 la vendita nei servizi in altri tre territori, stavolta nel grossetano: Roccalbegna, Santa Fiora e Semproniano.<\/p>\n","protected":false},"excerpt":{"rendered":"<p>In provincia di Arezzo anche nelle frazioni pi\u00f9 isolate si potr\u00e0 navigare veloci su internet a mille megabit al secondo<\/p>\n","protected":false},"author":525,"featured_media":145818,"comment_status":"open","ping_status":"open","sticky":false,"template":"","format":"standard","meta":{"_acf_changed":false,"footnotes":""},"categories":[475,15],"tags":[],"class_list":["post-145318","post","type-post","status-publish","format-standard","has-post-thumbnail","hentry","category-innovazione","category-tecnologia"],"acf":[],"yoast_head":"<!-- This site is optimized with the Yoast SEO Premium plugin v24.2 (Yoast SEO v25.6) - https:\/\/yoast.com\/wordpress\/plugins\/seo\/ -->\n<title>Banda ultralarga: un nuovo cantiere al via a a Bucine e a Poppi\u00a0 - intoscana<\/title>\n<meta name=\"description\" content=\"Banda ultralarga: un nuovo cantiere al via a a Bucine e a Poppi,anche nelle frazioni pi\u00f9 isolate si potr\u00e0 navigare veloci su internet a mille megabit al secondo\" \/>\n<meta name=\"robots\" content=\"index, follow, max-snippet:-1, max-image-preview:large, max-video-preview:-1\" \/>\n<link rel=\"canonical\" href=\"https:\/\/www.intoscana.it\/it\/banda-ultralarga-bucine-poppi\/\" \/>\n<meta property=\"og:locale\" content=\"it_IT\" \/>\n<meta property=\"og:type\" content=\"article\" \/>\n<meta property=\"og:title\" content=\"Banda ultralarga: un nuovo cantiere al via a a Bucine e a Poppi\u00a0\" \/>\n<meta property=\"og:description\" content=\"Banda ultralarga: un nuovo cantiere al via a a Bucine e a Poppi,anche nelle frazioni pi\u00f9 isolate si potr\u00e0 navigare veloci su internet a mille megabit al secondo\" \/>\n<meta property=\"og:url\" content=\"https:\/\/www.intoscana.it\/it\/banda-ultralarga-bucine-poppi\/\" \/>\n<meta property=\"og:site_name\" content=\"intoscana\" \/>\n<meta property=\"article:publisher\" content=\"https:\/\/www.facebook.com\/intoscana.it\" \/>\n<meta property=\"article:published_time\" content=\"2020-07-20T09:16:04+00:00\" \/>\n<meta property=\"article:modified_time\" content=\"2020-08-10T07:33:03+00:00\" \/>\n<meta property=\"og:image\" content=\"https:\/\/www.intoscana.it\/wp-content\/uploads\/banda-ultralarga-12.jpg\" \/>\n\t<meta property=\"og:image:width\" content=\"641\" \/>\n\t<meta property=\"og:image:height\" content=\"520\" \/>\n\t<meta property=\"og:image:type\" content=\"image\/jpeg\" \/>\n<meta name=\"author\" content=\"Redazione\" \/>\n<meta name=\"twitter:card\" content=\"summary_large_image\" \/>\n<meta name=\"twitter:creator\" content=\"@intoscana\" \/>\n<meta name=\"twitter:site\" content=\"@intoscana\" \/>\n<meta name=\"twitter:label1\" content=\"Written by\" \/>\n\t<meta name=\"twitter:data1\" content=\"Redazione\" \/>\n\t<meta name=\"twitter:label2\" content=\"Est. reading time\" \/>\n\t<meta name=\"twitter:data2\" content=\"3 minuti\" \/>\n<script type=\"application\/ld+json\" class=\"yoast-schema-graph\">{\"@context\":\"https:\/\/schema.org\",\"@graph\":[{\"@type\":\"WebPage\",\"@id\":\"https:\/\/www.intoscana.it\/it\/banda-ultralarga-bucine-poppi\/\",\"url\":\"https:\/\/www.intoscana.it\/it\/banda-ultralarga-bucine-poppi\/\",\"name\":\"Banda ultralarga: un nuovo cantiere al via a a Bucine e a Poppi\u00a0 - intoscana\",\"isPartOf\":{\"@id\":\"https:\/\/www.intoscana.it\/it\/#website\"},\"primaryImageOfPage\":{\"@id\":\"https:\/\/www.intoscana.it\/it\/banda-ultralarga-bucine-poppi\/#primaryimage\"},\"image\":{\"@id\":\"https:\/\/www.intoscana.it\/it\/banda-ultralarga-bucine-poppi\/#primaryimage\"},\"thumbnailUrl\":\"https:\/\/www.intoscana.it\/wp-content\/uploads\/banda-ultralarga-12.jpg\",\"datePublished\":\"2020-07-20T09:16:04+00:00\",\"dateModified\":\"2020-08-10T07:33:03+00:00\",\"author\":{\"@id\":\"https:\/\/www.intoscana.it\/it\/#\/schema\/person\/9223810753230f20bd670fdd322661f8\"},\"description\":\"Banda ultralarga: un nuovo cantiere al via a a Bucine e a Poppi,anche nelle frazioni pi\u00f9 isolate si potr\u00e0 navigare veloci su internet a mille megabit al secondo\",\"breadcrumb\":{\"@id\":\"https:\/\/www.intoscana.it\/it\/banda-ultralarga-bucine-poppi\/#breadcrumb\"},\"inLanguage\":\"it-IT\",\"potentialAction\":[{\"@type\":\"ReadAction\",\"target\":[\"https:\/\/www.intoscana.it\/it\/banda-ultralarga-bucine-poppi\/\"]}]},{\"@type\":\"ImageObject\",\"inLanguage\":\"it-IT\",\"@id\":\"https:\/\/www.intoscana.it\/it\/banda-ultralarga-bucine-poppi\/#primaryimage\",\"url\":\"https:\/\/www.intoscana.it\/wp-content\/uploads\/banda-ultralarga-12.jpg\",\"contentUrl\":\"https:\/\/www.intoscana.it\/wp-content\/uploads\/banda-ultralarga-12.jpg\",\"width\":641,\"height\":520,\"caption\":\"Banda ultralarga: un nuovo cantiere al via a a Bucine e a Poppi\u00a0\"},{\"@type\":\"BreadcrumbList\",\"@id\":\"https:\/\/www.intoscana.it\/it\/banda-ultralarga-bucine-poppi\/#breadcrumb\",\"itemListElement\":[{\"@type\":\"ListItem\",\"position\":1,\"name\":\"Home\",\"item\":\"https:\/\/www.intoscana.it\/it\/\"},{\"@type\":\"ListItem\",\"position\":2,\"name\":\"Banda ultralarga: un nuovo cantiere al via a a Bucine e a Poppi\u00a0\"}]},{\"@type\":\"WebSite\",\"@id\":\"https:\/\/www.intoscana.it\/it\/#website\",\"url\":\"https:\/\/www.intoscana.it\/it\/\",\"name\":\"intoscana\",\"description\":\"\",\"potentialAction\":[{\"@type\":\"SearchAction\",\"target\":{\"@type\":\"EntryPoint\",\"urlTemplate\":\"https:\/\/www.intoscana.it\/it\/?s={search_term_string}\"},\"query-input\":{\"@type\":\"PropertyValueSpecification\",\"valueRequired\":true,\"valueName\":\"search_term_string\"}}],\"inLanguage\":\"it-IT\"},{\"@type\":\"Person\",\"@id\":\"https:\/\/www.intoscana.it\/it\/#\/schema\/person\/9223810753230f20bd670fdd322661f8\",\"name\":\"Redazione\",\"url\":\"https:\/\/www.intoscana.it\/it\/author\/redazione\/\"}]}<\/script>\n<!-- \/ Yoast SEO Premium plugin. -->","yoast_head_json":{"title":"Banda ultralarga: un nuovo cantiere al via a a Bucine e a Poppi\u00a0 - intoscana","description":"Banda ultralarga: un nuovo cantiere al via a a Bucine e a Poppi,anche nelle frazioni pi\u00f9 isolate si potr\u00e0 navigare veloci su internet a mille megabit al secondo","robots":{"index":"index","follow":"follow","max-snippet":"max-snippet:-1","max-image-preview":"max-image-preview:large","max-video-preview":"max-video-preview:-1"},"canonical":"https:\/\/www.intoscana.it\/it\/banda-ultralarga-bucine-poppi\/","og_locale":"it_IT","og_type":"article","og_title":"Banda ultralarga: un nuovo cantiere al via a a Bucine e a Poppi\u00a0","og_description":"Banda ultralarga: un nuovo cantiere al via a a Bucine e a Poppi,anche nelle frazioni pi\u00f9 isolate si potr\u00e0 navigare veloci su internet a mille megabit al secondo","og_url":"https:\/\/www.intoscana.it\/it\/banda-ultralarga-bucine-poppi\/","og_site_name":"intoscana","article_publisher":"https:\/\/www.facebook.com\/intoscana.it","article_published_time":"2020-07-20T09:16:04+00:00","article_modified_time":"2020-08-10T07:33:03+00:00","og_image":[{"width":641,"height":520,"url":"https:\/\/www.intoscana.it\/wp-content\/uploads\/banda-ultralarga-12.jpg","type":"image\/jpeg"}],"author":"Redazione","twitter_card":"summary_large_image","twitter_creator":"@intoscana","twitter_site":"@intoscana","twitter_misc":{"Written by":"Redazione","Est. reading time":"3 minuti"},"schema":{"@context":"https:\/\/schema.org","@graph":[{"@type":"WebPage","@id":"https:\/\/www.intoscana.it\/it\/banda-ultralarga-bucine-poppi\/","url":"https:\/\/www.intoscana.it\/it\/banda-ultralarga-bucine-poppi\/","name":"Banda ultralarga: un nuovo cantiere al via a a Bucine e a Poppi\u00a0 - intoscana","isPartOf":{"@id":"https:\/\/www.intoscana.it\/it\/#website"},"primaryImageOfPage":{"@id":"https:\/\/www.intoscana.it\/it\/banda-ultralarga-bucine-poppi\/#primaryimage"},"image":{"@id":"https:\/\/www.intoscana.it\/it\/banda-ultralarga-bucine-poppi\/#primaryimage"},"thumbnailUrl":"https:\/\/www.intoscana.it\/wp-content\/uploads\/banda-ultralarga-12.jpg","datePublished":"2020-07-20T09:16:04+00:00","dateModified":"2020-08-10T07:33:03+00:00","author":{"@id":"https:\/\/www.intoscana.it\/it\/#\/schema\/person\/9223810753230f20bd670fdd322661f8"},"description":"Banda ultralarga: un nuovo cantiere al via a a Bucine e a Poppi,anche nelle frazioni pi\u00f9 isolate si potr\u00e0 navigare veloci su internet a mille megabit al secondo","breadcrumb":{"@id":"https:\/\/www.intoscana.it\/it\/banda-ultralarga-bucine-poppi\/#breadcrumb"},"inLanguage":"it-IT","potentialAction":[{"@type":"ReadAction","target":["https:\/\/www.intoscana.it\/it\/banda-ultralarga-bucine-poppi\/"]}]},{"@type":"ImageObject","inLanguage":"it-IT","@id":"https:\/\/www.intoscana.it\/it\/banda-ultralarga-bucine-poppi\/#primaryimage","url":"https:\/\/www.intoscana.it\/wp-content\/uploads\/banda-ultralarga-12.jpg","contentUrl":"https:\/\/www.intoscana.it\/wp-content\/uploads\/banda-ultralarga-12.jpg","width":641,"height":520,"caption":"Banda ultralarga: un nuovo cantiere al via a a Bucine e a Poppi\u00a0"},{"@type":"BreadcrumbList","@id":"https:\/\/www.intoscana.it\/it\/banda-ultralarga-bucine-poppi\/#breadcrumb","itemListElement":[{"@type":"ListItem","position":1,"name":"Home","item":"https:\/\/www.intoscana.it\/it\/"},{"@type":"ListItem","position":2,"name":"Banda ultralarga: un nuovo cantiere al via a a Bucine e a Poppi\u00a0"}]},{"@type":"WebSite","@id":"https:\/\/www.intoscana.it\/it\/#website","url":"https:\/\/www.intoscana.it\/it\/","name":"intoscana","description":"","potentialAction":[{"@type":"SearchAction","target":{"@type":"EntryPoint","urlTemplate":"https:\/\/www.intoscana.it\/it\/?s={search_term_string}"},"query-input":{"@type":"PropertyValueSpecification","valueRequired":true,"valueName":"search_term_string"}}],"inLanguage":"it-IT"},{"@type":"Person","@id":"https:\/\/www.intoscana.it\/it\/#\/schema\/person\/9223810753230f20bd670fdd322661f8","name":"Redazione","url":"https:\/\/www.intoscana.it\/it\/author\/redazione\/"}]}},"_links":{"self":[{"href":"https:\/\/www.intoscana.it\/it\/wp-json\/wp\/v2\/posts\/145318","targetHints":{"allow":["GET"]}}],"collection":[{"href":"https:\/\/www.intoscana.it\/it\/wp-json\/wp\/v2\/posts"}],"about":[{"href":"https:\/\/www.intoscana.it\/it\/wp-json\/wp\/v2\/types\/post"}],"author":[{"embeddable":true,"href":"https:\/\/www.intoscana.it\/it\/wp-json\/wp\/v2\/users\/525"}],"replies":[{"embeddable":true,"href":"https:\/\/www.intoscana.it\/it\/wp-json\/wp\/v2\/comments?post=145318"}],"version-history":[{"count":0,"href":"https:\/\/www.intoscana.it\/it\/wp-json\/wp\/v2\/posts\/145318\/revisions"}],"wp:featuredmedia":[{"embeddable":true,"href":"https:\/\/www.intoscana.it\/it\/wp-json\/wp\/v2\/media\/145818"}],"wp:attachment":[{"href":"https:\/\/www.intoscana.it\/it\/wp-json\/wp\/v2\/media?parent=145318"}],"wp:term":[{"taxonomy":"category","embeddable":true,"href":"https:\/\/www.intoscana.it\/it\/wp-json\/wp\/v2\/categories?post=145318"},{"taxonomy":"post_tag","embeddable":true,"href":"https:\/\/www.intoscana.it\/it\/wp-json\/wp\/v2\/tags?post=145318"}],"curies":[{"name":"wp","href":"https:\/\/api.w.org\/{rel}","templated":true}]}}