{"id":145323,"date":"2020-07-09T11:33:53","date_gmt":"2020-07-09T09:33:53","guid":{"rendered":"https:\/\/www.intoscana.it\/agricoltura-dalla-santanna-la-rivoluzione-verde-contro-il-climate-change\/"},"modified":"2020-08-10T09:33:07","modified_gmt":"2020-08-10T07:33:07","slug":"agricoltura-capitalise-santanna","status":"publish","type":"post","link":"https:\/\/www.intoscana.it\/it\/agricoltura-capitalise-santanna\/","title":{"rendered":"Agricoltura: dalla Sant&#8217;Anna la rivoluzione verde contro il climate change"},"content":{"rendered":"<p><strong>Entro il 2050 la popolazione mondiale dovrebbe superare i 9 miliardi di persone,<\/strong> il 110% in pi\u00f9 rispetto a quella attuale: per sfamarle tutte e rispondere anche alle difficolt\u00e0 dei cambiamenti climatici \u00e8 necessario <strong>aumentare la produttivit\u00e0 delle colture<\/strong> chiave, come grano e riso. <strong>\u00c8 questo l&#8217;obiettivo del progetto europeo&nbsp;\u201cCapitalise\u201d,<\/strong> coordinato dall\u2019Universit\u00e0 di Wageningen&nbsp;nell\u2019ambito del programma \u201cHorizon 2020\u201d, che ambisce a migliorare l\u2019efficienza energetica delle piante, attraverso la&nbsp;fotosintesi, aumentandone cos\u00ec la resa.<\/p>\n<p><strong>La Scuola Superiore Sant\u2019Anna di Pisa \u00e8 il partner italiano<\/strong> di questo progetto, finanziato in totale con 8.6 milioni di euro, che vuole dare il via a una nuova&nbsp;<strong>rivoluzione verde<\/strong>, basata sull\u2019uso&nbsp;della&nbsp;genomica, per <strong>affrontare il&nbsp;cambiamento climatico, aumentare la&nbsp;sicurezza alimentare&nbsp;<\/strong>e prevenire le&nbsp;crisi alimentari&nbsp;legate appunto all&#8217;aumentare della popolazione mondiale.<\/p>\n<p><img decoding=\"async\" alt=\"orzo\" style=\"width: 600px;\" title=\"orzo\" src=\"https:\/\/www.intoscana.it\/shared\/intoscana\/immagini\/ambiente\/orzo.jpg\" height=\"355\" \/><\/p>\n<p><strong>\u201cLa variabilit\u00e0 naturale \u00e8 la chiave del progetto &#8211; spiega Matteo Dell&#8217;Acqua<\/strong>, ricercatore della Sant&#8217;Anna e responsabile della gestione delle risorse genetiche del progetto &#8211; nuove caratteristiche legate all\u2019efficienza fotosintetica possono essere trovate esplorando collezioni di risorse genetiche di orzo, mais, e pomodoro coltivate in Europa, Africa e Medio Oriente. <strong>Nella loro diversit\u00e0 genetica si nasconde la chiave per migliorare le colture e renderle resistenti ai cambiamenti climatici\u201d.<\/strong><\/p>\n<p>Il gruppo&nbsp;multidisciplinare di Capitalise include scienziati di&nbsp;universit\u00e0 europee,&nbsp;centri di ricerca&nbsp;e&nbsp;industrie del miglioramento genetico&nbsp;quali le olandesi&nbsp;Basf&nbsp;e&nbsp;Limagrain&nbsp;e la tedesca&nbsp;Kws, oltre che&nbsp;partner di ricerca&nbsp;in&nbsp;Israele&nbsp;e in&nbsp;Etiopia.&nbsp;<br \/>Durante i cinque anni della durata del progetto,<strong> docenti e ricercatori saranno impegnati per comprendere meglio i meccanismi della&nbsp;fotosintesi&nbsp;di&nbsp;orzo,&nbsp;pomodoro,&nbsp;mais&nbsp;<\/strong>per ottenere quella che definiscono una rivoluzione nelle rese delle colture, aumentandola. Per raggiungere gli obiettivi di Capitalise, docenti e ricercatori si serviranno degli strumenti della&nbsp;genomica, della&nbsp;caratterizzazione molecolare&nbsp;e della&nbsp;fisiologia&nbsp;della&nbsp;respirazione delle piante&nbsp;per comprendere quali sono le basi dell\u2019efficienza fotosintetica.<\/p>\n<p>&nbsp;<\/p>\n<p>&nbsp;&nbsp;&nbsp;&nbsp;<\/p>\n<p>&nbsp;<\/p>\n","protected":false},"excerpt":{"rendered":"<p>La Scuola Superiore Sant&#8217;Anna di Pisa \u00e8 il partner italiano del progetto europeo Capitalise che vuole migliorare l&#8217;efficienza energetica e quindi la resa delle piante&nbsp;<\/p>\n","protected":false},"author":525,"featured_media":145823,"comment_status":"open","ping_status":"open","sticky":false,"template":"","format":"standard","meta":{"_acf_changed":false,"footnotes":""},"categories":[475,15],"tags":[363,213],"class_list":["post-145323","post","type-post","status-publish","format-standard","has-post-thumbnail","hentry","category-innovazione","category-tecnologia","tag-agricoltura","tag-ricerca"],"acf":[],"yoast_head":"<!-- This site is optimized with the Yoast SEO Premium plugin v24.2 (Yoast SEO v25.6) - https:\/\/yoast.com\/wordpress\/plugins\/seo\/ -->\n<title>Agricoltura: dalla Sant&#039;Anna la rivoluzione verde contro il climate change - intoscana<\/title>\n<meta name=\"robots\" content=\"index, follow, max-snippet:-1, max-image-preview:large, max-video-preview:-1\" \/>\n<link rel=\"canonical\" href=\"https:\/\/www.intoscana.it\/it\/agricoltura-capitalise-santanna\/\" \/>\n<meta property=\"og:locale\" content=\"it_IT\" \/>\n<meta property=\"og:type\" content=\"article\" \/>\n<meta property=\"og:title\" content=\"Agricoltura: dalla Sant&#039;Anna la rivoluzione verde contro il climate change\" \/>\n<meta property=\"og:description\" content=\"La Scuola Superiore Sant&#039;Anna di Pisa \u00e8 il partner italiano del progetto europeo Capitalise che vuole migliorare l&#039;efficienza energetica e quindi la resa delle piante&nbsp;\" \/>\n<meta property=\"og:url\" content=\"https:\/\/www.intoscana.it\/it\/agricoltura-capitalise-santanna\/\" \/>\n<meta property=\"og:site_name\" content=\"intoscana\" \/>\n<meta property=\"article:publisher\" content=\"https:\/\/www.facebook.com\/intoscana.it\" \/>\n<meta property=\"article:published_time\" content=\"2020-07-09T09:33:53+00:00\" \/>\n<meta property=\"article:modified_time\" content=\"2020-08-10T07:33:07+00:00\" \/>\n<meta property=\"og:image\" content=\"https:\/\/www.intoscana.it\/wp-content\/uploads\/agricoltura-campagna-1-2.jpg\" \/>\n\t<meta property=\"og:image:width\" content=\"1000\" \/>\n\t<meta property=\"og:image:height\" content=\"617\" \/>\n\t<meta property=\"og:image:type\" content=\"image\/jpeg\" \/>\n<meta name=\"author\" content=\"Redazione\" \/>\n<meta name=\"twitter:card\" content=\"summary_large_image\" \/>\n<meta name=\"twitter:creator\" content=\"@intoscana\" \/>\n<meta name=\"twitter:site\" content=\"@intoscana\" \/>\n<meta name=\"twitter:label1\" content=\"Written by\" \/>\n\t<meta name=\"twitter:data1\" content=\"Redazione\" \/>\n\t<meta name=\"twitter:label2\" content=\"Est. reading time\" \/>\n\t<meta name=\"twitter:data2\" content=\"2 minuti\" \/>\n<script type=\"application\/ld+json\" class=\"yoast-schema-graph\">{\"@context\":\"https:\/\/schema.org\",\"@graph\":[{\"@type\":\"WebPage\",\"@id\":\"https:\/\/www.intoscana.it\/it\/agricoltura-capitalise-santanna\/\",\"url\":\"https:\/\/www.intoscana.it\/it\/agricoltura-capitalise-santanna\/\",\"name\":\"Agricoltura: dalla Sant'Anna la rivoluzione verde contro il climate change - intoscana\",\"isPartOf\":{\"@id\":\"https:\/\/www.intoscana.it\/it\/#website\"},\"primaryImageOfPage\":{\"@id\":\"https:\/\/www.intoscana.it\/it\/agricoltura-capitalise-santanna\/#primaryimage\"},\"image\":{\"@id\":\"https:\/\/www.intoscana.it\/it\/agricoltura-capitalise-santanna\/#primaryimage\"},\"thumbnailUrl\":\"https:\/\/www.intoscana.it\/wp-content\/uploads\/agricoltura-campagna-1-2.jpg\",\"datePublished\":\"2020-07-09T09:33:53+00:00\",\"dateModified\":\"2020-08-10T07:33:07+00:00\",\"author\":{\"@id\":\"https:\/\/www.intoscana.it\/it\/#\/schema\/person\/9223810753230f20bd670fdd322661f8\"},\"breadcrumb\":{\"@id\":\"https:\/\/www.intoscana.it\/it\/agricoltura-capitalise-santanna\/#breadcrumb\"},\"inLanguage\":\"it-IT\",\"potentialAction\":[{\"@type\":\"ReadAction\",\"target\":[\"https:\/\/www.intoscana.it\/it\/agricoltura-capitalise-santanna\/\"]}]},{\"@type\":\"ImageObject\",\"inLanguage\":\"it-IT\",\"@id\":\"https:\/\/www.intoscana.it\/it\/agricoltura-capitalise-santanna\/#primaryimage\",\"url\":\"https:\/\/www.intoscana.it\/wp-content\/uploads\/agricoltura-campagna-1-2.jpg\",\"contentUrl\":\"https:\/\/www.intoscana.it\/wp-content\/uploads\/agricoltura-campagna-1-2.jpg\",\"width\":1000,\"height\":617},{\"@type\":\"BreadcrumbList\",\"@id\":\"https:\/\/www.intoscana.it\/it\/agricoltura-capitalise-santanna\/#breadcrumb\",\"itemListElement\":[{\"@type\":\"ListItem\",\"position\":1,\"name\":\"Home\",\"item\":\"https:\/\/www.intoscana.it\/it\/\"},{\"@type\":\"ListItem\",\"position\":2,\"name\":\"Agricoltura: dalla Sant&#8217;Anna la rivoluzione verde contro il climate change\"}]},{\"@type\":\"WebSite\",\"@id\":\"https:\/\/www.intoscana.it\/it\/#website\",\"url\":\"https:\/\/www.intoscana.it\/it\/\",\"name\":\"intoscana\",\"description\":\"\",\"potentialAction\":[{\"@type\":\"SearchAction\",\"target\":{\"@type\":\"EntryPoint\",\"urlTemplate\":\"https:\/\/www.intoscana.it\/it\/?s={search_term_string}\"},\"query-input\":{\"@type\":\"PropertyValueSpecification\",\"valueRequired\":true,\"valueName\":\"search_term_string\"}}],\"inLanguage\":\"it-IT\"},{\"@type\":\"Person\",\"@id\":\"https:\/\/www.intoscana.it\/it\/#\/schema\/person\/9223810753230f20bd670fdd322661f8\",\"name\":\"Redazione\",\"url\":\"https:\/\/www.intoscana.it\/it\/author\/redazione\/\"}]}<\/script>\n<!-- \/ Yoast SEO Premium plugin. -->","yoast_head_json":{"title":"Agricoltura: dalla Sant'Anna la rivoluzione verde contro il climate change - intoscana","robots":{"index":"index","follow":"follow","max-snippet":"max-snippet:-1","max-image-preview":"max-image-preview:large","max-video-preview":"max-video-preview:-1"},"canonical":"https:\/\/www.intoscana.it\/it\/agricoltura-capitalise-santanna\/","og_locale":"it_IT","og_type":"article","og_title":"Agricoltura: dalla Sant'Anna la rivoluzione verde contro il climate change","og_description":"La Scuola Superiore Sant'Anna di Pisa \u00e8 il partner italiano del progetto europeo Capitalise che vuole migliorare l'efficienza energetica e quindi la resa delle piante&nbsp;","og_url":"https:\/\/www.intoscana.it\/it\/agricoltura-capitalise-santanna\/","og_site_name":"intoscana","article_publisher":"https:\/\/www.facebook.com\/intoscana.it","article_published_time":"2020-07-09T09:33:53+00:00","article_modified_time":"2020-08-10T07:33:07+00:00","og_image":[{"width":1000,"height":617,"url":"https:\/\/www.intoscana.it\/wp-content\/uploads\/agricoltura-campagna-1-2.jpg","type":"image\/jpeg"}],"author":"Redazione","twitter_card":"summary_large_image","twitter_creator":"@intoscana","twitter_site":"@intoscana","twitter_misc":{"Written by":"Redazione","Est. reading time":"2 minuti"},"schema":{"@context":"https:\/\/schema.org","@graph":[{"@type":"WebPage","@id":"https:\/\/www.intoscana.it\/it\/agricoltura-capitalise-santanna\/","url":"https:\/\/www.intoscana.it\/it\/agricoltura-capitalise-santanna\/","name":"Agricoltura: dalla Sant'Anna la rivoluzione verde contro il climate change - intoscana","isPartOf":{"@id":"https:\/\/www.intoscana.it\/it\/#website"},"primaryImageOfPage":{"@id":"https:\/\/www.intoscana.it\/it\/agricoltura-capitalise-santanna\/#primaryimage"},"image":{"@id":"https:\/\/www.intoscana.it\/it\/agricoltura-capitalise-santanna\/#primaryimage"},"thumbnailUrl":"https:\/\/www.intoscana.it\/wp-content\/uploads\/agricoltura-campagna-1-2.jpg","datePublished":"2020-07-09T09:33:53+00:00","dateModified":"2020-08-10T07:33:07+00:00","author":{"@id":"https:\/\/www.intoscana.it\/it\/#\/schema\/person\/9223810753230f20bd670fdd322661f8"},"breadcrumb":{"@id":"https:\/\/www.intoscana.it\/it\/agricoltura-capitalise-santanna\/#breadcrumb"},"inLanguage":"it-IT","potentialAction":[{"@type":"ReadAction","target":["https:\/\/www.intoscana.it\/it\/agricoltura-capitalise-santanna\/"]}]},{"@type":"ImageObject","inLanguage":"it-IT","@id":"https:\/\/www.intoscana.it\/it\/agricoltura-capitalise-santanna\/#primaryimage","url":"https:\/\/www.intoscana.it\/wp-content\/uploads\/agricoltura-campagna-1-2.jpg","contentUrl":"https:\/\/www.intoscana.it\/wp-content\/uploads\/agricoltura-campagna-1-2.jpg","width":1000,"height":617},{"@type":"BreadcrumbList","@id":"https:\/\/www.intoscana.it\/it\/agricoltura-capitalise-santanna\/#breadcrumb","itemListElement":[{"@type":"ListItem","position":1,"name":"Home","item":"https:\/\/www.intoscana.it\/it\/"},{"@type":"ListItem","position":2,"name":"Agricoltura: dalla Sant&#8217;Anna la rivoluzione verde contro il climate change"}]},{"@type":"WebSite","@id":"https:\/\/www.intoscana.it\/it\/#website","url":"https:\/\/www.intoscana.it\/it\/","name":"intoscana","description":"","potentialAction":[{"@type":"SearchAction","target":{"@type":"EntryPoint","urlTemplate":"https:\/\/www.intoscana.it\/it\/?s={search_term_string}"},"query-input":{"@type":"PropertyValueSpecification","valueRequired":true,"valueName":"search_term_string"}}],"inLanguage":"it-IT"},{"@type":"Person","@id":"https:\/\/www.intoscana.it\/it\/#\/schema\/person\/9223810753230f20bd670fdd322661f8","name":"Redazione","url":"https:\/\/www.intoscana.it\/it\/author\/redazione\/"}]}},"_links":{"self":[{"href":"https:\/\/www.intoscana.it\/it\/wp-json\/wp\/v2\/posts\/145323","targetHints":{"allow":["GET"]}}],"collection":[{"href":"https:\/\/www.intoscana.it\/it\/wp-json\/wp\/v2\/posts"}],"about":[{"href":"https:\/\/www.intoscana.it\/it\/wp-json\/wp\/v2\/types\/post"}],"author":[{"embeddable":true,"href":"https:\/\/www.intoscana.it\/it\/wp-json\/wp\/v2\/users\/525"}],"replies":[{"embeddable":true,"href":"https:\/\/www.intoscana.it\/it\/wp-json\/wp\/v2\/comments?post=145323"}],"version-history":[{"count":0,"href":"https:\/\/www.intoscana.it\/it\/wp-json\/wp\/v2\/posts\/145323\/revisions"}],"wp:featuredmedia":[{"embeddable":true,"href":"https:\/\/www.intoscana.it\/it\/wp-json\/wp\/v2\/media\/145823"}],"wp:attachment":[{"href":"https:\/\/www.intoscana.it\/it\/wp-json\/wp\/v2\/media?parent=145323"}],"wp:term":[{"taxonomy":"category","embeddable":true,"href":"https:\/\/www.intoscana.it\/it\/wp-json\/wp\/v2\/categories?post=145323"},{"taxonomy":"post_tag","embeddable":true,"href":"https:\/\/www.intoscana.it\/it\/wp-json\/wp\/v2\/tags?post=145323"}],"curies":[{"name":"wp","href":"https:\/\/api.w.org\/{rel}","templated":true}]}}