{"id":145374,"date":"2020-06-25T10:32:38","date_gmt":"2020-06-25T08:32:38","guid":{"rendered":"https:\/\/www.intoscana.it\/la-scuola-santanna-di-pisa-quarta-al-mondo-tra-le-giovani-universita\/"},"modified":"2020-07-30T09:35:31","modified_gmt":"2020-07-30T07:35:31","slug":"la-scuola-santanna-di-pisa-quarta-al-mondo-tra-le-giovani-universita","status":"publish","type":"post","link":"https:\/\/www.intoscana.it\/it\/la-scuola-santanna-di-pisa-quarta-al-mondo-tra-le-giovani-universita\/","title":{"rendered":"La Scuola Sant&#8217;Anna di Pisa quarta al mondo tra le giovani universit\u00e0"},"content":{"rendered":"<p><strong>La Scuola Superiore Sant&#8217;Anna di Pisa \u00e8 quarta a livello mondiale nella classifica delle giovani universit\u00e0,<\/strong> diffusa da THE &#8211; Times Higher Education, che valuta le performance delle giovani istituzioni universitarie, <strong>fondate da meno di 50 anni.<\/strong> Si tratta del suo migliore risultato ottenuto nel Times Higher Education &#8211; Young University Rankings 2020, con un consolidamento nella &#8220;top ten&#8221; delle giovani universit\u00e0, che pone <strong>la Sant&#8217;Anna (settima nello stesso ranking del 2019) nelle posizioni di vertice.<\/strong><\/p>\n<p><strong>La Sant&#8217;Anna \u00e8 quindi prima tra le italiane e seconda in Europa,<\/strong> dopo la Paris Sciences et Lettres &#8211; PSL Research University Paris. L&#8217;annuncio \u00e8 arrivato durante la conferenza di presentazione, per riflettere sulle potenzialit\u00e0 che possono esprimere le giovani universit\u00e0 e che si \u00e8 svolta in diretta mondiale sotto forma di webinar, con la partecipazione di Sabina Nuti, rettrice della Scuola Superiore Sant&#8217;Anna; Kate Mc Grath, vice rettore alla ricerca della Sydney University of Technology; Jaume Casals, rettore della Universitat Pompeu Fabra di Barcellona, Nick Fowler, Chief Academic Officer di Elsevier come moderatore.<\/p>\n<p>Elsevier \u00e8 partner di Times Higher Edication (THE) e fornisce i dati per la compilazione del ranking attraverso la banca dati Scopus. Il Wall Street Journal \u00e8 stato media partner della conferenza. Per compilare la classifica delle giovani universit\u00e0, gli analisti di THE &#8211; Times Higher Education, hanno utilizzato gli stessi parametri di quello generale,<strong> valutando in particolare la formazione, la ricerca (attraverso il numero e il &#8220;peso&#8221; delle pubblicazioni e il relativo numero di citazioni), il trasferimento tecnologico, l&#8217;apertura internazionale.<\/strong> Questi e altri indicatori, sottolineano gli analisti di THE, &#8220;sono stati ponderati per riflettere le speciali caratteristiche delle istituzioni universitarie pi\u00f9 giovani, come la loro dinamicit\u00e0 e la propensione all&#8217;ulteriore sviluppo&#8221;.<\/p>\n<p>&#8220;\u00c8 un risultato davvero significativo &#8211; commenta Sabina Nuti &#8211; di cui siamo fieri. <strong>La Scuola Superiore Sant&#8217;Anna \u00e8 un ateneo giovane perch\u00e9 conta poco pi\u00f9 di 30 di vita ma \u00e8 giovane anche per la composizione del suo corpo docente,<\/strong> dove i ricercatori e assegnisti contribuiscono con il loro impegno ed entusiasmo ai risultati eccellenti nel campo della ricerca e della formazione. Questo risultato ci responsabilizza ancora di pi\u00f9 nel nostro lavoro nell&#8217;ambito del sistema universitario italiano al servizio del Paese&#8221;.<\/p>\n","protected":false},"excerpt":{"rendered":"<p>L&#8217;universit\u00e0 d&#8217;eccellenza pisana spicca nella classifica di Times Higher Education che valuta le istituzioni universitarie con meno di 50 anni di vita<\/p>\n","protected":false},"author":525,"featured_media":145874,"comment_status":"open","ping_status":"open","sticky":false,"template":"","format":"standard","meta":{"_acf_changed":false,"footnotes":""},"categories":[475,12],"tags":[],"class_list":["post-145374","post","type-post","status-publish","format-standard","has-post-thumbnail","hentry","category-innovazione","category-universita"],"acf":[],"yoast_head":"<!-- This site is optimized with the Yoast SEO Premium plugin v24.2 (Yoast SEO v25.6) - https:\/\/yoast.com\/wordpress\/plugins\/seo\/ -->\n<title>La Scuola Sant&#039;Anna di Pisa quarta al mondo tra le giovani universit\u00e0 - intoscana<\/title>\n<meta name=\"robots\" content=\"index, follow, max-snippet:-1, max-image-preview:large, max-video-preview:-1\" \/>\n<link rel=\"canonical\" href=\"https:\/\/www.intoscana.it\/it\/la-scuola-santanna-di-pisa-quarta-al-mondo-tra-le-giovani-universita\/\" \/>\n<meta property=\"og:locale\" content=\"it_IT\" \/>\n<meta property=\"og:type\" content=\"article\" \/>\n<meta property=\"og:title\" content=\"La Scuola Sant&#039;Anna di Pisa quarta al mondo tra le giovani universit\u00e0\" \/>\n<meta property=\"og:description\" content=\"L&#039;universit\u00e0 d&#039;eccellenza pisana spicca nella classifica di Times Higher Education che valuta le istituzioni universitarie con meno di 50 anni di vita\" \/>\n<meta property=\"og:url\" content=\"https:\/\/www.intoscana.it\/it\/la-scuola-santanna-di-pisa-quarta-al-mondo-tra-le-giovani-universita\/\" \/>\n<meta property=\"og:site_name\" content=\"intoscana\" \/>\n<meta property=\"article:publisher\" content=\"https:\/\/www.facebook.com\/intoscana.it\" \/>\n<meta property=\"article:published_time\" content=\"2020-06-25T08:32:38+00:00\" \/>\n<meta property=\"article:modified_time\" content=\"2020-07-30T07:35:31+00:00\" \/>\n<meta property=\"og:image\" content=\"https:\/\/www.intoscana.it\/wp-content\/uploads\/santanna-11.jpg\" \/>\n\t<meta property=\"og:image:width\" content=\"1000\" \/>\n\t<meta property=\"og:image:height\" content=\"537\" \/>\n\t<meta property=\"og:image:type\" content=\"image\/jpeg\" \/>\n<meta name=\"author\" content=\"Redazione\" \/>\n<meta name=\"twitter:card\" content=\"summary_large_image\" \/>\n<meta name=\"twitter:creator\" content=\"@intoscana\" \/>\n<meta name=\"twitter:site\" content=\"@intoscana\" \/>\n<meta name=\"twitter:label1\" content=\"Written by\" \/>\n\t<meta name=\"twitter:data1\" content=\"Redazione\" \/>\n\t<meta name=\"twitter:label2\" content=\"Est. reading time\" \/>\n\t<meta name=\"twitter:data2\" content=\"2 minuti\" \/>\n<script type=\"application\/ld+json\" class=\"yoast-schema-graph\">{\"@context\":\"https:\/\/schema.org\",\"@graph\":[{\"@type\":\"WebPage\",\"@id\":\"https:\/\/www.intoscana.it\/it\/la-scuola-santanna-di-pisa-quarta-al-mondo-tra-le-giovani-universita\/\",\"url\":\"https:\/\/www.intoscana.it\/it\/la-scuola-santanna-di-pisa-quarta-al-mondo-tra-le-giovani-universita\/\",\"name\":\"La Scuola Sant'Anna di Pisa quarta al mondo tra le giovani universit\u00e0 - intoscana\",\"isPartOf\":{\"@id\":\"https:\/\/www.intoscana.it\/it\/#website\"},\"primaryImageOfPage\":{\"@id\":\"https:\/\/www.intoscana.it\/it\/la-scuola-santanna-di-pisa-quarta-al-mondo-tra-le-giovani-universita\/#primaryimage\"},\"image\":{\"@id\":\"https:\/\/www.intoscana.it\/it\/la-scuola-santanna-di-pisa-quarta-al-mondo-tra-le-giovani-universita\/#primaryimage\"},\"thumbnailUrl\":\"https:\/\/www.intoscana.it\/wp-content\/uploads\/santanna-11.jpg\",\"datePublished\":\"2020-06-25T08:32:38+00:00\",\"dateModified\":\"2020-07-30T07:35:31+00:00\",\"author\":{\"@id\":\"https:\/\/www.intoscana.it\/it\/#\/schema\/person\/9223810753230f20bd670fdd322661f8\"},\"breadcrumb\":{\"@id\":\"https:\/\/www.intoscana.it\/it\/la-scuola-santanna-di-pisa-quarta-al-mondo-tra-le-giovani-universita\/#breadcrumb\"},\"inLanguage\":\"it-IT\",\"potentialAction\":[{\"@type\":\"ReadAction\",\"target\":[\"https:\/\/www.intoscana.it\/it\/la-scuola-santanna-di-pisa-quarta-al-mondo-tra-le-giovani-universita\/\"]}]},{\"@type\":\"ImageObject\",\"inLanguage\":\"it-IT\",\"@id\":\"https:\/\/www.intoscana.it\/it\/la-scuola-santanna-di-pisa-quarta-al-mondo-tra-le-giovani-universita\/#primaryimage\",\"url\":\"https:\/\/www.intoscana.it\/wp-content\/uploads\/santanna-11.jpg\",\"contentUrl\":\"https:\/\/www.intoscana.it\/wp-content\/uploads\/santanna-11.jpg\",\"width\":1000,\"height\":537},{\"@type\":\"BreadcrumbList\",\"@id\":\"https:\/\/www.intoscana.it\/it\/la-scuola-santanna-di-pisa-quarta-al-mondo-tra-le-giovani-universita\/#breadcrumb\",\"itemListElement\":[{\"@type\":\"ListItem\",\"position\":1,\"name\":\"Home\",\"item\":\"https:\/\/www.intoscana.it\/it\/\"},{\"@type\":\"ListItem\",\"position\":2,\"name\":\"La Scuola Sant&#8217;Anna di Pisa quarta al mondo tra le giovani universit\u00e0\"}]},{\"@type\":\"WebSite\",\"@id\":\"https:\/\/www.intoscana.it\/it\/#website\",\"url\":\"https:\/\/www.intoscana.it\/it\/\",\"name\":\"intoscana\",\"description\":\"\",\"potentialAction\":[{\"@type\":\"SearchAction\",\"target\":{\"@type\":\"EntryPoint\",\"urlTemplate\":\"https:\/\/www.intoscana.it\/it\/?s={search_term_string}\"},\"query-input\":{\"@type\":\"PropertyValueSpecification\",\"valueRequired\":true,\"valueName\":\"search_term_string\"}}],\"inLanguage\":\"it-IT\"},{\"@type\":\"Person\",\"@id\":\"https:\/\/www.intoscana.it\/it\/#\/schema\/person\/9223810753230f20bd670fdd322661f8\",\"name\":\"Redazione\",\"url\":\"https:\/\/www.intoscana.it\/it\/author\/redazione\/\"}]}<\/script>\n<!-- \/ Yoast SEO Premium plugin. -->","yoast_head_json":{"title":"La Scuola Sant'Anna di Pisa quarta al mondo tra le giovani universit\u00e0 - intoscana","robots":{"index":"index","follow":"follow","max-snippet":"max-snippet:-1","max-image-preview":"max-image-preview:large","max-video-preview":"max-video-preview:-1"},"canonical":"https:\/\/www.intoscana.it\/it\/la-scuola-santanna-di-pisa-quarta-al-mondo-tra-le-giovani-universita\/","og_locale":"it_IT","og_type":"article","og_title":"La Scuola Sant'Anna di Pisa quarta al mondo tra le giovani universit\u00e0","og_description":"L'universit\u00e0 d'eccellenza pisana spicca nella classifica di Times Higher Education che valuta le istituzioni universitarie con meno di 50 anni di vita","og_url":"https:\/\/www.intoscana.it\/it\/la-scuola-santanna-di-pisa-quarta-al-mondo-tra-le-giovani-universita\/","og_site_name":"intoscana","article_publisher":"https:\/\/www.facebook.com\/intoscana.it","article_published_time":"2020-06-25T08:32:38+00:00","article_modified_time":"2020-07-30T07:35:31+00:00","og_image":[{"width":1000,"height":537,"url":"https:\/\/www.intoscana.it\/wp-content\/uploads\/santanna-11.jpg","type":"image\/jpeg"}],"author":"Redazione","twitter_card":"summary_large_image","twitter_creator":"@intoscana","twitter_site":"@intoscana","twitter_misc":{"Written by":"Redazione","Est. reading time":"2 minuti"},"schema":{"@context":"https:\/\/schema.org","@graph":[{"@type":"WebPage","@id":"https:\/\/www.intoscana.it\/it\/la-scuola-santanna-di-pisa-quarta-al-mondo-tra-le-giovani-universita\/","url":"https:\/\/www.intoscana.it\/it\/la-scuola-santanna-di-pisa-quarta-al-mondo-tra-le-giovani-universita\/","name":"La Scuola Sant'Anna di Pisa quarta al mondo tra le giovani universit\u00e0 - intoscana","isPartOf":{"@id":"https:\/\/www.intoscana.it\/it\/#website"},"primaryImageOfPage":{"@id":"https:\/\/www.intoscana.it\/it\/la-scuola-santanna-di-pisa-quarta-al-mondo-tra-le-giovani-universita\/#primaryimage"},"image":{"@id":"https:\/\/www.intoscana.it\/it\/la-scuola-santanna-di-pisa-quarta-al-mondo-tra-le-giovani-universita\/#primaryimage"},"thumbnailUrl":"https:\/\/www.intoscana.it\/wp-content\/uploads\/santanna-11.jpg","datePublished":"2020-06-25T08:32:38+00:00","dateModified":"2020-07-30T07:35:31+00:00","author":{"@id":"https:\/\/www.intoscana.it\/it\/#\/schema\/person\/9223810753230f20bd670fdd322661f8"},"breadcrumb":{"@id":"https:\/\/www.intoscana.it\/it\/la-scuola-santanna-di-pisa-quarta-al-mondo-tra-le-giovani-universita\/#breadcrumb"},"inLanguage":"it-IT","potentialAction":[{"@type":"ReadAction","target":["https:\/\/www.intoscana.it\/it\/la-scuola-santanna-di-pisa-quarta-al-mondo-tra-le-giovani-universita\/"]}]},{"@type":"ImageObject","inLanguage":"it-IT","@id":"https:\/\/www.intoscana.it\/it\/la-scuola-santanna-di-pisa-quarta-al-mondo-tra-le-giovani-universita\/#primaryimage","url":"https:\/\/www.intoscana.it\/wp-content\/uploads\/santanna-11.jpg","contentUrl":"https:\/\/www.intoscana.it\/wp-content\/uploads\/santanna-11.jpg","width":1000,"height":537},{"@type":"BreadcrumbList","@id":"https:\/\/www.intoscana.it\/it\/la-scuola-santanna-di-pisa-quarta-al-mondo-tra-le-giovani-universita\/#breadcrumb","itemListElement":[{"@type":"ListItem","position":1,"name":"Home","item":"https:\/\/www.intoscana.it\/it\/"},{"@type":"ListItem","position":2,"name":"La Scuola Sant&#8217;Anna di Pisa quarta al mondo tra le giovani universit\u00e0"}]},{"@type":"WebSite","@id":"https:\/\/www.intoscana.it\/it\/#website","url":"https:\/\/www.intoscana.it\/it\/","name":"intoscana","description":"","potentialAction":[{"@type":"SearchAction","target":{"@type":"EntryPoint","urlTemplate":"https:\/\/www.intoscana.it\/it\/?s={search_term_string}"},"query-input":{"@type":"PropertyValueSpecification","valueRequired":true,"valueName":"search_term_string"}}],"inLanguage":"it-IT"},{"@type":"Person","@id":"https:\/\/www.intoscana.it\/it\/#\/schema\/person\/9223810753230f20bd670fdd322661f8","name":"Redazione","url":"https:\/\/www.intoscana.it\/it\/author\/redazione\/"}]}},"_links":{"self":[{"href":"https:\/\/www.intoscana.it\/it\/wp-json\/wp\/v2\/posts\/145374","targetHints":{"allow":["GET"]}}],"collection":[{"href":"https:\/\/www.intoscana.it\/it\/wp-json\/wp\/v2\/posts"}],"about":[{"href":"https:\/\/www.intoscana.it\/it\/wp-json\/wp\/v2\/types\/post"}],"author":[{"embeddable":true,"href":"https:\/\/www.intoscana.it\/it\/wp-json\/wp\/v2\/users\/525"}],"replies":[{"embeddable":true,"href":"https:\/\/www.intoscana.it\/it\/wp-json\/wp\/v2\/comments?post=145374"}],"version-history":[{"count":0,"href":"https:\/\/www.intoscana.it\/it\/wp-json\/wp\/v2\/posts\/145374\/revisions"}],"wp:featuredmedia":[{"embeddable":true,"href":"https:\/\/www.intoscana.it\/it\/wp-json\/wp\/v2\/media\/145874"}],"wp:attachment":[{"href":"https:\/\/www.intoscana.it\/it\/wp-json\/wp\/v2\/media?parent=145374"}],"wp:term":[{"taxonomy":"category","embeddable":true,"href":"https:\/\/www.intoscana.it\/it\/wp-json\/wp\/v2\/categories?post=145374"},{"taxonomy":"post_tag","embeddable":true,"href":"https:\/\/www.intoscana.it\/it\/wp-json\/wp\/v2\/tags?post=145374"}],"curies":[{"name":"wp","href":"https:\/\/api.w.org\/{rel}","templated":true}]}}