{"id":145381,"date":"2020-07-18T13:41:25","date_gmt":"2020-07-18T11:41:25","guid":{"rendered":"https:\/\/www.intoscana.it\/luniversita-di-pisa-e-pronta-ad-accogliere-15-mila-studenti\/"},"modified":"2020-07-30T09:36:36","modified_gmt":"2020-07-30T07:36:36","slug":"luniversita-di-pisa-e-pronta-ad-accogliere-15-mila-studenti","status":"publish","type":"post","link":"https:\/\/www.intoscana.it\/it\/luniversita-di-pisa-e-pronta-ad-accogliere-15-mila-studenti\/","title":{"rendered":"L&#8217;Universit\u00e0 di Pisa \u00e8 pronta ad accogliere 15 mila studenti"},"content":{"rendered":"<p>79 su 141 i corsi di laurea che si terranno anche in presenza, tra lezioni in aula, laboratori e attivit\u00e0 pratiche. <strong>L\u2019universit\u00e0 di Pisa si prepara per settembre ed \u00e8 pronta ad accogliere circa 15.000 studenti.<\/strong><\/p>\n<p>Sicuramente una buona notizia per i tanti studenti dell\u2019ateneo pisano alle prese con le incertezze sul loro futuro accademico. Dopo aver proposto\u00a0alla\u00a0<strong>Provincia di Pisa<\/strong>\u00a0di sfruttare gli spazi del\u00a0<strong>Polo Piagge<\/strong>per ospitare gli alunni delle scuole cittadine (<a href=\"https:\/\/www.intoscana.it\/it\/societa\/.content\/articolo\/articolo_01142.articolo_intoscana\">LEGGI<\/a>), l&#8217;ateneo pensa ai propri studenti spianando loro la strada per\u00a0il continuo della loro formazione universitaria. Anche per questo, agli studenti sar\u00e0 lasciata massima flessibilit\u00e0 nella scelta di poter seguire le lezioni a distanza alla luce di una situazione sanitaria in continua evoluzione.<\/p>\n<p>\u201cGi\u00e0 da settembre, saremo in grado di accogliere a frequentare lezioni e laboratori didattici fino a 15.000 studenti i quali, a breve, potranno visualizzare sul sito l\u2019elenco preciso dei corsi di Laurea e delle attivit\u00e0 che si terranno in presenza, ovviamente garantendo anche la possibilit\u00e0 di fruirne a distanza &#8211; <strong>ha commentato il rettore, Paolo Mancarella<\/strong> &#8211; Questo permetter\u00e0 loro di organizzarsi per tempo sulla base di certezze e non di generiche \u201cdichiarazioni di intenti\u201d.<\/p>\n<p>\u201cL\u2019emergenza \u2013 ha aggiunto &#8211; <strong>non va subita, ma governata con il buon senso<\/strong>, con l\u2019oggettivit\u00e0 dei numeri, con l\u2019intento di trovare soluzioni attuabili, sostenibili e soprattutto sempre a protezione delle persone\u201d<\/p>\n<p>Segnali positivi verso la ripresa di una progressiva normalit\u00e0 <strong>arrivano anche dal numero di iscrizioni ai concorsi per l\u2019accesso ai corsi a numero chiuso:<\/strong>\u00a0i mesi difficili che abbiamo vissuto avrebbero potuto portare ad un calo delle domande ma dall\u2019ateneo fanno sapere, invece, che cos\u00ec non \u00e8 stato, il numero \u00e8 in linea con il dato dello scorso anno e in alcuni casi addirittura superiore. Adesso si attende\u00a0l\u2019apertura delle iscrizioni all\u2019anno accademico 2020\/2021 il 28 luglio per confermare che i nostri studenti non hanno intenzione di femarsi e non hanno perso la voglia di investire sul proprio futuro.<\/p>\n","protected":false},"excerpt":{"rendered":"<p>79 su 141 i corsi di laurea che si terranno in presenza, tra lezioni in aula, laboratori e attivit\u00e0 pratiche. Il rettore: &#8220;L&#8217;emergenza\u00a0va governata con l\u2019intento di trovare soluzioni attuabili&#8221;<\/p>\n","protected":false},"author":525,"featured_media":145881,"comment_status":"open","ping_status":"open","sticky":false,"template":"","format":"standard","meta":{"_acf_changed":false,"footnotes":""},"categories":[475,12],"tags":[418,212],"class_list":["post-145381","post","type-post","status-publish","format-standard","has-post-thumbnail","hentry","category-innovazione","category-universita","tag-covid-19","tag-scuola"],"acf":[],"yoast_head":"<!-- This site is optimized with the Yoast SEO Premium plugin v24.2 (Yoast SEO v25.6) - https:\/\/yoast.com\/wordpress\/plugins\/seo\/ -->\n<title>L&#039;Universit\u00e0 di Pisa \u00e8 pronta ad accogliere 15 mila studenti - intoscana<\/title>\n<meta name=\"description\" content=\"In linea con il passato le domande per i corsi a numero chiuso. Grande aspettativa per l&#039;apertura delle iscrizione all&#039;a.a 2020\/2021\" \/>\n<meta name=\"robots\" content=\"index, follow, max-snippet:-1, max-image-preview:large, max-video-preview:-1\" \/>\n<link rel=\"canonical\" href=\"https:\/\/www.intoscana.it\/it\/luniversita-di-pisa-e-pronta-ad-accogliere-15-mila-studenti\/\" \/>\n<meta property=\"og:locale\" content=\"it_IT\" \/>\n<meta property=\"og:type\" content=\"article\" \/>\n<meta property=\"og:title\" content=\"L&#039;Universit\u00e0 di Pisa \u00e8 pronta ad accogliere 15 mila studenti\" \/>\n<meta property=\"og:description\" content=\"In linea con il passato le domande per i corsi a numero chiuso. Grande aspettativa per l&#039;apertura delle iscrizione all&#039;a.a 2020\/2021\" \/>\n<meta property=\"og:url\" content=\"https:\/\/www.intoscana.it\/it\/luniversita-di-pisa-e-pronta-ad-accogliere-15-mila-studenti\/\" \/>\n<meta property=\"og:site_name\" content=\"intoscana\" \/>\n<meta property=\"article:publisher\" content=\"https:\/\/www.facebook.com\/intoscana.it\" \/>\n<meta property=\"article:published_time\" content=\"2020-07-18T11:41:25+00:00\" \/>\n<meta property=\"article:modified_time\" content=\"2020-07-30T07:36:36+00:00\" \/>\n<meta property=\"og:image\" content=\"https:\/\/www.intoscana.it\/wp-content\/uploads\/d620665f523fff8df9ca8fa70e1786a7-2.jpg\" \/>\n\t<meta property=\"og:image:width\" content=\"502\" \/>\n\t<meta property=\"og:image:height\" content=\"394\" \/>\n\t<meta property=\"og:image:type\" content=\"image\/jpeg\" \/>\n<meta name=\"author\" content=\"Redazione\" \/>\n<meta name=\"twitter:card\" content=\"summary_large_image\" \/>\n<meta name=\"twitter:creator\" content=\"@intoscana\" \/>\n<meta name=\"twitter:site\" content=\"@intoscana\" \/>\n<meta name=\"twitter:label1\" content=\"Written by\" \/>\n\t<meta name=\"twitter:data1\" content=\"Redazione\" \/>\n\t<meta name=\"twitter:label2\" content=\"Est. reading time\" \/>\n\t<meta name=\"twitter:data2\" content=\"2 minuti\" \/>\n<script type=\"application\/ld+json\" class=\"yoast-schema-graph\">{\"@context\":\"https:\/\/schema.org\",\"@graph\":[{\"@type\":\"WebPage\",\"@id\":\"https:\/\/www.intoscana.it\/it\/luniversita-di-pisa-e-pronta-ad-accogliere-15-mila-studenti\/\",\"url\":\"https:\/\/www.intoscana.it\/it\/luniversita-di-pisa-e-pronta-ad-accogliere-15-mila-studenti\/\",\"name\":\"L'Universit\u00e0 di Pisa \u00e8 pronta ad accogliere 15 mila studenti - intoscana\",\"isPartOf\":{\"@id\":\"https:\/\/www.intoscana.it\/it\/#website\"},\"primaryImageOfPage\":{\"@id\":\"https:\/\/www.intoscana.it\/it\/luniversita-di-pisa-e-pronta-ad-accogliere-15-mila-studenti\/#primaryimage\"},\"image\":{\"@id\":\"https:\/\/www.intoscana.it\/it\/luniversita-di-pisa-e-pronta-ad-accogliere-15-mila-studenti\/#primaryimage\"},\"thumbnailUrl\":\"https:\/\/www.intoscana.it\/wp-content\/uploads\/d620665f523fff8df9ca8fa70e1786a7-2.jpg\",\"datePublished\":\"2020-07-18T11:41:25+00:00\",\"dateModified\":\"2020-07-30T07:36:36+00:00\",\"author\":{\"@id\":\"https:\/\/www.intoscana.it\/it\/#\/schema\/person\/9223810753230f20bd670fdd322661f8\"},\"description\":\"In linea con il passato le domande per i corsi a numero chiuso. Grande aspettativa per l'apertura delle iscrizione all'a.a 2020\/2021\",\"breadcrumb\":{\"@id\":\"https:\/\/www.intoscana.it\/it\/luniversita-di-pisa-e-pronta-ad-accogliere-15-mila-studenti\/#breadcrumb\"},\"inLanguage\":\"it-IT\",\"potentialAction\":[{\"@type\":\"ReadAction\",\"target\":[\"https:\/\/www.intoscana.it\/it\/luniversita-di-pisa-e-pronta-ad-accogliere-15-mila-studenti\/\"]}]},{\"@type\":\"ImageObject\",\"inLanguage\":\"it-IT\",\"@id\":\"https:\/\/www.intoscana.it\/it\/luniversita-di-pisa-e-pronta-ad-accogliere-15-mila-studenti\/#primaryimage\",\"url\":\"https:\/\/www.intoscana.it\/wp-content\/uploads\/d620665f523fff8df9ca8fa70e1786a7-2.jpg\",\"contentUrl\":\"https:\/\/www.intoscana.it\/wp-content\/uploads\/d620665f523fff8df9ca8fa70e1786a7-2.jpg\",\"width\":502,\"height\":394},{\"@type\":\"BreadcrumbList\",\"@id\":\"https:\/\/www.intoscana.it\/it\/luniversita-di-pisa-e-pronta-ad-accogliere-15-mila-studenti\/#breadcrumb\",\"itemListElement\":[{\"@type\":\"ListItem\",\"position\":1,\"name\":\"Home\",\"item\":\"https:\/\/www.intoscana.it\/it\/\"},{\"@type\":\"ListItem\",\"position\":2,\"name\":\"L&#8217;Universit\u00e0 di Pisa \u00e8 pronta ad accogliere 15 mila studenti\"}]},{\"@type\":\"WebSite\",\"@id\":\"https:\/\/www.intoscana.it\/it\/#website\",\"url\":\"https:\/\/www.intoscana.it\/it\/\",\"name\":\"intoscana\",\"description\":\"\",\"potentialAction\":[{\"@type\":\"SearchAction\",\"target\":{\"@type\":\"EntryPoint\",\"urlTemplate\":\"https:\/\/www.intoscana.it\/it\/?s={search_term_string}\"},\"query-input\":{\"@type\":\"PropertyValueSpecification\",\"valueRequired\":true,\"valueName\":\"search_term_string\"}}],\"inLanguage\":\"it-IT\"},{\"@type\":\"Person\",\"@id\":\"https:\/\/www.intoscana.it\/it\/#\/schema\/person\/9223810753230f20bd670fdd322661f8\",\"name\":\"Redazione\",\"url\":\"https:\/\/www.intoscana.it\/it\/author\/redazione\/\"}]}<\/script>\n<!-- \/ Yoast SEO Premium plugin. -->","yoast_head_json":{"title":"L'Universit\u00e0 di Pisa \u00e8 pronta ad accogliere 15 mila studenti - intoscana","description":"In linea con il passato le domande per i corsi a numero chiuso. Grande aspettativa per l'apertura delle iscrizione all'a.a 2020\/2021","robots":{"index":"index","follow":"follow","max-snippet":"max-snippet:-1","max-image-preview":"max-image-preview:large","max-video-preview":"max-video-preview:-1"},"canonical":"https:\/\/www.intoscana.it\/it\/luniversita-di-pisa-e-pronta-ad-accogliere-15-mila-studenti\/","og_locale":"it_IT","og_type":"article","og_title":"L'Universit\u00e0 di Pisa \u00e8 pronta ad accogliere 15 mila studenti","og_description":"In linea con il passato le domande per i corsi a numero chiuso. Grande aspettativa per l'apertura delle iscrizione all'a.a 2020\/2021","og_url":"https:\/\/www.intoscana.it\/it\/luniversita-di-pisa-e-pronta-ad-accogliere-15-mila-studenti\/","og_site_name":"intoscana","article_publisher":"https:\/\/www.facebook.com\/intoscana.it","article_published_time":"2020-07-18T11:41:25+00:00","article_modified_time":"2020-07-30T07:36:36+00:00","og_image":[{"width":502,"height":394,"url":"https:\/\/www.intoscana.it\/wp-content\/uploads\/d620665f523fff8df9ca8fa70e1786a7-2.jpg","type":"image\/jpeg"}],"author":"Redazione","twitter_card":"summary_large_image","twitter_creator":"@intoscana","twitter_site":"@intoscana","twitter_misc":{"Written by":"Redazione","Est. reading time":"2 minuti"},"schema":{"@context":"https:\/\/schema.org","@graph":[{"@type":"WebPage","@id":"https:\/\/www.intoscana.it\/it\/luniversita-di-pisa-e-pronta-ad-accogliere-15-mila-studenti\/","url":"https:\/\/www.intoscana.it\/it\/luniversita-di-pisa-e-pronta-ad-accogliere-15-mila-studenti\/","name":"L'Universit\u00e0 di Pisa \u00e8 pronta ad accogliere 15 mila studenti - intoscana","isPartOf":{"@id":"https:\/\/www.intoscana.it\/it\/#website"},"primaryImageOfPage":{"@id":"https:\/\/www.intoscana.it\/it\/luniversita-di-pisa-e-pronta-ad-accogliere-15-mila-studenti\/#primaryimage"},"image":{"@id":"https:\/\/www.intoscana.it\/it\/luniversita-di-pisa-e-pronta-ad-accogliere-15-mila-studenti\/#primaryimage"},"thumbnailUrl":"https:\/\/www.intoscana.it\/wp-content\/uploads\/d620665f523fff8df9ca8fa70e1786a7-2.jpg","datePublished":"2020-07-18T11:41:25+00:00","dateModified":"2020-07-30T07:36:36+00:00","author":{"@id":"https:\/\/www.intoscana.it\/it\/#\/schema\/person\/9223810753230f20bd670fdd322661f8"},"description":"In linea con il passato le domande per i corsi a numero chiuso. Grande aspettativa per l'apertura delle iscrizione all'a.a 2020\/2021","breadcrumb":{"@id":"https:\/\/www.intoscana.it\/it\/luniversita-di-pisa-e-pronta-ad-accogliere-15-mila-studenti\/#breadcrumb"},"inLanguage":"it-IT","potentialAction":[{"@type":"ReadAction","target":["https:\/\/www.intoscana.it\/it\/luniversita-di-pisa-e-pronta-ad-accogliere-15-mila-studenti\/"]}]},{"@type":"ImageObject","inLanguage":"it-IT","@id":"https:\/\/www.intoscana.it\/it\/luniversita-di-pisa-e-pronta-ad-accogliere-15-mila-studenti\/#primaryimage","url":"https:\/\/www.intoscana.it\/wp-content\/uploads\/d620665f523fff8df9ca8fa70e1786a7-2.jpg","contentUrl":"https:\/\/www.intoscana.it\/wp-content\/uploads\/d620665f523fff8df9ca8fa70e1786a7-2.jpg","width":502,"height":394},{"@type":"BreadcrumbList","@id":"https:\/\/www.intoscana.it\/it\/luniversita-di-pisa-e-pronta-ad-accogliere-15-mila-studenti\/#breadcrumb","itemListElement":[{"@type":"ListItem","position":1,"name":"Home","item":"https:\/\/www.intoscana.it\/it\/"},{"@type":"ListItem","position":2,"name":"L&#8217;Universit\u00e0 di Pisa \u00e8 pronta ad accogliere 15 mila studenti"}]},{"@type":"WebSite","@id":"https:\/\/www.intoscana.it\/it\/#website","url":"https:\/\/www.intoscana.it\/it\/","name":"intoscana","description":"","potentialAction":[{"@type":"SearchAction","target":{"@type":"EntryPoint","urlTemplate":"https:\/\/www.intoscana.it\/it\/?s={search_term_string}"},"query-input":{"@type":"PropertyValueSpecification","valueRequired":true,"valueName":"search_term_string"}}],"inLanguage":"it-IT"},{"@type":"Person","@id":"https:\/\/www.intoscana.it\/it\/#\/schema\/person\/9223810753230f20bd670fdd322661f8","name":"Redazione","url":"https:\/\/www.intoscana.it\/it\/author\/redazione\/"}]}},"_links":{"self":[{"href":"https:\/\/www.intoscana.it\/it\/wp-json\/wp\/v2\/posts\/145381","targetHints":{"allow":["GET"]}}],"collection":[{"href":"https:\/\/www.intoscana.it\/it\/wp-json\/wp\/v2\/posts"}],"about":[{"href":"https:\/\/www.intoscana.it\/it\/wp-json\/wp\/v2\/types\/post"}],"author":[{"embeddable":true,"href":"https:\/\/www.intoscana.it\/it\/wp-json\/wp\/v2\/users\/525"}],"replies":[{"embeddable":true,"href":"https:\/\/www.intoscana.it\/it\/wp-json\/wp\/v2\/comments?post=145381"}],"version-history":[{"count":0,"href":"https:\/\/www.intoscana.it\/it\/wp-json\/wp\/v2\/posts\/145381\/revisions"}],"wp:featuredmedia":[{"embeddable":true,"href":"https:\/\/www.intoscana.it\/it\/wp-json\/wp\/v2\/media\/145881"}],"wp:attachment":[{"href":"https:\/\/www.intoscana.it\/it\/wp-json\/wp\/v2\/media?parent=145381"}],"wp:term":[{"taxonomy":"category","embeddable":true,"href":"https:\/\/www.intoscana.it\/it\/wp-json\/wp\/v2\/categories?post=145381"},{"taxonomy":"post_tag","embeddable":true,"href":"https:\/\/www.intoscana.it\/it\/wp-json\/wp\/v2\/tags?post=145381"}],"curies":[{"name":"wp","href":"https:\/\/api.w.org\/{rel}","templated":true}]}}