{"id":145382,"date":"2020-07-09T10:45:19","date_gmt":"2020-07-09T08:45:19","guid":{"rendered":"https:\/\/www.intoscana.it\/alluniversita-di-siena-a-settembre-si-torna-in-aula-in-sicurezza\/"},"modified":"2020-07-30T09:35:58","modified_gmt":"2020-07-30T07:35:58","slug":"alluniversita-di-siena-a-settembre-si-torna-in-aula-in-sicurezza","status":"publish","type":"post","link":"https:\/\/www.intoscana.it\/it\/alluniversita-di-siena-a-settembre-si-torna-in-aula-in-sicurezza\/","title":{"rendered":"All&#8217;Universit\u00e0 di Siena a settembre si torna in aula in sicurezza"},"content":{"rendered":"<p><strong>L&#8217;Universit\u00e0 di Siena si prepara a tornare a una graduale normalit\u00e0 post Covid,<\/strong> ovviamente sempre nel rispetto delle regole per la sicurezza: l&#8217;ateneo infatti a settembre aprir\u00e0 di nuovo le aule ai suoi studenti.<\/p>\n<p>&#8220;Se non ci saranno cambiamenti particolari nella situazione epidemiologica locale e nazionale<strong> a settembre i nostri studenti torneranno a lezione in aula nelle condizioni di massima sicurezza &#8211; ha spoiegato ieri il rettore dell&#8217;Universit\u00e0 di Siena Francrsco Frati &#8211; <\/strong>come \u00e8 stato dichiarato anche dal Senato accademico e dal Consiglio di amministrazione, l&#8217;Ateneo vuole ricostruire le relazioni quotidiane tra docenti e studenti e fra gli stessi studenti, in un ambiente formativo che \u00e8 condivisione di luoghi, spazi ed esperienze, scambio di idee ed emozioni&#8221;.<\/p>\n<p><img decoding=\"async\" style=\"width: 600px;\" title=\"universit\u00e0 di siena\" src=\"https:\/\/www.intoscana.it\/shared\/intoscana\/immagini\/generica\/2013\/09\/02\/1dc9ce0108121ccd879f429434405cee.jpg\" alt=\"universit\u00e0 di siena\" height=\"399\" \/><\/p>\n<p>All&#8217;Ateneo senese gi\u00e0<strong> da fine di giugno si tengono in via sperimentale anche appelli di esame orale in presenza,<\/strong> mantenendo la possibilit\u00e0 per gli studenti che lo desiderano di sostenere l&#8217;esame a distanza. Inoltre, gradualmente s<strong>tanno riaprendo gli spazi di studio all&#8217;interno delle biblioteche<\/strong> e proseguono le attivit\u00e0 di ricerca nei laboratori.<\/p>\n<p><strong>L&#8217;apertura delle immatricolazioni \u00e8 prevista per il 21 luglio:<\/strong> l&#8217;offerta formativa dell&#8217;Ateneo senese propone 71 corsi di studio e agevolazioni economiche per gli studenti nel primo anno accademico. I percorsi di studio in lingua inglese saranno 19 e otto quelli che offriranno la possibilit\u00e0 di conseguire un doppio titolo, italiano e straniero, grazie agli accordi di collaborazione con altre universit\u00e0 in Europa.<\/p>\n","protected":false},"excerpt":{"rendered":"<p>L&#8217;Ateneo senese si prepara ad accogliere di nuovo gli studenti in aula e sta gi\u00e0 riaprendo gradualmente gli spazi di studio nelle biblioteche<\/p>\n","protected":false},"author":525,"featured_media":145882,"comment_status":"open","ping_status":"open","sticky":false,"template":"","format":"standard","meta":{"_acf_changed":false,"footnotes":""},"categories":[475,12],"tags":[378],"class_list":["post-145382","post","type-post","status-publish","format-standard","has-post-thumbnail","hentry","category-innovazione","category-universita","tag-universita-di-siena"],"acf":[],"yoast_head":"<!-- This site is optimized with the Yoast SEO Premium plugin v24.2 (Yoast SEO v25.6) - https:\/\/yoast.com\/wordpress\/plugins\/seo\/ -->\n<title>All&#039;Universit\u00e0 di Siena a settembre si torna in aula in sicurezza - intoscana<\/title>\n<meta name=\"robots\" content=\"index, follow, max-snippet:-1, max-image-preview:large, max-video-preview:-1\" \/>\n<link rel=\"canonical\" href=\"https:\/\/www.intoscana.it\/it\/alluniversita-di-siena-a-settembre-si-torna-in-aula-in-sicurezza\/\" \/>\n<meta property=\"og:locale\" content=\"it_IT\" \/>\n<meta property=\"og:type\" content=\"article\" \/>\n<meta property=\"og:title\" content=\"All&#039;Universit\u00e0 di Siena a settembre si torna in aula in sicurezza\" \/>\n<meta property=\"og:description\" content=\"L&#039;Ateneo senese si prepara ad accogliere di nuovo gli studenti in aula e sta gi\u00e0 riaprendo gradualmente gli spazi di studio nelle biblioteche\" \/>\n<meta property=\"og:url\" content=\"https:\/\/www.intoscana.it\/it\/alluniversita-di-siena-a-settembre-si-torna-in-aula-in-sicurezza\/\" \/>\n<meta property=\"og:site_name\" content=\"intoscana\" \/>\n<meta property=\"article:publisher\" content=\"https:\/\/www.facebook.com\/intoscana.it\" \/>\n<meta property=\"article:published_time\" content=\"2020-07-09T08:45:19+00:00\" \/>\n<meta property=\"article:modified_time\" content=\"2020-07-30T07:35:58+00:00\" \/>\n<meta property=\"og:image\" content=\"https:\/\/www.intoscana.it\/wp-content\/uploads\/fondtoscana1_20200709105627918-scaled.jpg\" \/>\n\t<meta property=\"og:image:width\" content=\"1918\" \/>\n\t<meta property=\"og:image:height\" content=\"2560\" \/>\n\t<meta property=\"og:image:type\" content=\"image\/jpeg\" \/>\n<meta name=\"author\" content=\"Redazione\" \/>\n<meta name=\"twitter:card\" content=\"summary_large_image\" \/>\n<meta name=\"twitter:creator\" content=\"@intoscana\" \/>\n<meta name=\"twitter:site\" content=\"@intoscana\" \/>\n<meta name=\"twitter:label1\" content=\"Written by\" \/>\n\t<meta name=\"twitter:data1\" content=\"Redazione\" \/>\n\t<meta name=\"twitter:label2\" content=\"Est. reading time\" \/>\n\t<meta name=\"twitter:data2\" content=\"1 minuto\" \/>\n<script type=\"application\/ld+json\" class=\"yoast-schema-graph\">{\"@context\":\"https:\/\/schema.org\",\"@graph\":[{\"@type\":\"WebPage\",\"@id\":\"https:\/\/www.intoscana.it\/it\/alluniversita-di-siena-a-settembre-si-torna-in-aula-in-sicurezza\/\",\"url\":\"https:\/\/www.intoscana.it\/it\/alluniversita-di-siena-a-settembre-si-torna-in-aula-in-sicurezza\/\",\"name\":\"All'Universit\u00e0 di Siena a settembre si torna in aula in sicurezza - intoscana\",\"isPartOf\":{\"@id\":\"https:\/\/www.intoscana.it\/it\/#website\"},\"primaryImageOfPage\":{\"@id\":\"https:\/\/www.intoscana.it\/it\/alluniversita-di-siena-a-settembre-si-torna-in-aula-in-sicurezza\/#primaryimage\"},\"image\":{\"@id\":\"https:\/\/www.intoscana.it\/it\/alluniversita-di-siena-a-settembre-si-torna-in-aula-in-sicurezza\/#primaryimage\"},\"thumbnailUrl\":\"https:\/\/www.intoscana.it\/wp-content\/uploads\/fondtoscana1_20200709105627918-scaled.jpg\",\"datePublished\":\"2020-07-09T08:45:19+00:00\",\"dateModified\":\"2020-07-30T07:35:58+00:00\",\"author\":{\"@id\":\"https:\/\/www.intoscana.it\/it\/#\/schema\/person\/9223810753230f20bd670fdd322661f8\"},\"breadcrumb\":{\"@id\":\"https:\/\/www.intoscana.it\/it\/alluniversita-di-siena-a-settembre-si-torna-in-aula-in-sicurezza\/#breadcrumb\"},\"inLanguage\":\"it-IT\",\"potentialAction\":[{\"@type\":\"ReadAction\",\"target\":[\"https:\/\/www.intoscana.it\/it\/alluniversita-di-siena-a-settembre-si-torna-in-aula-in-sicurezza\/\"]}]},{\"@type\":\"ImageObject\",\"inLanguage\":\"it-IT\",\"@id\":\"https:\/\/www.intoscana.it\/it\/alluniversita-di-siena-a-settembre-si-torna-in-aula-in-sicurezza\/#primaryimage\",\"url\":\"https:\/\/www.intoscana.it\/wp-content\/uploads\/fondtoscana1_20200709105627918-scaled.jpg\",\"contentUrl\":\"https:\/\/www.intoscana.it\/wp-content\/uploads\/fondtoscana1_20200709105627918-scaled.jpg\",\"width\":1918,\"height\":2560},{\"@type\":\"BreadcrumbList\",\"@id\":\"https:\/\/www.intoscana.it\/it\/alluniversita-di-siena-a-settembre-si-torna-in-aula-in-sicurezza\/#breadcrumb\",\"itemListElement\":[{\"@type\":\"ListItem\",\"position\":1,\"name\":\"Home\",\"item\":\"https:\/\/www.intoscana.it\/it\/\"},{\"@type\":\"ListItem\",\"position\":2,\"name\":\"All&#8217;Universit\u00e0 di Siena a settembre si torna in aula in sicurezza\"}]},{\"@type\":\"WebSite\",\"@id\":\"https:\/\/www.intoscana.it\/it\/#website\",\"url\":\"https:\/\/www.intoscana.it\/it\/\",\"name\":\"intoscana\",\"description\":\"\",\"potentialAction\":[{\"@type\":\"SearchAction\",\"target\":{\"@type\":\"EntryPoint\",\"urlTemplate\":\"https:\/\/www.intoscana.it\/it\/?s={search_term_string}\"},\"query-input\":{\"@type\":\"PropertyValueSpecification\",\"valueRequired\":true,\"valueName\":\"search_term_string\"}}],\"inLanguage\":\"it-IT\"},{\"@type\":\"Person\",\"@id\":\"https:\/\/www.intoscana.it\/it\/#\/schema\/person\/9223810753230f20bd670fdd322661f8\",\"name\":\"Redazione\",\"url\":\"https:\/\/www.intoscana.it\/it\/author\/redazione\/\"}]}<\/script>\n<!-- \/ Yoast SEO Premium plugin. -->","yoast_head_json":{"title":"All'Universit\u00e0 di Siena a settembre si torna in aula in sicurezza - intoscana","robots":{"index":"index","follow":"follow","max-snippet":"max-snippet:-1","max-image-preview":"max-image-preview:large","max-video-preview":"max-video-preview:-1"},"canonical":"https:\/\/www.intoscana.it\/it\/alluniversita-di-siena-a-settembre-si-torna-in-aula-in-sicurezza\/","og_locale":"it_IT","og_type":"article","og_title":"All'Universit\u00e0 di Siena a settembre si torna in aula in sicurezza","og_description":"L'Ateneo senese si prepara ad accogliere di nuovo gli studenti in aula e sta gi\u00e0 riaprendo gradualmente gli spazi di studio nelle biblioteche","og_url":"https:\/\/www.intoscana.it\/it\/alluniversita-di-siena-a-settembre-si-torna-in-aula-in-sicurezza\/","og_site_name":"intoscana","article_publisher":"https:\/\/www.facebook.com\/intoscana.it","article_published_time":"2020-07-09T08:45:19+00:00","article_modified_time":"2020-07-30T07:35:58+00:00","og_image":[{"width":1918,"height":2560,"url":"https:\/\/www.intoscana.it\/wp-content\/uploads\/fondtoscana1_20200709105627918-scaled.jpg","type":"image\/jpeg"}],"author":"Redazione","twitter_card":"summary_large_image","twitter_creator":"@intoscana","twitter_site":"@intoscana","twitter_misc":{"Written by":"Redazione","Est. reading time":"1 minuto"},"schema":{"@context":"https:\/\/schema.org","@graph":[{"@type":"WebPage","@id":"https:\/\/www.intoscana.it\/it\/alluniversita-di-siena-a-settembre-si-torna-in-aula-in-sicurezza\/","url":"https:\/\/www.intoscana.it\/it\/alluniversita-di-siena-a-settembre-si-torna-in-aula-in-sicurezza\/","name":"All'Universit\u00e0 di Siena a settembre si torna in aula in sicurezza - intoscana","isPartOf":{"@id":"https:\/\/www.intoscana.it\/it\/#website"},"primaryImageOfPage":{"@id":"https:\/\/www.intoscana.it\/it\/alluniversita-di-siena-a-settembre-si-torna-in-aula-in-sicurezza\/#primaryimage"},"image":{"@id":"https:\/\/www.intoscana.it\/it\/alluniversita-di-siena-a-settembre-si-torna-in-aula-in-sicurezza\/#primaryimage"},"thumbnailUrl":"https:\/\/www.intoscana.it\/wp-content\/uploads\/fondtoscana1_20200709105627918-scaled.jpg","datePublished":"2020-07-09T08:45:19+00:00","dateModified":"2020-07-30T07:35:58+00:00","author":{"@id":"https:\/\/www.intoscana.it\/it\/#\/schema\/person\/9223810753230f20bd670fdd322661f8"},"breadcrumb":{"@id":"https:\/\/www.intoscana.it\/it\/alluniversita-di-siena-a-settembre-si-torna-in-aula-in-sicurezza\/#breadcrumb"},"inLanguage":"it-IT","potentialAction":[{"@type":"ReadAction","target":["https:\/\/www.intoscana.it\/it\/alluniversita-di-siena-a-settembre-si-torna-in-aula-in-sicurezza\/"]}]},{"@type":"ImageObject","inLanguage":"it-IT","@id":"https:\/\/www.intoscana.it\/it\/alluniversita-di-siena-a-settembre-si-torna-in-aula-in-sicurezza\/#primaryimage","url":"https:\/\/www.intoscana.it\/wp-content\/uploads\/fondtoscana1_20200709105627918-scaled.jpg","contentUrl":"https:\/\/www.intoscana.it\/wp-content\/uploads\/fondtoscana1_20200709105627918-scaled.jpg","width":1918,"height":2560},{"@type":"BreadcrumbList","@id":"https:\/\/www.intoscana.it\/it\/alluniversita-di-siena-a-settembre-si-torna-in-aula-in-sicurezza\/#breadcrumb","itemListElement":[{"@type":"ListItem","position":1,"name":"Home","item":"https:\/\/www.intoscana.it\/it\/"},{"@type":"ListItem","position":2,"name":"All&#8217;Universit\u00e0 di Siena a settembre si torna in aula in sicurezza"}]},{"@type":"WebSite","@id":"https:\/\/www.intoscana.it\/it\/#website","url":"https:\/\/www.intoscana.it\/it\/","name":"intoscana","description":"","potentialAction":[{"@type":"SearchAction","target":{"@type":"EntryPoint","urlTemplate":"https:\/\/www.intoscana.it\/it\/?s={search_term_string}"},"query-input":{"@type":"PropertyValueSpecification","valueRequired":true,"valueName":"search_term_string"}}],"inLanguage":"it-IT"},{"@type":"Person","@id":"https:\/\/www.intoscana.it\/it\/#\/schema\/person\/9223810753230f20bd670fdd322661f8","name":"Redazione","url":"https:\/\/www.intoscana.it\/it\/author\/redazione\/"}]}},"_links":{"self":[{"href":"https:\/\/www.intoscana.it\/it\/wp-json\/wp\/v2\/posts\/145382","targetHints":{"allow":["GET"]}}],"collection":[{"href":"https:\/\/www.intoscana.it\/it\/wp-json\/wp\/v2\/posts"}],"about":[{"href":"https:\/\/www.intoscana.it\/it\/wp-json\/wp\/v2\/types\/post"}],"author":[{"embeddable":true,"href":"https:\/\/www.intoscana.it\/it\/wp-json\/wp\/v2\/users\/525"}],"replies":[{"embeddable":true,"href":"https:\/\/www.intoscana.it\/it\/wp-json\/wp\/v2\/comments?post=145382"}],"version-history":[{"count":0,"href":"https:\/\/www.intoscana.it\/it\/wp-json\/wp\/v2\/posts\/145382\/revisions"}],"wp:featuredmedia":[{"embeddable":true,"href":"https:\/\/www.intoscana.it\/it\/wp-json\/wp\/v2\/media\/145882"}],"wp:attachment":[{"href":"https:\/\/www.intoscana.it\/it\/wp-json\/wp\/v2\/media?parent=145382"}],"wp:term":[{"taxonomy":"category","embeddable":true,"href":"https:\/\/www.intoscana.it\/it\/wp-json\/wp\/v2\/categories?post=145382"},{"taxonomy":"post_tag","embeddable":true,"href":"https:\/\/www.intoscana.it\/it\/wp-json\/wp\/v2\/tags?post=145382"}],"curies":[{"name":"wp","href":"https:\/\/api.w.org\/{rel}","templated":true}]}}