{"id":146415,"date":"2020-08-10T11:10:14","date_gmt":"2020-08-10T09:10:14","guid":{"rendered":"https:\/\/www.intoscana.it\/?p=146415"},"modified":"2020-08-12T11:03:12","modified_gmt":"2020-08-12T09:03:12","slug":"michele-anne-barocchi-come-sconfiggere-per-sempre-la-paura","status":"publish","type":"post","link":"https:\/\/www.intoscana.it\/it\/michele-anne-barocchi-come-sconfiggere-per-sempre-la-paura\/","title":{"rendered":"Mich\u00e8le Anne Barocchi: come smettere di vivere nella paura"},"content":{"rendered":"<p><em>Ho pensato: <strong>\u2018la mia vita \u00e8 finita\u2019<\/strong>, invece la mia vita era appena cominciata<\/em> con queste parole <strong>Mich\u00e8le Anne Barocchi,<\/strong> laureata all\u2019Universit\u00e0 di Berkeley in California e ora insegnante di yoga nella scuola fiorentina <strong>It\u2019s Yoga<\/strong>\u00a0stimata e apprezzata in tutta Europa mi ha raccontato <strong>l\u2019incidente che l\u201911 agosto del 2015<\/strong> le avrebbe cambiato per sempre la vita.<\/p>\n<p>Ma andiamo con ordine, Mich\u00e8le \u00e8 una giovane studentessa all\u2019<strong>University of California di Berkeley<\/strong>, dove conseguir\u00e0 il <strong>PhD in Malattie infettive e immunit\u00e0<\/strong>, quando un giorno scopre in una piccola palestra a <strong>San Francisco<\/strong> l\u2019<strong>Ashtanga Vinyasa Yoga<\/strong>. Resta subito affascinata da questa disciplina e decide di frequentare il corso di teacher training di <strong>Larry Schultz<\/strong> nel giugno 2003 e poi si trasferisce a Firenze dove fonda nel 2004 l\u2019<strong>Associazione Culturale It\u2019s Yoga.<\/strong><\/p>\n<p><strong>Nell\u2019agosto del 2015 Mich\u00e8le ha un incidente quasi mortale<\/strong>, un\u2019auto la investe amputandole una gamba. Questa terribile esperienza porta nella sua vita una profonda trasformazione che la spinge ad abbandonare la sua carriera in campo medico e ad abbracciare lo yoga come scelta di vita. Mich\u00e8le continua oggi a insegnare e studiare. Dopo l\u2019incidente \u00e8 diventata insegnante di canto vedico certificato attraverso il programma nella tradizione dei Mantra Vedici con la sua insegnante Menaka Desikachar, a Chennai India presso la Krishnamacharya Healing and Yoga Foundation. Ha anche completato un corso di formazione professionale di due anni per diventare un Facilitatore di \u2018<strong>Transformational Breath<\/strong>\u2019 e ha studiato pratiche di guarigione con le\u00a0<strong>trib\u00f9 amazzoniche<\/strong>.\u00a0La \u2018missione\u2019 di<strong> Mich\u00e8le<\/strong> oggi \u00e8 insegnare alle persone ad auto-curarsi attraverso lo yoga.<\/p>\n<p><strong>Ciao Mich\u00e8le, in un certo senso mi sembra ci sia un filo conduttore tra gli studi che facevi a Berkeley e la tua attivit\u00e0 di insegnante di yoga adesso, \u00e8 cos\u00ec?<br \/>\n<\/strong><br \/>\nS\u00ec, nel caso dei miei studi mi ha spinto soprattutto la curiosit\u00e0, mi chiedevo: come fa una cosa invisibile a causare dei danni cos\u00ec enormi? Ero specializzata in batteri e malattie infantili, polmoniti non virali. Questo mi affascinava molto, il potere che hanno questi piccoli micro organismi che causano morti. Io <strong>creavo molecole per inibire le infezioni<\/strong>. Lo yoga invece \u00e8 una pratica di auto-cura. Partiamo dal principio che tutti gli esseri umani hanno tutto quello che necessita per stare bene dentro di loro. Devono <strong>\u2018unlearning<\/strong>\u2019 cio\u00e8 disimparare alcune cose che hanno imparato nella loro vita, meccanismi, <strong>schemi di protezione<\/strong>. Queste \u2018protezioni\u2019 creano tante barriere alla nostra capacit\u00e0 di vedere e recepire <strong>gioia, amore, pace e serenit\u00e0<\/strong> che sono i nostri stati naturali dell\u2019essere, che ci siamo dimenticati. Lo<strong> yoga<\/strong> non \u00e8 solo le posture sul tappetino nelle foto che vedi su<strong> Instagram.<\/strong> Yoga \u00e8 tutt\u2019altro, \u00e8 un modo di vivere la propria vita connessi all\u2019amore e alla propria verit\u00e0.<\/p>\n<p><strong>Quindi secondo te sono i nostri meccanismi automatici di difesa il problema pi\u00f9 grande<br \/>\n<\/strong><br \/>\nAbbiamo <strong>meccanismi di difesa basati sulla paura<\/strong>. La paura \u00e8 molto sofisticata e ci crea stress. Abbiamo paura di non avere denaro, di avere troppo denaro, di non avere un compagno, di avere un compagno, di essere sposati, di non essere sposati, di non avere figli, di avere figli, di comprare la casa, non comprare la casa. La paura \u00e8 innata nella nostra societ\u00e0, quindi noi <strong>viviamo nella paura<\/strong> e il nostro comportamento si \u00e8 adattato a non essere la nostra verit\u00e0. Siamo espressione solo di <strong>paura, rabbia, tristezza, malinconia, gelosia, invidia, ira<\/strong>, una serie di emozioni. Il corpo \u00e8 talmente abituato ad essere in questo stato che siamo dipendenti da sostanze come <strong>eroina, cocaina, caffeina, cioccolata, alcol, tabacco<\/strong> e siamo quindi dipendenti dalle<strong> molecole della paura<\/strong> che sono <strong>cortisolo, endorfine e adrenalina.<\/strong> Sono molto potenti queste molecole, infatti possono salvare la vita, come \u00e8 capitato a me quando sono stata investita dalla macchina, la mia gamba nuda in mille pezzi \u00e8 diventata liquida. Il mio corpo ha reagito con paura, ha scatenato un meccanismo cellulare per cui ha iniziato a produrre <strong>cortisolo, adrenalina, neuro-endorfine<\/strong> che sono le molecole endogene dell\u2019oppio. Questo mi ha aiutato a sopravvivere perch\u00e9 ero in pericolo di morte. Per\u00f2 noi adesso siamo in un loop di stress, il corpo produce le stesse sostanze di una situazione di pericolo solo a causa dei nostri pensieri. Il corpo non riesce pi\u00f9 a distinguere tra la realt\u00e0, un pericolo reale e quello che \u00e8 solo un pensiero.\u00a0\u00c9\u00a0per questo che ci ammaliamo che abbiamo<strong> tumori, ernie, malattie autoimmuni, ansie, prendiamo psicofarmaci.<\/strong> Lo yoga va a curare proprio questo, come ci creiamo malattie con la mente, allo stesso tempo possiamo anche curarci con la nostra mente che \u00e8 molto potente. Ora c\u2019\u00e8 un nuovo ramo della<strong> ricerca neuro-scientifica<\/strong> che fa ricerca proprio su questo. <strong>La mente non \u00e8 separata dal corpo<\/strong>, possono lavorare insieme per un\u2019<strong>auto-guarigione.<\/strong><\/p>\n<p><iframe loading=\"lazy\" src=\"https:\/\/www.youtube.com\/embed\/lgZ_hyAWfQQ\" width=\"800\" height=\"555\" frameborder=\"0\" allowfullscreen=\"allowfullscreen\"><\/iframe><\/p>\n<p><strong>Lo yoga in origine nacque proprio per questo curarsi senza medicine<br \/>\n<\/strong><br \/>\nI <strong>sutra di Pata\u00f1jali<\/strong> hanno pi\u00f9 di 2500 anni, era il saggio che ha scritto il primo manuale. In realt\u00e0 ci sono pochissime indicazioni sulle pose e le posture fisiche, \u00e8 quasi tutto sulla mente e il respiro, come quietare la mente attraverso esercizi respiratori chiamati <strong>\u2018Pranayama<\/strong>\u2019, per tenere sotto controllo la mente erratica. Le <strong>\u2018Asana\u2019<\/strong> cio\u00e8 le posture sono nate molto dopo, servono per muovere energia insieme al respiro ma lo yoga \u00e8 anche molto altro.<\/p>\n<p><strong>Dopo l\u2019incidente che ha cambiato la tua vita, hai continuato a insegnare yoga, viaggi moltissimo, sembri molto felice, per\u00f2 non deve essere stato facile per te accettare e adattarsi a questa nuova situazione. Non c\u2019\u00e8 la minima vergogna da parte tua nel mostrare il tuo corpo com\u2019\u00e8 adesso, hai un grande coraggio<br \/>\n<\/strong><br \/>\n<strong>\u00c9 un lavoro quotidiano<\/strong>, ora sono molto serena e felice, al massimo della mia vita, condivido l\u2019esperienza che ho avuto con gli altri per fargli da esempio. Non per \u2018Ego\u2019 ma nel senso: \u2018<strong>se ce l\u2019ho fatta io ce la potete fare anche voi<\/strong>\u2019. Quando mi \u00e8 capitato di perdere la gamba, non \u00e8 certo un evento \u2018nomale\u2019, \u00e8 stato un lutto, c\u2019\u00e8 stato tanto dolore, <strong>i primi anni sono stati molto difficili<\/strong>, ero depressa, triste, mi vergognavo perch\u00e9 non ero come prima, non ero perfetta. Piano piano sono guarita usando gli strumenti che avevo grazie al cielo, cio\u00e8 <strong>lo yoga, la meditazione, la consapevolezza interiore, il \u2018transformational breath\u2019<\/strong> che insegno adesso. Ovviamente ci sono giorni che mi girano delle scatole come tutti, avendo <strong>una gamba bionica<\/strong> non posso fare tutto quello che vorrei fare, devo trovare il modo di farlo in un altro modo. Non \u00e8 quello che ti capita, ma cosa ci fai con quello che ti capita. Se riesci a estrarre un messaggio da quello che ti \u00e8 capitato, che sia un <strong>abbandono, un trauma, una cattiveria, una violenza, un incidente, un tradimento, una perdita economica<\/strong>. Se riesci a estrarre il vero messaggio allora riesci a cambiare la tua vita.\u00a0\u00c9 quello che ho fatto io, prima <strong>lavoravo per la Novartis,<\/strong> andavo in giro per il mondo a fare congressi da scienziata, poi mi \u00e8 successo l\u2019incidente e ho pensato: \u2018<strong>la mia vita \u00e8 finita\u2019, invece la mia vita era appena cominciata<\/strong>. La mia vita prima non era come adesso, ora \u00e8 mille volte meglio. Adesso <strong>non ho paura della morte,<\/strong> vedo che la nostra societ\u00e0 vive nel terrore e questi strumenti yoga, respiro, sono come delle guide pratiche per affrontare la vita. <strong>Lo yoga \u00e8 essere autentici,<\/strong> spesso non siamo onesti, facciamo le cose per compiacere gli altri ma facciamo del male a noi stessi. La gente non \u00e8 abituata a esprimere la propria verit\u00e0, si sente giudicata, si sente in colpa e poi ha l\u2019ansia o \u00e8 sempre stanca o ha la gastrite o il mal di testa.<\/p>\n<p><strong>Per informazioni:<\/strong><br \/>\n<a href=\"https:\/\/www.micheleannebarocchi.com\"><strong>https:\/\/www.micheleannebarocchi.com<\/strong><\/a><br \/>\n<a href=\"http:\/\/itsyoga-firenze.com\"><strong>http:\/\/itsyoga-firenze.com<\/strong><\/a><\/p>\n","protected":false},"excerpt":{"rendered":"<p>Intervista all&#8217;insegnante fiorentina di yoga che ci raconta la sua storia di rinascita dopo l&#8217;incidente che nel 2015 le ha cambiato per sempre la vita<\/p>\n","protected":false},"author":518,"featured_media":146640,"comment_status":"open","ping_status":"open","sticky":false,"template":"","format":"standard","meta":{"_acf_changed":false,"footnotes":""},"categories":[18],"tags":[2334],"class_list":["post-146415","post","type-post","status-publish","format-standard","has-post-thumbnail","hentry","category-salute","tag-yoga"],"acf":[],"yoast_head":"<!-- This site is optimized with the Yoast SEO Premium plugin v24.2 (Yoast SEO v25.6) - https:\/\/yoast.com\/wordpress\/plugins\/seo\/ -->\n<title>Mich\u00e8le Anne Barocchi: come smettere di vivere nella paura - intoscana<\/title>\n<meta name=\"description\" content=\"Intervista all&#039;insegnante fiorentina di yoga che ci raconta la sua storia di rinascita dopo l&#039;incidente che nel 2015 le ha cambiato per sempre la vita\" \/>\n<meta name=\"robots\" content=\"index, follow, max-snippet:-1, max-image-preview:large, max-video-preview:-1\" \/>\n<link rel=\"canonical\" href=\"https:\/\/www.intoscana.it\/it\/michele-anne-barocchi-come-sconfiggere-per-sempre-la-paura\/\" \/>\n<meta property=\"og:locale\" content=\"it_IT\" \/>\n<meta property=\"og:type\" content=\"article\" \/>\n<meta property=\"og:title\" content=\"Mich\u00e8le Anne Barocchi: come smettere di vivere nella paura\" \/>\n<meta property=\"og:description\" content=\"Intervista all&#039;insegnante fiorentina di yoga che ci raconta la sua storia di rinascita dopo l&#039;incidente che nel 2015 le ha cambiato per sempre la vita\" \/>\n<meta property=\"og:url\" content=\"https:\/\/www.intoscana.it\/it\/michele-anne-barocchi-come-sconfiggere-per-sempre-la-paura\/\" \/>\n<meta property=\"og:site_name\" content=\"intoscana\" \/>\n<meta property=\"article:publisher\" content=\"https:\/\/www.facebook.com\/intoscana.it\" \/>\n<meta property=\"article:published_time\" content=\"2020-08-10T09:10:14+00:00\" \/>\n<meta property=\"article:modified_time\" content=\"2020-08-12T09:03:12+00:00\" \/>\n<meta property=\"og:image\" content=\"https:\/\/www.intoscana.it\/wp-content\/uploads\/Mich\u00e8le-Anne-Barocchi_ok-scaled.jpg\" \/>\n\t<meta property=\"og:image:width\" content=\"2048\" \/>\n\t<meta property=\"og:image:height\" content=\"1810\" \/>\n\t<meta property=\"og:image:type\" content=\"image\/jpeg\" \/>\n<meta name=\"author\" content=\"Costanza Baldini\" \/>\n<meta name=\"twitter:card\" content=\"summary_large_image\" \/>\n<meta name=\"twitter:creator\" content=\"@intoscana\" \/>\n<meta name=\"twitter:site\" content=\"@intoscana\" \/>\n<meta name=\"twitter:label1\" content=\"Written by\" \/>\n\t<meta name=\"twitter:data1\" content=\"Costanza Baldini\" \/>\n\t<meta name=\"twitter:label2\" content=\"Est. reading time\" \/>\n\t<meta name=\"twitter:data2\" content=\"6 minuti\" \/>\n<script type=\"application\/ld+json\" class=\"yoast-schema-graph\">{\"@context\":\"https:\/\/schema.org\",\"@graph\":[{\"@type\":\"WebPage\",\"@id\":\"https:\/\/www.intoscana.it\/it\/michele-anne-barocchi-come-sconfiggere-per-sempre-la-paura\/\",\"url\":\"https:\/\/www.intoscana.it\/it\/michele-anne-barocchi-come-sconfiggere-per-sempre-la-paura\/\",\"name\":\"Mich\u00e8le Anne Barocchi: come smettere di vivere nella paura - intoscana\",\"isPartOf\":{\"@id\":\"https:\/\/www.intoscana.it\/it\/#website\"},\"primaryImageOfPage\":{\"@id\":\"https:\/\/www.intoscana.it\/it\/michele-anne-barocchi-come-sconfiggere-per-sempre-la-paura\/#primaryimage\"},\"image\":{\"@id\":\"https:\/\/www.intoscana.it\/it\/michele-anne-barocchi-come-sconfiggere-per-sempre-la-paura\/#primaryimage\"},\"thumbnailUrl\":\"https:\/\/www.intoscana.it\/wp-content\/uploads\/Mich\u00e8le-Anne-Barocchi_ok-scaled.jpg\",\"datePublished\":\"2020-08-10T09:10:14+00:00\",\"dateModified\":\"2020-08-12T09:03:12+00:00\",\"author\":{\"@id\":\"https:\/\/www.intoscana.it\/it\/#\/schema\/person\/d469f35f09739bdf00bf5dd3f0647a82\"},\"description\":\"Intervista all'insegnante fiorentina di yoga che ci raconta la sua storia di rinascita dopo l'incidente che nel 2015 le ha cambiato per sempre la vita\",\"breadcrumb\":{\"@id\":\"https:\/\/www.intoscana.it\/it\/michele-anne-barocchi-come-sconfiggere-per-sempre-la-paura\/#breadcrumb\"},\"inLanguage\":\"it-IT\",\"potentialAction\":[{\"@type\":\"ReadAction\",\"target\":[\"https:\/\/www.intoscana.it\/it\/michele-anne-barocchi-come-sconfiggere-per-sempre-la-paura\/\"]}]},{\"@type\":\"ImageObject\",\"inLanguage\":\"it-IT\",\"@id\":\"https:\/\/www.intoscana.it\/it\/michele-anne-barocchi-come-sconfiggere-per-sempre-la-paura\/#primaryimage\",\"url\":\"https:\/\/www.intoscana.it\/wp-content\/uploads\/Mich\u00e8le-Anne-Barocchi_ok-scaled.jpg\",\"contentUrl\":\"https:\/\/www.intoscana.it\/wp-content\/uploads\/Mich\u00e8le-Anne-Barocchi_ok-scaled.jpg\",\"width\":2048,\"height\":1810},{\"@type\":\"BreadcrumbList\",\"@id\":\"https:\/\/www.intoscana.it\/it\/michele-anne-barocchi-come-sconfiggere-per-sempre-la-paura\/#breadcrumb\",\"itemListElement\":[{\"@type\":\"ListItem\",\"position\":1,\"name\":\"Home\",\"item\":\"https:\/\/www.intoscana.it\/it\/\"},{\"@type\":\"ListItem\",\"position\":2,\"name\":\"Mich\u00e8le Anne Barocchi: come smettere di vivere nella paura\"}]},{\"@type\":\"WebSite\",\"@id\":\"https:\/\/www.intoscana.it\/it\/#website\",\"url\":\"https:\/\/www.intoscana.it\/it\/\",\"name\":\"intoscana\",\"description\":\"\",\"potentialAction\":[{\"@type\":\"SearchAction\",\"target\":{\"@type\":\"EntryPoint\",\"urlTemplate\":\"https:\/\/www.intoscana.it\/it\/?s={search_term_string}\"},\"query-input\":{\"@type\":\"PropertyValueSpecification\",\"valueRequired\":true,\"valueName\":\"search_term_string\"}}],\"inLanguage\":\"it-IT\"},{\"@type\":\"Person\",\"@id\":\"https:\/\/www.intoscana.it\/it\/#\/schema\/person\/d469f35f09739bdf00bf5dd3f0647a82\",\"name\":\"Costanza Baldini\",\"url\":\"https:\/\/www.intoscana.it\/it\/author\/costanza-baldini\/\"}]}<\/script>\n<!-- \/ Yoast SEO Premium plugin. -->","yoast_head_json":{"title":"Mich\u00e8le Anne Barocchi: come smettere di vivere nella paura - intoscana","description":"Intervista all'insegnante fiorentina di yoga che ci raconta la sua storia di rinascita dopo l'incidente che nel 2015 le ha cambiato per sempre la vita","robots":{"index":"index","follow":"follow","max-snippet":"max-snippet:-1","max-image-preview":"max-image-preview:large","max-video-preview":"max-video-preview:-1"},"canonical":"https:\/\/www.intoscana.it\/it\/michele-anne-barocchi-come-sconfiggere-per-sempre-la-paura\/","og_locale":"it_IT","og_type":"article","og_title":"Mich\u00e8le Anne Barocchi: come smettere di vivere nella paura","og_description":"Intervista all'insegnante fiorentina di yoga che ci raconta la sua storia di rinascita dopo l'incidente che nel 2015 le ha cambiato per sempre la vita","og_url":"https:\/\/www.intoscana.it\/it\/michele-anne-barocchi-come-sconfiggere-per-sempre-la-paura\/","og_site_name":"intoscana","article_publisher":"https:\/\/www.facebook.com\/intoscana.it","article_published_time":"2020-08-10T09:10:14+00:00","article_modified_time":"2020-08-12T09:03:12+00:00","og_image":[{"width":2048,"height":1810,"url":"https:\/\/www.intoscana.it\/wp-content\/uploads\/Mich\u00e8le-Anne-Barocchi_ok-scaled.jpg","type":"image\/jpeg"}],"author":"Costanza Baldini","twitter_card":"summary_large_image","twitter_creator":"@intoscana","twitter_site":"@intoscana","twitter_misc":{"Written by":"Costanza Baldini","Est. reading time":"6 minuti"},"schema":{"@context":"https:\/\/schema.org","@graph":[{"@type":"WebPage","@id":"https:\/\/www.intoscana.it\/it\/michele-anne-barocchi-come-sconfiggere-per-sempre-la-paura\/","url":"https:\/\/www.intoscana.it\/it\/michele-anne-barocchi-come-sconfiggere-per-sempre-la-paura\/","name":"Mich\u00e8le Anne Barocchi: come smettere di vivere nella paura - intoscana","isPartOf":{"@id":"https:\/\/www.intoscana.it\/it\/#website"},"primaryImageOfPage":{"@id":"https:\/\/www.intoscana.it\/it\/michele-anne-barocchi-come-sconfiggere-per-sempre-la-paura\/#primaryimage"},"image":{"@id":"https:\/\/www.intoscana.it\/it\/michele-anne-barocchi-come-sconfiggere-per-sempre-la-paura\/#primaryimage"},"thumbnailUrl":"https:\/\/www.intoscana.it\/wp-content\/uploads\/Mich\u00e8le-Anne-Barocchi_ok-scaled.jpg","datePublished":"2020-08-10T09:10:14+00:00","dateModified":"2020-08-12T09:03:12+00:00","author":{"@id":"https:\/\/www.intoscana.it\/it\/#\/schema\/person\/d469f35f09739bdf00bf5dd3f0647a82"},"description":"Intervista all'insegnante fiorentina di yoga che ci raconta la sua storia di rinascita dopo l'incidente che nel 2015 le ha cambiato per sempre la vita","breadcrumb":{"@id":"https:\/\/www.intoscana.it\/it\/michele-anne-barocchi-come-sconfiggere-per-sempre-la-paura\/#breadcrumb"},"inLanguage":"it-IT","potentialAction":[{"@type":"ReadAction","target":["https:\/\/www.intoscana.it\/it\/michele-anne-barocchi-come-sconfiggere-per-sempre-la-paura\/"]}]},{"@type":"ImageObject","inLanguage":"it-IT","@id":"https:\/\/www.intoscana.it\/it\/michele-anne-barocchi-come-sconfiggere-per-sempre-la-paura\/#primaryimage","url":"https:\/\/www.intoscana.it\/wp-content\/uploads\/Mich\u00e8le-Anne-Barocchi_ok-scaled.jpg","contentUrl":"https:\/\/www.intoscana.it\/wp-content\/uploads\/Mich\u00e8le-Anne-Barocchi_ok-scaled.jpg","width":2048,"height":1810},{"@type":"BreadcrumbList","@id":"https:\/\/www.intoscana.it\/it\/michele-anne-barocchi-come-sconfiggere-per-sempre-la-paura\/#breadcrumb","itemListElement":[{"@type":"ListItem","position":1,"name":"Home","item":"https:\/\/www.intoscana.it\/it\/"},{"@type":"ListItem","position":2,"name":"Mich\u00e8le Anne Barocchi: come smettere di vivere nella paura"}]},{"@type":"WebSite","@id":"https:\/\/www.intoscana.it\/it\/#website","url":"https:\/\/www.intoscana.it\/it\/","name":"intoscana","description":"","potentialAction":[{"@type":"SearchAction","target":{"@type":"EntryPoint","urlTemplate":"https:\/\/www.intoscana.it\/it\/?s={search_term_string}"},"query-input":{"@type":"PropertyValueSpecification","valueRequired":true,"valueName":"search_term_string"}}],"inLanguage":"it-IT"},{"@type":"Person","@id":"https:\/\/www.intoscana.it\/it\/#\/schema\/person\/d469f35f09739bdf00bf5dd3f0647a82","name":"Costanza Baldini","url":"https:\/\/www.intoscana.it\/it\/author\/costanza-baldini\/"}]}},"_links":{"self":[{"href":"https:\/\/www.intoscana.it\/it\/wp-json\/wp\/v2\/posts\/146415","targetHints":{"allow":["GET"]}}],"collection":[{"href":"https:\/\/www.intoscana.it\/it\/wp-json\/wp\/v2\/posts"}],"about":[{"href":"https:\/\/www.intoscana.it\/it\/wp-json\/wp\/v2\/types\/post"}],"author":[{"embeddable":true,"href":"https:\/\/www.intoscana.it\/it\/wp-json\/wp\/v2\/users\/518"}],"replies":[{"embeddable":true,"href":"https:\/\/www.intoscana.it\/it\/wp-json\/wp\/v2\/comments?post=146415"}],"version-history":[{"count":0,"href":"https:\/\/www.intoscana.it\/it\/wp-json\/wp\/v2\/posts\/146415\/revisions"}],"wp:featuredmedia":[{"embeddable":true,"href":"https:\/\/www.intoscana.it\/it\/wp-json\/wp\/v2\/media\/146640"}],"wp:attachment":[{"href":"https:\/\/www.intoscana.it\/it\/wp-json\/wp\/v2\/media?parent=146415"}],"wp:term":[{"taxonomy":"category","embeddable":true,"href":"https:\/\/www.intoscana.it\/it\/wp-json\/wp\/v2\/categories?post=146415"},{"taxonomy":"post_tag","embeddable":true,"href":"https:\/\/www.intoscana.it\/it\/wp-json\/wp\/v2\/tags?post=146415"}],"curies":[{"name":"wp","href":"https:\/\/api.w.org\/{rel}","templated":true}]}}