{"id":146613,"date":"2020-08-11T07:49:24","date_gmt":"2020-08-11T05:49:24","guid":{"rendered":"https:\/\/www.intoscana.it\/?p=146613"},"modified":"2022-04-09T16:00:31","modified_gmt":"2022-04-09T14:00:31","slug":"moresco-canto-alberi","status":"publish","type":"post","link":"https:\/\/www.intoscana.it\/it\/moresco-canto-alberi\/","title":{"rendered":"Antonio Moresco e il suo Canto degli Alberi per risvegliare l&#8217;umanit\u00e0"},"content":{"rendered":"<p>Nella solitudine di un piccolo appartamento a Mantova, la sua citt\u00e0 natale da cui mancava da tanti anni e dove per uno strano giro del destino si ritrova confinato in <strong>lockdown<\/strong>, lo scrittore inizia ad ascoltare la <strong>voce degli alberi<\/strong>, che nell\u2019assordante silenzio pandemico che ha calato la sua cappa mortifera sul mondo finalmente riescono a trovare orecchie abbastanza sensibili da ascoltarli.<\/p>\n<p>Lo scrittore \u00e8 <strong>Antonio Moresco,<\/strong> uno dei pi\u00f9 grandi autori italiani viventi, e il libro che nasce da questo ascolto impossibile, da questo dialogo con il mondo vegetale, \u00e8 <strong>\u201cCanto degli alberi\u201d<\/strong>, uscito per <strong>Aboca Edizioni,<\/strong> la costola editoriale dell\u2019azienda fitoterapica di Sansepolcro che nel 2019 ha lanciato una collana di narrativa chiamata proprio \u201cIl bosco degli scrittori\u201d.<\/p>\n<p>Il Moresco che dialoga con gli alberi \u00e8 lo stesso che nella trilogia-mondo \u201cCanti del Caos\u201d o nel pi\u00f9 breve \u201cLa lucina\u201d ci ha abituato all\u2019incontro liminale con un universo nascosto, alla ricerca della maglia rotta nella rete da cui si possa intravedere un <strong>livello diverso di realt\u00e0<\/strong>: <mark>questa volta lo scorcio aperto dalla sua scrittura, la crepa da cui filtra la luce, ci catapulta in una dimensione panteistica, dove la natura non \u00e8 palcoscenico muto per l\u2019uomo, ma un attore vivo, vivissimo, con cui confrontarsi.<\/mark> Ogni albero ha la sua voce, il suo volto e la sua personalit\u00e0: i primi a parlare al protagonista, durante le sue lunghe passeggiate nella Mantova deserta e assediata dal Coronavirus sono proprio le piccole radici, che approfittano dell\u2019assenza umana per bucare l\u2019asfalto e riprendersi lo spazio antropizzato, e poi gli<strong> alberi murati<\/strong>, che si fanno strada nei muri delle case, che durante la pandemia custodiscono i loro abitanti come bozzoli o prigioni.<\/p>\n<p>Il colloquio che lo scrittore intesse con gli alberi \u2013<strong> anima arborea<\/strong> del vivente \u2013 \u00e8 l\u2019estremo tentativo di redenzione di un\u2019umanit\u00e0 stremata dal suo stesso egoismo, che sta divorando le risorse del proprio habitat, rendendolo inabitabile e condannandosi cos\u00ec all\u2019estinzione.<br \/>\nLa <strong>denuncia ambientalista<\/strong> che Moresco lanciava gi\u00e0 ne \u201cIl grido\u201d qui assume la dimensione epica di un lungo addio alla nostra specie per come la conosciamo. Il canto degli alberi \u00e8 il saluto all\u2019essere umano, sciocca e piccola creatura che non impara dai propri errori, si muove da secoli seguendo le stesse dinamiche di potere e vuole sempre di pi\u00f9. Il mondo vegetale lancia un monito ben preciso: quest\u2019essere accidentalmente apparso sulla Terra e capace anche di produrre pura bellezza, come la musica, dovr\u00e0 mutare radicalmente per sopravvivere.<\/p>\n<p><strong>Durante il lockdown, mentre l\u2019umanit\u00e0 impaurita dal virus si richiude in se stessa, il protagonista del tuo romanzo invece si apre a un dialogo con la natura, perch\u00e9 hai scelto proprio gli alberi?<br \/>\n<\/strong>\u00c8 stato come un contromovimento interiore, ero rinchiuso e allora pensavo ad allargare gli orizzonti: questa situazione ha scatenato in me un\u2019osservazione del mondo naturale, del mondo muto che nel silenzio generale stava come parlando, cantando e gridando con un voce che senn\u00f2 non avrei sentito. Gli alberi murati sono quelli che fanno scattare l\u2019identificazione con il nostro stato di reclusione di quel momento ma le prime a parlare sono le radici, \u00e8 un riferimento al fatto che il libro \u00e8 stato scritto a Mantova, dove non mi fermavo da quando avevo 20 anni, e mi ha portato a confrontarmi con il <strong>mio passato e le mie radici<\/strong>.<\/p>\n<p><strong>L&#8217;essere umano sembra non rendersi conto di essere solo una delle specie che fanno parte della natura, verso cui avverte invece una dicotomia: \u00e8 questo forse l\u2019atteggiamento sbagliato da cui \u00e8 nata la distruzione del pianeta che l\u2019uomo porta avanti? \u00c8 possibile cambiarlo?<br \/>\n<\/strong>L\u2019uomo si \u00e8 messo in testa di essere qualcosa di diverso rispetto alla natura, un pensiero che affonda le sue radici in tutte le manifestazioni culturali e spirituali umane a partire dalla Bibbia, dove l\u2019uomo domina la natura. Con la nascita della filosofia poi l\u2019uomo si \u00e8 inventato un ruolo umano superiore rispetto a quello del mondo naturale &#8211; l\u2019uomo cerca la verit\u00e0 mentre tutto il resto del mondo naturale vive e basta &#8211; cos\u00ec si \u00e8 sedimentato questo <strong>istinto di superiorit\u00e0 umano <\/strong>che adesso torna indietro come un boomerang, perch\u00e9 quest\u2019uomo cos\u00ec tanto superiore \u00e8 quello che si trova in un <strong>pericolo di specie<\/strong> maggiore rispetto a quello del mondo vegetale, che lui considera inferiore a s\u00e9. La <strong>pandemia <\/strong>ci ha fatto ragionare su questo aspetto: noi che siamo cos\u00ec grandi, cos\u00ec potenti, siamo stati messi in ginocchio da un virus invisibile, che ha messo in crisi le nostre economie, dovremmo trarne un insegnamento.<\/p>\n<p><img loading=\"lazy\" decoding=\"async\" class=\"aligncenter wp-image-146619 size-large\" src=\"https:\/\/www.intoscana.it\/wp-content\/uploads\/canto-degli-alberi-moresco-1024x1024.jpeg\" alt=\"Canto degli alberi, Antonio Moresco\" width=\"800\" height=\"800\" srcset=\"https:\/\/www.intoscana.it\/wp-content\/uploads\/canto-degli-alberi-moresco-1024x1024.jpeg 1024w, https:\/\/www.intoscana.it\/wp-content\/uploads\/canto-degli-alberi-moresco-300x300.jpeg 300w, https:\/\/www.intoscana.it\/wp-content\/uploads\/canto-degli-alberi-moresco-150x150.jpeg 150w, https:\/\/www.intoscana.it\/wp-content\/uploads\/canto-degli-alberi-moresco-768x768.jpeg 768w, https:\/\/www.intoscana.it\/wp-content\/uploads\/canto-degli-alberi-moresco.jpeg 1280w\" sizes=\"auto, (max-width: 800px) 100vw, 800px\" \/><\/p>\n<p style=\"text-align: center;\">Canto degli alberi, Antonio Moresco<\/p>\n<p><strong>Nella parte finale del libro, bellissima, gli alberi mostrano al protagonista come sono riusciti a superare i propri limiti di specie, hanno imparato a rovesciarsi, a stare con le radici in aria e addirittura a cantare: \u00e8 possibile per l\u2019essere umano fare un salto di specie oggi inimmaginabile per salvare se stesso dall\u2019estinzione?<br \/>\n<\/strong>Nel libro ci sono degli alberi che oltrepassano i loro limiti, che diventano buoni o cattivi a seconda delle case in cui sono radicati e nei cori finali arrivano a capovolgersi e a diventare musicali, come se volessero indicarci una traccia. Non so se questo sia possibile per l\u2019uomo, ma la metamorfosi, la capacit\u00e0 di mutare profondamente, \u00e8 insita nella natura: se \u00e8 vero che veniamo dall\u2019acqua e che dal mare sono venute fuori una serie di specie che poi si sono modificate, hanno trasformato le pinne in zampe o ali, vuol dire che la <strong>potenza metamorfica \u00e8 compresa dentro la vita<\/strong>, e quindi perch\u00e9 l\u2019uomo non dovrebbe avere questa forza dentro di s\u00e9? Adesso siamo in una situazione che non basterebbe una rivoluzione come quelle del passato a risolvere, <mark>abbiamo bisogno di una mutazione profondissima e verticale perch\u00e9 abbiamo dimostrato che il nostro modo di vivere, le nostre logiche e le nostre leggi ci rendono sempre pi\u00f9 difficile se non impossibile la vita su questo pianeta.<\/mark> Magari questa divaricazione di specie \u00e8 gi\u00e0 in atto, questa \u00e8 la speranza che io metto in campo in questo libro, che anche noi riusciamo a capovolgerci come specie, rimettendo cos\u00ec in discussione le nostre possibilit\u00e0 di esistenza su questo pianeta.<\/p>\n<p><strong>La musica pervade tutto il libro insieme alla poesia, a un certo punto gli alberi ricordano Virgilio, un altro poeta che era in grado di dialogare con loro: forse \u00e8 l\u2019arte l\u2019unica vera invenzione umana per cui la nostra specie merita di sopravvivere?<br \/>\n<\/strong>Dopo quel lungo coro in cui gli alberi raccontano tutta la storia dell\u2019uomo dal loro punto di vista &#8211; azzerando tutte le nostre manie di grandezze e dicendo voi siete brutti, piccoli, deformi &#8211; il giovane tiglio che il protagonista va a radicare nel terreno spiega che per\u00f2 c\u2019\u00e8 qualcosa che rende unica la nostra specie ed \u00e8 <strong>l\u2019arte, l\u2019amore, la musica<\/strong>, infatti gli alberi si trasformano e diventano musicali proprio per salvare tutta la musica che gli uomini hanno creato.<br \/>\nQuesto aspetto tra l\u2019altro non ci sarebbe stato nel libro se il caso non avesse voluto che in un appartamento vicino al mio a Mantova mentre scrivevo non ci fosse stato un misterioso o <strong>una misteriosa pianista<\/strong> che suonava della musica meravigliosa, io non so chi \u00e8 ma spero prima o poi di rintracciarla. Questo elemento musicale ha anche scatenato il ricordo del mio amore per la musica da ragazzo, del fatto che prima che uno scrittore avrei voluto essere un musicista.<br \/>\nSono venuti al pettine tanti nodi emotivi e personali mentre scrivevo questo libro in grandissima solitudine: anch&#8217;io ero una<strong> piccola radice,<\/strong> affondata in una casa dove si produceva della musica.<\/p>\n","protected":false},"excerpt":{"rendered":"<p>Un romanzo scritto in lockdown per raccontare un dialogo impossibile eppure mai cos\u00ec necessario: quello tra l\u2019uomo e la natura.<\/p>\n","protected":false},"author":502,"featured_media":146766,"comment_status":"open","ping_status":"open","sticky":false,"template":"","format":"standard","meta":{"_acf_changed":false,"footnotes":""},"categories":[493],"tags":[220,210,372,2615],"class_list":["post-146613","post","type-post","status-publish","format-standard","has-post-thumbnail","hentry","category-cultura","tag-letteratura","tag-libri","tag-natura","tag-scrittori"],"acf":[],"yoast_head":"<!-- This site is optimized with the Yoast SEO Premium plugin v24.2 (Yoast SEO v25.6) - https:\/\/yoast.com\/wordpress\/plugins\/seo\/ -->\n<title>Antonio Moresco e il suo Canto degli Alberi per risvegliare l&#039;umanit\u00e0 - intoscana<\/title>\n<meta name=\"description\" content=\"Durante il lockdown lo scrittore inizia ad ascoltare la voce degli alberi e intreccia un dialogo impossibile ma quanto mai necessario con la natura.\" \/>\n<meta name=\"robots\" content=\"index, follow, max-snippet:-1, max-image-preview:large, max-video-preview:-1\" \/>\n<link rel=\"canonical\" href=\"https:\/\/www.intoscana.it\/it\/moresco-canto-alberi\/\" \/>\n<meta property=\"og:locale\" content=\"it_IT\" \/>\n<meta property=\"og:type\" content=\"article\" \/>\n<meta property=\"og:title\" content=\"Antonio Moresco e il suo Canto degli Alberi per risvegliare l&#039;umanit\u00e0\" \/>\n<meta property=\"og:description\" content=\"Durante il lockdown lo scrittore inizia ad ascoltare la voce degli alberi e intreccia un dialogo impossibile ma quanto mai necessario con la natura.\" \/>\n<meta property=\"og:url\" content=\"https:\/\/www.intoscana.it\/it\/moresco-canto-alberi\/\" \/>\n<meta property=\"og:site_name\" content=\"intoscana\" \/>\n<meta property=\"article:publisher\" content=\"https:\/\/www.facebook.com\/intoscana.it\" \/>\n<meta property=\"article:published_time\" content=\"2020-08-11T05:49:24+00:00\" \/>\n<meta property=\"article:modified_time\" content=\"2022-04-09T14:00:31+00:00\" \/>\n<meta property=\"og:image\" content=\"https:\/\/www.intoscana.it\/wp-content\/uploads\/ANTONIO-MORESCO-scaled.jpeg\" \/>\n\t<meta property=\"og:image:width\" content=\"2048\" \/>\n\t<meta property=\"og:image:height\" content=\"2282\" \/>\n\t<meta property=\"og:image:type\" content=\"image\/jpeg\" \/>\n<meta name=\"author\" content=\"Ilaria Giannini\" \/>\n<meta name=\"twitter:card\" content=\"summary_large_image\" \/>\n<meta name=\"twitter:creator\" content=\"@i.giannini@fst.it\" \/>\n<meta name=\"twitter:site\" content=\"@intoscana\" \/>\n<meta name=\"twitter:label1\" content=\"Written by\" \/>\n\t<meta name=\"twitter:data1\" content=\"Ilaria Giannini\" \/>\n\t<meta name=\"twitter:label2\" content=\"Est. reading time\" \/>\n\t<meta name=\"twitter:data2\" content=\"6 minuti\" \/>\n<script type=\"application\/ld+json\" class=\"yoast-schema-graph\">{\"@context\":\"https:\/\/schema.org\",\"@graph\":[{\"@type\":\"WebPage\",\"@id\":\"https:\/\/www.intoscana.it\/it\/moresco-canto-alberi\/\",\"url\":\"https:\/\/www.intoscana.it\/it\/moresco-canto-alberi\/\",\"name\":\"Antonio Moresco e il suo Canto degli Alberi per risvegliare l'umanit\u00e0 - intoscana\",\"isPartOf\":{\"@id\":\"https:\/\/www.intoscana.it\/it\/#website\"},\"primaryImageOfPage\":{\"@id\":\"https:\/\/www.intoscana.it\/it\/moresco-canto-alberi\/#primaryimage\"},\"image\":{\"@id\":\"https:\/\/www.intoscana.it\/it\/moresco-canto-alberi\/#primaryimage\"},\"thumbnailUrl\":\"https:\/\/www.intoscana.it\/wp-content\/uploads\/ANTONIO-MORESCO-scaled.jpeg\",\"datePublished\":\"2020-08-11T05:49:24+00:00\",\"dateModified\":\"2022-04-09T14:00:31+00:00\",\"author\":{\"@id\":\"https:\/\/www.intoscana.it\/it\/#\/schema\/person\/de95e1ed2c1c8c30a6922bbba3a90185\"},\"description\":\"Durante il lockdown lo scrittore inizia ad ascoltare la voce degli alberi e intreccia un dialogo impossibile ma quanto mai necessario con la natura.\",\"breadcrumb\":{\"@id\":\"https:\/\/www.intoscana.it\/it\/moresco-canto-alberi\/#breadcrumb\"},\"inLanguage\":\"it-IT\",\"potentialAction\":[{\"@type\":\"ReadAction\",\"target\":[\"https:\/\/www.intoscana.it\/it\/moresco-canto-alberi\/\"]}]},{\"@type\":\"ImageObject\",\"inLanguage\":\"it-IT\",\"@id\":\"https:\/\/www.intoscana.it\/it\/moresco-canto-alberi\/#primaryimage\",\"url\":\"https:\/\/www.intoscana.it\/wp-content\/uploads\/ANTONIO-MORESCO-scaled.jpeg\",\"contentUrl\":\"https:\/\/www.intoscana.it\/wp-content\/uploads\/ANTONIO-MORESCO-scaled.jpeg\",\"width\":2048,\"height\":2282,\"caption\":\"Antonio Moresco\"},{\"@type\":\"BreadcrumbList\",\"@id\":\"https:\/\/www.intoscana.it\/it\/moresco-canto-alberi\/#breadcrumb\",\"itemListElement\":[{\"@type\":\"ListItem\",\"position\":1,\"name\":\"Home\",\"item\":\"https:\/\/www.intoscana.it\/it\/\"},{\"@type\":\"ListItem\",\"position\":2,\"name\":\"Antonio Moresco e il suo Canto degli Alberi per risvegliare l&#8217;umanit\u00e0\"}]},{\"@type\":\"WebSite\",\"@id\":\"https:\/\/www.intoscana.it\/it\/#website\",\"url\":\"https:\/\/www.intoscana.it\/it\/\",\"name\":\"intoscana\",\"description\":\"\",\"potentialAction\":[{\"@type\":\"SearchAction\",\"target\":{\"@type\":\"EntryPoint\",\"urlTemplate\":\"https:\/\/www.intoscana.it\/it\/?s={search_term_string}\"},\"query-input\":{\"@type\":\"PropertyValueSpecification\",\"valueRequired\":true,\"valueName\":\"search_term_string\"}}],\"inLanguage\":\"it-IT\"},{\"@type\":\"Person\",\"@id\":\"https:\/\/www.intoscana.it\/it\/#\/schema\/person\/de95e1ed2c1c8c30a6922bbba3a90185\",\"name\":\"Ilaria Giannini\",\"sameAs\":[\"https:\/\/x.com\/i.giannini@fst.it\"],\"url\":\"https:\/\/www.intoscana.it\/it\/author\/ilaria-giannini\/\"}]}<\/script>\n<!-- \/ Yoast SEO Premium plugin. -->","yoast_head_json":{"title":"Antonio Moresco e il suo Canto degli Alberi per risvegliare l'umanit\u00e0 - intoscana","description":"Durante il lockdown lo scrittore inizia ad ascoltare la voce degli alberi e intreccia un dialogo impossibile ma quanto mai necessario con la natura.","robots":{"index":"index","follow":"follow","max-snippet":"max-snippet:-1","max-image-preview":"max-image-preview:large","max-video-preview":"max-video-preview:-1"},"canonical":"https:\/\/www.intoscana.it\/it\/moresco-canto-alberi\/","og_locale":"it_IT","og_type":"article","og_title":"Antonio Moresco e il suo Canto degli Alberi per risvegliare l'umanit\u00e0","og_description":"Durante il lockdown lo scrittore inizia ad ascoltare la voce degli alberi e intreccia un dialogo impossibile ma quanto mai necessario con la natura.","og_url":"https:\/\/www.intoscana.it\/it\/moresco-canto-alberi\/","og_site_name":"intoscana","article_publisher":"https:\/\/www.facebook.com\/intoscana.it","article_published_time":"2020-08-11T05:49:24+00:00","article_modified_time":"2022-04-09T14:00:31+00:00","og_image":[{"width":2048,"height":2282,"url":"https:\/\/www.intoscana.it\/wp-content\/uploads\/ANTONIO-MORESCO-scaled.jpeg","type":"image\/jpeg"}],"author":"Ilaria Giannini","twitter_card":"summary_large_image","twitter_creator":"@i.giannini@fst.it","twitter_site":"@intoscana","twitter_misc":{"Written by":"Ilaria Giannini","Est. reading time":"6 minuti"},"schema":{"@context":"https:\/\/schema.org","@graph":[{"@type":"WebPage","@id":"https:\/\/www.intoscana.it\/it\/moresco-canto-alberi\/","url":"https:\/\/www.intoscana.it\/it\/moresco-canto-alberi\/","name":"Antonio Moresco e il suo Canto degli Alberi per risvegliare l'umanit\u00e0 - intoscana","isPartOf":{"@id":"https:\/\/www.intoscana.it\/it\/#website"},"primaryImageOfPage":{"@id":"https:\/\/www.intoscana.it\/it\/moresco-canto-alberi\/#primaryimage"},"image":{"@id":"https:\/\/www.intoscana.it\/it\/moresco-canto-alberi\/#primaryimage"},"thumbnailUrl":"https:\/\/www.intoscana.it\/wp-content\/uploads\/ANTONIO-MORESCO-scaled.jpeg","datePublished":"2020-08-11T05:49:24+00:00","dateModified":"2022-04-09T14:00:31+00:00","author":{"@id":"https:\/\/www.intoscana.it\/it\/#\/schema\/person\/de95e1ed2c1c8c30a6922bbba3a90185"},"description":"Durante il lockdown lo scrittore inizia ad ascoltare la voce degli alberi e intreccia un dialogo impossibile ma quanto mai necessario con la natura.","breadcrumb":{"@id":"https:\/\/www.intoscana.it\/it\/moresco-canto-alberi\/#breadcrumb"},"inLanguage":"it-IT","potentialAction":[{"@type":"ReadAction","target":["https:\/\/www.intoscana.it\/it\/moresco-canto-alberi\/"]}]},{"@type":"ImageObject","inLanguage":"it-IT","@id":"https:\/\/www.intoscana.it\/it\/moresco-canto-alberi\/#primaryimage","url":"https:\/\/www.intoscana.it\/wp-content\/uploads\/ANTONIO-MORESCO-scaled.jpeg","contentUrl":"https:\/\/www.intoscana.it\/wp-content\/uploads\/ANTONIO-MORESCO-scaled.jpeg","width":2048,"height":2282,"caption":"Antonio Moresco"},{"@type":"BreadcrumbList","@id":"https:\/\/www.intoscana.it\/it\/moresco-canto-alberi\/#breadcrumb","itemListElement":[{"@type":"ListItem","position":1,"name":"Home","item":"https:\/\/www.intoscana.it\/it\/"},{"@type":"ListItem","position":2,"name":"Antonio Moresco e il suo Canto degli Alberi per risvegliare l&#8217;umanit\u00e0"}]},{"@type":"WebSite","@id":"https:\/\/www.intoscana.it\/it\/#website","url":"https:\/\/www.intoscana.it\/it\/","name":"intoscana","description":"","potentialAction":[{"@type":"SearchAction","target":{"@type":"EntryPoint","urlTemplate":"https:\/\/www.intoscana.it\/it\/?s={search_term_string}"},"query-input":{"@type":"PropertyValueSpecification","valueRequired":true,"valueName":"search_term_string"}}],"inLanguage":"it-IT"},{"@type":"Person","@id":"https:\/\/www.intoscana.it\/it\/#\/schema\/person\/de95e1ed2c1c8c30a6922bbba3a90185","name":"Ilaria Giannini","sameAs":["https:\/\/x.com\/i.giannini@fst.it"],"url":"https:\/\/www.intoscana.it\/it\/author\/ilaria-giannini\/"}]}},"_links":{"self":[{"href":"https:\/\/www.intoscana.it\/it\/wp-json\/wp\/v2\/posts\/146613","targetHints":{"allow":["GET"]}}],"collection":[{"href":"https:\/\/www.intoscana.it\/it\/wp-json\/wp\/v2\/posts"}],"about":[{"href":"https:\/\/www.intoscana.it\/it\/wp-json\/wp\/v2\/types\/post"}],"author":[{"embeddable":true,"href":"https:\/\/www.intoscana.it\/it\/wp-json\/wp\/v2\/users\/502"}],"replies":[{"embeddable":true,"href":"https:\/\/www.intoscana.it\/it\/wp-json\/wp\/v2\/comments?post=146613"}],"version-history":[{"count":0,"href":"https:\/\/www.intoscana.it\/it\/wp-json\/wp\/v2\/posts\/146613\/revisions"}],"wp:featuredmedia":[{"embeddable":true,"href":"https:\/\/www.intoscana.it\/it\/wp-json\/wp\/v2\/media\/146766"}],"wp:attachment":[{"href":"https:\/\/www.intoscana.it\/it\/wp-json\/wp\/v2\/media?parent=146613"}],"wp:term":[{"taxonomy":"category","embeddable":true,"href":"https:\/\/www.intoscana.it\/it\/wp-json\/wp\/v2\/categories?post=146613"},{"taxonomy":"post_tag","embeddable":true,"href":"https:\/\/www.intoscana.it\/it\/wp-json\/wp\/v2\/tags?post=146613"}],"curies":[{"name":"wp","href":"https:\/\/api.w.org\/{rel}","templated":true}]}}