{"id":148397,"date":"2020-08-11T09:45:37","date_gmt":"2020-08-11T07:45:37","guid":{"rendered":"https:\/\/www.intoscana.it\/it\/?p=148397"},"modified":"2020-09-24T13:49:22","modified_gmt":"2020-09-24T11:49:22","slug":"i-turisti-si-riscoprono-cittadini-temporanei-con-la-vacanza-long-stay","status":"publish","type":"post","link":"https:\/\/www.intoscana.it\/it\/i-turisti-si-riscoprono-cittadini-temporanei-con-la-vacanza-long-stay\/","title":{"rendered":"I turisti si riscoprono &#8216;cittadini temporanei&#8217; con la vacanza long stay"},"content":{"rendered":"<p>La vacanza fino allo scorso anno era diventata quasi sinonimo di stress. Si viaggiava a ritmi concitati, cercando di visitare pi\u00f9\u00a0 destinazioni possibili in un breve lasso di tempo. Lo chiamavano <strong>&#8216;turismo mordi e fuggi&#8217;<\/strong>, appassionato s\u00ec ma breve quando due morsi ad un panino del fast food. Un viaggio che si consumava in fretta, due giorni a Firenze, due a Venezia, tre a Roma, un&#8217;altra manciata a Napoli e poi via, un nuovo aereo da prendere per il rientro verso casa. Mediamente il <strong>turista internazionale<\/strong> fruiva cos\u00ec dei nostri centri e delle citt\u00e0 invase da un numero enorme di viaggiatori difficile da gestire. Citt\u00e0 che fino a qualche mese fa provavano a trovare soluzioni per gestire i flussi ingenti di viaggiatori e che oggi, improvvisamente povere del turismo internazionale per la pandemia in atto, devono ripensarsi, anche nei modelli e nell&#8217;offerta.<\/p>\n<p>Una crisi che diventa dunque opportunit\u00e0 per cambiare pelle. Ne \u00e8 convinto anche il direttore di Toscana Promozione Turistica <strong>Francesco Palumbo<\/strong> che abbiamo incontrato a Suvereto, nel corso di una delle tappe della manifestazione itinerante<strong> &#8220;Un&#8217;altra estate&#8221;<\/strong>, promossa da Regione Toscana e Il Tirreno con l&#8217;obiettivo di sostenere il turismo turismo diffuso, soprattuto legato ai borghi, all&#8217;enogastronomia ed alle tradizioni dei luoghi. Un percorso avviato da qualche anno e che oggi ben si coniuga con le nuove esigenze dei viaggiatori che stanno prediligendo &#8211; anche in questa stagione solitamente legata al mare &#8211; anche i piccoli centri della campagna e delle zone pi\u00f9 interne.Lo confermano anche i dati di <strong>Coldiretti<\/strong> che emergono da un&#8217;analisi condotta da Notosondaggi: <strong>2 italiani su 3 <\/strong>faranno una pausa nei <strong>borghi,<\/strong> mete capaci di unire patrimonio naturale, paesaggistico, culturale ed artistico, oltre a regalare un ricco paniere di produzioni agroalimentari di qualit\u00e0.<\/p>\n<figure id=\"attachment_148526\" aria-describedby=\"caption-attachment-148526\" style=\"width: 640px\" class=\"wp-caption aligncenter\"><img loading=\"lazy\" decoding=\"async\" class=\"wp-image-148526 size-large\" src=\"https:\/\/www.intoscana.it\/wp-content\/uploads\/Francesco-Palumbo-699x1024.jpg\" alt=\"\" width=\"640\" height=\"938\" srcset=\"https:\/\/www.intoscana.it\/wp-content\/uploads\/Francesco-Palumbo-699x1024.jpg 699w, https:\/\/www.intoscana.it\/wp-content\/uploads\/Francesco-Palumbo-205x300.jpg 205w, https:\/\/www.intoscana.it\/wp-content\/uploads\/Francesco-Palumbo-768x1125.jpg 768w, https:\/\/www.intoscana.it\/wp-content\/uploads\/Francesco-Palumbo-1049x1536.jpg 1049w, https:\/\/www.intoscana.it\/wp-content\/uploads\/Francesco-Palumbo-1398x2048.jpg 1398w, https:\/\/www.intoscana.it\/wp-content\/uploads\/Francesco-Palumbo-scaled.jpg 1748w\" sizes=\"auto, (max-width: 640px) 100vw, 640px\" \/><figcaption id=\"caption-attachment-148526\" class=\"wp-caption-text\">Francesco Palumbo, direttore di Toscana Promozione Turistica<\/figcaption><\/figure>\n<p><strong>Palumbo, da anni puntate sulla riscoperta dei piccoli centri. La domanda per queste destinazioni, a partire da campagna e borghi \u00e8 in crescita?<\/strong><\/p>\n<p><span class=\"citazione\"> Ho riscontrato un elemento positivo: Non c&#8217;\u00e8 pi\u00f9 differenziazione tra cittadini e turisti <\/span><\/p>\n<p>&#8220;Per i borghi \u00e8 una stagione fortunata. Lo abbiamo visto anche seguendo la manifestazione<strong> &#8216;Un&#8217;altra estate&#8217;<\/strong> che da anni promuove questo tipo di turismo e di esperienza. Oggi con la situazione che stiamo vivendo legata al Covid possiamo scoprire e visitare luoghi che avremmo tenuto fuori dai nostri abituali itinerari che ci vedevano privilegiare le mete pi\u00f9 note. E in questa nuova tendenza ho verificato anche un aspetto che reputo positivo: non c&#8217;\u00e8 pi\u00f9 una netta differenziazione tra cittadini e turisti. Questo significa turismo di qualit\u00e0, il lusso oggi \u00e8 nella modalit\u00e0 di fruizione delle esperienze.&#8221;<\/p>\n<p><strong>Il lusso \u00e8 anche il privilegio di poter godere di una vacanza lunga.\u00a0<\/strong><\/p>\n<p><span class=\"citazione\"> Abbiamo pensato: Chi non vorrebbe diventare cittadino toscano per 3, 4 o 5 mesi? <\/span><\/p>\n<p>&#8220;Durante il lockdown abbiamo lanciato in Toscana l&#8217;offerta long-stay, orientata sulla lunga permanenza. Avevamo verificato che in una serie di comuni stava aumentando\u00a0 la domanda per unire vacanze e lavoro, grazie alle opportunit\u00e0 dello smart working. Allora abbiamo pensato: &#8216;Chi non vorrebbe diventare cittadino toscano per 3, 4 o 5 mesi?&#8217;- Un&#8217;offerta che ben si presta anche a quelle localit\u00e0 cosiddette minori (che poi minori non sono) e che offrono un costo accessibile di permanenza in bed&amp;breakfast, agriturismi o alberghi. La pandemia ci costringe a ripensare modelli e offerte, integrando meglio forme di turismo pi\u00f9 duraturo e sostenibile, legato al concetto di cittadinanza. Pensiamo ai viaggiatori che oggi potrebbero affittarsi uno spazio che diventi casa per un lungo periodo: chi non vorrebbe farlo anche a Firenze? E&#8217; s\u00ec\u00a0 questa un&#8217;occasione per i piccoli comuni ma mi auguro possa esserlo anche per le citt\u00e0 d&#8217;arte&#8221;.<\/p>\n<p><strong>A proposito di Firenze. Con quale offerta si pu\u00f2 riconvertire?<\/strong><\/p>\n<p><span class=\"citazione\"> Diventare cittadini temporanei significherebbe contribuire alla ricchezza economica e sociale delle destinazioni <\/span><\/p>\n<p>&#8220;Dobbiamo ripensare l&#8217;offerta delle citt\u00e0 d&#8217;arte e la loro fruizione. In questo momento in centri come Firenze sono sofferenti il piccolo commercio, i ristoranti, i bar, gli hotel a cui mancano turisti che arrivavano da Asia, Nord America e Nord Europa, con capacit\u00e0 di spesa elevata Per\u00f2 ad esempio la lunga permanenza del turismo italiano potrebbe essere una prima risposta, da replicare poi in un momento successivo anche verso il viaggiatore internazionale. L&#8217;obiettivo \u00e8 quello di stimolare forme di conoscenza diverse, diventando &#8211; come dicevo &#8211;\u00a0 &#8216;cittadini temporanei&#8217;, che si integrino a fondo nella citt\u00e0 e non solo la visitino per due o tre giorni. Questo consentirebbe di creare un rapporto diverso con la destinazione, contribuendone alla ricchezza economica e sociale. L&#8217;offerta\u00a0 di lunga permanenza consente nuove forme di sostenibilit\u00e0 dei flussi turistici favorendo l&#8217;innovazione anche nei modi di fruizione della citt\u00e0 di Firenze&#8221;.<\/p>\n<p><strong>Le prime prove si stanno gi\u00e0 iniziando a fare con i borghi, come sta andando?<\/strong><\/p>\n<p>&#8220;Abbiamo degli ottimi feedback. La Toscana \u00e8 la seconda destinazione in Italia per prenotazioni e la prima del centro Italia. Questo ci conferma le enormi potenzialit\u00e0 della destinazione che ci consentiranno di poter lavorare per ricostruire nuove offerte, congeniali ai territori e sostenibili.&#8221;<\/p>\n<p>&nbsp;<\/p>\n<p>&nbsp;<\/p>\n","protected":false},"excerpt":{"rendered":"<p>Palumbo, Toscana Promozione Turistica: &#8220;Un&#8217;occasione per ripensare non solo i centri minori ma anche le citt\u00e0 d&#8217;arte&#8221;. La vacanza lunga, legata anche alle opportunit\u00e0 dello smart working pu\u00f2 offrire una nuova modalit\u00e0 di viaggio, pi\u00f9 a contatto con le comunit\u00e0 e i luoghi<\/p>\n","protected":false},"author":513,"featured_media":141865,"comment_status":"open","ping_status":"open","sticky":false,"template":"","format":"standard","meta":{"_acf_changed":false,"footnotes":""},"categories":[6],"tags":[3830,3989,181,3988],"class_list":["post-148397","post","type-post","status-publish","format-standard","has-post-thumbnail","hentry","category-viaggi","tag-borghi","tag-francesco-palumbo","tag-turismo-toscana","tag-vacanze-toscana"],"acf":[],"yoast_head":"<!-- This site is optimized with the Yoast SEO Premium plugin v24.2 (Yoast SEO v25.6) - https:\/\/yoast.com\/wordpress\/plugins\/seo\/ -->\n<title>I turisti si riscoprono &#039;cittadini temporanei&#039; con la vacanza long stay - intoscana<\/title>\n<meta name=\"description\" content=\"L&#039;intervista a Francesco Palunbo, direttore di Toscana Promozione Turistica. Il Covid impone un ripensamento dell&#039;offerta turistica non solo legata ai centri minori ma anche alle citt\u00e0 d&#039;arte e lancia l&#039;idea dei &#039;cittadini&#039; temporanei&#039; con la vacanza a lunga permanenza\" \/>\n<meta name=\"robots\" content=\"index, follow, max-snippet:-1, max-image-preview:large, max-video-preview:-1\" \/>\n<link rel=\"canonical\" href=\"https:\/\/www.intoscana.it\/it\/i-turisti-si-riscoprono-cittadini-temporanei-con-la-vacanza-long-stay\/\" \/>\n<meta property=\"og:locale\" content=\"it_IT\" \/>\n<meta property=\"og:type\" content=\"article\" \/>\n<meta property=\"og:title\" content=\"I turisti si riscoprono &#039;cittadini temporanei&#039; con la vacanza long stay\" \/>\n<meta property=\"og:description\" content=\"L&#039;intervista a Francesco Palunbo, direttore di Toscana Promozione Turistica. Il Covid impone un ripensamento dell&#039;offerta turistica non solo legata ai centri minori ma anche alle citt\u00e0 d&#039;arte e lancia l&#039;idea dei &#039;cittadini&#039; temporanei&#039; con la vacanza a lunga permanenza\" \/>\n<meta property=\"og:url\" content=\"https:\/\/www.intoscana.it\/it\/i-turisti-si-riscoprono-cittadini-temporanei-con-la-vacanza-long-stay\/\" \/>\n<meta property=\"og:site_name\" content=\"intoscana\" \/>\n<meta property=\"article:publisher\" content=\"https:\/\/www.facebook.com\/intoscana.it\" \/>\n<meta property=\"article:published_time\" content=\"2020-08-11T07:45:37+00:00\" \/>\n<meta property=\"article:modified_time\" content=\"2020-09-24T11:49:22+00:00\" \/>\n<meta property=\"og:image\" content=\"https:\/\/www.intoscana.it\/wp-content\/uploads\/shutterstock_rosshelen.jpg\" \/>\n\t<meta property=\"og:image:width\" content=\"2000\" \/>\n\t<meta property=\"og:image:height\" content=\"1335\" \/>\n\t<meta property=\"og:image:type\" content=\"image\/jpeg\" \/>\n<meta name=\"author\" content=\"Simona Bellocci\" \/>\n<meta name=\"twitter:card\" content=\"summary_large_image\" \/>\n<meta name=\"twitter:creator\" content=\"@intoscana\" \/>\n<meta name=\"twitter:site\" content=\"@intoscana\" \/>\n<meta name=\"twitter:label1\" content=\"Written by\" \/>\n\t<meta name=\"twitter:data1\" content=\"Simona Bellocci\" \/>\n\t<meta name=\"twitter:label2\" content=\"Est. reading time\" \/>\n\t<meta name=\"twitter:data2\" content=\"4 minuti\" \/>\n<script type=\"application\/ld+json\" class=\"yoast-schema-graph\">{\"@context\":\"https:\/\/schema.org\",\"@graph\":[{\"@type\":\"WebPage\",\"@id\":\"https:\/\/www.intoscana.it\/it\/i-turisti-si-riscoprono-cittadini-temporanei-con-la-vacanza-long-stay\/\",\"url\":\"https:\/\/www.intoscana.it\/it\/i-turisti-si-riscoprono-cittadini-temporanei-con-la-vacanza-long-stay\/\",\"name\":\"I turisti si riscoprono 'cittadini temporanei' con la vacanza long stay - intoscana\",\"isPartOf\":{\"@id\":\"https:\/\/www.intoscana.it\/it\/#website\"},\"primaryImageOfPage\":{\"@id\":\"https:\/\/www.intoscana.it\/it\/i-turisti-si-riscoprono-cittadini-temporanei-con-la-vacanza-long-stay\/#primaryimage\"},\"image\":{\"@id\":\"https:\/\/www.intoscana.it\/it\/i-turisti-si-riscoprono-cittadini-temporanei-con-la-vacanza-long-stay\/#primaryimage\"},\"thumbnailUrl\":\"https:\/\/www.intoscana.it\/wp-content\/uploads\/shutterstock_rosshelen.jpg\",\"datePublished\":\"2020-08-11T07:45:37+00:00\",\"dateModified\":\"2020-09-24T11:49:22+00:00\",\"author\":{\"@id\":\"https:\/\/www.intoscana.it\/it\/#\/schema\/person\/43a95334a6f068317e0b7acba24f9e87\"},\"description\":\"L'intervista a Francesco Palunbo, direttore di Toscana Promozione Turistica. Il Covid impone un ripensamento dell'offerta turistica non solo legata ai centri minori ma anche alle citt\u00e0 d'arte e lancia l'idea dei 'cittadini' temporanei' con la vacanza a lunga permanenza\",\"breadcrumb\":{\"@id\":\"https:\/\/www.intoscana.it\/it\/i-turisti-si-riscoprono-cittadini-temporanei-con-la-vacanza-long-stay\/#breadcrumb\"},\"inLanguage\":\"it-IT\",\"potentialAction\":[{\"@type\":\"ReadAction\",\"target\":[\"https:\/\/www.intoscana.it\/it\/i-turisti-si-riscoprono-cittadini-temporanei-con-la-vacanza-long-stay\/\"]}]},{\"@type\":\"ImageObject\",\"inLanguage\":\"it-IT\",\"@id\":\"https:\/\/www.intoscana.it\/it\/i-turisti-si-riscoprono-cittadini-temporanei-con-la-vacanza-long-stay\/#primaryimage\",\"url\":\"https:\/\/www.intoscana.it\/wp-content\/uploads\/shutterstock_rosshelen.jpg\",\"contentUrl\":\"https:\/\/www.intoscana.it\/wp-content\/uploads\/shutterstock_rosshelen.jpg\",\"width\":2000,\"height\":1335,\"caption\":\"Firenze, i viaggiatori diventano cittadini temporanei nell'epoca dello smart working. La proposta di Palumbo\"},{\"@type\":\"BreadcrumbList\",\"@id\":\"https:\/\/www.intoscana.it\/it\/i-turisti-si-riscoprono-cittadini-temporanei-con-la-vacanza-long-stay\/#breadcrumb\",\"itemListElement\":[{\"@type\":\"ListItem\",\"position\":1,\"name\":\"Home\",\"item\":\"https:\/\/www.intoscana.it\/it\/\"},{\"@type\":\"ListItem\",\"position\":2,\"name\":\"I turisti si riscoprono &#8216;cittadini temporanei&#8217; con la vacanza long stay\"}]},{\"@type\":\"WebSite\",\"@id\":\"https:\/\/www.intoscana.it\/it\/#website\",\"url\":\"https:\/\/www.intoscana.it\/it\/\",\"name\":\"intoscana\",\"description\":\"\",\"potentialAction\":[{\"@type\":\"SearchAction\",\"target\":{\"@type\":\"EntryPoint\",\"urlTemplate\":\"https:\/\/www.intoscana.it\/it\/?s={search_term_string}\"},\"query-input\":{\"@type\":\"PropertyValueSpecification\",\"valueRequired\":true,\"valueName\":\"search_term_string\"}}],\"inLanguage\":\"it-IT\"},{\"@type\":\"Person\",\"@id\":\"https:\/\/www.intoscana.it\/it\/#\/schema\/person\/43a95334a6f068317e0b7acba24f9e87\",\"name\":\"Simona Bellocci\",\"url\":\"https:\/\/www.intoscana.it\/it\/author\/simona-bellocci\/\"}]}<\/script>\n<!-- \/ Yoast SEO Premium plugin. -->","yoast_head_json":{"title":"I turisti si riscoprono 'cittadini temporanei' con la vacanza long stay - intoscana","description":"L'intervista a Francesco Palunbo, direttore di Toscana Promozione Turistica. Il Covid impone un ripensamento dell'offerta turistica non solo legata ai centri minori ma anche alle citt\u00e0 d'arte e lancia l'idea dei 'cittadini' temporanei' con la vacanza a lunga permanenza","robots":{"index":"index","follow":"follow","max-snippet":"max-snippet:-1","max-image-preview":"max-image-preview:large","max-video-preview":"max-video-preview:-1"},"canonical":"https:\/\/www.intoscana.it\/it\/i-turisti-si-riscoprono-cittadini-temporanei-con-la-vacanza-long-stay\/","og_locale":"it_IT","og_type":"article","og_title":"I turisti si riscoprono 'cittadini temporanei' con la vacanza long stay","og_description":"L'intervista a Francesco Palunbo, direttore di Toscana Promozione Turistica. Il Covid impone un ripensamento dell'offerta turistica non solo legata ai centri minori ma anche alle citt\u00e0 d'arte e lancia l'idea dei 'cittadini' temporanei' con la vacanza a lunga permanenza","og_url":"https:\/\/www.intoscana.it\/it\/i-turisti-si-riscoprono-cittadini-temporanei-con-la-vacanza-long-stay\/","og_site_name":"intoscana","article_publisher":"https:\/\/www.facebook.com\/intoscana.it","article_published_time":"2020-08-11T07:45:37+00:00","article_modified_time":"2020-09-24T11:49:22+00:00","og_image":[{"width":2000,"height":1335,"url":"https:\/\/www.intoscana.it\/wp-content\/uploads\/shutterstock_rosshelen.jpg","type":"image\/jpeg"}],"author":"Simona Bellocci","twitter_card":"summary_large_image","twitter_creator":"@intoscana","twitter_site":"@intoscana","twitter_misc":{"Written by":"Simona Bellocci","Est. reading time":"4 minuti"},"schema":{"@context":"https:\/\/schema.org","@graph":[{"@type":"WebPage","@id":"https:\/\/www.intoscana.it\/it\/i-turisti-si-riscoprono-cittadini-temporanei-con-la-vacanza-long-stay\/","url":"https:\/\/www.intoscana.it\/it\/i-turisti-si-riscoprono-cittadini-temporanei-con-la-vacanza-long-stay\/","name":"I turisti si riscoprono 'cittadini temporanei' con la vacanza long stay - intoscana","isPartOf":{"@id":"https:\/\/www.intoscana.it\/it\/#website"},"primaryImageOfPage":{"@id":"https:\/\/www.intoscana.it\/it\/i-turisti-si-riscoprono-cittadini-temporanei-con-la-vacanza-long-stay\/#primaryimage"},"image":{"@id":"https:\/\/www.intoscana.it\/it\/i-turisti-si-riscoprono-cittadini-temporanei-con-la-vacanza-long-stay\/#primaryimage"},"thumbnailUrl":"https:\/\/www.intoscana.it\/wp-content\/uploads\/shutterstock_rosshelen.jpg","datePublished":"2020-08-11T07:45:37+00:00","dateModified":"2020-09-24T11:49:22+00:00","author":{"@id":"https:\/\/www.intoscana.it\/it\/#\/schema\/person\/43a95334a6f068317e0b7acba24f9e87"},"description":"L'intervista a Francesco Palunbo, direttore di Toscana Promozione Turistica. Il Covid impone un ripensamento dell'offerta turistica non solo legata ai centri minori ma anche alle citt\u00e0 d'arte e lancia l'idea dei 'cittadini' temporanei' con la vacanza a lunga permanenza","breadcrumb":{"@id":"https:\/\/www.intoscana.it\/it\/i-turisti-si-riscoprono-cittadini-temporanei-con-la-vacanza-long-stay\/#breadcrumb"},"inLanguage":"it-IT","potentialAction":[{"@type":"ReadAction","target":["https:\/\/www.intoscana.it\/it\/i-turisti-si-riscoprono-cittadini-temporanei-con-la-vacanza-long-stay\/"]}]},{"@type":"ImageObject","inLanguage":"it-IT","@id":"https:\/\/www.intoscana.it\/it\/i-turisti-si-riscoprono-cittadini-temporanei-con-la-vacanza-long-stay\/#primaryimage","url":"https:\/\/www.intoscana.it\/wp-content\/uploads\/shutterstock_rosshelen.jpg","contentUrl":"https:\/\/www.intoscana.it\/wp-content\/uploads\/shutterstock_rosshelen.jpg","width":2000,"height":1335,"caption":"Firenze, i viaggiatori diventano cittadini temporanei nell'epoca dello smart working. La proposta di Palumbo"},{"@type":"BreadcrumbList","@id":"https:\/\/www.intoscana.it\/it\/i-turisti-si-riscoprono-cittadini-temporanei-con-la-vacanza-long-stay\/#breadcrumb","itemListElement":[{"@type":"ListItem","position":1,"name":"Home","item":"https:\/\/www.intoscana.it\/it\/"},{"@type":"ListItem","position":2,"name":"I turisti si riscoprono &#8216;cittadini temporanei&#8217; con la vacanza long stay"}]},{"@type":"WebSite","@id":"https:\/\/www.intoscana.it\/it\/#website","url":"https:\/\/www.intoscana.it\/it\/","name":"intoscana","description":"","potentialAction":[{"@type":"SearchAction","target":{"@type":"EntryPoint","urlTemplate":"https:\/\/www.intoscana.it\/it\/?s={search_term_string}"},"query-input":{"@type":"PropertyValueSpecification","valueRequired":true,"valueName":"search_term_string"}}],"inLanguage":"it-IT"},{"@type":"Person","@id":"https:\/\/www.intoscana.it\/it\/#\/schema\/person\/43a95334a6f068317e0b7acba24f9e87","name":"Simona Bellocci","url":"https:\/\/www.intoscana.it\/it\/author\/simona-bellocci\/"}]}},"_links":{"self":[{"href":"https:\/\/www.intoscana.it\/it\/wp-json\/wp\/v2\/posts\/148397","targetHints":{"allow":["GET"]}}],"collection":[{"href":"https:\/\/www.intoscana.it\/it\/wp-json\/wp\/v2\/posts"}],"about":[{"href":"https:\/\/www.intoscana.it\/it\/wp-json\/wp\/v2\/types\/post"}],"author":[{"embeddable":true,"href":"https:\/\/www.intoscana.it\/it\/wp-json\/wp\/v2\/users\/513"}],"replies":[{"embeddable":true,"href":"https:\/\/www.intoscana.it\/it\/wp-json\/wp\/v2\/comments?post=148397"}],"version-history":[{"count":0,"href":"https:\/\/www.intoscana.it\/it\/wp-json\/wp\/v2\/posts\/148397\/revisions"}],"wp:featuredmedia":[{"embeddable":true,"href":"https:\/\/www.intoscana.it\/it\/wp-json\/wp\/v2\/media\/141865"}],"wp:attachment":[{"href":"https:\/\/www.intoscana.it\/it\/wp-json\/wp\/v2\/media?parent=148397"}],"wp:term":[{"taxonomy":"category","embeddable":true,"href":"https:\/\/www.intoscana.it\/it\/wp-json\/wp\/v2\/categories?post=148397"},{"taxonomy":"post_tag","embeddable":true,"href":"https:\/\/www.intoscana.it\/it\/wp-json\/wp\/v2\/tags?post=148397"}],"curies":[{"name":"wp","href":"https:\/\/api.w.org\/{rel}","templated":true}]}}