{"id":148808,"date":"2020-08-13T10:46:48","date_gmt":"2020-08-13T08:46:48","guid":{"rendered":"https:\/\/www.intoscana.it\/it\/?p=148808"},"modified":"2020-08-25T10:43:41","modified_gmt":"2020-08-25T08:43:41","slug":"festivatoscanomusicaantica2020","status":"publish","type":"post","link":"https:\/\/www.intoscana.it\/it\/festivatoscanomusicaantica2020\/","title":{"rendered":"Il Festival Toscano di Musica Antica nei luoghi \u2018dimenticati\u2019 dalle istituzioni"},"content":{"rendered":"<p>Torna anche quest\u2019anno il <strong>Festival Toscano di Musica Antica<\/strong> con una <strong>formula speciale &#8216;OFF&#8217;, anti Covid-19<\/strong>, pensata dall\u2019<strong>ensemble Auser Musici<\/strong> e dal suo<strong> direttore Carlo Ipata<\/strong> per la 25esima edizione che si terr\u00e0 a Pisa e Vicopisano il<strong> 4 e 5 settembre 2020<\/strong>.\u00a0La programmazione vede <strong>quattro concerti il primo giorno e nove il secondo<\/strong>, che si terranno contemporaneamente in due location differenti, in due o tre tranche, alle 19, alle 20 e alle 21\/21.30, per evitare assembramenti e assicurare comunque alla citt\u00e0 di Pisa una proposta musicale di qualit\u00e0.\u00a0Un festival che quest\u2019anno lancia anche <strong>un chiaro messaggio alle istituzioni<\/strong> pisane <strong>portando la musica in luoghi bellissimi ma dimenticati e trascurati<\/strong> che da anni ormai restano <strong>chiusi e condannati al silenzio.<\/strong><\/p>\n<p>\u201cLa particolarit\u00e0 del festival di quest\u2019anno \u00e8 che<strong> siamo completamente autoprodotti<\/strong> &#8211; <strong>ha dichiarato il direttore artistico Carlo Ipata<\/strong>&#8211; non abbiamo avuto nessun tipo di sostegno tranne un piccolo contributo dal comune di Vicopisano che \u00e8 l\u2019unico ente pubblico che ha mantenuto la sua collaborazione con noi. Il comune di Pisa e le altre fondazioni quest\u2019anno si sono defilate. A causa del Covid quando era il momento di prendere una decisione non erano pronti a prenderla. Ci siamo trovati da soli a decidere e abbiamo deciso di fare lo stesso il festival con un programma \u2018di minima\u2019. Gli anni passati abbiamo fatto 4-5 giorni di concerti con molti gruppi, anche dall\u2019estero, quest\u2019anno invece ci siamo contenuti. Volutamente abbiamo voluto portare la nostre musica in quei luoghi soprattutto a Pisa che sono <strong>luoghi che aspettano da troppi anni di essere aperti e ridonati alla pubblica fruizione<\/strong> musicale ma anche culturale in generale. Questi luoghi sono il <strong>Teatro Rossi di Pisa<\/strong> dove suoner\u00e0 l\u2019<strong>ensemble Auser Musici<\/strong>, la <strong>Limonaia<\/strong> dove suoner\u00e0 il <strong>Quartetto Delfico<\/strong> e la chiesa di San Zeno dove suoner\u00e0 il gruppo <a href=\"https:\/\/www.intoscana.it\/it\/articolo\/pisa-citta-ideale\/\"><strong>I Bei Legami.<\/strong><\/a> Sono tutti luoghi chiusi da anni che aspettano di essere restaurati. Il <strong>Teatro Rossi<\/strong> per esempio \u00e8 un teatro del \u2018700 abbandonato, attualmente<strong> \u00e8 occupato da un collettivo giovanile<\/strong> con cui noi collaboriamo ma non sappiamo quanto durer\u00e0, \u00e8 una situazione transitoria. <strong>Sono luoghi che non cadono a pezzi e sono tenuti in vita grazie alla buona volont\u00e0 di alcuni cittadini<\/strong>, ma sulle quali <strong>il silenzio delle istituzioni pubbliche \u00e8 assordante.<\/strong> Noi vogliamo portare l\u2019attenzione delle amministrazioni su questi luoghi. Vogliamo lanciare un messaggio chiaro: \u2018con un po\u2019 di buona volont\u00e0 le cose si possono fare lo stesso&#8217;. Questa amministrazione ha fatto sopratutto in campo culturale delle scelte miopi, molto discutibili.\u00a0Noi non siamo \u2018contro\u2019 nessuno <strong>vogliamo per\u00f2 mettere il sale su alcune ferite che ci sono in citt\u00e0<\/strong>, cio\u00e8 il fatto che<strong> a Pisa mancano i luoghi della cultura,<\/strong> noi non sappiamo dove suonare, dove fare le prove, <strong>\u00e8 un disastro<\/strong> e questa necessit\u00e0 diventa sempre pi\u00f9 urgente\u201d.<\/p>\n<h3><strong>Cosa si intende per \u2018musica antica\u2019?\u2028\u2028<\/strong><\/h3>\n<p>All\u2019interno della musica classica si definisce <strong>\u2018musica antica\u2019 tutto il repertorio che arriva fino al \u2018700<\/strong>. Si suona con strumenti antichi. Io e l\u2019<strong>ensemble Auser Musici<\/strong> ci occupiamo in particolare di quella legata alla Toscana che ha avuto nella storia della musica un\u2019importanza centrale non foss\u2019altro per il fatto che <strong>a Firenze nel 1600 a Palazzo Pitti \u00e8 nata l\u2019Opera.<\/strong> Fare musica antica oggi significa <strong>andare a riscoprire tutto un repertorio, compositori, brani<\/strong> che sono legati a questo periodo storico e al nostro territorio.<\/p>\n<h3>Il programma<\/h3>\n<p><strong>L\u2019ensemble Auser Musici<\/strong> aprir\u00e0 il festival<strong> venerd\u00ec 4 settembre<\/strong> presso il <strong>Teatro di via Verdi a Vicopisano<\/strong> con l\u2019integrale dell\u2019<strong>Op. X di Vivaldi<\/strong> (prossimo progetto discografico del gruppo), poi ci saranno i <strong>Bassorilievi<\/strong> con un programma dedicato alla soavit\u00e0 del suono, con<strong> musiche francesi per flauto traverso e viola da gamba<\/strong> di <strong>J.S. Bach, Telemann e Couperin<\/strong> (Visopisano, piazza Palazzo Pretorio ore 19 e 21).<\/p>\n<p><strong>Sabato 5 settembre a Pisa<\/strong>\u00a0previsti due appuntamenti importanti. Presso il <strong>Teatro Rossi Aperto<\/strong> (via del Collegio Ricci), dopo l\u2019ultimo concerto serale, alle 21.30, si terr\u00e0 la presentazione del CD de \u201c<strong>L\u2019Empio Punito\u201d di Alessandro Melani,<\/strong> che uscir\u00e0 a fine settembre per l\u2019etichetta Glossa. Il fortunatissimo titolo andato in scena lo scorso ottobre presso il Teatro Verdi di Pisa rivive grazie all\u2019ensemble Auser Musici con la partecipazione straordinaria del soprano Raffaella Milanesi e del controtenore Raffaele Pe.<\/p>\n<p>Sempre sabato 5 presso il <strong>Giardino della Limonaia Zona Rosa<\/strong> (vicolo del Ruschi) il<strong> Quartetto Delfico<\/strong> eseguir\u00e0 in tre tranche (ore 19-20-21.30 \u2013 posti a sedere assegnati in ordine di prenotazione) una serie di <strong>quartetti inediti<\/strong> per archi di <strong>Gaetano Donizetti,<\/strong> una rarit\u00e0 assoluta. Contemporaneamente, presso la <strong>Chiesa di San Zeno<\/strong>, l\u2019ensemble<strong> I Bei Legami \u00a0<\/strong>un giovane gruppo di cantanti pisani diretti da <strong>Pietro Consoloni<\/strong> eseguir\u00e0 un programma rinascimentale tra sacro e profano (solo posti in piedi) repertorio tra \u20185 e \u2018600.<\/p>\n<p><strong>Ingresso gratuito a tutti i concerti con prenotazione obbligatoria dal 31 agosto:<\/strong><br \/>\n<strong><a href=\"http:\/\/www.ausermusici.org\/it\/article\/festival-toscano-di-musica-antica-xxv-edizione\">www.ausermusici.org<\/a><\/strong><\/p>\n","protected":false},"excerpt":{"rendered":"<p>Il 4 e 5 settembre due giorni per ascoltare concerti in alcuni tra i luoghi pi\u00f9 suggestivi del territorio pisano chiusi\u00a0ormai da anni<\/p>\n","protected":false},"author":518,"featured_media":148809,"comment_status":"open","ping_status":"open","sticky":false,"template":"","format":"standard","meta":{"_acf_changed":false,"footnotes":""},"categories":[14],"tags":[216,4474,395,3135,277,203],"class_list":["post-148808","post","type-post","status-publish","format-standard","has-post-thumbnail","hentry","category-musica","tag-concerti","tag-eventi","tag-eventi-in-toscana","tag-festival-musicali","tag-musica-classica","tag-pisa"],"acf":[],"yoast_head":"<!-- This site is optimized with the Yoast SEO Premium plugin v24.2 (Yoast SEO v25.6) - https:\/\/yoast.com\/wordpress\/plugins\/seo\/ -->\n<title>Il Festival Toscano di Musica Antica nei luoghi \u2018dimenticati\u2019 dalle istituzioni - intoscana<\/title>\n<meta name=\"description\" content=\"Il 4 e 5 settembre il Festival Toscano di Musica Antica porta un programma di concerti nei luoghi &#039;dimenticati&#039;\" \/>\n<meta name=\"robots\" content=\"index, follow, max-snippet:-1, max-image-preview:large, max-video-preview:-1\" \/>\n<link rel=\"canonical\" href=\"https:\/\/www.intoscana.it\/it\/festivatoscanomusicaantica2020\/\" \/>\n<meta property=\"og:locale\" content=\"it_IT\" \/>\n<meta property=\"og:type\" content=\"article\" \/>\n<meta property=\"og:title\" content=\"Il Festival Toscano di Musica Antica nei luoghi \u2018dimenticati\u2019 dalle istituzioni\" \/>\n<meta property=\"og:description\" content=\"Il 4 e 5 settembre il Festival Toscano di Musica Antica porta un programma di concerti nei luoghi &#039;dimenticati&#039;\" \/>\n<meta property=\"og:url\" content=\"https:\/\/www.intoscana.it\/it\/festivatoscanomusicaantica2020\/\" \/>\n<meta property=\"og:site_name\" content=\"intoscana\" \/>\n<meta property=\"article:publisher\" content=\"https:\/\/www.facebook.com\/intoscana.it\" \/>\n<meta property=\"article:published_time\" content=\"2020-08-13T08:46:48+00:00\" \/>\n<meta property=\"article:modified_time\" content=\"2020-08-25T08:43:41+00:00\" \/>\n<meta property=\"og:image\" content=\"https:\/\/www.intoscana.it\/wp-content\/uploads\/Ensemble_Auser_Musici.jpg\" \/>\n\t<meta property=\"og:image:width\" content=\"2048\" \/>\n\t<meta property=\"og:image:height\" content=\"1363\" \/>\n\t<meta property=\"og:image:type\" content=\"image\/jpeg\" \/>\n<meta name=\"author\" content=\"Costanza Baldini\" \/>\n<meta name=\"twitter:card\" content=\"summary_large_image\" \/>\n<meta name=\"twitter:creator\" content=\"@intoscana\" \/>\n<meta name=\"twitter:site\" content=\"@intoscana\" \/>\n<meta name=\"twitter:label1\" content=\"Written by\" \/>\n\t<meta name=\"twitter:data1\" content=\"Costanza Baldini\" \/>\n\t<meta name=\"twitter:label2\" content=\"Est. reading time\" \/>\n\t<meta name=\"twitter:data2\" content=\"4 minuti\" \/>\n<script type=\"application\/ld+json\" class=\"yoast-schema-graph\">{\"@context\":\"https:\/\/schema.org\",\"@graph\":[{\"@type\":\"WebPage\",\"@id\":\"https:\/\/www.intoscana.it\/it\/festivatoscanomusicaantica2020\/\",\"url\":\"https:\/\/www.intoscana.it\/it\/festivatoscanomusicaantica2020\/\",\"name\":\"Il Festival Toscano di Musica Antica nei luoghi \u2018dimenticati\u2019 dalle istituzioni - intoscana\",\"isPartOf\":{\"@id\":\"https:\/\/www.intoscana.it\/it\/#website\"},\"primaryImageOfPage\":{\"@id\":\"https:\/\/www.intoscana.it\/it\/festivatoscanomusicaantica2020\/#primaryimage\"},\"image\":{\"@id\":\"https:\/\/www.intoscana.it\/it\/festivatoscanomusicaantica2020\/#primaryimage\"},\"thumbnailUrl\":\"https:\/\/www.intoscana.it\/wp-content\/uploads\/Ensemble_Auser_Musici.jpg\",\"datePublished\":\"2020-08-13T08:46:48+00:00\",\"dateModified\":\"2020-08-25T08:43:41+00:00\",\"author\":{\"@id\":\"https:\/\/www.intoscana.it\/it\/#\/schema\/person\/d469f35f09739bdf00bf5dd3f0647a82\"},\"description\":\"Il 4 e 5 settembre il Festival Toscano di Musica Antica porta un programma di concerti nei luoghi 'dimenticati'\",\"breadcrumb\":{\"@id\":\"https:\/\/www.intoscana.it\/it\/festivatoscanomusicaantica2020\/#breadcrumb\"},\"inLanguage\":\"it-IT\",\"potentialAction\":[{\"@type\":\"ReadAction\",\"target\":[\"https:\/\/www.intoscana.it\/it\/festivatoscanomusicaantica2020\/\"]}]},{\"@type\":\"ImageObject\",\"inLanguage\":\"it-IT\",\"@id\":\"https:\/\/www.intoscana.it\/it\/festivatoscanomusicaantica2020\/#primaryimage\",\"url\":\"https:\/\/www.intoscana.it\/wp-content\/uploads\/Ensemble_Auser_Musici.jpg\",\"contentUrl\":\"https:\/\/www.intoscana.it\/wp-content\/uploads\/Ensemble_Auser_Musici.jpg\",\"width\":2048,\"height\":1363,\"caption\":\"Ensemble Auser Musici\"},{\"@type\":\"BreadcrumbList\",\"@id\":\"https:\/\/www.intoscana.it\/it\/festivatoscanomusicaantica2020\/#breadcrumb\",\"itemListElement\":[{\"@type\":\"ListItem\",\"position\":1,\"name\":\"Home\",\"item\":\"https:\/\/www.intoscana.it\/it\/\"},{\"@type\":\"ListItem\",\"position\":2,\"name\":\"Il Festival Toscano di Musica Antica nei luoghi \u2018dimenticati\u2019 dalle istituzioni\"}]},{\"@type\":\"WebSite\",\"@id\":\"https:\/\/www.intoscana.it\/it\/#website\",\"url\":\"https:\/\/www.intoscana.it\/it\/\",\"name\":\"intoscana\",\"description\":\"\",\"potentialAction\":[{\"@type\":\"SearchAction\",\"target\":{\"@type\":\"EntryPoint\",\"urlTemplate\":\"https:\/\/www.intoscana.it\/it\/?s={search_term_string}\"},\"query-input\":{\"@type\":\"PropertyValueSpecification\",\"valueRequired\":true,\"valueName\":\"search_term_string\"}}],\"inLanguage\":\"it-IT\"},{\"@type\":\"Person\",\"@id\":\"https:\/\/www.intoscana.it\/it\/#\/schema\/person\/d469f35f09739bdf00bf5dd3f0647a82\",\"name\":\"Costanza Baldini\",\"url\":\"https:\/\/www.intoscana.it\/it\/author\/costanza-baldini\/\"}]}<\/script>\n<!-- \/ Yoast SEO Premium plugin. -->","yoast_head_json":{"title":"Il Festival Toscano di Musica Antica nei luoghi \u2018dimenticati\u2019 dalle istituzioni - intoscana","description":"Il 4 e 5 settembre il Festival Toscano di Musica Antica porta un programma di concerti nei luoghi 'dimenticati'","robots":{"index":"index","follow":"follow","max-snippet":"max-snippet:-1","max-image-preview":"max-image-preview:large","max-video-preview":"max-video-preview:-1"},"canonical":"https:\/\/www.intoscana.it\/it\/festivatoscanomusicaantica2020\/","og_locale":"it_IT","og_type":"article","og_title":"Il Festival Toscano di Musica Antica nei luoghi \u2018dimenticati\u2019 dalle istituzioni","og_description":"Il 4 e 5 settembre il Festival Toscano di Musica Antica porta un programma di concerti nei luoghi 'dimenticati'","og_url":"https:\/\/www.intoscana.it\/it\/festivatoscanomusicaantica2020\/","og_site_name":"intoscana","article_publisher":"https:\/\/www.facebook.com\/intoscana.it","article_published_time":"2020-08-13T08:46:48+00:00","article_modified_time":"2020-08-25T08:43:41+00:00","og_image":[{"width":2048,"height":1363,"url":"https:\/\/www.intoscana.it\/wp-content\/uploads\/Ensemble_Auser_Musici.jpg","type":"image\/jpeg"}],"author":"Costanza Baldini","twitter_card":"summary_large_image","twitter_creator":"@intoscana","twitter_site":"@intoscana","twitter_misc":{"Written by":"Costanza Baldini","Est. reading time":"4 minuti"},"schema":{"@context":"https:\/\/schema.org","@graph":[{"@type":"WebPage","@id":"https:\/\/www.intoscana.it\/it\/festivatoscanomusicaantica2020\/","url":"https:\/\/www.intoscana.it\/it\/festivatoscanomusicaantica2020\/","name":"Il Festival Toscano di Musica Antica nei luoghi \u2018dimenticati\u2019 dalle istituzioni - intoscana","isPartOf":{"@id":"https:\/\/www.intoscana.it\/it\/#website"},"primaryImageOfPage":{"@id":"https:\/\/www.intoscana.it\/it\/festivatoscanomusicaantica2020\/#primaryimage"},"image":{"@id":"https:\/\/www.intoscana.it\/it\/festivatoscanomusicaantica2020\/#primaryimage"},"thumbnailUrl":"https:\/\/www.intoscana.it\/wp-content\/uploads\/Ensemble_Auser_Musici.jpg","datePublished":"2020-08-13T08:46:48+00:00","dateModified":"2020-08-25T08:43:41+00:00","author":{"@id":"https:\/\/www.intoscana.it\/it\/#\/schema\/person\/d469f35f09739bdf00bf5dd3f0647a82"},"description":"Il 4 e 5 settembre il Festival Toscano di Musica Antica porta un programma di concerti nei luoghi 'dimenticati'","breadcrumb":{"@id":"https:\/\/www.intoscana.it\/it\/festivatoscanomusicaantica2020\/#breadcrumb"},"inLanguage":"it-IT","potentialAction":[{"@type":"ReadAction","target":["https:\/\/www.intoscana.it\/it\/festivatoscanomusicaantica2020\/"]}]},{"@type":"ImageObject","inLanguage":"it-IT","@id":"https:\/\/www.intoscana.it\/it\/festivatoscanomusicaantica2020\/#primaryimage","url":"https:\/\/www.intoscana.it\/wp-content\/uploads\/Ensemble_Auser_Musici.jpg","contentUrl":"https:\/\/www.intoscana.it\/wp-content\/uploads\/Ensemble_Auser_Musici.jpg","width":2048,"height":1363,"caption":"Ensemble Auser Musici"},{"@type":"BreadcrumbList","@id":"https:\/\/www.intoscana.it\/it\/festivatoscanomusicaantica2020\/#breadcrumb","itemListElement":[{"@type":"ListItem","position":1,"name":"Home","item":"https:\/\/www.intoscana.it\/it\/"},{"@type":"ListItem","position":2,"name":"Il Festival Toscano di Musica Antica nei luoghi \u2018dimenticati\u2019 dalle istituzioni"}]},{"@type":"WebSite","@id":"https:\/\/www.intoscana.it\/it\/#website","url":"https:\/\/www.intoscana.it\/it\/","name":"intoscana","description":"","potentialAction":[{"@type":"SearchAction","target":{"@type":"EntryPoint","urlTemplate":"https:\/\/www.intoscana.it\/it\/?s={search_term_string}"},"query-input":{"@type":"PropertyValueSpecification","valueRequired":true,"valueName":"search_term_string"}}],"inLanguage":"it-IT"},{"@type":"Person","@id":"https:\/\/www.intoscana.it\/it\/#\/schema\/person\/d469f35f09739bdf00bf5dd3f0647a82","name":"Costanza Baldini","url":"https:\/\/www.intoscana.it\/it\/author\/costanza-baldini\/"}]}},"_links":{"self":[{"href":"https:\/\/www.intoscana.it\/it\/wp-json\/wp\/v2\/posts\/148808","targetHints":{"allow":["GET"]}}],"collection":[{"href":"https:\/\/www.intoscana.it\/it\/wp-json\/wp\/v2\/posts"}],"about":[{"href":"https:\/\/www.intoscana.it\/it\/wp-json\/wp\/v2\/types\/post"}],"author":[{"embeddable":true,"href":"https:\/\/www.intoscana.it\/it\/wp-json\/wp\/v2\/users\/518"}],"replies":[{"embeddable":true,"href":"https:\/\/www.intoscana.it\/it\/wp-json\/wp\/v2\/comments?post=148808"}],"version-history":[{"count":0,"href":"https:\/\/www.intoscana.it\/it\/wp-json\/wp\/v2\/posts\/148808\/revisions"}],"wp:featuredmedia":[{"embeddable":true,"href":"https:\/\/www.intoscana.it\/it\/wp-json\/wp\/v2\/media\/148809"}],"wp:attachment":[{"href":"https:\/\/www.intoscana.it\/it\/wp-json\/wp\/v2\/media?parent=148808"}],"wp:term":[{"taxonomy":"category","embeddable":true,"href":"https:\/\/www.intoscana.it\/it\/wp-json\/wp\/v2\/categories?post=148808"},{"taxonomy":"post_tag","embeddable":true,"href":"https:\/\/www.intoscana.it\/it\/wp-json\/wp\/v2\/tags?post=148808"}],"curies":[{"name":"wp","href":"https:\/\/api.w.org\/{rel}","templated":true}]}}