{"id":149066,"date":"2020-08-14T15:21:46","date_gmt":"2020-08-14T13:21:46","guid":{"rendered":"https:\/\/www.intoscana.it\/it\/?p=149066"},"modified":"2020-08-14T15:24:18","modified_gmt":"2020-08-14T13:24:18","slug":"covid-ragazzi-fatevi-controllare-lappello-dei-volontari","status":"publish","type":"post","link":"https:\/\/www.intoscana.it\/it\/covid-ragazzi-fatevi-controllare-lappello-dei-volontari\/","title":{"rendered":"Covid: &#8220;Ragazzi fatevi controllare&#8221;, l&#8217;appello dei volontari"},"content":{"rendered":"<p>&#8220;Ora pi\u00f9 che mai, ragazzi fatevi controllare&#8221;. \u00c8 l\u2019appello che i volontari delle associazioni , delle Pubbliche Assistenze, Misericordie e Croce Rossa, <strong>lanciano ormai da settimane e che rivolgono ai pi\u00f9 giovani soprattutto in vista del week end di Ferragosto.<\/strong><\/p>\n<p>L\u2019esperienza di questi giorni ha dimostrato proprio che la promiscuit\u00e0 nei locali, il mancato rispetto del distanziamento, dell\u2019uso delle mascherine e dell\u2019igiene delle mani, ha determinato un innalzamento dei casi di positivit\u00e0 <strong>soprattutto tra i giovani.<\/strong><\/p>\n<p>E proprio per loro \u00e8 stata pensata l&#8217;iniziativa &#8220;<strong>Movida si\u2026 cura\u2019:<\/strong>\u00a0i test sierologici entrano direttamente nei luoghi dove i giovani si ritrovano, nelle citt\u00e0 d\u2019arte come sulla costa. E l\u2019obiettivo \u00e8 fare s\u00ec che sempre pi\u00f9 persone scelgano di sottoporsi all\u2019esame gratuito e rapidissimo da effettuare.<\/p>\n<p>Anche a Ferragosto, i gazebo saranno regolarmente <strong>nelle piazze toscane, dalle 22 alle 2 di notte:\u00a0 Marina di Carrara<\/strong> (Piazza Ingolstadt), <strong>Castiglioncello<\/strong> (piazza della Vittoria dalle 21 alle 1), Orbetello (piazza Garibaldi), <strong>Marina di Grosseto<\/strong> (al Cavallino), <strong>Portoferraio<\/strong> (solo il 15 alla calata Mazzini), <strong>Porto Azzurro<\/strong> (solo il 14), Marradi (il 14 in piscina, il 15 in piazza Scalelle dalle 20 alle 24).<\/p>\n<p><p><span class=\"citazione\">Dal 25 luglio, data di inizio della campagna &#8220;Movida&#8230;si cura&#8221; sono stati effettuati 6.271 test in tutta la regione, con un riscontro di positivit\u00e0 in 51 casi <\/span><\/p>.<\/p>\n<p>Dal 25 luglio, data di inizio della campagna di prevenzione voluta dalla Regione Toscana, sono stati effettuati 6.271 test in tutta la regione, con un riscontro di positivit\u00e0 (tra anticorpi Igg e Igm, ossia immunizzati ed effettivamente positivi) in 51 casi.\u00a0Il dettaglio delle province con numero di test-positivit\u00e0 all\u20198 agosto: Firenze 1.044 &#8211; 13; Versilia 680-0; Grosseto 1.584 &#8211; 7; Livorno 1.126 &#8211; 9; Massa 572 &#8211; 21; Pisa 840 &#8211; 1; Pistoia 425 &#8211; 0).<\/p>\n<p><a href=\"https:\/\/www.intoscana.it\/it\/articolo\/movida-sicura\/\"><strong>\u2018Movida si\u2026 cura\u2019<\/strong>\u00a0<\/a>\u00e8 la campagna di prevenzione, promossa dall&#8217;assessorato regionale al diritto alla salute, nei luoghi di vita notturna, frequentati dai ragazzi. Collaborano al progetto le associazioni di volontariato toscane: Pubbliche Assistenze, Misericordie, Croce Rossa, Arca Toscana e Centro Alcologico regionale toscano.<\/p>\n<p>L&#8217;iniziativa anti Covid prevede test sierologici per tutti i giovani che ne faranno richiesta su base volontaria. Chi dovesse risultare positivo al Covid-19, dovr\u00e0 sottoporsi al tampone molecolare, contattando il\u00a0<strong>numero verde regionale 800.556.060<\/strong>, per verificare se l\u2019infezione \u00e8 in fase attiva.\u00a0Sar\u00e0 anche possibile effettuare alcol test, sempre su richiesta degli interessati.<\/p>\n<p>Vi ricordiamo <strong>le tre regole<\/strong> di &#8220;Movida si..cura&#8221; : indossare la mascherina, lavarsi le mani, mantenere la distanza di sicurezza. Fondamentale anche mantenere stili di vita sani con particolare riguardo ad alcol, fumo e alimentazione.<\/p>\n","protected":false},"excerpt":{"rendered":"<p>I contagi sono in aumento soprattutto tra i pi\u00f9 giovani, La campagna &#8220;Movida si..cura&#8221; prosegue anche a Ferragosto e i volontari si rivolgono al loro senso di responsabilit\u00e0<\/p>\n","protected":false},"author":525,"featured_media":145648,"comment_status":"open","ping_status":"open","sticky":false,"template":"","format":"standard","meta":{"_acf_changed":false,"footnotes":""},"categories":[494],"tags":[418,4422,416],"class_list":["post-149066","post","type-post","status-publish","format-standard","has-post-thumbnail","hentry","category-attualita","tag-covid-19","tag-movida","tag-volontariato"],"acf":[],"yoast_head":"<!-- This site is optimized with the Yoast SEO Premium plugin v24.2 (Yoast SEO v25.6) - https:\/\/yoast.com\/wordpress\/plugins\/seo\/ -->\n<title>Covid: &quot;Ragazzi fatevi controllare&quot;, l&#039;appello dei volontari - intoscana<\/title>\n<meta name=\"description\" content=\"I volontari rinnovano l&#039;appello ai pi\u00f9 giovani per aderire alla campagna regionale &quot;Movida..si cura&quot;, nelle piazze anche a Ferragosto\" \/>\n<meta name=\"robots\" content=\"index, follow, max-snippet:-1, max-image-preview:large, max-video-preview:-1\" \/>\n<link rel=\"canonical\" href=\"https:\/\/www.intoscana.it\/it\/covid-ragazzi-fatevi-controllare-lappello-dei-volontari\/\" \/>\n<meta property=\"og:locale\" content=\"it_IT\" \/>\n<meta property=\"og:type\" content=\"article\" \/>\n<meta property=\"og:title\" content=\"Covid: &quot;Ragazzi fatevi controllare&quot;, l&#039;appello dei volontari\" \/>\n<meta property=\"og:description\" content=\"I volontari rinnovano l&#039;appello ai pi\u00f9 giovani per aderire alla campagna regionale &quot;Movida..si cura&quot;, nelle piazze anche a Ferragosto\" \/>\n<meta property=\"og:url\" content=\"https:\/\/www.intoscana.it\/it\/covid-ragazzi-fatevi-controllare-lappello-dei-volontari\/\" \/>\n<meta property=\"og:site_name\" content=\"intoscana\" \/>\n<meta property=\"article:publisher\" content=\"https:\/\/www.facebook.com\/intoscana.it\" \/>\n<meta property=\"article:published_time\" content=\"2020-08-14T13:21:46+00:00\" \/>\n<meta property=\"article:modified_time\" content=\"2020-08-14T13:24:18+00:00\" \/>\n<meta property=\"og:image\" content=\"https:\/\/www.intoscana.it\/wp-content\/uploads\/mascherina-disinfettante-1.jpg\" \/>\n\t<meta property=\"og:image:width\" content=\"1000\" \/>\n\t<meta property=\"og:image:height\" content=\"667\" \/>\n\t<meta property=\"og:image:type\" content=\"image\/jpeg\" \/>\n<meta name=\"author\" content=\"Redazione\" \/>\n<meta name=\"twitter:card\" content=\"summary_large_image\" \/>\n<meta name=\"twitter:creator\" content=\"@intoscana\" \/>\n<meta name=\"twitter:site\" content=\"@intoscana\" \/>\n<meta name=\"twitter:label1\" content=\"Written by\" \/>\n\t<meta name=\"twitter:data1\" content=\"Redazione\" \/>\n\t<meta name=\"twitter:label2\" content=\"Est. reading time\" \/>\n\t<meta name=\"twitter:data2\" content=\"2 minuti\" \/>\n<script type=\"application\/ld+json\" class=\"yoast-schema-graph\">{\"@context\":\"https:\/\/schema.org\",\"@graph\":[{\"@type\":\"WebPage\",\"@id\":\"https:\/\/www.intoscana.it\/it\/covid-ragazzi-fatevi-controllare-lappello-dei-volontari\/\",\"url\":\"https:\/\/www.intoscana.it\/it\/covid-ragazzi-fatevi-controllare-lappello-dei-volontari\/\",\"name\":\"Covid: \\\"Ragazzi fatevi controllare\\\", l'appello dei volontari - intoscana\",\"isPartOf\":{\"@id\":\"https:\/\/www.intoscana.it\/it\/#website\"},\"primaryImageOfPage\":{\"@id\":\"https:\/\/www.intoscana.it\/it\/covid-ragazzi-fatevi-controllare-lappello-dei-volontari\/#primaryimage\"},\"image\":{\"@id\":\"https:\/\/www.intoscana.it\/it\/covid-ragazzi-fatevi-controllare-lappello-dei-volontari\/#primaryimage\"},\"thumbnailUrl\":\"https:\/\/www.intoscana.it\/wp-content\/uploads\/mascherina-disinfettante-1.jpg\",\"datePublished\":\"2020-08-14T13:21:46+00:00\",\"dateModified\":\"2020-08-14T13:24:18+00:00\",\"author\":{\"@id\":\"https:\/\/www.intoscana.it\/it\/#\/schema\/person\/9223810753230f20bd670fdd322661f8\"},\"description\":\"I volontari rinnovano l'appello ai pi\u00f9 giovani per aderire alla campagna regionale \\\"Movida..si cura\\\", nelle piazze anche a Ferragosto\",\"breadcrumb\":{\"@id\":\"https:\/\/www.intoscana.it\/it\/covid-ragazzi-fatevi-controllare-lappello-dei-volontari\/#breadcrumb\"},\"inLanguage\":\"it-IT\",\"potentialAction\":[{\"@type\":\"ReadAction\",\"target\":[\"https:\/\/www.intoscana.it\/it\/covid-ragazzi-fatevi-controllare-lappello-dei-volontari\/\"]}]},{\"@type\":\"ImageObject\",\"inLanguage\":\"it-IT\",\"@id\":\"https:\/\/www.intoscana.it\/it\/covid-ragazzi-fatevi-controllare-lappello-dei-volontari\/#primaryimage\",\"url\":\"https:\/\/www.intoscana.it\/wp-content\/uploads\/mascherina-disinfettante-1.jpg\",\"contentUrl\":\"https:\/\/www.intoscana.it\/wp-content\/uploads\/mascherina-disinfettante-1.jpg\",\"width\":1000,\"height\":667,\"caption\":\"Coronavirus\"},{\"@type\":\"BreadcrumbList\",\"@id\":\"https:\/\/www.intoscana.it\/it\/covid-ragazzi-fatevi-controllare-lappello-dei-volontari\/#breadcrumb\",\"itemListElement\":[{\"@type\":\"ListItem\",\"position\":1,\"name\":\"Home\",\"item\":\"https:\/\/www.intoscana.it\/it\/\"},{\"@type\":\"ListItem\",\"position\":2,\"name\":\"Covid: &#8220;Ragazzi fatevi controllare&#8221;, l&#8217;appello dei volontari\"}]},{\"@type\":\"WebSite\",\"@id\":\"https:\/\/www.intoscana.it\/it\/#website\",\"url\":\"https:\/\/www.intoscana.it\/it\/\",\"name\":\"intoscana\",\"description\":\"\",\"potentialAction\":[{\"@type\":\"SearchAction\",\"target\":{\"@type\":\"EntryPoint\",\"urlTemplate\":\"https:\/\/www.intoscana.it\/it\/?s={search_term_string}\"},\"query-input\":{\"@type\":\"PropertyValueSpecification\",\"valueRequired\":true,\"valueName\":\"search_term_string\"}}],\"inLanguage\":\"it-IT\"},{\"@type\":\"Person\",\"@id\":\"https:\/\/www.intoscana.it\/it\/#\/schema\/person\/9223810753230f20bd670fdd322661f8\",\"name\":\"Redazione\",\"url\":\"https:\/\/www.intoscana.it\/it\/author\/redazione\/\"}]}<\/script>\n<!-- \/ Yoast SEO Premium plugin. -->","yoast_head_json":{"title":"Covid: \"Ragazzi fatevi controllare\", l'appello dei volontari - intoscana","description":"I volontari rinnovano l'appello ai pi\u00f9 giovani per aderire alla campagna regionale \"Movida..si cura\", nelle piazze anche a Ferragosto","robots":{"index":"index","follow":"follow","max-snippet":"max-snippet:-1","max-image-preview":"max-image-preview:large","max-video-preview":"max-video-preview:-1"},"canonical":"https:\/\/www.intoscana.it\/it\/covid-ragazzi-fatevi-controllare-lappello-dei-volontari\/","og_locale":"it_IT","og_type":"article","og_title":"Covid: \"Ragazzi fatevi controllare\", l'appello dei volontari","og_description":"I volontari rinnovano l'appello ai pi\u00f9 giovani per aderire alla campagna regionale \"Movida..si cura\", nelle piazze anche a Ferragosto","og_url":"https:\/\/www.intoscana.it\/it\/covid-ragazzi-fatevi-controllare-lappello-dei-volontari\/","og_site_name":"intoscana","article_publisher":"https:\/\/www.facebook.com\/intoscana.it","article_published_time":"2020-08-14T13:21:46+00:00","article_modified_time":"2020-08-14T13:24:18+00:00","og_image":[{"width":1000,"height":667,"url":"https:\/\/www.intoscana.it\/wp-content\/uploads\/mascherina-disinfettante-1.jpg","type":"image\/jpeg"}],"author":"Redazione","twitter_card":"summary_large_image","twitter_creator":"@intoscana","twitter_site":"@intoscana","twitter_misc":{"Written by":"Redazione","Est. reading time":"2 minuti"},"schema":{"@context":"https:\/\/schema.org","@graph":[{"@type":"WebPage","@id":"https:\/\/www.intoscana.it\/it\/covid-ragazzi-fatevi-controllare-lappello-dei-volontari\/","url":"https:\/\/www.intoscana.it\/it\/covid-ragazzi-fatevi-controllare-lappello-dei-volontari\/","name":"Covid: \"Ragazzi fatevi controllare\", l'appello dei volontari - intoscana","isPartOf":{"@id":"https:\/\/www.intoscana.it\/it\/#website"},"primaryImageOfPage":{"@id":"https:\/\/www.intoscana.it\/it\/covid-ragazzi-fatevi-controllare-lappello-dei-volontari\/#primaryimage"},"image":{"@id":"https:\/\/www.intoscana.it\/it\/covid-ragazzi-fatevi-controllare-lappello-dei-volontari\/#primaryimage"},"thumbnailUrl":"https:\/\/www.intoscana.it\/wp-content\/uploads\/mascherina-disinfettante-1.jpg","datePublished":"2020-08-14T13:21:46+00:00","dateModified":"2020-08-14T13:24:18+00:00","author":{"@id":"https:\/\/www.intoscana.it\/it\/#\/schema\/person\/9223810753230f20bd670fdd322661f8"},"description":"I volontari rinnovano l'appello ai pi\u00f9 giovani per aderire alla campagna regionale \"Movida..si cura\", nelle piazze anche a Ferragosto","breadcrumb":{"@id":"https:\/\/www.intoscana.it\/it\/covid-ragazzi-fatevi-controllare-lappello-dei-volontari\/#breadcrumb"},"inLanguage":"it-IT","potentialAction":[{"@type":"ReadAction","target":["https:\/\/www.intoscana.it\/it\/covid-ragazzi-fatevi-controllare-lappello-dei-volontari\/"]}]},{"@type":"ImageObject","inLanguage":"it-IT","@id":"https:\/\/www.intoscana.it\/it\/covid-ragazzi-fatevi-controllare-lappello-dei-volontari\/#primaryimage","url":"https:\/\/www.intoscana.it\/wp-content\/uploads\/mascherina-disinfettante-1.jpg","contentUrl":"https:\/\/www.intoscana.it\/wp-content\/uploads\/mascherina-disinfettante-1.jpg","width":1000,"height":667,"caption":"Coronavirus"},{"@type":"BreadcrumbList","@id":"https:\/\/www.intoscana.it\/it\/covid-ragazzi-fatevi-controllare-lappello-dei-volontari\/#breadcrumb","itemListElement":[{"@type":"ListItem","position":1,"name":"Home","item":"https:\/\/www.intoscana.it\/it\/"},{"@type":"ListItem","position":2,"name":"Covid: &#8220;Ragazzi fatevi controllare&#8221;, l&#8217;appello dei volontari"}]},{"@type":"WebSite","@id":"https:\/\/www.intoscana.it\/it\/#website","url":"https:\/\/www.intoscana.it\/it\/","name":"intoscana","description":"","potentialAction":[{"@type":"SearchAction","target":{"@type":"EntryPoint","urlTemplate":"https:\/\/www.intoscana.it\/it\/?s={search_term_string}"},"query-input":{"@type":"PropertyValueSpecification","valueRequired":true,"valueName":"search_term_string"}}],"inLanguage":"it-IT"},{"@type":"Person","@id":"https:\/\/www.intoscana.it\/it\/#\/schema\/person\/9223810753230f20bd670fdd322661f8","name":"Redazione","url":"https:\/\/www.intoscana.it\/it\/author\/redazione\/"}]}},"_links":{"self":[{"href":"https:\/\/www.intoscana.it\/it\/wp-json\/wp\/v2\/posts\/149066","targetHints":{"allow":["GET"]}}],"collection":[{"href":"https:\/\/www.intoscana.it\/it\/wp-json\/wp\/v2\/posts"}],"about":[{"href":"https:\/\/www.intoscana.it\/it\/wp-json\/wp\/v2\/types\/post"}],"author":[{"embeddable":true,"href":"https:\/\/www.intoscana.it\/it\/wp-json\/wp\/v2\/users\/525"}],"replies":[{"embeddable":true,"href":"https:\/\/www.intoscana.it\/it\/wp-json\/wp\/v2\/comments?post=149066"}],"version-history":[{"count":0,"href":"https:\/\/www.intoscana.it\/it\/wp-json\/wp\/v2\/posts\/149066\/revisions"}],"wp:featuredmedia":[{"embeddable":true,"href":"https:\/\/www.intoscana.it\/it\/wp-json\/wp\/v2\/media\/145648"}],"wp:attachment":[{"href":"https:\/\/www.intoscana.it\/it\/wp-json\/wp\/v2\/media?parent=149066"}],"wp:term":[{"taxonomy":"category","embeddable":true,"href":"https:\/\/www.intoscana.it\/it\/wp-json\/wp\/v2\/categories?post=149066"},{"taxonomy":"post_tag","embeddable":true,"href":"https:\/\/www.intoscana.it\/it\/wp-json\/wp\/v2\/tags?post=149066"}],"curies":[{"name":"wp","href":"https:\/\/api.w.org\/{rel}","templated":true}]}}