{"id":149378,"date":"2020-08-18T12:19:50","date_gmt":"2020-08-18T10:19:50","guid":{"rendered":"https:\/\/www.intoscana.it\/it\/?p=149378"},"modified":"2020-08-18T12:19:50","modified_gmt":"2020-08-18T10:19:50","slug":"pistoia-san-bartolomeo","status":"publish","type":"post","link":"https:\/\/www.intoscana.it\/it\/pistoia-san-bartolomeo\/","title":{"rendered":"Pistoia festeggia San Bartolomeo con un programma anti-Covid"},"content":{"rendered":"<p><strong>Pistoia<\/strong> \u00e8 pronta per celebrare la festa di <strong>San Bartolomeo<\/strong> con tutte le misure precauzionali anti-Covid. A causa del Coronavirus infatti quest&#8217;anno la Diocesi di Pistoia ha realizzato un kit speciale per <strong>unzioni fai-da-te<\/strong> per la festa, una tradizione che affonda le radici nel <strong>Medioevo<\/strong> ed \u00e8 dedicata in particolare ai bambini, che ogni anno vengono portati da genitori e nonni nella chiesa dedicata al santo, nel centro di Pistoia, per ricevere l&#8217;unzione.<\/p>\n<p>La tradizionale unzione durante la quale il sacerdote, tracciando una croce con l&#8217;<strong>olio benedetto<\/strong> sulla fronte dei fedeli,<br \/>\nrecitando la formula &#8220;<em>per intercessione di San Bartolomeo apostolo e di Sant&#8217;Ubaldo vescovo ti liberi il Signore da ogni<\/em><br \/>\n<em>male<\/em>&#8220;, quest&#8217;anno non ci sar\u00e0. Chi vorr\u00e0 al termine delle celebrazioni potr\u00e0 prendere una busta con del cotone bagnato<br \/>\nnell&#8217;olio benedetto, e provvedere di persona.<\/p>\n<h3>Un antico rito<\/h3>\n<p>Il rito risale all&#8217;arrivo dei <strong>canonici lateranensi<\/strong> dell&#8217;ordine di Sant&#8217;Agostino, che sostituirono i monaci benedettini nel complesso di San Bartolomeo nel 1433. Fu per\u00f2 nel 1473 che la festa acquis\u00ec una dimensione pi\u00f9 ricca e solenne quando il cardinale Niccol\u00f2 Forteguerri, con l&#8217;istituzione della Pia Casa di Sapienza, fece dono delle sue propriet\u00e0 al comune di Pistoia, finanziando anche i festeggiamenti in favore di San Bartolomeo, che a Pistoia tradizionalmente sono sinonimo di festa dei bambini.<\/p>\n<h3>Il programma di quest&#8217;anno<\/h3>\n<p>Quest&#8217;anno, come spiega Diocesi, la festa, che si articola in tre giornate (dal 22 al 24 agosto), avr\u00e0 un <a href=\"https:\/\/www.diocesipistoia.it\/festa-di-san-bartolomeo-il-programma\/\" target=\"_blank\" rel=\"noopener noreferrer\">programma ridotto<\/a> <em>&#8220;a causa della pandemia ed \u00e8 necessario adottare delle misure speciali perch\u00e9 tutto si svolga in sicurezza<\/em>&#8220;. Perci\u00f2 tutte le messe saranno celebrate all&#8217;aperto nel giardino retrostante la chiesa, cos\u00ec pure le preghiere di intercessione.<\/p>\n","protected":false},"excerpt":{"rendered":"<p>Quest&#8217;anno la festa in onore di San Bartolomeo avr\u00e0 un programma ridotto a causa del Coronavirus e sar\u00e0 distribuito un kit speciale per le unzioni fai-da-te ai fedeli.<\/p>\n","protected":false},"author":525,"featured_media":149379,"comment_status":"open","ping_status":"open","sticky":false,"template":"","format":"standard","meta":{"_acf_changed":false,"footnotes":""},"categories":[494],"tags":[4448,215],"class_list":["post-149378","post","type-post","status-publish","format-standard","has-post-thumbnail","hentry","category-attualita","tag-chiesa","tag-pistoia"],"acf":[],"yoast_head":"<!-- This site is optimized with the Yoast SEO Premium plugin v24.2 (Yoast SEO v25.6) - https:\/\/yoast.com\/wordpress\/plugins\/seo\/ -->\n<title>Pistoia festeggia San Bartolomeo con un programma anti-Covid - intoscana<\/title>\n<meta name=\"description\" content=\"La festa di San Bartolomeo a Pistoia avr\u00e0 un programma ridotto a causa del Coronavirus e sar\u00e0 distribuito un kit per le unzioni fai-da-te.\" \/>\n<meta name=\"robots\" content=\"index, follow, max-snippet:-1, max-image-preview:large, max-video-preview:-1\" \/>\n<link rel=\"canonical\" href=\"https:\/\/www.intoscana.it\/it\/pistoia-san-bartolomeo\/\" \/>\n<meta property=\"og:locale\" content=\"it_IT\" \/>\n<meta property=\"og:type\" content=\"article\" \/>\n<meta property=\"og:title\" content=\"Pistoia festeggia San Bartolomeo con un programma anti-Covid\" \/>\n<meta property=\"og:description\" content=\"La festa di San Bartolomeo a Pistoia avr\u00e0 un programma ridotto a causa del Coronavirus e sar\u00e0 distribuito un kit per le unzioni fai-da-te.\" \/>\n<meta property=\"og:url\" content=\"https:\/\/www.intoscana.it\/it\/pistoia-san-bartolomeo\/\" \/>\n<meta property=\"og:site_name\" content=\"intoscana\" \/>\n<meta property=\"article:publisher\" content=\"https:\/\/www.facebook.com\/intoscana.it\" \/>\n<meta property=\"article:published_time\" content=\"2020-08-18T10:19:50+00:00\" \/>\n<meta property=\"og:image\" content=\"https:\/\/www.intoscana.it\/wp-content\/uploads\/chiesa-san-bartolomeo-pistoia.jpeg\" \/>\n\t<meta property=\"og:image:width\" content=\"800\" \/>\n\t<meta property=\"og:image:height\" content=\"600\" \/>\n\t<meta property=\"og:image:type\" content=\"image\/jpeg\" \/>\n<meta name=\"author\" content=\"Redazione\" \/>\n<meta name=\"twitter:card\" content=\"summary_large_image\" \/>\n<meta name=\"twitter:creator\" content=\"@intoscana\" \/>\n<meta name=\"twitter:site\" content=\"@intoscana\" \/>\n<meta name=\"twitter:label1\" content=\"Written by\" \/>\n\t<meta name=\"twitter:data1\" content=\"Redazione\" \/>\n\t<meta name=\"twitter:label2\" content=\"Est. reading time\" \/>\n\t<meta name=\"twitter:data2\" content=\"1 minuto\" \/>\n<script type=\"application\/ld+json\" class=\"yoast-schema-graph\">{\"@context\":\"https:\/\/schema.org\",\"@graph\":[{\"@type\":\"WebPage\",\"@id\":\"https:\/\/www.intoscana.it\/it\/pistoia-san-bartolomeo\/\",\"url\":\"https:\/\/www.intoscana.it\/it\/pistoia-san-bartolomeo\/\",\"name\":\"Pistoia festeggia San Bartolomeo con un programma anti-Covid - intoscana\",\"isPartOf\":{\"@id\":\"https:\/\/www.intoscana.it\/it\/#website\"},\"primaryImageOfPage\":{\"@id\":\"https:\/\/www.intoscana.it\/it\/pistoia-san-bartolomeo\/#primaryimage\"},\"image\":{\"@id\":\"https:\/\/www.intoscana.it\/it\/pistoia-san-bartolomeo\/#primaryimage\"},\"thumbnailUrl\":\"https:\/\/www.intoscana.it\/wp-content\/uploads\/chiesa-san-bartolomeo-pistoia.jpeg\",\"datePublished\":\"2020-08-18T10:19:50+00:00\",\"author\":{\"@id\":\"https:\/\/www.intoscana.it\/it\/#\/schema\/person\/9223810753230f20bd670fdd322661f8\"},\"description\":\"La festa di San Bartolomeo a Pistoia avr\u00e0 un programma ridotto a causa del Coronavirus e sar\u00e0 distribuito un kit per le unzioni fai-da-te.\",\"breadcrumb\":{\"@id\":\"https:\/\/www.intoscana.it\/it\/pistoia-san-bartolomeo\/#breadcrumb\"},\"inLanguage\":\"it-IT\",\"potentialAction\":[{\"@type\":\"ReadAction\",\"target\":[\"https:\/\/www.intoscana.it\/it\/pistoia-san-bartolomeo\/\"]}]},{\"@type\":\"ImageObject\",\"inLanguage\":\"it-IT\",\"@id\":\"https:\/\/www.intoscana.it\/it\/pistoia-san-bartolomeo\/#primaryimage\",\"url\":\"https:\/\/www.intoscana.it\/wp-content\/uploads\/chiesa-san-bartolomeo-pistoia.jpeg\",\"contentUrl\":\"https:\/\/www.intoscana.it\/wp-content\/uploads\/chiesa-san-bartolomeo-pistoia.jpeg\",\"width\":800,\"height\":600,\"caption\":\"Chiesa di San Bartolomeo a Pistoia\"},{\"@type\":\"BreadcrumbList\",\"@id\":\"https:\/\/www.intoscana.it\/it\/pistoia-san-bartolomeo\/#breadcrumb\",\"itemListElement\":[{\"@type\":\"ListItem\",\"position\":1,\"name\":\"Home\",\"item\":\"https:\/\/www.intoscana.it\/it\/\"},{\"@type\":\"ListItem\",\"position\":2,\"name\":\"Pistoia festeggia San Bartolomeo con un programma anti-Covid\"}]},{\"@type\":\"WebSite\",\"@id\":\"https:\/\/www.intoscana.it\/it\/#website\",\"url\":\"https:\/\/www.intoscana.it\/it\/\",\"name\":\"intoscana\",\"description\":\"\",\"potentialAction\":[{\"@type\":\"SearchAction\",\"target\":{\"@type\":\"EntryPoint\",\"urlTemplate\":\"https:\/\/www.intoscana.it\/it\/?s={search_term_string}\"},\"query-input\":{\"@type\":\"PropertyValueSpecification\",\"valueRequired\":true,\"valueName\":\"search_term_string\"}}],\"inLanguage\":\"it-IT\"},{\"@type\":\"Person\",\"@id\":\"https:\/\/www.intoscana.it\/it\/#\/schema\/person\/9223810753230f20bd670fdd322661f8\",\"name\":\"Redazione\",\"url\":\"https:\/\/www.intoscana.it\/it\/author\/redazione\/\"}]}<\/script>\n<!-- \/ Yoast SEO Premium plugin. -->","yoast_head_json":{"title":"Pistoia festeggia San Bartolomeo con un programma anti-Covid - intoscana","description":"La festa di San Bartolomeo a Pistoia avr\u00e0 un programma ridotto a causa del Coronavirus e sar\u00e0 distribuito un kit per le unzioni fai-da-te.","robots":{"index":"index","follow":"follow","max-snippet":"max-snippet:-1","max-image-preview":"max-image-preview:large","max-video-preview":"max-video-preview:-1"},"canonical":"https:\/\/www.intoscana.it\/it\/pistoia-san-bartolomeo\/","og_locale":"it_IT","og_type":"article","og_title":"Pistoia festeggia San Bartolomeo con un programma anti-Covid","og_description":"La festa di San Bartolomeo a Pistoia avr\u00e0 un programma ridotto a causa del Coronavirus e sar\u00e0 distribuito un kit per le unzioni fai-da-te.","og_url":"https:\/\/www.intoscana.it\/it\/pistoia-san-bartolomeo\/","og_site_name":"intoscana","article_publisher":"https:\/\/www.facebook.com\/intoscana.it","article_published_time":"2020-08-18T10:19:50+00:00","og_image":[{"width":800,"height":600,"url":"https:\/\/www.intoscana.it\/wp-content\/uploads\/chiesa-san-bartolomeo-pistoia.jpeg","type":"image\/jpeg"}],"author":"Redazione","twitter_card":"summary_large_image","twitter_creator":"@intoscana","twitter_site":"@intoscana","twitter_misc":{"Written by":"Redazione","Est. reading time":"1 minuto"},"schema":{"@context":"https:\/\/schema.org","@graph":[{"@type":"WebPage","@id":"https:\/\/www.intoscana.it\/it\/pistoia-san-bartolomeo\/","url":"https:\/\/www.intoscana.it\/it\/pistoia-san-bartolomeo\/","name":"Pistoia festeggia San Bartolomeo con un programma anti-Covid - intoscana","isPartOf":{"@id":"https:\/\/www.intoscana.it\/it\/#website"},"primaryImageOfPage":{"@id":"https:\/\/www.intoscana.it\/it\/pistoia-san-bartolomeo\/#primaryimage"},"image":{"@id":"https:\/\/www.intoscana.it\/it\/pistoia-san-bartolomeo\/#primaryimage"},"thumbnailUrl":"https:\/\/www.intoscana.it\/wp-content\/uploads\/chiesa-san-bartolomeo-pistoia.jpeg","datePublished":"2020-08-18T10:19:50+00:00","author":{"@id":"https:\/\/www.intoscana.it\/it\/#\/schema\/person\/9223810753230f20bd670fdd322661f8"},"description":"La festa di San Bartolomeo a Pistoia avr\u00e0 un programma ridotto a causa del Coronavirus e sar\u00e0 distribuito un kit per le unzioni fai-da-te.","breadcrumb":{"@id":"https:\/\/www.intoscana.it\/it\/pistoia-san-bartolomeo\/#breadcrumb"},"inLanguage":"it-IT","potentialAction":[{"@type":"ReadAction","target":["https:\/\/www.intoscana.it\/it\/pistoia-san-bartolomeo\/"]}]},{"@type":"ImageObject","inLanguage":"it-IT","@id":"https:\/\/www.intoscana.it\/it\/pistoia-san-bartolomeo\/#primaryimage","url":"https:\/\/www.intoscana.it\/wp-content\/uploads\/chiesa-san-bartolomeo-pistoia.jpeg","contentUrl":"https:\/\/www.intoscana.it\/wp-content\/uploads\/chiesa-san-bartolomeo-pistoia.jpeg","width":800,"height":600,"caption":"Chiesa di San Bartolomeo a Pistoia"},{"@type":"BreadcrumbList","@id":"https:\/\/www.intoscana.it\/it\/pistoia-san-bartolomeo\/#breadcrumb","itemListElement":[{"@type":"ListItem","position":1,"name":"Home","item":"https:\/\/www.intoscana.it\/it\/"},{"@type":"ListItem","position":2,"name":"Pistoia festeggia San Bartolomeo con un programma anti-Covid"}]},{"@type":"WebSite","@id":"https:\/\/www.intoscana.it\/it\/#website","url":"https:\/\/www.intoscana.it\/it\/","name":"intoscana","description":"","potentialAction":[{"@type":"SearchAction","target":{"@type":"EntryPoint","urlTemplate":"https:\/\/www.intoscana.it\/it\/?s={search_term_string}"},"query-input":{"@type":"PropertyValueSpecification","valueRequired":true,"valueName":"search_term_string"}}],"inLanguage":"it-IT"},{"@type":"Person","@id":"https:\/\/www.intoscana.it\/it\/#\/schema\/person\/9223810753230f20bd670fdd322661f8","name":"Redazione","url":"https:\/\/www.intoscana.it\/it\/author\/redazione\/"}]}},"_links":{"self":[{"href":"https:\/\/www.intoscana.it\/it\/wp-json\/wp\/v2\/posts\/149378","targetHints":{"allow":["GET"]}}],"collection":[{"href":"https:\/\/www.intoscana.it\/it\/wp-json\/wp\/v2\/posts"}],"about":[{"href":"https:\/\/www.intoscana.it\/it\/wp-json\/wp\/v2\/types\/post"}],"author":[{"embeddable":true,"href":"https:\/\/www.intoscana.it\/it\/wp-json\/wp\/v2\/users\/525"}],"replies":[{"embeddable":true,"href":"https:\/\/www.intoscana.it\/it\/wp-json\/wp\/v2\/comments?post=149378"}],"version-history":[{"count":0,"href":"https:\/\/www.intoscana.it\/it\/wp-json\/wp\/v2\/posts\/149378\/revisions"}],"wp:featuredmedia":[{"embeddable":true,"href":"https:\/\/www.intoscana.it\/it\/wp-json\/wp\/v2\/media\/149379"}],"wp:attachment":[{"href":"https:\/\/www.intoscana.it\/it\/wp-json\/wp\/v2\/media?parent=149378"}],"wp:term":[{"taxonomy":"category","embeddable":true,"href":"https:\/\/www.intoscana.it\/it\/wp-json\/wp\/v2\/categories?post=149378"},{"taxonomy":"post_tag","embeddable":true,"href":"https:\/\/www.intoscana.it\/it\/wp-json\/wp\/v2\/tags?post=149378"}],"curies":[{"name":"wp","href":"https:\/\/api.w.org\/{rel}","templated":true}]}}