{"id":150039,"date":"2020-08-26T15:06:10","date_gmt":"2020-08-26T13:06:10","guid":{"rendered":"https:\/\/www.intoscana.it\/it\/?p=150039"},"modified":"2020-08-26T15:13:46","modified_gmt":"2020-08-26T13:13:46","slug":"concorso-normale-sant-anna","status":"publish","type":"post","link":"https:\/\/www.intoscana.it\/it\/concorso-normale-sant-anna\/","title":{"rendered":"Pisa accoglie il talento: concorso di ammissione a Sant&#8217;Anna e Normale"},"content":{"rendered":"<p>Anche in quest&#8217;anno segnato dalla pandemia torna\u201cPisa accoglie il talento\u201d, il programma di benvenuto alle studentesse e agli studenti che affrontano, in presenza e nella massima sicurezza, le prove scritte e orali del <strong>concorso di ammissione<\/strong> alla <strong>Scuola Superiore Sant\u2019Anna<\/strong> e alla <strong><a href=\"http:\/\/www.sns.it\/\" data-saferedirecturl=\"https:\/\/www.google.com\/url?q=http:\/\/www.sns.it\/&amp;source=gmail&amp;ust=1598530066841000&amp;usg=AFQjCNGYMPqHbpI_i0JfHFGIK5dJjIfFFg\">Scuola Normale Superiore<\/a>.<\/strong><\/p>\n<p>L\u2019obiettivo \u00e8 accogliere le studentesse e gli <strong>studenti di alto merito<\/strong>\u00a0che, dall\u2019ultima settimana di agosto, per l\u2019esattezza da mercoled\u00ec 26, dopo aver affrontato la selezione online , sono impegnati nella prova di selezione in presenza per la Sant\u2019Anna, valorizzando cos\u00ec questo primo momento di incontro con la citt\u00e0. Grazie a \u201cPisa accoglie il talento\u201d \u00e8 possibile evidenziare le <strong>capacit\u00e0 di offerta<\/strong> del\u00a0<strong>sistema universitario pisano<\/strong>\u00a0e mostrare tutte le opportunit\u00e0 che Pisa pu\u00f2 offrire, durante il percorso di studio. Le candidate e i candidati all\u2019ammissione alla <strong>Normale <\/strong>svolgono come di consueto le prove orali a Pisa, in presenza. Le prove sono iniziate luned\u00ec 24 per la Classe di Scienze, mentre luned\u00ec 31 riguardano la Classe di Lettere e il luned\u00ec successivo quella di Scienze Politiche e Sociali, con oltre<strong> 300 tra studentesse e studenti da tutta Italia.<\/strong><\/p>\n<p><em>\u201cIn questo momento cos\u00ec delicato per il Paese \u2013 <\/em>commenta <strong>Sabina Nuti<\/strong>, rettrice del Sant\u2019Anna<em> &#8211; \u00e8 fondamentale puntare sul merito e sul talento. Essere ammessi alle prove di scritte di selezione per l\u2019ammissione alla Scuola Superiore Sant\u2019Anna come alle prove orali della Scuola Normale Superiore \u00e8 gi\u00e0 un grande risultato per queste studentesse e per questi studenti che arrivano da tutta Italia e che Pisa accoglie in sicurezza, sperando che decidano di iscriversi all\u2019Universit\u00e0 di Pisa, anche se non dovessero riuscire ad entrare al Sant\u2019Anna o alla Normale\u201d.<\/em><\/p>\n<h3>Prove scritte in sicurezza per gli studenti<\/h3>\n<p>Alle prove scritte del concorso di ammissione alla Sant\u2019Anna sono attesi, scaglionati in varie giornate nel rispetto di tutte le procedure di sicurezza, centinaia di studentesse e di studenti che hanno superato la <strong>preselezione online <\/strong>per la Classe di Scienze Sociali (Economia, Giurisprudenza, Scienze Politiche), per quella di Scienze Sperimentali (Ingegneria Industriale e dell\u2019Informazione, Scienze Agrarie e Biotecnologie Vegetali) o che, per <strong>Scienze mediche,<\/strong> hanno presentato direttamente domanda per il concorso di ammissione.<\/p>\n<p>Gli scritti si svolgono tra il <strong>Palazzo dei congressi<\/strong> e una <strong>struttura<\/strong> <strong>alberghiera <\/strong>(l\u2019Hotel Galilei) dove sar\u00e0 garantita la <strong>distanza<\/strong> tra le candidate e i candidati durante lo svolgimento delle prove e, soprattutto, dove sar\u00e0 possibile <strong>attuare tutte le misure di contenimento del virus responsabile del Covid-19<\/strong>, per garantire la <strong>salute e la sicurezza<\/strong> di coloro che, a vario titolo, sono impegnati nel concorso di ammissione.<\/p>\n<p>Le prove orali sono il passo successivo (l\u2019ultimo) del concorso di ammissione per selezionare i <strong>60 tra allieve e allievi di primo e secondo livello<\/strong>, che iniziano alla fine di settembre il percorso di formazione alla Sant\u2019Anna, e sono programmate in diverse sedi della Scuola, dove \u00e8 atteso un <strong>numero pi\u00f9 contenuto<\/strong> di studentesse e di studenti, rispetto a quanti saranno impegnati negli scritti.<\/p>\n<figure id=\"attachment_144008\" aria-describedby=\"caption-attachment-144008\" style=\"width: 800px\" class=\"wp-caption alignnone\"><img loading=\"lazy\" decoding=\"async\" class=\"wp-image-144008\" src=\"https:\/\/www.intoscana.it\/wp-content\/uploads\/Normale-Pisa-4-300x225.jpg\" alt=\"Scuola Normale di Pisa\" width=\"800\" height=\"600\" srcset=\"https:\/\/www.intoscana.it\/wp-content\/uploads\/Normale-Pisa-4-300x225.jpg 300w, https:\/\/www.intoscana.it\/wp-content\/uploads\/Normale-Pisa-4-768x576.jpg 768w, https:\/\/www.intoscana.it\/wp-content\/uploads\/Normale-Pisa-4.jpg 1000w\" sizes=\"auto, (max-width: 800px) 100vw, 800px\" \/><figcaption id=\"caption-attachment-144008\" class=\"wp-caption-text\">La Scuola Normale di Pisa<\/figcaption><\/figure>\n<h3>Un programma per far conoscere le opportunit\u00e0 di studiare a Pisa<\/h3>\n<p>L\u2019obiettivo del programma &#8220;Pisa accoglie il talento&#8221; \u00e8 ampliare il pi\u00f9 possibile il numero di studentesse e studenti di talento che decidono di svolgere il <strong>percorso formativo universitario a Pisa<\/strong>, non soltanto in qualit\u00e0 di allieve e allievi del Sant\u2019Anna e della Normale, ma come studentesse e studenti dell\u2019ateneo pisano.<br \/>\nL\u2019<strong>Universit\u00e0 di Pisa<\/strong> infatti contribuisce a questo programma di benvenuto fornendo informazioni sulla propria offerta formativa e sulle relative procedure di immatricolazione, grazie alla presenza di un angolo informativo <a href=\"https:\/\/matricolandosi.unipi.it\/\" data-saferedirecturl=\"https:\/\/www.google.com\/url?q=https:\/\/matricolandosi.unipi.it\/&amp;source=gmail&amp;ust=1598530066841000&amp;usg=AFQjCNHk7oQ3MVgF4_TPT3p_byb639tuGw\"><strong>Matricolandosi<\/strong><\/a> ad alcune sessioni del concorso di ammissione.<\/p>\n<p>Malgrado l\u2019emergenza da Covid-19, \u201cPisa accoglie il talento\u201d vuole anche offrire qualche occasione per conoscere il patrimonio artistico e culturale della citt\u00e0. Durante il concorso di ammissione restano a disposizione delle studentesse, degli studenti e delle rispettive famiglie <strong>servizi a tariffa agevolata<\/strong> per il soggiorno in strutture alberghiere convenzionate e per vedere Pisa dall\u2019alto, grazie al percorso in quota sulle <strong>mura cittadine<\/strong>.<\/p>\n<h3>Pari opportunit\u00e0 per tutti gli studenti<\/h3>\n<p>Inoltre anche per il 2020 \u00e8 disponibile da parte delle due scuole universitarie il <strong>rimborso delle spese sostenute per partecipare<\/strong> alle prove in presenza a Pisa, per la Normale sulla base della localit\u00e0 di provenienza, per il Sant\u2019Anna sulla base del reddito familiare.\u00a0 Un modo concreto per dimostrare sostegno alle famiglie e per garantire fin dal concorso di ammissione <strong>pari opportunit\u00e0 per tutti, <\/strong>oltre che per confermare il ruolo di \u201c<strong>ascensore sociale<\/strong>\u201d, che\u00a0<strong>valorizza il talento e riconosce il merito<\/strong>, in maniera<strong>\u00a0<\/strong>indipendente<strong>\u00a0rispetto al contesto socio familiare\u00a0<\/strong>di provenienza<strong>.<\/strong><\/p>\n<p>&nbsp;<\/p>\n","protected":false},"excerpt":{"rendered":"<p><span lang=\"IT\">Dall\u2019ultima settimana di agosto in arrivo a Pisa i candidate e le candidati per le scuole universitarie superiori, che potranno scoprire le opportunit\u00e0 e i vantaggi di studiare in citt\u00e0<br \/>\n<\/span><\/p>\n","protected":false},"author":525,"featured_media":141435,"comment_status":"open","ping_status":"open","sticky":false,"template":"","format":"standard","meta":{"_acf_changed":false,"footnotes":""},"categories":[494],"tags":[203,4438,234],"class_list":["post-150039","post","type-post","status-publish","format-standard","has-post-thumbnail","hentry","category-attualita","tag-pisa","tag-scuola-normale-di-pisa","tag-universita"],"acf":[],"yoast_head":"<!-- This site is optimized with the Yoast SEO Premium plugin v24.2 (Yoast SEO v25.6) - https:\/\/yoast.com\/wordpress\/plugins\/seo\/ -->\n<title>Pisa accoglie il talento: concorso di ammissione a Sant&#039;Anna e Normale - intoscana<\/title>\n<meta name=\"description\" content=\"A fine agosto a Pisa arrivano gli studenti da tutta Italia per sostenere il concorso di ammissione alla Normale e alla Sant&#039;Anna.\" \/>\n<meta name=\"robots\" content=\"index, follow, max-snippet:-1, max-image-preview:large, max-video-preview:-1\" \/>\n<link rel=\"canonical\" href=\"https:\/\/www.intoscana.it\/it\/concorso-normale-sant-anna\/\" \/>\n<meta property=\"og:locale\" content=\"it_IT\" \/>\n<meta property=\"og:type\" content=\"article\" \/>\n<meta property=\"og:title\" content=\"Pisa accoglie il talento: concorso di ammissione a Sant&#039;Anna e Normale\" \/>\n<meta property=\"og:description\" content=\"A fine agosto a Pisa arrivano gli studenti da tutta Italia per sostenere il concorso di ammissione alla Normale e alla Sant&#039;Anna.\" \/>\n<meta property=\"og:url\" content=\"https:\/\/www.intoscana.it\/it\/concorso-normale-sant-anna\/\" \/>\n<meta property=\"og:site_name\" content=\"intoscana\" \/>\n<meta property=\"article:publisher\" content=\"https:\/\/www.facebook.com\/intoscana.it\" \/>\n<meta property=\"article:published_time\" content=\"2020-08-26T13:06:10+00:00\" \/>\n<meta property=\"article:modified_time\" content=\"2020-08-26T13:13:46+00:00\" \/>\n<meta property=\"og:image\" content=\"https:\/\/www.intoscana.it\/wp-content\/uploads\/santanna-9.jpg\" \/>\n\t<meta property=\"og:image:width\" content=\"1000\" \/>\n\t<meta property=\"og:image:height\" content=\"537\" \/>\n\t<meta property=\"og:image:type\" content=\"image\/jpeg\" \/>\n<meta name=\"author\" content=\"Redazione\" \/>\n<meta name=\"twitter:card\" content=\"summary_large_image\" \/>\n<meta name=\"twitter:creator\" content=\"@intoscana\" \/>\n<meta name=\"twitter:site\" content=\"@intoscana\" \/>\n<meta name=\"twitter:label1\" content=\"Written by\" \/>\n\t<meta name=\"twitter:data1\" content=\"Redazione\" \/>\n\t<meta name=\"twitter:label2\" content=\"Est. reading time\" \/>\n\t<meta name=\"twitter:data2\" content=\"4 minuti\" \/>\n<script type=\"application\/ld+json\" class=\"yoast-schema-graph\">{\"@context\":\"https:\/\/schema.org\",\"@graph\":[{\"@type\":\"WebPage\",\"@id\":\"https:\/\/www.intoscana.it\/it\/concorso-normale-sant-anna\/\",\"url\":\"https:\/\/www.intoscana.it\/it\/concorso-normale-sant-anna\/\",\"name\":\"Pisa accoglie il talento: concorso di ammissione a Sant'Anna e Normale - intoscana\",\"isPartOf\":{\"@id\":\"https:\/\/www.intoscana.it\/it\/#website\"},\"primaryImageOfPage\":{\"@id\":\"https:\/\/www.intoscana.it\/it\/concorso-normale-sant-anna\/#primaryimage\"},\"image\":{\"@id\":\"https:\/\/www.intoscana.it\/it\/concorso-normale-sant-anna\/#primaryimage\"},\"thumbnailUrl\":\"https:\/\/www.intoscana.it\/wp-content\/uploads\/santanna-9.jpg\",\"datePublished\":\"2020-08-26T13:06:10+00:00\",\"dateModified\":\"2020-08-26T13:13:46+00:00\",\"author\":{\"@id\":\"https:\/\/www.intoscana.it\/it\/#\/schema\/person\/9223810753230f20bd670fdd322661f8\"},\"description\":\"A fine agosto a Pisa arrivano gli studenti da tutta Italia per sostenere il concorso di ammissione alla Normale e alla Sant'Anna.\",\"breadcrumb\":{\"@id\":\"https:\/\/www.intoscana.it\/it\/concorso-normale-sant-anna\/#breadcrumb\"},\"inLanguage\":\"it-IT\",\"potentialAction\":[{\"@type\":\"ReadAction\",\"target\":[\"https:\/\/www.intoscana.it\/it\/concorso-normale-sant-anna\/\"]}]},{\"@type\":\"ImageObject\",\"inLanguage\":\"it-IT\",\"@id\":\"https:\/\/www.intoscana.it\/it\/concorso-normale-sant-anna\/#primaryimage\",\"url\":\"https:\/\/www.intoscana.it\/wp-content\/uploads\/santanna-9.jpg\",\"contentUrl\":\"https:\/\/www.intoscana.it\/wp-content\/uploads\/santanna-9.jpg\",\"width\":1000,\"height\":537,\"caption\":\"La Scuola Superiore Sant'Anna di Pisa\"},{\"@type\":\"BreadcrumbList\",\"@id\":\"https:\/\/www.intoscana.it\/it\/concorso-normale-sant-anna\/#breadcrumb\",\"itemListElement\":[{\"@type\":\"ListItem\",\"position\":1,\"name\":\"Home\",\"item\":\"https:\/\/www.intoscana.it\/it\/\"},{\"@type\":\"ListItem\",\"position\":2,\"name\":\"Pisa accoglie il talento: concorso di ammissione a Sant&#8217;Anna e Normale\"}]},{\"@type\":\"WebSite\",\"@id\":\"https:\/\/www.intoscana.it\/it\/#website\",\"url\":\"https:\/\/www.intoscana.it\/it\/\",\"name\":\"intoscana\",\"description\":\"\",\"potentialAction\":[{\"@type\":\"SearchAction\",\"target\":{\"@type\":\"EntryPoint\",\"urlTemplate\":\"https:\/\/www.intoscana.it\/it\/?s={search_term_string}\"},\"query-input\":{\"@type\":\"PropertyValueSpecification\",\"valueRequired\":true,\"valueName\":\"search_term_string\"}}],\"inLanguage\":\"it-IT\"},{\"@type\":\"Person\",\"@id\":\"https:\/\/www.intoscana.it\/it\/#\/schema\/person\/9223810753230f20bd670fdd322661f8\",\"name\":\"Redazione\",\"url\":\"https:\/\/www.intoscana.it\/it\/author\/redazione\/\"}]}<\/script>\n<!-- \/ Yoast SEO Premium plugin. -->","yoast_head_json":{"title":"Pisa accoglie il talento: concorso di ammissione a Sant'Anna e Normale - intoscana","description":"A fine agosto a Pisa arrivano gli studenti da tutta Italia per sostenere il concorso di ammissione alla Normale e alla Sant'Anna.","robots":{"index":"index","follow":"follow","max-snippet":"max-snippet:-1","max-image-preview":"max-image-preview:large","max-video-preview":"max-video-preview:-1"},"canonical":"https:\/\/www.intoscana.it\/it\/concorso-normale-sant-anna\/","og_locale":"it_IT","og_type":"article","og_title":"Pisa accoglie il talento: concorso di ammissione a Sant'Anna e Normale","og_description":"A fine agosto a Pisa arrivano gli studenti da tutta Italia per sostenere il concorso di ammissione alla Normale e alla Sant'Anna.","og_url":"https:\/\/www.intoscana.it\/it\/concorso-normale-sant-anna\/","og_site_name":"intoscana","article_publisher":"https:\/\/www.facebook.com\/intoscana.it","article_published_time":"2020-08-26T13:06:10+00:00","article_modified_time":"2020-08-26T13:13:46+00:00","og_image":[{"width":1000,"height":537,"url":"https:\/\/www.intoscana.it\/wp-content\/uploads\/santanna-9.jpg","type":"image\/jpeg"}],"author":"Redazione","twitter_card":"summary_large_image","twitter_creator":"@intoscana","twitter_site":"@intoscana","twitter_misc":{"Written by":"Redazione","Est. reading time":"4 minuti"},"schema":{"@context":"https:\/\/schema.org","@graph":[{"@type":"WebPage","@id":"https:\/\/www.intoscana.it\/it\/concorso-normale-sant-anna\/","url":"https:\/\/www.intoscana.it\/it\/concorso-normale-sant-anna\/","name":"Pisa accoglie il talento: concorso di ammissione a Sant'Anna e Normale - intoscana","isPartOf":{"@id":"https:\/\/www.intoscana.it\/it\/#website"},"primaryImageOfPage":{"@id":"https:\/\/www.intoscana.it\/it\/concorso-normale-sant-anna\/#primaryimage"},"image":{"@id":"https:\/\/www.intoscana.it\/it\/concorso-normale-sant-anna\/#primaryimage"},"thumbnailUrl":"https:\/\/www.intoscana.it\/wp-content\/uploads\/santanna-9.jpg","datePublished":"2020-08-26T13:06:10+00:00","dateModified":"2020-08-26T13:13:46+00:00","author":{"@id":"https:\/\/www.intoscana.it\/it\/#\/schema\/person\/9223810753230f20bd670fdd322661f8"},"description":"A fine agosto a Pisa arrivano gli studenti da tutta Italia per sostenere il concorso di ammissione alla Normale e alla Sant'Anna.","breadcrumb":{"@id":"https:\/\/www.intoscana.it\/it\/concorso-normale-sant-anna\/#breadcrumb"},"inLanguage":"it-IT","potentialAction":[{"@type":"ReadAction","target":["https:\/\/www.intoscana.it\/it\/concorso-normale-sant-anna\/"]}]},{"@type":"ImageObject","inLanguage":"it-IT","@id":"https:\/\/www.intoscana.it\/it\/concorso-normale-sant-anna\/#primaryimage","url":"https:\/\/www.intoscana.it\/wp-content\/uploads\/santanna-9.jpg","contentUrl":"https:\/\/www.intoscana.it\/wp-content\/uploads\/santanna-9.jpg","width":1000,"height":537,"caption":"La Scuola Superiore Sant'Anna di Pisa"},{"@type":"BreadcrumbList","@id":"https:\/\/www.intoscana.it\/it\/concorso-normale-sant-anna\/#breadcrumb","itemListElement":[{"@type":"ListItem","position":1,"name":"Home","item":"https:\/\/www.intoscana.it\/it\/"},{"@type":"ListItem","position":2,"name":"Pisa accoglie il talento: concorso di ammissione a Sant&#8217;Anna e Normale"}]},{"@type":"WebSite","@id":"https:\/\/www.intoscana.it\/it\/#website","url":"https:\/\/www.intoscana.it\/it\/","name":"intoscana","description":"","potentialAction":[{"@type":"SearchAction","target":{"@type":"EntryPoint","urlTemplate":"https:\/\/www.intoscana.it\/it\/?s={search_term_string}"},"query-input":{"@type":"PropertyValueSpecification","valueRequired":true,"valueName":"search_term_string"}}],"inLanguage":"it-IT"},{"@type":"Person","@id":"https:\/\/www.intoscana.it\/it\/#\/schema\/person\/9223810753230f20bd670fdd322661f8","name":"Redazione","url":"https:\/\/www.intoscana.it\/it\/author\/redazione\/"}]}},"_links":{"self":[{"href":"https:\/\/www.intoscana.it\/it\/wp-json\/wp\/v2\/posts\/150039","targetHints":{"allow":["GET"]}}],"collection":[{"href":"https:\/\/www.intoscana.it\/it\/wp-json\/wp\/v2\/posts"}],"about":[{"href":"https:\/\/www.intoscana.it\/it\/wp-json\/wp\/v2\/types\/post"}],"author":[{"embeddable":true,"href":"https:\/\/www.intoscana.it\/it\/wp-json\/wp\/v2\/users\/525"}],"replies":[{"embeddable":true,"href":"https:\/\/www.intoscana.it\/it\/wp-json\/wp\/v2\/comments?post=150039"}],"version-history":[{"count":0,"href":"https:\/\/www.intoscana.it\/it\/wp-json\/wp\/v2\/posts\/150039\/revisions"}],"wp:featuredmedia":[{"embeddable":true,"href":"https:\/\/www.intoscana.it\/it\/wp-json\/wp\/v2\/media\/141435"}],"wp:attachment":[{"href":"https:\/\/www.intoscana.it\/it\/wp-json\/wp\/v2\/media?parent=150039"}],"wp:term":[{"taxonomy":"category","embeddable":true,"href":"https:\/\/www.intoscana.it\/it\/wp-json\/wp\/v2\/categories?post=150039"},{"taxonomy":"post_tag","embeddable":true,"href":"https:\/\/www.intoscana.it\/it\/wp-json\/wp\/v2\/tags?post=150039"}],"curies":[{"name":"wp","href":"https:\/\/api.w.org\/{rel}","templated":true}]}}