{"id":150053,"date":"2020-08-26T15:58:24","date_gmt":"2020-08-26T13:58:24","guid":{"rendered":"https:\/\/www.intoscana.it\/it\/?p=150053"},"modified":"2020-08-26T16:01:40","modified_gmt":"2020-08-26T14:01:40","slug":"coronavirus-casi-26-agosto","status":"publish","type":"post","link":"https:\/\/www.intoscana.it\/it\/coronavirus-casi-26-agosto\/","title":{"rendered":"Covid-19: 161 nuovi casi, di cui 102 sono rientri dall&#8217;estero o dalle altre regioni"},"content":{"rendered":"<p>Sono<strong> 161 i nuovi casi di Coronavirus<\/strong> in pi\u00f9 rispetto a ieri in Toscana , 21 identificati in corso di tracciamento e 140 da attivit\u00e0 di screening, pari al 1,4% in pi\u00f9 rispetto al totale del giorno precedente.<\/p>\n<p>L&#8217;et\u00e0 media dei 161 casi odierni \u00e8 di <strong>36 anni<\/strong> circa (il 25% ha meno di 26 anni, il 37% tra 26 e 40 anni, il 35% tra 41 e 65 anni, il 3% ha pi\u00f9 di 65 anni) e, per quanto riguarda gli stati clinici, <strong>il 75% \u00e8 risultato asintomatico<\/strong>, il 19% pauci-sintomatico.<\/p>\n<p>Delle 161 positivit\u00e0 odierne, <strong>81 casi sono ricollegabili a rientri dall&#8217;estero<\/strong>, di cui 69 per motivi di vacanza (25 Spagna, 25 Grecia, 16 Croazia, 3 Malta). <strong>21 casi sono ricollegabili a rientri da altre regioni italiane<\/strong> (18 Sardegna, 3 altro). 1 caso riferibile a cittadino residente fuori regione la cui positivit\u00e0 \u00e8 stata notificata in Toscana. Il 14% della casistica \u00e8 un contatto collegato a un precedente caso.<\/p>\n<p>I guariti crescono dello 0,1% e raggiungono quota 9.083 (79,6% dei casi totali). I tamponi eseguiti hanno raggiunto quota 509.725, 6.084 in pi\u00f9 rispetto a ieri. Gli attualmente positivi sono oggi 1.191, +14,6% rispetto a ieri. Oggi si registra<strong> un nuovo decesso: un uomo di 74 anni, a Lucca.<\/strong><\/p>\n<h3>I casi divisi per provincia<\/h3>\n<p>Di seguito i casi di positivit\u00e0 sul territorio con la variazione rispetto a ieri. Sono 3.574 i casi complessivi ad oggi a <strong>Firenze<\/strong> (98 in pi\u00f9 rispetto a ieri), 604 a <strong>Prato<\/strong> (4 in pi\u00f9), 802 a <strong>Pistoia<\/strong> (5 in pi\u00f9), 1.161 a <strong>Massa<\/strong> (20 in pi\u00f9), 1.498 a <strong>Lucca<\/strong> (1 in pi\u00f9), 1.020 a Pisa (7 in pi\u00f9), 535 a Livorno (3 in pi\u00f9), 774 ad <strong>Arezzo<\/strong> (10 in pi\u00f9), 486 a<strong> Siena<\/strong> (6 in pi\u00f9), 450 a <strong>Grosseto<\/strong> (6 in pi\u00f9). Sono 510 i casi positivi notificati in Toscana, ma residenti in altre regioni (1 in pi\u00f9). Sono 107 quindi i casi riscontrati oggi nell&#8217;Asl Centro, 31 nella Nord Ovest, 22 nella Sud est.<\/p>\n<p>La Toscana si conferma al<strong> 10\u00b0 posto in Italia<\/strong> come numerosit\u00e0 di casi (comprensivi di residenti e non residenti), con circa 306 casi per 100.000 abitanti (media italiana circa 433 x100.000, dato di ieri). Le province di notifica con il tasso pi\u00f9 alto sono Massa Carrara con 596 casi x100.000 abitanti, Lucca con 386, Firenze con 353, la pi\u00f9 bassa Livorno con 160.<\/p>\n<h3>1.142 persone in isolamento, 2.591 in sorveglianza attiva<\/h3>\n<p>Complessivamente, 1.142 persone sono in <strong>isolamento a casa<\/strong>, poich\u00e9 presentano sintomi lievi che non richiedono cure ospedaliere o risultano prive di sintomi (149 in pi\u00f9 rispetto a ieri, pi\u00f9 15%). Sono 2.591 (124 in pi\u00f9 rispetto a ieri, pi\u00f9 5%) le persone, anche loro isolate, in <strong>sorveglianza attiva,<\/strong> perch\u00e9 hanno avuto contatti con persone contagiate (Asl Centro 1.251, Nord Ovest 896, Sud Est 444).<\/p>\n<p>Le persone <strong>ricoverate<\/strong> nei posti letto dedicati ai pazienti Covid oggi sono complessivamente 49 (3 in pi\u00f9 rispetto a ieri, pi\u00f9 6,5%), 6 in terapia intensiva (1 in pi\u00f9 rispetto a ieri, pi\u00f9 20%).<\/p>\n<p>Le persone complessivamente <strong>guarite<\/strong> sono 9.083 (8 in pi\u00f9 rispetto a ieri, pi\u00f9 0,1%): 130 persone clinicamente guarite (1 in pi\u00f9 rispetto a ieri, pi\u00f9 0,8%), divenute cio\u00e8 asintomatiche dopo aver presentato manifestazioni cliniche associate all&#8217;infezione e 8.953 (7 in pi\u00f9 rispetto a ieri, pi\u00f9 0,1%) dichiarate guarite a tutti gli effetti, le cosiddette guarigioni virali, con doppio tampone negativo.<\/p>\n<h3>Un nuovo decesso: un uomo di 74 anni a Lucca<\/h3>\n<p>Oggi si registra 1 nuovo decesso: un uomo di <strong>74 anni<\/strong>. Relativamente alla provincia di notifica, la persona deceduta \u00e8 a Lucca. Sono 1.140 i deceduti dall&#8217;inizio dell&#8217;epidemia cosi ripartiti: 417 a Firenze, 52 a Prato, 81 a Pistoia, 174 a Massa Carrara, 146 a Lucca, 91 a Pisa, 63 a Livorno, 50 ad Arezzo, 33 a Siena, 25 a Grosseto, 8 persone sono decedute sul suolo toscano ma erano residenti fuori regione.<\/p>\n<p>Il tasso grezzo di mortalit\u00e0 toscano (numero di deceduti\/popolazione residente) per Covid-19 \u00e8 di 30,6 x100.000 residenti contro il 58,7 x100.000 della media italiana (11\u00b0 regione). Per quanto riguarda le province, il tasso di mortalit\u00e0 pi\u00f9 alto si riscontra a Massa Carrara (89,3 x100.000), Firenze (41,2 x100.000) e Lucca (37,6 x100.000), il pi\u00f9 basso a Grosseto (11,3 x100.000).<\/p>\n","protected":false},"excerpt":{"rendered":"<p>L&#8217;et\u00e0 media dei casi di oggi \u00e8 di 36 anni, il 75% \u00e8 risultato asintomatico. Si registra anche un nuovo decesso: un uomo di 74 anni di Lucca<\/p>\n","protected":false},"author":525,"featured_media":148924,"comment_status":"open","ping_status":"open","sticky":false,"template":"","format":"standard","meta":{"_acf_changed":false,"footnotes":""},"categories":[494],"tags":[418],"class_list":["post-150053","post","type-post","status-publish","format-standard","has-post-thumbnail","hentry","category-attualita","tag-covid-19"],"acf":[],"yoast_head":"<!-- This site is optimized with the Yoast SEO Premium plugin v24.2 (Yoast SEO v25.6) - https:\/\/yoast.com\/wordpress\/plugins\/seo\/ -->\n<title>Covid-19: 161 nuovi casi, di cui 102 sono rientri dall&#039;estero o dalle altre regioni - intoscana<\/title>\n<meta name=\"description\" content=\"Oggi in Toscana si registrano 161 nuovi casi di Covid-19 (di cui 102 sono rientri dall&#039;estero o da altre regioni) e un nuovo decesso.\" \/>\n<meta name=\"robots\" content=\"index, follow, max-snippet:-1, max-image-preview:large, max-video-preview:-1\" \/>\n<link rel=\"canonical\" href=\"https:\/\/www.intoscana.it\/it\/coronavirus-casi-26-agosto\/\" \/>\n<meta property=\"og:locale\" content=\"it_IT\" \/>\n<meta property=\"og:type\" content=\"article\" \/>\n<meta property=\"og:title\" content=\"Covid-19: 161 nuovi casi, di cui 102 sono rientri dall&#039;estero o dalle altre regioni\" \/>\n<meta property=\"og:description\" content=\"Oggi in Toscana si registrano 161 nuovi casi di Covid-19 (di cui 102 sono rientri dall&#039;estero o da altre regioni) e un nuovo decesso.\" \/>\n<meta property=\"og:url\" content=\"https:\/\/www.intoscana.it\/it\/coronavirus-casi-26-agosto\/\" \/>\n<meta property=\"og:site_name\" content=\"intoscana\" \/>\n<meta property=\"article:publisher\" content=\"https:\/\/www.facebook.com\/intoscana.it\" \/>\n<meta property=\"article:published_time\" content=\"2020-08-26T13:58:24+00:00\" \/>\n<meta property=\"article:modified_time\" content=\"2020-08-26T14:01:40+00:00\" \/>\n<meta property=\"og:image\" content=\"https:\/\/www.intoscana.it\/wp-content\/uploads\/aeroporto-1.jpg\" \/>\n\t<meta property=\"og:image:width\" content=\"1920\" \/>\n\t<meta property=\"og:image:height\" content=\"1300\" \/>\n\t<meta property=\"og:image:type\" content=\"image\/jpeg\" \/>\n<meta name=\"author\" content=\"Redazione\" \/>\n<meta name=\"twitter:card\" content=\"summary_large_image\" \/>\n<meta name=\"twitter:creator\" content=\"@intoscana\" \/>\n<meta name=\"twitter:site\" content=\"@intoscana\" \/>\n<meta name=\"twitter:label1\" content=\"Written by\" \/>\n\t<meta name=\"twitter:data1\" content=\"Redazione\" \/>\n\t<meta name=\"twitter:label2\" content=\"Est. reading time\" \/>\n\t<meta name=\"twitter:data2\" content=\"3 minuti\" \/>\n<script type=\"application\/ld+json\" class=\"yoast-schema-graph\">{\"@context\":\"https:\/\/schema.org\",\"@graph\":[{\"@type\":\"WebPage\",\"@id\":\"https:\/\/www.intoscana.it\/it\/coronavirus-casi-26-agosto\/\",\"url\":\"https:\/\/www.intoscana.it\/it\/coronavirus-casi-26-agosto\/\",\"name\":\"Covid-19: 161 nuovi casi, di cui 102 sono rientri dall'estero o dalle altre regioni - intoscana\",\"isPartOf\":{\"@id\":\"https:\/\/www.intoscana.it\/it\/#website\"},\"primaryImageOfPage\":{\"@id\":\"https:\/\/www.intoscana.it\/it\/coronavirus-casi-26-agosto\/#primaryimage\"},\"image\":{\"@id\":\"https:\/\/www.intoscana.it\/it\/coronavirus-casi-26-agosto\/#primaryimage\"},\"thumbnailUrl\":\"https:\/\/www.intoscana.it\/wp-content\/uploads\/aeroporto-1.jpg\",\"datePublished\":\"2020-08-26T13:58:24+00:00\",\"dateModified\":\"2020-08-26T14:01:40+00:00\",\"author\":{\"@id\":\"https:\/\/www.intoscana.it\/it\/#\/schema\/person\/9223810753230f20bd670fdd322661f8\"},\"description\":\"Oggi in Toscana si registrano 161 nuovi casi di Covid-19 (di cui 102 sono rientri dall'estero o da altre regioni) e un nuovo decesso.\",\"breadcrumb\":{\"@id\":\"https:\/\/www.intoscana.it\/it\/coronavirus-casi-26-agosto\/#breadcrumb\"},\"inLanguage\":\"it-IT\",\"potentialAction\":[{\"@type\":\"ReadAction\",\"target\":[\"https:\/\/www.intoscana.it\/it\/coronavirus-casi-26-agosto\/\"]}]},{\"@type\":\"ImageObject\",\"inLanguage\":\"it-IT\",\"@id\":\"https:\/\/www.intoscana.it\/it\/coronavirus-casi-26-agosto\/#primaryimage\",\"url\":\"https:\/\/www.intoscana.it\/wp-content\/uploads\/aeroporto-1.jpg\",\"contentUrl\":\"https:\/\/www.intoscana.it\/wp-content\/uploads\/aeroporto-1.jpg\",\"width\":1920,\"height\":1300},{\"@type\":\"BreadcrumbList\",\"@id\":\"https:\/\/www.intoscana.it\/it\/coronavirus-casi-26-agosto\/#breadcrumb\",\"itemListElement\":[{\"@type\":\"ListItem\",\"position\":1,\"name\":\"Home\",\"item\":\"https:\/\/www.intoscana.it\/it\/\"},{\"@type\":\"ListItem\",\"position\":2,\"name\":\"Covid-19: 161 nuovi casi, di cui 102 sono rientri dall&#8217;estero o dalle altre regioni\"}]},{\"@type\":\"WebSite\",\"@id\":\"https:\/\/www.intoscana.it\/it\/#website\",\"url\":\"https:\/\/www.intoscana.it\/it\/\",\"name\":\"intoscana\",\"description\":\"\",\"potentialAction\":[{\"@type\":\"SearchAction\",\"target\":{\"@type\":\"EntryPoint\",\"urlTemplate\":\"https:\/\/www.intoscana.it\/it\/?s={search_term_string}\"},\"query-input\":{\"@type\":\"PropertyValueSpecification\",\"valueRequired\":true,\"valueName\":\"search_term_string\"}}],\"inLanguage\":\"it-IT\"},{\"@type\":\"Person\",\"@id\":\"https:\/\/www.intoscana.it\/it\/#\/schema\/person\/9223810753230f20bd670fdd322661f8\",\"name\":\"Redazione\",\"url\":\"https:\/\/www.intoscana.it\/it\/author\/redazione\/\"}]}<\/script>\n<!-- \/ Yoast SEO Premium plugin. -->","yoast_head_json":{"title":"Covid-19: 161 nuovi casi, di cui 102 sono rientri dall'estero o dalle altre regioni - intoscana","description":"Oggi in Toscana si registrano 161 nuovi casi di Covid-19 (di cui 102 sono rientri dall'estero o da altre regioni) e un nuovo decesso.","robots":{"index":"index","follow":"follow","max-snippet":"max-snippet:-1","max-image-preview":"max-image-preview:large","max-video-preview":"max-video-preview:-1"},"canonical":"https:\/\/www.intoscana.it\/it\/coronavirus-casi-26-agosto\/","og_locale":"it_IT","og_type":"article","og_title":"Covid-19: 161 nuovi casi, di cui 102 sono rientri dall'estero o dalle altre regioni","og_description":"Oggi in Toscana si registrano 161 nuovi casi di Covid-19 (di cui 102 sono rientri dall'estero o da altre regioni) e un nuovo decesso.","og_url":"https:\/\/www.intoscana.it\/it\/coronavirus-casi-26-agosto\/","og_site_name":"intoscana","article_publisher":"https:\/\/www.facebook.com\/intoscana.it","article_published_time":"2020-08-26T13:58:24+00:00","article_modified_time":"2020-08-26T14:01:40+00:00","og_image":[{"width":1920,"height":1300,"url":"https:\/\/www.intoscana.it\/wp-content\/uploads\/aeroporto-1.jpg","type":"image\/jpeg"}],"author":"Redazione","twitter_card":"summary_large_image","twitter_creator":"@intoscana","twitter_site":"@intoscana","twitter_misc":{"Written by":"Redazione","Est. reading time":"3 minuti"},"schema":{"@context":"https:\/\/schema.org","@graph":[{"@type":"WebPage","@id":"https:\/\/www.intoscana.it\/it\/coronavirus-casi-26-agosto\/","url":"https:\/\/www.intoscana.it\/it\/coronavirus-casi-26-agosto\/","name":"Covid-19: 161 nuovi casi, di cui 102 sono rientri dall'estero o dalle altre regioni - intoscana","isPartOf":{"@id":"https:\/\/www.intoscana.it\/it\/#website"},"primaryImageOfPage":{"@id":"https:\/\/www.intoscana.it\/it\/coronavirus-casi-26-agosto\/#primaryimage"},"image":{"@id":"https:\/\/www.intoscana.it\/it\/coronavirus-casi-26-agosto\/#primaryimage"},"thumbnailUrl":"https:\/\/www.intoscana.it\/wp-content\/uploads\/aeroporto-1.jpg","datePublished":"2020-08-26T13:58:24+00:00","dateModified":"2020-08-26T14:01:40+00:00","author":{"@id":"https:\/\/www.intoscana.it\/it\/#\/schema\/person\/9223810753230f20bd670fdd322661f8"},"description":"Oggi in Toscana si registrano 161 nuovi casi di Covid-19 (di cui 102 sono rientri dall'estero o da altre regioni) e un nuovo decesso.","breadcrumb":{"@id":"https:\/\/www.intoscana.it\/it\/coronavirus-casi-26-agosto\/#breadcrumb"},"inLanguage":"it-IT","potentialAction":[{"@type":"ReadAction","target":["https:\/\/www.intoscana.it\/it\/coronavirus-casi-26-agosto\/"]}]},{"@type":"ImageObject","inLanguage":"it-IT","@id":"https:\/\/www.intoscana.it\/it\/coronavirus-casi-26-agosto\/#primaryimage","url":"https:\/\/www.intoscana.it\/wp-content\/uploads\/aeroporto-1.jpg","contentUrl":"https:\/\/www.intoscana.it\/wp-content\/uploads\/aeroporto-1.jpg","width":1920,"height":1300},{"@type":"BreadcrumbList","@id":"https:\/\/www.intoscana.it\/it\/coronavirus-casi-26-agosto\/#breadcrumb","itemListElement":[{"@type":"ListItem","position":1,"name":"Home","item":"https:\/\/www.intoscana.it\/it\/"},{"@type":"ListItem","position":2,"name":"Covid-19: 161 nuovi casi, di cui 102 sono rientri dall&#8217;estero o dalle altre regioni"}]},{"@type":"WebSite","@id":"https:\/\/www.intoscana.it\/it\/#website","url":"https:\/\/www.intoscana.it\/it\/","name":"intoscana","description":"","potentialAction":[{"@type":"SearchAction","target":{"@type":"EntryPoint","urlTemplate":"https:\/\/www.intoscana.it\/it\/?s={search_term_string}"},"query-input":{"@type":"PropertyValueSpecification","valueRequired":true,"valueName":"search_term_string"}}],"inLanguage":"it-IT"},{"@type":"Person","@id":"https:\/\/www.intoscana.it\/it\/#\/schema\/person\/9223810753230f20bd670fdd322661f8","name":"Redazione","url":"https:\/\/www.intoscana.it\/it\/author\/redazione\/"}]}},"_links":{"self":[{"href":"https:\/\/www.intoscana.it\/it\/wp-json\/wp\/v2\/posts\/150053","targetHints":{"allow":["GET"]}}],"collection":[{"href":"https:\/\/www.intoscana.it\/it\/wp-json\/wp\/v2\/posts"}],"about":[{"href":"https:\/\/www.intoscana.it\/it\/wp-json\/wp\/v2\/types\/post"}],"author":[{"embeddable":true,"href":"https:\/\/www.intoscana.it\/it\/wp-json\/wp\/v2\/users\/525"}],"replies":[{"embeddable":true,"href":"https:\/\/www.intoscana.it\/it\/wp-json\/wp\/v2\/comments?post=150053"}],"version-history":[{"count":0,"href":"https:\/\/www.intoscana.it\/it\/wp-json\/wp\/v2\/posts\/150053\/revisions"}],"wp:featuredmedia":[{"embeddable":true,"href":"https:\/\/www.intoscana.it\/it\/wp-json\/wp\/v2\/media\/148924"}],"wp:attachment":[{"href":"https:\/\/www.intoscana.it\/it\/wp-json\/wp\/v2\/media?parent=150053"}],"wp:term":[{"taxonomy":"category","embeddable":true,"href":"https:\/\/www.intoscana.it\/it\/wp-json\/wp\/v2\/categories?post=150053"},{"taxonomy":"post_tag","embeddable":true,"href":"https:\/\/www.intoscana.it\/it\/wp-json\/wp\/v2\/tags?post=150053"}],"curies":[{"name":"wp","href":"https:\/\/api.w.org\/{rel}","templated":true}]}}