{"id":150267,"date":"2020-08-29T15:57:57","date_gmt":"2020-08-29T13:57:57","guid":{"rendered":"https:\/\/www.intoscana.it\/it\/?p=150267"},"modified":"2020-08-29T15:57:57","modified_gmt":"2020-08-29T13:57:57","slug":"covid-29-agosto-2020","status":"publish","type":"post","link":"https:\/\/www.intoscana.it\/it\/covid-29-agosto-2020\/","title":{"rendered":"Covid-19, 92 nuovi casi in Toscana. L&#8217;et\u00e0 media \u00e8 di 37 anni"},"content":{"rendered":"<p>In Toscana sono 11.687 i casi di positivit\u00e0 al Coronavirus, <strong>92 in pi\u00f9 rispetto a ieri<\/strong> (25 identificati in corso di tracciamento e 67 da attivit\u00e0 di screening). I nuovi casi sono lo 0,8% in pi\u00f9 rispetto al totale del giorno precedente.<\/p>\n<p>I guariti crescono dello 0,2% e raggiungono quota 9.125 (78,1% dei casi totali). I test eseguiti hanno raggiunto quota 528.647; rispetto a ieri <strong>6.701 in pi\u00f9<\/strong>. Gli attualmente positivi sono oggi 1.421, +5,3% rispetto a ieri. Oggi non si registrano nuovi decessi.<\/p>\n<h3>La met\u00e0 dei positivi \u00e8 collegato a un precedente caso<\/h3>\n<p><mark>L&#8217;et\u00e0 media dei 92 casi odierni \u00e8 di 37 anni circa (il 32% ha meno di 26 anni, il 34% tra 26 e 40 anni, il 23% tra 41 e 65 anni, l\u201911% ha pi\u00f9 di 65 anni) e, per quanto riguarda gli stati clinici, il 63% \u00e8 risultato asintomatico, il 25% pauci-sintomatico.<\/mark> Delle 92 positivit\u00e0 odierne, 5 casi sono ricollegabili a rientri dall&#8217;estero, di cui 1 per motivi di vacanza (Croazia); 20 sono ricollegabili a rientri da altre regioni italiane (13 Sardegna, 7 altro). Il 45% della casistica \u00e8 un contatto collegato a un precedente caso.<\/p>\n<h3>La distribuzione dei casi sul territorio<\/h3>\n<p>Di seguito i casi di positivit\u00e0 sul territorio con la variazione rispetto a ieri. Sono 3.635 i casi complessivi ad oggi a Firenze (18 in pi\u00f9 rispetto a ieri), 616 a Prato (3 in pi\u00f9), 818 a Pistoia (11 in pi\u00f9), 1.210 a Massa (22 in pi\u00f9), 1.513 a Lucca (4 in pi\u00f9), 1.046 a Pisa (10 in pi\u00f9), 549 a Livorno (1 in pi\u00f9), 813 ad Arezzo (19 in pi\u00f9), 508 a Siena (3 in pi\u00f9), 466 a Grosseto (1 in pi\u00f9). Sono 513 i casi positivi notificati in Toscana, ma residenti in altre regioni.<\/p>\n<p>Sono 32 quindi i casi riscontrati oggi nell&#8217;Asl Centro, 37 nella Nord Ovest, 23 nella Sud est.<\/p>\n<h3>Massa Carrara \u00e8 la provincia con il tasso pi\u00f9 alto di positivit\u00e0<\/h3>\n<p>La <strong>Toscana si conferma al 10\u00b0 posto in Italia come numerosit\u00e0 di casi<\/strong> (comprensivi di residenti e non residenti), con circa 313 casi per 100.000 abitanti (media italiana circa 440 x100.000, dato di ieri).<\/p>\n<p>Le province di notifica con il tasso pi\u00f9 alto sono Massa Carrara con 621 casi x100.000 abitanti, Lucca con 390, Firenze con 359, la pi\u00f9 bassa Livorno con 164.<\/p>\n<h3>49 persone ricoverate, 5 in terapia intensiva<\/h3>\n<p>Complessivamente, <strong>1.372 persone sono in isolamento a casa<\/strong>, poich\u00e9 presentano sintomi lievi che non richiedono cure ospedaliere, o risultano prive di sintomi (74 in pi\u00f9 rispetto a ieri, pi\u00f9 5,7%). Sono 3.543 (185 in pi\u00f9 rispetto a ieri, pi\u00f9 5,5%) le persone, anch&#8217;esse isolate, in sorveglianza attiva perch\u00e9 hanno avuto contatti con persone contagiate (Asl Centro 1.546, Nord Ovest 1.356, Sud Est 641). <mark> Le persone ricoverate nei posti letto dedicati ai pazienti Covid oggi sono complessivamente 49 (2 in meno rispetto a ieri, meno 3,9%), 5 in terapia intensiva (1 in pi\u00f9 rispetto a ieri, pi\u00f9 25%).<\/mark><\/p>\n<h3>Guariti e deceduti<\/h3>\n<p>Le <strong>persone complessivamente guarite sono 9.125<\/strong> (20 in pi\u00f9 rispetto a ieri, pi\u00f9 0,2%): 133 persone clinicamente guarite (4 in pi\u00f9 rispetto a ieri, pi\u00f9 3,1%), divenute cio\u00e8 asintomatiche dopo aver presentato manifestazioni cliniche associate all&#8217;infezione e 8.992 (16 in pi\u00f9 rispetto a ieri, pi\u00f9 0,2%) dichiarate guarite a tutti gli effetti, le cosiddette guarigioni virali, con doppio tampone negativo.<\/p>\n<p><strong>Restano quindi 1.141 i deceduti dall&#8217;inizio dell&#8217;epidemia<\/strong> cosi ripartiti: 417 a Firenze, 52 a Prato, 81 a Pistoia, 175 a Massa Carrara, 146 a Lucca, 91 a Pisa, 63 a Livorno, 50 ad Arezzo, 33 a Siena, 25 a Grosseto, 8 persone sono decedute sul suolo toscano ma erano residenti fuori regione.<\/p>\n<p>Il tasso grezzo di mortalit\u00e0 toscano (numero di deceduti\/popolazione residente) per Covid-19 \u00e8 di 30,6 x100.000 residenti contro il 58,8 x100.000 della media italiana (11\u00b0 regione). Per quanto riguarda le province, il tasso di mortalit\u00e0 pi\u00f9 alto si riscontra a Massa Carrara (89,8 x100.000), Firenze (41,2 x100.000) e Lucca (37,6 x100.000), il pi\u00f9 basso a Grosseto (11,3 x100.000).<\/p>\n<p>Si ricorda che tutti i dati saranno visibili dalle ore 18.30 sul sito dell&#8217;Agenzia Regionale di Sanit\u00e0 a questo indirizzo: <a href=\"http:\/\/www.ars.toscana.it\/covid19\" target=\"_blank\" rel=\"noopener noreferrer\">www.ars.toscana.it\/covid19<\/a>.<\/p>\n","protected":false},"excerpt":{"rendered":"<p>Delle positivit\u00e0 registrare in Toscana, 5 casi sono ricollegabili a rientri dall&#8217;estero e 20 a rientri da altre regioni italiane (di cui 13 dalla Sardegna). Oggi nessun decesso<\/p>\n","protected":false},"author":525,"featured_media":150269,"comment_status":"open","ping_status":"open","sticky":false,"template":"","format":"standard","meta":{"_acf_changed":false,"footnotes":""},"categories":[494],"tags":[418,4383],"class_list":["post-150267","post","type-post","status-publish","format-standard","has-post-thumbnail","hentry","category-attualita","tag-covid-19","tag-dati"],"acf":[],"yoast_head":"<!-- This site is optimized with the Yoast SEO Premium plugin v24.2 (Yoast SEO v25.6) - https:\/\/yoast.com\/wordpress\/plugins\/seo\/ -->\n<title>Covid-19, 92 nuovi casi in Toscana. L&#039;et\u00e0 media \u00e8 di 37 anni - intoscana<\/title>\n<meta name=\"description\" content=\"Delle positivit\u00e0 registrare in Toscana, 5 casi sono ricollegabili a rientri dall&#039;estero e 20 a rientri da altre regioni italiane (di cui 13 dalla Sardegna). Oggi nessun decesso\" \/>\n<meta name=\"robots\" content=\"index, follow, max-snippet:-1, max-image-preview:large, max-video-preview:-1\" \/>\n<link rel=\"canonical\" href=\"https:\/\/www.intoscana.it\/it\/covid-29-agosto-2020\/\" \/>\n<meta property=\"og:locale\" content=\"it_IT\" \/>\n<meta property=\"og:type\" content=\"article\" \/>\n<meta property=\"og:title\" content=\"Covid-19, 92 nuovi casi in Toscana. L&#039;et\u00e0 media \u00e8 di 37 anni\" \/>\n<meta property=\"og:description\" content=\"Delle positivit\u00e0 registrare in Toscana, 5 casi sono ricollegabili a rientri dall&#039;estero e 20 a rientri da altre regioni italiane (di cui 13 dalla Sardegna). Oggi nessun decesso\" \/>\n<meta property=\"og:url\" content=\"https:\/\/www.intoscana.it\/it\/covid-29-agosto-2020\/\" \/>\n<meta property=\"og:site_name\" content=\"intoscana\" \/>\n<meta property=\"article:publisher\" content=\"https:\/\/www.facebook.com\/intoscana.it\" \/>\n<meta property=\"article:published_time\" content=\"2020-08-29T13:57:57+00:00\" \/>\n<meta property=\"og:image\" content=\"https:\/\/www.intoscana.it\/wp-content\/uploads\/mascherina-ragazza-Cade-Renfroe-Unsplash.jpg\" \/>\n\t<meta property=\"og:image:width\" content=\"1920\" \/>\n\t<meta property=\"og:image:height\" content=\"1433\" \/>\n\t<meta property=\"og:image:type\" content=\"image\/jpeg\" \/>\n<meta name=\"author\" content=\"Redazione\" \/>\n<meta name=\"twitter:card\" content=\"summary_large_image\" \/>\n<meta name=\"twitter:creator\" content=\"@intoscana\" \/>\n<meta name=\"twitter:site\" content=\"@intoscana\" \/>\n<meta name=\"twitter:label1\" content=\"Written by\" \/>\n\t<meta name=\"twitter:data1\" content=\"Redazione\" \/>\n\t<meta name=\"twitter:label2\" content=\"Est. reading time\" \/>\n\t<meta name=\"twitter:data2\" content=\"3 minuti\" \/>\n<script type=\"application\/ld+json\" class=\"yoast-schema-graph\">{\"@context\":\"https:\/\/schema.org\",\"@graph\":[{\"@type\":\"WebPage\",\"@id\":\"https:\/\/www.intoscana.it\/it\/covid-29-agosto-2020\/\",\"url\":\"https:\/\/www.intoscana.it\/it\/covid-29-agosto-2020\/\",\"name\":\"Covid-19, 92 nuovi casi in Toscana. L'et\u00e0 media \u00e8 di 37 anni - intoscana\",\"isPartOf\":{\"@id\":\"https:\/\/www.intoscana.it\/it\/#website\"},\"primaryImageOfPage\":{\"@id\":\"https:\/\/www.intoscana.it\/it\/covid-29-agosto-2020\/#primaryimage\"},\"image\":{\"@id\":\"https:\/\/www.intoscana.it\/it\/covid-29-agosto-2020\/#primaryimage\"},\"thumbnailUrl\":\"https:\/\/www.intoscana.it\/wp-content\/uploads\/mascherina-ragazza-Cade-Renfroe-Unsplash.jpg\",\"datePublished\":\"2020-08-29T13:57:57+00:00\",\"author\":{\"@id\":\"https:\/\/www.intoscana.it\/it\/#\/schema\/person\/9223810753230f20bd670fdd322661f8\"},\"description\":\"Delle positivit\u00e0 registrare in Toscana, 5 casi sono ricollegabili a rientri dall'estero e 20 a rientri da altre regioni italiane (di cui 13 dalla Sardegna). Oggi nessun decesso\",\"breadcrumb\":{\"@id\":\"https:\/\/www.intoscana.it\/it\/covid-29-agosto-2020\/#breadcrumb\"},\"inLanguage\":\"it-IT\",\"potentialAction\":[{\"@type\":\"ReadAction\",\"target\":[\"https:\/\/www.intoscana.it\/it\/covid-29-agosto-2020\/\"]}]},{\"@type\":\"ImageObject\",\"inLanguage\":\"it-IT\",\"@id\":\"https:\/\/www.intoscana.it\/it\/covid-29-agosto-2020\/#primaryimage\",\"url\":\"https:\/\/www.intoscana.it\/wp-content\/uploads\/mascherina-ragazza-Cade-Renfroe-Unsplash.jpg\",\"contentUrl\":\"https:\/\/www.intoscana.it\/wp-content\/uploads\/mascherina-ragazza-Cade-Renfroe-Unsplash.jpg\",\"width\":1920,\"height\":1433,\"caption\":\"Ragazza con la mascherina\"},{\"@type\":\"BreadcrumbList\",\"@id\":\"https:\/\/www.intoscana.it\/it\/covid-29-agosto-2020\/#breadcrumb\",\"itemListElement\":[{\"@type\":\"ListItem\",\"position\":1,\"name\":\"Home\",\"item\":\"https:\/\/www.intoscana.it\/it\/\"},{\"@type\":\"ListItem\",\"position\":2,\"name\":\"Covid-19, 92 nuovi casi in Toscana. L&#8217;et\u00e0 media \u00e8 di 37 anni\"}]},{\"@type\":\"WebSite\",\"@id\":\"https:\/\/www.intoscana.it\/it\/#website\",\"url\":\"https:\/\/www.intoscana.it\/it\/\",\"name\":\"intoscana\",\"description\":\"\",\"potentialAction\":[{\"@type\":\"SearchAction\",\"target\":{\"@type\":\"EntryPoint\",\"urlTemplate\":\"https:\/\/www.intoscana.it\/it\/?s={search_term_string}\"},\"query-input\":{\"@type\":\"PropertyValueSpecification\",\"valueRequired\":true,\"valueName\":\"search_term_string\"}}],\"inLanguage\":\"it-IT\"},{\"@type\":\"Person\",\"@id\":\"https:\/\/www.intoscana.it\/it\/#\/schema\/person\/9223810753230f20bd670fdd322661f8\",\"name\":\"Redazione\",\"url\":\"https:\/\/www.intoscana.it\/it\/author\/redazione\/\"}]}<\/script>\n<!-- \/ Yoast SEO Premium plugin. -->","yoast_head_json":{"title":"Covid-19, 92 nuovi casi in Toscana. L'et\u00e0 media \u00e8 di 37 anni - intoscana","description":"Delle positivit\u00e0 registrare in Toscana, 5 casi sono ricollegabili a rientri dall'estero e 20 a rientri da altre regioni italiane (di cui 13 dalla Sardegna). Oggi nessun decesso","robots":{"index":"index","follow":"follow","max-snippet":"max-snippet:-1","max-image-preview":"max-image-preview:large","max-video-preview":"max-video-preview:-1"},"canonical":"https:\/\/www.intoscana.it\/it\/covid-29-agosto-2020\/","og_locale":"it_IT","og_type":"article","og_title":"Covid-19, 92 nuovi casi in Toscana. L'et\u00e0 media \u00e8 di 37 anni","og_description":"Delle positivit\u00e0 registrare in Toscana, 5 casi sono ricollegabili a rientri dall'estero e 20 a rientri da altre regioni italiane (di cui 13 dalla Sardegna). Oggi nessun decesso","og_url":"https:\/\/www.intoscana.it\/it\/covid-29-agosto-2020\/","og_site_name":"intoscana","article_publisher":"https:\/\/www.facebook.com\/intoscana.it","article_published_time":"2020-08-29T13:57:57+00:00","og_image":[{"width":1920,"height":1433,"url":"https:\/\/www.intoscana.it\/wp-content\/uploads\/mascherina-ragazza-Cade-Renfroe-Unsplash.jpg","type":"image\/jpeg"}],"author":"Redazione","twitter_card":"summary_large_image","twitter_creator":"@intoscana","twitter_site":"@intoscana","twitter_misc":{"Written by":"Redazione","Est. reading time":"3 minuti"},"schema":{"@context":"https:\/\/schema.org","@graph":[{"@type":"WebPage","@id":"https:\/\/www.intoscana.it\/it\/covid-29-agosto-2020\/","url":"https:\/\/www.intoscana.it\/it\/covid-29-agosto-2020\/","name":"Covid-19, 92 nuovi casi in Toscana. L'et\u00e0 media \u00e8 di 37 anni - intoscana","isPartOf":{"@id":"https:\/\/www.intoscana.it\/it\/#website"},"primaryImageOfPage":{"@id":"https:\/\/www.intoscana.it\/it\/covid-29-agosto-2020\/#primaryimage"},"image":{"@id":"https:\/\/www.intoscana.it\/it\/covid-29-agosto-2020\/#primaryimage"},"thumbnailUrl":"https:\/\/www.intoscana.it\/wp-content\/uploads\/mascherina-ragazza-Cade-Renfroe-Unsplash.jpg","datePublished":"2020-08-29T13:57:57+00:00","author":{"@id":"https:\/\/www.intoscana.it\/it\/#\/schema\/person\/9223810753230f20bd670fdd322661f8"},"description":"Delle positivit\u00e0 registrare in Toscana, 5 casi sono ricollegabili a rientri dall'estero e 20 a rientri da altre regioni italiane (di cui 13 dalla Sardegna). Oggi nessun decesso","breadcrumb":{"@id":"https:\/\/www.intoscana.it\/it\/covid-29-agosto-2020\/#breadcrumb"},"inLanguage":"it-IT","potentialAction":[{"@type":"ReadAction","target":["https:\/\/www.intoscana.it\/it\/covid-29-agosto-2020\/"]}]},{"@type":"ImageObject","inLanguage":"it-IT","@id":"https:\/\/www.intoscana.it\/it\/covid-29-agosto-2020\/#primaryimage","url":"https:\/\/www.intoscana.it\/wp-content\/uploads\/mascherina-ragazza-Cade-Renfroe-Unsplash.jpg","contentUrl":"https:\/\/www.intoscana.it\/wp-content\/uploads\/mascherina-ragazza-Cade-Renfroe-Unsplash.jpg","width":1920,"height":1433,"caption":"Ragazza con la mascherina"},{"@type":"BreadcrumbList","@id":"https:\/\/www.intoscana.it\/it\/covid-29-agosto-2020\/#breadcrumb","itemListElement":[{"@type":"ListItem","position":1,"name":"Home","item":"https:\/\/www.intoscana.it\/it\/"},{"@type":"ListItem","position":2,"name":"Covid-19, 92 nuovi casi in Toscana. L&#8217;et\u00e0 media \u00e8 di 37 anni"}]},{"@type":"WebSite","@id":"https:\/\/www.intoscana.it\/it\/#website","url":"https:\/\/www.intoscana.it\/it\/","name":"intoscana","description":"","potentialAction":[{"@type":"SearchAction","target":{"@type":"EntryPoint","urlTemplate":"https:\/\/www.intoscana.it\/it\/?s={search_term_string}"},"query-input":{"@type":"PropertyValueSpecification","valueRequired":true,"valueName":"search_term_string"}}],"inLanguage":"it-IT"},{"@type":"Person","@id":"https:\/\/www.intoscana.it\/it\/#\/schema\/person\/9223810753230f20bd670fdd322661f8","name":"Redazione","url":"https:\/\/www.intoscana.it\/it\/author\/redazione\/"}]}},"_links":{"self":[{"href":"https:\/\/www.intoscana.it\/it\/wp-json\/wp\/v2\/posts\/150267","targetHints":{"allow":["GET"]}}],"collection":[{"href":"https:\/\/www.intoscana.it\/it\/wp-json\/wp\/v2\/posts"}],"about":[{"href":"https:\/\/www.intoscana.it\/it\/wp-json\/wp\/v2\/types\/post"}],"author":[{"embeddable":true,"href":"https:\/\/www.intoscana.it\/it\/wp-json\/wp\/v2\/users\/525"}],"replies":[{"embeddable":true,"href":"https:\/\/www.intoscana.it\/it\/wp-json\/wp\/v2\/comments?post=150267"}],"version-history":[{"count":0,"href":"https:\/\/www.intoscana.it\/it\/wp-json\/wp\/v2\/posts\/150267\/revisions"}],"wp:featuredmedia":[{"embeddable":true,"href":"https:\/\/www.intoscana.it\/it\/wp-json\/wp\/v2\/media\/150269"}],"wp:attachment":[{"href":"https:\/\/www.intoscana.it\/it\/wp-json\/wp\/v2\/media?parent=150267"}],"wp:term":[{"taxonomy":"category","embeddable":true,"href":"https:\/\/www.intoscana.it\/it\/wp-json\/wp\/v2\/categories?post=150267"},{"taxonomy":"post_tag","embeddable":true,"href":"https:\/\/www.intoscana.it\/it\/wp-json\/wp\/v2\/tags?post=150267"}],"curies":[{"name":"wp","href":"https:\/\/api.w.org\/{rel}","templated":true}]}}