{"id":150272,"date":"2020-08-29T18:34:20","date_gmt":"2020-08-29T16:34:20","guid":{"rendered":"https:\/\/www.intoscana.it\/it\/?p=150272"},"modified":"2020-08-29T19:25:51","modified_gmt":"2020-08-29T17:25:51","slug":"carlo-galgani-fabbro-ferro-forza-acqua","status":"publish","type":"post","link":"https:\/\/www.intoscana.it\/it\/carlo-galgani-fabbro-ferro-forza-acqua\/","title":{"rendered":"Carlo, l&#8217;ultimo fabbro che distende il ferro con la forza dell&#8217;acqua"},"content":{"rendered":"<p><em>&#8220;Ho visto passare tanti carnevali&#8221;.<\/em> Ce lo dice col sorriso sulle labbra. Non per compiacersi della battuta, ma pi\u00f9 probabilmente per esorcizzare il passare del tempo. Come a dire: nonostante abbia superato gli ottant&#8217;anni, eccomi qua, ancora col martello in mano a battere sull&#8217;incudine.<\/p>\n<p>A proposito, le incudini sono due e non una. La prima, per sua stessa ammissione, <em>&#8220;\u00e8 nuova&#8221;.<\/em> Un concetto che nel mondo contemporaneo assume tutt&#8217;altri significati. L&#8217;incudine <em>nuova<\/em> risale infatti al 1910 e a comprarla fu suo nonno. Dell&#8217;altra, <em>&#8220;quella vecchia&#8221;<\/em>, Carlo sa che apparteneva alla sua famiglia gi\u00e0 a partire dal 1700. <em>&#8220;Ma sicuramente \u00e8 precedente&#8221;,<\/em> aggiunge. <em>&#8220;L&#8217;ho ereditata&#8221;.<\/em><\/p>\n<h3>L&#8217;antica ferriera Galgani<\/h3>\n<p>Ebbene s\u00ec, <strong>Carlo Galgani<\/strong> \u00e8 un fabbro. L&#8217;ultimo rimasto a lavorare come un tempo. <mark>Nella ferriera che porta il suo nome il ferro si scalda col carbone e si distende sotto i colpi del maglio che funziona ad acqua, cos\u00ec come tutto il resto.<\/mark> Perch\u00e9 qua, a Pi\u00e8 Lucese, in una valle del Comune di Pescaglia, in provincia di Lucca, non ci sono n\u00e9 l&#8217;elettricit\u00e0 n\u00e9 le utenze da pagare. Oggi parleremmo di sostenibilit\u00e0, definendo questo come uno spazio autosufficiente dal punto di vista energetico. La verit\u00e0 \u00e8 che la ferriera di Carlo Galgani sfugge al tempo e alle etichette.<\/p>\n<p><iframe loading=\"lazy\" src=\"https:\/\/www.youtube.com\/embed\/QEi_D3c95qA\" width=\"800\" height=\"447\" frameborder=\"0\" allowfullscreen=\"allowfullscreen\"><span style=\"display: inline-block; width: 0px; overflow: hidden; line-height: 0;\" data-mce-type=\"bookmark\" class=\"mce_SELRES_start\">\ufeff<\/span><\/iframe><\/p>\n<p><mark>Durante il Rinascimento la sua era gi\u00e0 una famiglia di fabbri.<\/mark> Un&#8217;attivit\u00e0 nata a Piegaio, dove Carlo abita tutt&#8217;ora, e che all&#8217;inizio del secolo scorso si \u00e8 trasferita a Pi\u00e8 Lucese, quattro chilometri pi\u00f9 in l\u00e0. Quei quattro chilometri di strada suo padre <strong>li ha percorsi a piedi due volte al giorno per sessant&#8217;anni<\/strong>, tutti i giorni della sua vita. <em>&#8220;Ho cominciato a frequentare la ferriera nel dopoguerra, quando avevo a malapena otto anni&#8221;<\/em>, ricorda Carlo.<em> &#8220;All&#8217;inizio non venivo tutti i giorni. Andavo a prendere il latte per una signora del paese. Quando la bicicletta non le serviva me la prestava. Mi spostavo con quella&#8221;.<\/em><\/p>\n<p><span class=\"citazione\">&#8220;Ho iniziato a frequentare la ferriera nel dopoguerra, avevo otto anni&#8221;<\/span><\/p>\n<h3>Fabbro e costruttore<\/h3>\n<p>Ma quella strada, col tempo, ha iniziato a farla a piedi tutti i giorni come suo padre e suo nonno prima di lui. A volte da solo, altre volte accompagnato dal ciuco che Carlo utilizzava per trasportare il ferro e risparmiare cos\u00ec un po&#8217; di fatica. Dall&#8217;et\u00e0 di 25 anni ha vissuto qua un giorno dopo l&#8217;altro, dalle sei del mattino alle nove la sera, sia in estate sia d&#8217;inverno. <em>&#8220;E non finiva l\u00ec. Di notte costruivo macchinari e attrezzi in quello che ho sempre chiamato &#8216;l&#8217;ufficio&#8217;, accanto a casa&#8221;<\/em>. Ha sempre spento i fuochi sia la domenica sia il 10 di agosto, giorno di San Lorenzo. <em>&#8220;Fu bruciato sopra una graticola. Un&#8217;abitudine tramandata da mio padre&#8221;.<\/em> Per\u00f2 i giorni di festa non sono da intendersi come giorni dedicati al riposo, perch\u00e9 c&#8217;\u00e8 sempre la legna da raccogliere o il campo da coltivare o un macchinario da completare.<\/p>\n<p>Gi\u00e0, i macchinari. <mark>Oltre a essere un artista del ferro, Carlo Galgani ha un&#8217;altra dote ben poco comune: quella del costruttore.<\/mark> Tra le varie macchine ideate, progettate e costruite &#8211; per lo pi\u00f9 sempre con materiale riciclato &#8211; ce n&#8217;\u00e8 una che ora giace addormentata fuori della sua porta, coperta malamente ed esposta alle intemperie. <em>&#8220;Questa serve per tagliare i binari dei treni&#8221;<\/em>, ci dice mostrandola con orgoglio. Nonostante la ruggine e il pi\u00f9 che ventennale inutilizzo, quella macchina funziona ancora. Un complesso incastro di ruote e rotelle permette di passare da 1400 a 2 giri e mezzo al minuto. Una riduzione meccanica perfetta.<\/p>\n<h3>La prima strada, la prima luce <div class=\"focuson\"><a href=\"https:\/\/www.intoscana.it\/it\/articolo\/borghi-artigianato-artex\/\"><img decoding=\"async\" class=\"lazy\" src=\"https:\/\/www.intoscana.it\/wp-content\/uploads\/brg_5.jpeg\" style=\"\">\n                <div class=\"cat\">I Borghi dell\u2019Artigianato: alla scoperta della Toscana degli antichi mestieri<\/div>\n                <h4>Dove il patrimonio artigianale incontra la storia, la cultura e la tradizione<\/h4><\/a>\n              <\/div><\/h3>\n<p>L&#8217;interno della ferriera \u00e8 buio, scuro. A illuminare gli spazi ci sono i fuochi sempre accessi e i fasci di luce che, complice la polvere, fendono l&#8217;aria in un contrasto esasperato e netto, proprio come i tagli delle lame che qua vengono forgiate.<\/p>\n<p>Poggiando le mani sulla schiena curva per gli anni di fatiche e sforzi (<em>&#8220;un tempo spostavo l&#8217;incudine da solo&#8230;&#8221;<\/em>), Carlo ci racconta di come la prima lampadina fu accesa all&#8217;inizio degli anni settanta del Novecento, poco dopo la realizzazione della prima strada. <em>&#8220;Me lo ricordo bene, era il 24 giugno del 1971&#8221;<\/em> racconta Carlo. <em>&#8220;Quel giorno il sole sorse proprio davanti alla porta d&#8217;ingresso&#8221;.<\/em> Quella strada non rappresentava il ponte verso la modernit\u00e0, ma la risoluzione di tanti problemi. <em>&#8220;Come la rottura dell&#8217;albero del maglio, avvenuta il primo dicembre di quello stesso anno. Pesava sette quintali e senza la strada sarebbe stato impossibile pensare di ripararlo&#8221;.<\/em><\/p>\n<p><mark>Carlo parla e si racconta, facendo susseguire storie e aneddoti. Frammenti di vita che generosamente condivide con chi lo va a trovare. Una volta a fargli visita erano i contadini con i loro attrezzi da aggiustare.<\/mark> Ma il lavoro nei campi, laddove resiste, \u00e8 profondamente cambiato. Tecnologia e meccanizzazione hanno ridotto l&#8217;utilizzo degli strumenti antichi. <em>&#8220;Eravamo soliti dire che la vanga aveva la punta d&#8217;oro, perch\u00e9 lavora la terra meglio di qualsiasi altro strumento&#8221;<\/em>. Eppure di zappe, vanghe e picconi se ne usano (e se ne producono) sempre meno. Per questo da un po&#8217; di tempo a questa parte qua si realizzano anche coltelli e ogni tipo di lama. Perfino spade per le rievocazioni storiche. <em>&#8220;Anche nella Fortezza delle Verrucole ci sono parecchie cose fatte da me&#8230;&#8221;.<\/em><\/p>\n<h3>L&#8217;ultimo artigiano<\/h3>\n<p><span class=\"citazione\">&#8220;Insieme al Teatrino di Vetriano sono una delle attrazioni di Pescaglia&#8221;<\/span><\/p>\n<p>Delle sette ferriere esistenti nella valle, quella di Carlo \u00e8 rimasta l&#8217;ultima. E probabilmente \u00e8 anche l&#8217;ultima in Italia a lavorare distendere il ferro utilizzando la forza dell&#8217;acqua, i metodi antichi e la sapienza dei gesti tramandati per secoli da una generazione all&#8217;altra.<\/p>\n<p><mark>Un sapere che attira e affascina i visitatori.<\/mark> <em>&#8220;Insieme al Teatrino di Vetriano sono forse una delle principali attrazioni di Pescaglia&#8221;<\/em> scherza Carlo, che non \u00e8 poi cos\u00ec lontano da cogliere nel segno. In un passato neanche troppo lontano <strong>il paese ha rischiato di restare senz&#8217;acqua<\/strong>, che doveva essere &#8220;dirottata&#8221; in favore di un&#8217;azienda che l&#8217;avrebbe imbottigliata e venduta. A seguito della reazioni di artigiani e paesani, la loro storia fin\u00ec sulla prima pagina della rivista <em>Airone<\/em>. E cos\u00ec a questo paesino e ai suoi antichi mestieri si cominciarono a interessare le televisioni di mezzo mondo.<\/p>\n<figure id=\"attachment_150252\" aria-describedby=\"caption-attachment-150252\" style=\"width: 800px\" class=\"wp-caption aligncenter\"><img loading=\"lazy\" decoding=\"async\" class=\"wp-image-150252\" src=\"https:\/\/www.intoscana.it\/wp-content\/uploads\/Ferriera-Carlo-Galgani-Pescaglia-artigianato3.jpg\" alt=\"\" width=\"800\" height=\"535\" srcset=\"https:\/\/www.intoscana.it\/wp-content\/uploads\/Ferriera-Carlo-Galgani-Pescaglia-artigianato3.jpg 1600w, https:\/\/www.intoscana.it\/wp-content\/uploads\/Ferriera-Carlo-Galgani-Pescaglia-artigianato3-300x200.jpg 300w, https:\/\/www.intoscana.it\/wp-content\/uploads\/Ferriera-Carlo-Galgani-Pescaglia-artigianato3-500x334.jpg 500w, https:\/\/www.intoscana.it\/wp-content\/uploads\/Ferriera-Carlo-Galgani-Pescaglia-artigianato3-768x513.jpg 768w, https:\/\/www.intoscana.it\/wp-content\/uploads\/Ferriera-Carlo-Galgani-Pescaglia-artigianato3-1536x1026.jpg 1536w\" sizes=\"auto, (max-width: 800px) 100vw, 800px\" \/><figcaption id=\"caption-attachment-150252\" class=\"wp-caption-text\">Ferriera Galgani a Pi\u00e8 Lucese (Pescaglia, Lucca)<\/figcaption><\/figure>\n<h3>Una porta sempre aperta<\/h3>\n<p><mark>Ora qua arrivano turisti da Germania, Olanda, Inghilterra, Danimarca, Svezia. Ma anche dall&#8217;America, dall&#8217;Estonia e da Israele, Afghanistan, Nuova Zelanda, Australia.<\/mark> Vengono ogni anno a centinaia, alcuni con richieste specifiche. <em>&#8220;Mi portano i disegni di attrezzi tradizionali, e io li rifaccio per loro&#8230;&#8221;<\/em>. Quest&#8217;anno la storia non si \u00e8 ripetuta, o almeno non con la stessa intensit\u00e0. Colpa del virus. Tant&#8217;\u00e8 che Carlo, all&#8217;esterno, ha scritto un cartello che invita a indossare la mascherina e ad entrare non pi\u00f9 di due persone alla volte. \u00c8 scritto a mano, su un foglio infilato dentro a una busta di plastica trasparente.<\/p>\n<figure id=\"attachment_150263\" aria-describedby=\"caption-attachment-150263\" style=\"width: 800px\" class=\"wp-caption aligncenter\"><img loading=\"lazy\" decoding=\"async\" class=\"wp-image-150263\" src=\"https:\/\/www.intoscana.it\/wp-content\/uploads\/Ferriera-Carlo-Galgani-Pescaglia-artigianato14.jpg\" alt=\"\" width=\"800\" height=\"535\" srcset=\"https:\/\/www.intoscana.it\/wp-content\/uploads\/Ferriera-Carlo-Galgani-Pescaglia-artigianato14.jpg 1600w, https:\/\/www.intoscana.it\/wp-content\/uploads\/Ferriera-Carlo-Galgani-Pescaglia-artigianato14-300x200.jpg 300w, https:\/\/www.intoscana.it\/wp-content\/uploads\/Ferriera-Carlo-Galgani-Pescaglia-artigianato14-500x334.jpg 500w, https:\/\/www.intoscana.it\/wp-content\/uploads\/Ferriera-Carlo-Galgani-Pescaglia-artigianato14-768x513.jpg 768w, https:\/\/www.intoscana.it\/wp-content\/uploads\/Ferriera-Carlo-Galgani-Pescaglia-artigianato14-1536x1026.jpg 1536w\" sizes=\"auto, (max-width: 800px) 100vw, 800px\" \/><figcaption id=\"caption-attachment-150263\" class=\"wp-caption-text\">Ferriera Galgani a Pi\u00e8 Lucese (Pescaglia, Lucca)<\/figcaption><\/figure>\n<p>Tra una fusione, una tempra e un&#8217;affilatura, qua il tempo scorre anche per il visitatore, cos\u00ec come costante scorre l&#8217;acqua che muove tutte le macchine. D&#8217;estate si pu\u00f2 sedere sotto gli alberi o tuffare piedi e gambe nel rivolo che lasciata la ferriera si spinge verso valle. <strong>Acqua fredda, trasparente, preziosa<\/strong>. Ed \u00e8 proprio qua, all&#8217;ombra degli alberi, che Carlo si riposa nei giorni d&#8217;estate. Un&#8217;oretta, non di pi\u00f9. <em>&#8220;Al piano di sopra ho un letto di foglie di granturco. \u00c8 molto comodo, ma preferisco dormire all&#8217;ombra dei rami e farmi svegliare dal sole&#8221;.<\/em><\/p>\n<h3>C&#8217;\u00e8 ancora futuro<\/h3>\n<p><mark>Negli ultimi 41 anni ha lavorato da solo. A Pi\u00e8 Lucese c&#8217;erano soltanto lui, l&#8217;acqua scrosciante, il crepitio del fuoco e i colpi secchi del maglio.<\/mark> Fortunatamente da un paio d&#8217;anni a questa parte ad affiancarlo c&#8217;\u00e8 il nipote <strong>Nicola<\/strong>. Di cognome \u00e8 Biagioni, non Galgani. Ma questo poco importa. Terminata la scuola &#8211; e superato il senso di responsabilit\u00e0 per una tradizione che rischiava di spezzarsi &#8211; <strong>ha deciso di imparare l&#8217;arte antica della lavorazione del ferro da suo nonno<\/strong>. \u00c8 cortese e garbato, anche lui desideroso di mostrare a chi glielo chiede come funziona un maglio ad acqua. Ma la cosa pi\u00f9 bella, al di l\u00e0 della trasmissione di un&#8217;arte antica a un giovane uomo com&#8217;\u00e8 lui, \u00e8 vederli insieme, Carlo e Nicola. Nonno e nipote, in posa per noi sulla porta della loro ferriera. Anche questo, come gli altri, \u00e8 un desiderio esaudito.<\/p>\n<figure id=\"attachment_150264\" aria-describedby=\"caption-attachment-150264\" style=\"width: 800px\" class=\"wp-caption aligncenter\"><img loading=\"lazy\" decoding=\"async\" class=\"wp-image-150264\" src=\"https:\/\/www.intoscana.it\/wp-content\/uploads\/Ferriera-Carlo-Galgani-Pescaglia-artigianato1.jpg\" alt=\"\" width=\"800\" height=\"535\" srcset=\"https:\/\/www.intoscana.it\/wp-content\/uploads\/Ferriera-Carlo-Galgani-Pescaglia-artigianato1.jpg 1600w, https:\/\/www.intoscana.it\/wp-content\/uploads\/Ferriera-Carlo-Galgani-Pescaglia-artigianato1-300x200.jpg 300w, https:\/\/www.intoscana.it\/wp-content\/uploads\/Ferriera-Carlo-Galgani-Pescaglia-artigianato1-500x334.jpg 500w, https:\/\/www.intoscana.it\/wp-content\/uploads\/Ferriera-Carlo-Galgani-Pescaglia-artigianato1-768x513.jpg 768w, https:\/\/www.intoscana.it\/wp-content\/uploads\/Ferriera-Carlo-Galgani-Pescaglia-artigianato1-1536x1026.jpg 1536w\" sizes=\"auto, (max-width: 800px) 100vw, 800px\" \/><figcaption id=\"caption-attachment-150264\" class=\"wp-caption-text\">Ferriera Galgani a Pi\u00e8 Lucese (Pescaglia, Lucca)<\/figcaption><\/figure>\n","protected":false},"excerpt":{"rendered":"<p>Carlo Calgani \u00e8 l&#8217;ultimo di una lunga discendenza di fabbri. Tutto ha avuto inizio ben prima del 1700. Ora, nella sua ferriera a Pi\u00e8 Lucese, \u00e8 ancora l&#8217;acqua a far battere il maglio. Qua tutto \u00e8 com&#8217;era (e come speriamo possa essere ancora)<\/p>\n","protected":false},"author":521,"featured_media":150259,"comment_status":"open","ping_status":"open","sticky":false,"template":"","format":"standard","meta":{"_acf_changed":false,"footnotes":""},"categories":[4],"tags":[4490,278,2122],"class_list":["post-150272","post","type-post","status-publish","format-standard","has-post-thumbnail","hentry","category-storie","tag-antichi-mestieri","tag-artigianato","tag-tradizione"],"acf":[],"yoast_head":"<!-- This site is optimized with the Yoast SEO Premium plugin v24.2 (Yoast SEO v25.6) - https:\/\/yoast.com\/wordpress\/plugins\/seo\/ -->\n<title>Carlo, l&#039;ultimo fabbro che distende il ferro con la forza dell&#039;acqua - intoscana<\/title>\n<meta name=\"description\" content=\"Carlo Calgani \u00e8 l&#039;ultimo di una lunga discendenza di fabbri. Tutto ha avuto inizio ben prima del 1700. Ora, nella sua ferriera a Pi\u00e8 Lucese, \u00e8 ancora l&#039;acqua a far battere il maglio. Qua tutto \u00e8 com&#039;era (e come speriamo possa essere ancora)\" \/>\n<meta name=\"robots\" content=\"index, follow, max-snippet:-1, max-image-preview:large, max-video-preview:-1\" \/>\n<link rel=\"canonical\" href=\"https:\/\/www.intoscana.it\/it\/carlo-galgani-fabbro-ferro-forza-acqua\/\" \/>\n<meta property=\"og:locale\" content=\"it_IT\" \/>\n<meta property=\"og:type\" content=\"article\" \/>\n<meta property=\"og:title\" content=\"Carlo, l&#039;ultimo fabbro che distende il ferro con la forza dell&#039;acqua\" \/>\n<meta property=\"og:description\" content=\"Carlo Calgani \u00e8 l&#039;ultimo di una lunga discendenza di fabbri. Tutto ha avuto inizio ben prima del 1700. Ora, nella sua ferriera a Pi\u00e8 Lucese, \u00e8 ancora l&#039;acqua a far battere il maglio. Qua tutto \u00e8 com&#039;era (e come speriamo possa essere ancora)\" \/>\n<meta property=\"og:url\" content=\"https:\/\/www.intoscana.it\/it\/carlo-galgani-fabbro-ferro-forza-acqua\/\" \/>\n<meta property=\"og:site_name\" content=\"intoscana\" \/>\n<meta property=\"article:publisher\" content=\"https:\/\/www.facebook.com\/intoscana.it\" \/>\n<meta property=\"article:published_time\" content=\"2020-08-29T16:34:20+00:00\" \/>\n<meta property=\"article:modified_time\" content=\"2020-08-29T17:25:51+00:00\" \/>\n<meta property=\"og:image\" content=\"https:\/\/www.intoscana.it\/wp-content\/uploads\/Ferriera-Carlo-Galgani-Pescaglia-artigianato10.jpg\" \/>\n\t<meta property=\"og:image:width\" content=\"1600\" \/>\n\t<meta property=\"og:image:height\" content=\"1069\" \/>\n\t<meta property=\"og:image:type\" content=\"image\/jpeg\" \/>\n<meta name=\"author\" content=\"Gianluca Testa\" \/>\n<meta name=\"twitter:card\" content=\"summary_large_image\" \/>\n<meta name=\"twitter:creator\" content=\"@intoscana\" \/>\n<meta name=\"twitter:site\" content=\"@intoscana\" \/>\n<meta name=\"twitter:label1\" content=\"Written by\" \/>\n\t<meta name=\"twitter:data1\" content=\"Gianluca Testa\" \/>\n\t<meta name=\"twitter:label2\" content=\"Est. reading time\" \/>\n\t<meta name=\"twitter:data2\" content=\"7 minuti\" \/>\n<script type=\"application\/ld+json\" class=\"yoast-schema-graph\">{\"@context\":\"https:\/\/schema.org\",\"@graph\":[{\"@type\":\"WebPage\",\"@id\":\"https:\/\/www.intoscana.it\/it\/carlo-galgani-fabbro-ferro-forza-acqua\/\",\"url\":\"https:\/\/www.intoscana.it\/it\/carlo-galgani-fabbro-ferro-forza-acqua\/\",\"name\":\"Carlo, l'ultimo fabbro che distende il ferro con la forza dell'acqua - intoscana\",\"isPartOf\":{\"@id\":\"https:\/\/www.intoscana.it\/it\/#website\"},\"primaryImageOfPage\":{\"@id\":\"https:\/\/www.intoscana.it\/it\/carlo-galgani-fabbro-ferro-forza-acqua\/#primaryimage\"},\"image\":{\"@id\":\"https:\/\/www.intoscana.it\/it\/carlo-galgani-fabbro-ferro-forza-acqua\/#primaryimage\"},\"thumbnailUrl\":\"https:\/\/www.intoscana.it\/wp-content\/uploads\/Ferriera-Carlo-Galgani-Pescaglia-artigianato10.jpg\",\"datePublished\":\"2020-08-29T16:34:20+00:00\",\"dateModified\":\"2020-08-29T17:25:51+00:00\",\"author\":{\"@id\":\"https:\/\/www.intoscana.it\/it\/#\/schema\/person\/f437e015c68b2824ef01d2ed8cdb2923\"},\"description\":\"Carlo Calgani \u00e8 l'ultimo di una lunga discendenza di fabbri. Tutto ha avuto inizio ben prima del 1700. Ora, nella sua ferriera a Pi\u00e8 Lucese, \u00e8 ancora l'acqua a far battere il maglio. Qua tutto \u00e8 com'era (e come speriamo possa essere ancora)\",\"breadcrumb\":{\"@id\":\"https:\/\/www.intoscana.it\/it\/carlo-galgani-fabbro-ferro-forza-acqua\/#breadcrumb\"},\"inLanguage\":\"it-IT\",\"potentialAction\":[{\"@type\":\"ReadAction\",\"target\":[\"https:\/\/www.intoscana.it\/it\/carlo-galgani-fabbro-ferro-forza-acqua\/\"]}]},{\"@type\":\"ImageObject\",\"inLanguage\":\"it-IT\",\"@id\":\"https:\/\/www.intoscana.it\/it\/carlo-galgani-fabbro-ferro-forza-acqua\/#primaryimage\",\"url\":\"https:\/\/www.intoscana.it\/wp-content\/uploads\/Ferriera-Carlo-Galgani-Pescaglia-artigianato10.jpg\",\"contentUrl\":\"https:\/\/www.intoscana.it\/wp-content\/uploads\/Ferriera-Carlo-Galgani-Pescaglia-artigianato10.jpg\",\"width\":1600,\"height\":1069,\"caption\":\"Ferriera Galgani a Pi\u00e8 Lucese (Pescaglia, Lucca)\"},{\"@type\":\"BreadcrumbList\",\"@id\":\"https:\/\/www.intoscana.it\/it\/carlo-galgani-fabbro-ferro-forza-acqua\/#breadcrumb\",\"itemListElement\":[{\"@type\":\"ListItem\",\"position\":1,\"name\":\"Home\",\"item\":\"https:\/\/www.intoscana.it\/it\/\"},{\"@type\":\"ListItem\",\"position\":2,\"name\":\"Carlo, l&#8217;ultimo fabbro che distende il ferro con la forza dell&#8217;acqua\"}]},{\"@type\":\"WebSite\",\"@id\":\"https:\/\/www.intoscana.it\/it\/#website\",\"url\":\"https:\/\/www.intoscana.it\/it\/\",\"name\":\"intoscana\",\"description\":\"\",\"potentialAction\":[{\"@type\":\"SearchAction\",\"target\":{\"@type\":\"EntryPoint\",\"urlTemplate\":\"https:\/\/www.intoscana.it\/it\/?s={search_term_string}\"},\"query-input\":{\"@type\":\"PropertyValueSpecification\",\"valueRequired\":true,\"valueName\":\"search_term_string\"}}],\"inLanguage\":\"it-IT\"},{\"@type\":\"Person\",\"@id\":\"https:\/\/www.intoscana.it\/it\/#\/schema\/person\/f437e015c68b2824ef01d2ed8cdb2923\",\"name\":\"Gianluca Testa\",\"url\":\"https:\/\/www.intoscana.it\/it\/author\/gianluca-testa\/\"}]}<\/script>\n<!-- \/ Yoast SEO Premium plugin. -->","yoast_head_json":{"title":"Carlo, l'ultimo fabbro che distende il ferro con la forza dell'acqua - intoscana","description":"Carlo Calgani \u00e8 l'ultimo di una lunga discendenza di fabbri. Tutto ha avuto inizio ben prima del 1700. Ora, nella sua ferriera a Pi\u00e8 Lucese, \u00e8 ancora l'acqua a far battere il maglio. Qua tutto \u00e8 com'era (e come speriamo possa essere ancora)","robots":{"index":"index","follow":"follow","max-snippet":"max-snippet:-1","max-image-preview":"max-image-preview:large","max-video-preview":"max-video-preview:-1"},"canonical":"https:\/\/www.intoscana.it\/it\/carlo-galgani-fabbro-ferro-forza-acqua\/","og_locale":"it_IT","og_type":"article","og_title":"Carlo, l'ultimo fabbro che distende il ferro con la forza dell'acqua","og_description":"Carlo Calgani \u00e8 l'ultimo di una lunga discendenza di fabbri. Tutto ha avuto inizio ben prima del 1700. Ora, nella sua ferriera a Pi\u00e8 Lucese, \u00e8 ancora l'acqua a far battere il maglio. Qua tutto \u00e8 com'era (e come speriamo possa essere ancora)","og_url":"https:\/\/www.intoscana.it\/it\/carlo-galgani-fabbro-ferro-forza-acqua\/","og_site_name":"intoscana","article_publisher":"https:\/\/www.facebook.com\/intoscana.it","article_published_time":"2020-08-29T16:34:20+00:00","article_modified_time":"2020-08-29T17:25:51+00:00","og_image":[{"width":1600,"height":1069,"url":"https:\/\/www.intoscana.it\/wp-content\/uploads\/Ferriera-Carlo-Galgani-Pescaglia-artigianato10.jpg","type":"image\/jpeg"}],"author":"Gianluca Testa","twitter_card":"summary_large_image","twitter_creator":"@intoscana","twitter_site":"@intoscana","twitter_misc":{"Written by":"Gianluca Testa","Est. reading time":"7 minuti"},"schema":{"@context":"https:\/\/schema.org","@graph":[{"@type":"WebPage","@id":"https:\/\/www.intoscana.it\/it\/carlo-galgani-fabbro-ferro-forza-acqua\/","url":"https:\/\/www.intoscana.it\/it\/carlo-galgani-fabbro-ferro-forza-acqua\/","name":"Carlo, l'ultimo fabbro che distende il ferro con la forza dell'acqua - intoscana","isPartOf":{"@id":"https:\/\/www.intoscana.it\/it\/#website"},"primaryImageOfPage":{"@id":"https:\/\/www.intoscana.it\/it\/carlo-galgani-fabbro-ferro-forza-acqua\/#primaryimage"},"image":{"@id":"https:\/\/www.intoscana.it\/it\/carlo-galgani-fabbro-ferro-forza-acqua\/#primaryimage"},"thumbnailUrl":"https:\/\/www.intoscana.it\/wp-content\/uploads\/Ferriera-Carlo-Galgani-Pescaglia-artigianato10.jpg","datePublished":"2020-08-29T16:34:20+00:00","dateModified":"2020-08-29T17:25:51+00:00","author":{"@id":"https:\/\/www.intoscana.it\/it\/#\/schema\/person\/f437e015c68b2824ef01d2ed8cdb2923"},"description":"Carlo Calgani \u00e8 l'ultimo di una lunga discendenza di fabbri. Tutto ha avuto inizio ben prima del 1700. Ora, nella sua ferriera a Pi\u00e8 Lucese, \u00e8 ancora l'acqua a far battere il maglio. Qua tutto \u00e8 com'era (e come speriamo possa essere ancora)","breadcrumb":{"@id":"https:\/\/www.intoscana.it\/it\/carlo-galgani-fabbro-ferro-forza-acqua\/#breadcrumb"},"inLanguage":"it-IT","potentialAction":[{"@type":"ReadAction","target":["https:\/\/www.intoscana.it\/it\/carlo-galgani-fabbro-ferro-forza-acqua\/"]}]},{"@type":"ImageObject","inLanguage":"it-IT","@id":"https:\/\/www.intoscana.it\/it\/carlo-galgani-fabbro-ferro-forza-acqua\/#primaryimage","url":"https:\/\/www.intoscana.it\/wp-content\/uploads\/Ferriera-Carlo-Galgani-Pescaglia-artigianato10.jpg","contentUrl":"https:\/\/www.intoscana.it\/wp-content\/uploads\/Ferriera-Carlo-Galgani-Pescaglia-artigianato10.jpg","width":1600,"height":1069,"caption":"Ferriera Galgani a Pi\u00e8 Lucese (Pescaglia, Lucca)"},{"@type":"BreadcrumbList","@id":"https:\/\/www.intoscana.it\/it\/carlo-galgani-fabbro-ferro-forza-acqua\/#breadcrumb","itemListElement":[{"@type":"ListItem","position":1,"name":"Home","item":"https:\/\/www.intoscana.it\/it\/"},{"@type":"ListItem","position":2,"name":"Carlo, l&#8217;ultimo fabbro che distende il ferro con la forza dell&#8217;acqua"}]},{"@type":"WebSite","@id":"https:\/\/www.intoscana.it\/it\/#website","url":"https:\/\/www.intoscana.it\/it\/","name":"intoscana","description":"","potentialAction":[{"@type":"SearchAction","target":{"@type":"EntryPoint","urlTemplate":"https:\/\/www.intoscana.it\/it\/?s={search_term_string}"},"query-input":{"@type":"PropertyValueSpecification","valueRequired":true,"valueName":"search_term_string"}}],"inLanguage":"it-IT"},{"@type":"Person","@id":"https:\/\/www.intoscana.it\/it\/#\/schema\/person\/f437e015c68b2824ef01d2ed8cdb2923","name":"Gianluca Testa","url":"https:\/\/www.intoscana.it\/it\/author\/gianluca-testa\/"}]}},"_links":{"self":[{"href":"https:\/\/www.intoscana.it\/it\/wp-json\/wp\/v2\/posts\/150272","targetHints":{"allow":["GET"]}}],"collection":[{"href":"https:\/\/www.intoscana.it\/it\/wp-json\/wp\/v2\/posts"}],"about":[{"href":"https:\/\/www.intoscana.it\/it\/wp-json\/wp\/v2\/types\/post"}],"author":[{"embeddable":true,"href":"https:\/\/www.intoscana.it\/it\/wp-json\/wp\/v2\/users\/521"}],"replies":[{"embeddable":true,"href":"https:\/\/www.intoscana.it\/it\/wp-json\/wp\/v2\/comments?post=150272"}],"version-history":[{"count":0,"href":"https:\/\/www.intoscana.it\/it\/wp-json\/wp\/v2\/posts\/150272\/revisions"}],"wp:featuredmedia":[{"embeddable":true,"href":"https:\/\/www.intoscana.it\/it\/wp-json\/wp\/v2\/media\/150259"}],"wp:attachment":[{"href":"https:\/\/www.intoscana.it\/it\/wp-json\/wp\/v2\/media?parent=150272"}],"wp:term":[{"taxonomy":"category","embeddable":true,"href":"https:\/\/www.intoscana.it\/it\/wp-json\/wp\/v2\/categories?post=150272"},{"taxonomy":"post_tag","embeddable":true,"href":"https:\/\/www.intoscana.it\/it\/wp-json\/wp\/v2\/tags?post=150272"}],"curies":[{"name":"wp","href":"https:\/\/api.w.org\/{rel}","templated":true}]}}