{"id":150517,"date":"2020-09-01T16:22:39","date_gmt":"2020-09-01T14:22:39","guid":{"rendered":"https:\/\/www.intoscana.it\/it\/?p=150517"},"modified":"2020-09-01T16:23:25","modified_gmt":"2020-09-01T14:23:25","slug":"covid-19-toscana-1-settembre-tamponi","status":"publish","type":"post","link":"https:\/\/www.intoscana.it\/it\/covid-19-toscana-1-settembre-tamponi\/","title":{"rendered":"Covid-19, in Toscana 40 nuovi positivi. Finora effettuati pi\u00f9 di 544.000 tamponi"},"content":{"rendered":"<p>In Toscana sono 11.898 i casi di positivit\u00e0 al coronavirus, <strong>40 in pi\u00f9 rispetto a ieri<\/strong> (11 identificati in corso di tracciamento e 29 da attivit\u00e0 di screening). I nuovi casi sono lo 0,3% in pi\u00f9 rispetto al totale del giorno precedente. I guariti crescono dello 0,3% e raggiungono quota 9.175 (77,1% dei casi totali).\u00a0<mark>I tamponi eseguiti hanno raggiunto quota 544.447, 4.929 in pi\u00f9 rispetto a ieri.<\/mark> Gli attualmente positivi sono oggi 1.581, +0,4% rispetto a ieri. Oggi si registra un nuovo decesso: un uomo di 79 anni.<\/p>\n<h3>Il 43% dei positivi collegati a casi precedenti<\/h3>\n<p>L&#8217;et\u00e0 media dei 40 casi odierni \u00e8 di <strong>41 anni circa<\/strong> (il 25% ha meno di 26 anni, il 23% tra 26 e 40 anni, il 42% tra 41 e 65 anni, il 10% ha pi\u00f9 di 65 anni) e, per quanto riguarda gli stati clinici, <strong>il 55% \u00e8 risultato asintomatico, il 33% pauci-sintomatico, il 9% lieve<\/strong>. <mark>Delle 40 positivit\u00e0 odierne, 1 caso \u00e8 ricollegabile a rientri dall&#8217;estero; 5 casi sono ricollegabili a rientri da altre regioni italiane (4 Sardegna, 1 EmiliaRomagna).<\/mark> Il 43% della casistica \u00e8 un contatto collegato a un precedente caso.<\/p>\n<h3>La distribuzione dei casi sui territori<\/h3>\n<p>Di seguito i casi di positivit\u00e0 sul territorio con la variazione rispetto a ieri. Sono 3.691 i casi complessivi ad oggi a Firenze (18 in pi\u00f9 rispetto a ieri), 625 a Prato (2 in pi\u00f9), 829 a Pistoia (4 in pi\u00f9), 1.235 a Massa (7 in pi\u00f9), 1.536 a Lucca, 1.069 a Pisa (3 in pi\u00f9), 557 a Livorno, 846 ad Arezzo (4 in pi\u00f9), 510 a Siena (1 in pi\u00f9), 486 a Grosseto (1 in pi\u00f9). Sono 514 i casi positivi notificati in Toscana, ma residenti in altre regioni. Sono 24 quindi i casi riscontrati oggi nell&#8217;Asl Centro, 10 nella Nord Ovest, 6 nella Sud est.<\/p>\n<h3>Toscana decima in Italia<\/h3>\n<p>La Toscana si conferma al decimo posto in Italia come numerosit\u00e0 di casi (comprensivi di residenti e non residenti), con circa 319 casi per 100.000 abitanti (media italiana circa 446 x100.000, dato di ieri). Le province di notifica con il tasso pi\u00f9 alto sono <strong>Massa Carrara con 634 casi x100.000 abitanti<\/strong>, Lucca con 396, Firenze con 365, la pi\u00f9 bassa Livorno con 166.<\/p>\n<h3>Le persone isolate<\/h3>\n<p>Complessivamente, <strong>1.519 persone sono in isolamento a casa<\/strong>, poich\u00e9 presentano sintomi lievi che non richiedono cure ospedaliere, o risultano prive di sintomi (5 in pi\u00f9 rispetto a ieri, pi\u00f9 0,3%). Sono 3.871 (137 in pi\u00f9 rispetto a ieri, pi\u00f9 3,7%) le persone, anch&#8217;esse isolate, in sorveglianza attiva perch\u00e9 hanno avuto contatti con persone contagiate (ASL Centro 1.670, Nord Ovest 1.496, Sud Est 705).<\/p>\n<h3>In Toscana 62 riceoveri, 9 in terapia intensiva<\/h3>\n<p><mark>Le persone ricoverate nei posti letto dedicati ai pazienti Covid oggi sono complessivamente 62 (2 in pi\u00f9 rispetto a ieri, pi\u00f9 3,3%), 9 in terapia intensiva (1 in pi\u00f9 rispetto a ieri, pi\u00f9 12,5%).<\/mark> Le persone complessivamente guarite sono 9.175 (32 in pi\u00f9 rispetto a ieri, pi\u00f9 0,3%): <strong>163 persone clinicamente guarite<\/strong> (16 in pi\u00f9 rispetto a ieri, pi\u00f9 10,9%), divenute cio\u00e8 asintomatiche dopo aver presentato manifestazioni cliniche associate all&#8217;infezione e 9.012 (16 in pi\u00f9 rispetto a ieri, pi\u00f9 0,2%) dichiarate guarite a tutti gli effetti, le cosiddette guarigioni virali, con doppio tampone negativo.<\/p>\n<h3>Un morto a Lucca<\/h3>\n<p>Oggi si registra un nuovo decesso: <strong>un uomo di 79 anni, in provincia di Lucca<\/strong>. Sono 1.142 i deceduti dall&#8217;inizio dell&#8217;epidemia cosi ripartiti: 417 a Firenze, 52 a Prato, 81 a Pistoia, 175 a Massa Carrara, 147 a Lucca, 91 a Pisa, 63 a Livorno, 50 ad Arezzo, 33 a Siena, 25 a Grosseto, 8 persone sono decedute sul suolo toscano ma erano residenti fuori regione.<\/p>\n<p>Il tasso grezzo di mortalit\u00e0 toscano (numero di deceduti\/popolazione residente) per Covid-19 \u00e8 di 30,6 x100.000 residenti contro il 58,8 x100.000 della media italiana (11esima regione). Per quanto riguarda le province, il tasso di mortalit\u00e0 pi\u00f9 alto si riscontra a Massa Carrara (89,8 x100.000), Firenze (41,2 x100.000) e Lucca (37,9 x100.000), il pi\u00f9 basso a Grosseto (11,3 x100.000).<\/p>\n<p>Si ricorda che tutti i dati saranno visibili dalle ore 18.30 sul sito dell&#8217;Agenzia Regionale di Sanit\u00e0 a questo indirizzo: <a href=\"http:\/\/www.ars.toscana.it\/covid19\" target=\"_blank\" rel=\"noopener noreferrer\">www.ars.toscana.it\/covid19<\/a>.<\/p>\n","protected":false},"excerpt":{"rendered":"<p>Su 4.929 nuovi tamponi, i casi di positivit\u00e0 sono 40 (et\u00e0 media 41 anni). In aumento le guarigioni, un decesso in provincia di Lucca. In Toscana ci sono 62 persone ricoverate. Ecco i dati di oggi<\/p>\n","protected":false},"author":525,"featured_media":150522,"comment_status":"open","ping_status":"open","sticky":false,"template":"","format":"standard","meta":{"_acf_changed":false,"footnotes":""},"categories":[494],"tags":[418,4383],"class_list":["post-150517","post","type-post","status-publish","format-standard","has-post-thumbnail","hentry","category-attualita","tag-covid-19","tag-dati"],"acf":[],"yoast_head":"<!-- This site is optimized with the Yoast SEO Premium plugin v24.2 (Yoast SEO v25.6) - https:\/\/yoast.com\/wordpress\/plugins\/seo\/ -->\n<title>Covid-19, in Toscana 40 nuovi positivi. Finora effettuati pi\u00f9 di 544.000 tamponi - intoscana<\/title>\n<meta name=\"description\" content=\"Su 4.929 nuovi tamponi, i casi di positivit\u00e0 sono 40 (et\u00e0 media 41 anni). In aumento le guarigioni, un decesso in provincia di Lucca. In Toscana ci sono 62 persone ricoverate. Ecco i dati di oggi\" \/>\n<meta name=\"robots\" content=\"index, follow, max-snippet:-1, max-image-preview:large, max-video-preview:-1\" \/>\n<link rel=\"canonical\" href=\"https:\/\/www.intoscana.it\/it\/covid-19-toscana-1-settembre-tamponi\/\" \/>\n<meta property=\"og:locale\" content=\"it_IT\" \/>\n<meta property=\"og:type\" content=\"article\" \/>\n<meta property=\"og:title\" content=\"Covid-19, in Toscana 40 nuovi positivi. Finora effettuati pi\u00f9 di 544.000 tamponi\" \/>\n<meta property=\"og:description\" content=\"Su 4.929 nuovi tamponi, i casi di positivit\u00e0 sono 40 (et\u00e0 media 41 anni). In aumento le guarigioni, un decesso in provincia di Lucca. In Toscana ci sono 62 persone ricoverate. Ecco i dati di oggi\" \/>\n<meta property=\"og:url\" content=\"https:\/\/www.intoscana.it\/it\/covid-19-toscana-1-settembre-tamponi\/\" \/>\n<meta property=\"og:site_name\" content=\"intoscana\" \/>\n<meta property=\"article:publisher\" content=\"https:\/\/www.facebook.com\/intoscana.it\" \/>\n<meta property=\"article:published_time\" content=\"2020-09-01T14:22:39+00:00\" \/>\n<meta property=\"article:modified_time\" content=\"2020-09-01T14:23:25+00:00\" \/>\n<meta property=\"og:image\" content=\"https:\/\/www.intoscana.it\/wp-content\/uploads\/mascherine-coppia-Filip-Bunkens-Unsplash.jpg\" \/>\n\t<meta property=\"og:image:width\" content=\"1920\" \/>\n\t<meta property=\"og:image:height\" content=\"1357\" \/>\n\t<meta property=\"og:image:type\" content=\"image\/jpeg\" \/>\n<meta name=\"author\" content=\"Redazione\" \/>\n<meta name=\"twitter:card\" content=\"summary_large_image\" \/>\n<meta name=\"twitter:creator\" content=\"@intoscana\" \/>\n<meta name=\"twitter:site\" content=\"@intoscana\" \/>\n<meta name=\"twitter:label1\" content=\"Written by\" \/>\n\t<meta name=\"twitter:data1\" content=\"Redazione\" \/>\n\t<meta name=\"twitter:label2\" content=\"Est. reading time\" \/>\n\t<meta name=\"twitter:data2\" content=\"3 minuti\" \/>\n<script type=\"application\/ld+json\" class=\"yoast-schema-graph\">{\"@context\":\"https:\/\/schema.org\",\"@graph\":[{\"@type\":\"WebPage\",\"@id\":\"https:\/\/www.intoscana.it\/it\/covid-19-toscana-1-settembre-tamponi\/\",\"url\":\"https:\/\/www.intoscana.it\/it\/covid-19-toscana-1-settembre-tamponi\/\",\"name\":\"Covid-19, in Toscana 40 nuovi positivi. Finora effettuati pi\u00f9 di 544.000 tamponi - intoscana\",\"isPartOf\":{\"@id\":\"https:\/\/www.intoscana.it\/it\/#website\"},\"primaryImageOfPage\":{\"@id\":\"https:\/\/www.intoscana.it\/it\/covid-19-toscana-1-settembre-tamponi\/#primaryimage\"},\"image\":{\"@id\":\"https:\/\/www.intoscana.it\/it\/covid-19-toscana-1-settembre-tamponi\/#primaryimage\"},\"thumbnailUrl\":\"https:\/\/www.intoscana.it\/wp-content\/uploads\/mascherine-coppia-Filip-Bunkens-Unsplash.jpg\",\"datePublished\":\"2020-09-01T14:22:39+00:00\",\"dateModified\":\"2020-09-01T14:23:25+00:00\",\"author\":{\"@id\":\"https:\/\/www.intoscana.it\/it\/#\/schema\/person\/9223810753230f20bd670fdd322661f8\"},\"description\":\"Su 4.929 nuovi tamponi, i casi di positivit\u00e0 sono 40 (et\u00e0 media 41 anni). In aumento le guarigioni, un decesso in provincia di Lucca. In Toscana ci sono 62 persone ricoverate. Ecco i dati di oggi\",\"breadcrumb\":{\"@id\":\"https:\/\/www.intoscana.it\/it\/covid-19-toscana-1-settembre-tamponi\/#breadcrumb\"},\"inLanguage\":\"it-IT\",\"potentialAction\":[{\"@type\":\"ReadAction\",\"target\":[\"https:\/\/www.intoscana.it\/it\/covid-19-toscana-1-settembre-tamponi\/\"]}]},{\"@type\":\"ImageObject\",\"inLanguage\":\"it-IT\",\"@id\":\"https:\/\/www.intoscana.it\/it\/covid-19-toscana-1-settembre-tamponi\/#primaryimage\",\"url\":\"https:\/\/www.intoscana.it\/wp-content\/uploads\/mascherine-coppia-Filip-Bunkens-Unsplash.jpg\",\"contentUrl\":\"https:\/\/www.intoscana.it\/wp-content\/uploads\/mascherine-coppia-Filip-Bunkens-Unsplash.jpg\",\"width\":1920,\"height\":1357,\"caption\":\"Una coppia con mascherine \\\"personalizzate\\\"\"},{\"@type\":\"BreadcrumbList\",\"@id\":\"https:\/\/www.intoscana.it\/it\/covid-19-toscana-1-settembre-tamponi\/#breadcrumb\",\"itemListElement\":[{\"@type\":\"ListItem\",\"position\":1,\"name\":\"Home\",\"item\":\"https:\/\/www.intoscana.it\/it\/\"},{\"@type\":\"ListItem\",\"position\":2,\"name\":\"Covid-19, in Toscana 40 nuovi positivi. Finora effettuati pi\u00f9 di 544.000 tamponi\"}]},{\"@type\":\"WebSite\",\"@id\":\"https:\/\/www.intoscana.it\/it\/#website\",\"url\":\"https:\/\/www.intoscana.it\/it\/\",\"name\":\"intoscana\",\"description\":\"\",\"potentialAction\":[{\"@type\":\"SearchAction\",\"target\":{\"@type\":\"EntryPoint\",\"urlTemplate\":\"https:\/\/www.intoscana.it\/it\/?s={search_term_string}\"},\"query-input\":{\"@type\":\"PropertyValueSpecification\",\"valueRequired\":true,\"valueName\":\"search_term_string\"}}],\"inLanguage\":\"it-IT\"},{\"@type\":\"Person\",\"@id\":\"https:\/\/www.intoscana.it\/it\/#\/schema\/person\/9223810753230f20bd670fdd322661f8\",\"name\":\"Redazione\",\"url\":\"https:\/\/www.intoscana.it\/it\/author\/redazione\/\"}]}<\/script>\n<!-- \/ Yoast SEO Premium plugin. -->","yoast_head_json":{"title":"Covid-19, in Toscana 40 nuovi positivi. Finora effettuati pi\u00f9 di 544.000 tamponi - intoscana","description":"Su 4.929 nuovi tamponi, i casi di positivit\u00e0 sono 40 (et\u00e0 media 41 anni). In aumento le guarigioni, un decesso in provincia di Lucca. In Toscana ci sono 62 persone ricoverate. Ecco i dati di oggi","robots":{"index":"index","follow":"follow","max-snippet":"max-snippet:-1","max-image-preview":"max-image-preview:large","max-video-preview":"max-video-preview:-1"},"canonical":"https:\/\/www.intoscana.it\/it\/covid-19-toscana-1-settembre-tamponi\/","og_locale":"it_IT","og_type":"article","og_title":"Covid-19, in Toscana 40 nuovi positivi. Finora effettuati pi\u00f9 di 544.000 tamponi","og_description":"Su 4.929 nuovi tamponi, i casi di positivit\u00e0 sono 40 (et\u00e0 media 41 anni). In aumento le guarigioni, un decesso in provincia di Lucca. In Toscana ci sono 62 persone ricoverate. Ecco i dati di oggi","og_url":"https:\/\/www.intoscana.it\/it\/covid-19-toscana-1-settembre-tamponi\/","og_site_name":"intoscana","article_publisher":"https:\/\/www.facebook.com\/intoscana.it","article_published_time":"2020-09-01T14:22:39+00:00","article_modified_time":"2020-09-01T14:23:25+00:00","og_image":[{"width":1920,"height":1357,"url":"https:\/\/www.intoscana.it\/wp-content\/uploads\/mascherine-coppia-Filip-Bunkens-Unsplash.jpg","type":"image\/jpeg"}],"author":"Redazione","twitter_card":"summary_large_image","twitter_creator":"@intoscana","twitter_site":"@intoscana","twitter_misc":{"Written by":"Redazione","Est. reading time":"3 minuti"},"schema":{"@context":"https:\/\/schema.org","@graph":[{"@type":"WebPage","@id":"https:\/\/www.intoscana.it\/it\/covid-19-toscana-1-settembre-tamponi\/","url":"https:\/\/www.intoscana.it\/it\/covid-19-toscana-1-settembre-tamponi\/","name":"Covid-19, in Toscana 40 nuovi positivi. Finora effettuati pi\u00f9 di 544.000 tamponi - intoscana","isPartOf":{"@id":"https:\/\/www.intoscana.it\/it\/#website"},"primaryImageOfPage":{"@id":"https:\/\/www.intoscana.it\/it\/covid-19-toscana-1-settembre-tamponi\/#primaryimage"},"image":{"@id":"https:\/\/www.intoscana.it\/it\/covid-19-toscana-1-settembre-tamponi\/#primaryimage"},"thumbnailUrl":"https:\/\/www.intoscana.it\/wp-content\/uploads\/mascherine-coppia-Filip-Bunkens-Unsplash.jpg","datePublished":"2020-09-01T14:22:39+00:00","dateModified":"2020-09-01T14:23:25+00:00","author":{"@id":"https:\/\/www.intoscana.it\/it\/#\/schema\/person\/9223810753230f20bd670fdd322661f8"},"description":"Su 4.929 nuovi tamponi, i casi di positivit\u00e0 sono 40 (et\u00e0 media 41 anni). In aumento le guarigioni, un decesso in provincia di Lucca. In Toscana ci sono 62 persone ricoverate. Ecco i dati di oggi","breadcrumb":{"@id":"https:\/\/www.intoscana.it\/it\/covid-19-toscana-1-settembre-tamponi\/#breadcrumb"},"inLanguage":"it-IT","potentialAction":[{"@type":"ReadAction","target":["https:\/\/www.intoscana.it\/it\/covid-19-toscana-1-settembre-tamponi\/"]}]},{"@type":"ImageObject","inLanguage":"it-IT","@id":"https:\/\/www.intoscana.it\/it\/covid-19-toscana-1-settembre-tamponi\/#primaryimage","url":"https:\/\/www.intoscana.it\/wp-content\/uploads\/mascherine-coppia-Filip-Bunkens-Unsplash.jpg","contentUrl":"https:\/\/www.intoscana.it\/wp-content\/uploads\/mascherine-coppia-Filip-Bunkens-Unsplash.jpg","width":1920,"height":1357,"caption":"Una coppia con mascherine \"personalizzate\""},{"@type":"BreadcrumbList","@id":"https:\/\/www.intoscana.it\/it\/covid-19-toscana-1-settembre-tamponi\/#breadcrumb","itemListElement":[{"@type":"ListItem","position":1,"name":"Home","item":"https:\/\/www.intoscana.it\/it\/"},{"@type":"ListItem","position":2,"name":"Covid-19, in Toscana 40 nuovi positivi. Finora effettuati pi\u00f9 di 544.000 tamponi"}]},{"@type":"WebSite","@id":"https:\/\/www.intoscana.it\/it\/#website","url":"https:\/\/www.intoscana.it\/it\/","name":"intoscana","description":"","potentialAction":[{"@type":"SearchAction","target":{"@type":"EntryPoint","urlTemplate":"https:\/\/www.intoscana.it\/it\/?s={search_term_string}"},"query-input":{"@type":"PropertyValueSpecification","valueRequired":true,"valueName":"search_term_string"}}],"inLanguage":"it-IT"},{"@type":"Person","@id":"https:\/\/www.intoscana.it\/it\/#\/schema\/person\/9223810753230f20bd670fdd322661f8","name":"Redazione","url":"https:\/\/www.intoscana.it\/it\/author\/redazione\/"}]}},"_links":{"self":[{"href":"https:\/\/www.intoscana.it\/it\/wp-json\/wp\/v2\/posts\/150517","targetHints":{"allow":["GET"]}}],"collection":[{"href":"https:\/\/www.intoscana.it\/it\/wp-json\/wp\/v2\/posts"}],"about":[{"href":"https:\/\/www.intoscana.it\/it\/wp-json\/wp\/v2\/types\/post"}],"author":[{"embeddable":true,"href":"https:\/\/www.intoscana.it\/it\/wp-json\/wp\/v2\/users\/525"}],"replies":[{"embeddable":true,"href":"https:\/\/www.intoscana.it\/it\/wp-json\/wp\/v2\/comments?post=150517"}],"version-history":[{"count":0,"href":"https:\/\/www.intoscana.it\/it\/wp-json\/wp\/v2\/posts\/150517\/revisions"}],"wp:featuredmedia":[{"embeddable":true,"href":"https:\/\/www.intoscana.it\/it\/wp-json\/wp\/v2\/media\/150522"}],"wp:attachment":[{"href":"https:\/\/www.intoscana.it\/it\/wp-json\/wp\/v2\/media?parent=150517"}],"wp:term":[{"taxonomy":"category","embeddable":true,"href":"https:\/\/www.intoscana.it\/it\/wp-json\/wp\/v2\/categories?post=150517"},{"taxonomy":"post_tag","embeddable":true,"href":"https:\/\/www.intoscana.it\/it\/wp-json\/wp\/v2\/tags?post=150517"}],"curies":[{"name":"wp","href":"https:\/\/api.w.org\/{rel}","templated":true}]}}