{"id":150673,"date":"2020-09-03T10:38:03","date_gmt":"2020-09-03T08:38:03","guid":{"rendered":"https:\/\/www.intoscana.it\/it\/?p=150673"},"modified":"2020-09-03T10:56:56","modified_gmt":"2020-09-03T08:56:56","slug":"unlocked-sound-il-suono-svincolato-dallo-spazio-e-dal-tempo-al-tempo-reale-festival","status":"publish","type":"post","link":"https:\/\/www.intoscana.it\/it\/unlocked-sound-il-suono-svincolato-dallo-spazio-e-dal-tempo-al-tempo-reale-festival\/","title":{"rendered":"\u2018Unlocked Sound\u2019: il suono svincolato dallo spazio e dal tempo al Tempo Reale Festival"},"content":{"rendered":"<p><strong>Tempo Reale<\/strong> a seguito della pandemia ha cambiato la forma del suo festival autunnale, chiamandolo <a href=\"https:\/\/temporeale.it\/festival\/tempo-reale-festival-2020-unlocked-sound\/\"><strong>\u2018Unlocked Sound\u2019,<\/strong><\/a> <strong>maratone sonore per un pubblico fluido<\/strong> per sperimentare<strong> il suono senza vincoli di spazio e di tempo.<\/strong>\u00a0<strong>Dal 5 al 13 settembre<\/strong>\u00a0quattro appuntamenti<strong> fra la Limonaia e il Parco di Villa Strozzi e la Riva dell&#8217;Arno al Parco delle Cascine<\/strong>.<\/p>\n<p><a href=\"https:\/\/temporeale.it\/festival\/tempo-reale-festival-2020-unlocked-sound\/\"><strong>&#8221; \u2018Unlocked Sound\u2019<\/strong> <\/a>\u00e8 un suono che si \u00e8 liberato per due motivi &#8211; ci ha raccontato <a href=\"https:\/\/www.intoscana.it\/it\/dettaglio-video\/tra-il-frastuono-e-il-silenzio-tempo-reale-festeggia-30-anni\/\"><strong>Francesco Giomi il direttore del festival<\/strong> <\/a>&#8211; primo per motivi di spazio.\u00a0\u00c9 chiaro che quando succede un fatto come quello che \u00e8 successo (il Covid) <strong>\u00e8 compito di Tempo Reale anche cercare delle risposte su come fruire la musica<\/strong>. Noi abbiamo deciso di fare un festival all\u2019aria aperta, ma l\u2019idea, la novit\u00e0 \u00e8 di <strong>considerare lo spazio all\u2019area aperta come elemento creativo da integrare nella composizione musicale.<\/strong> Allora abbiamo fatto un bando in cui abbiamo chiesto a artisti del suono di pensare a progetti specifici per la parco di Villa Strozzi. Sono arrivate <strong>moltissime proposte, 100 circa, ne abbiamo selezionate cinque e le presentiamo il 12 settembre<\/strong> sotto forma di un pomeriggio di fruizione di suono all\u2019aria aperta interpretato dall\u2019esperienza artistica di questi cinque musicisti. Sono delle <strong>azioni sonore, stallazioni e performance ognuna molto diversa dall\u2019altra<\/strong>, ognuna che interpreta il rapporto tra il suono e lo spazio aperto in maniera molto diversa. Questo testimonia anche <strong>la vitalit\u00e0 creativa e il fermento della scena italiana dell\u2019arte sonora.<\/strong>&#8221;<\/p>\n<p><strong>Il secondo elemento qual \u00e8?<\/strong><\/p>\n<p><strong>\u00c9 il concetto del \u2018suono senza fine\u2019.<\/strong> La riflessione che molti stanno facendo in Europa e non solo, noi l\u2019abbiamo declinata a modo nostro.<strong> Se a un concerto possono accedere solo poche persone per volta, cosa significa? Possiamo pensare a una durata maggiore<\/strong>. Quindi<a href=\"https:\/\/temporeale.it\/festival\/tempo-reale-festival-2020-unlocked-sound\/\"><strong> \u2018Unlocked Sound\u2019<\/strong><\/a> nel senso che svincoliamo il suono dal <strong>\u2018rito&#8217;<\/strong> del concerto, dalla durata tradizionale del concerto. Se io penso a una cosa che dura tre ore come il <strong>\u2018Glitch Party\u2019<\/strong> cosa vuol dire? Si va verso durate molto lunghe, sarebbe stato bello farlo tutta la giornata. I musicisti coinvolti sono una 20ina online e altrettanti in presenza, <strong>ognuno entra e esce quando lo desidera<\/strong>. Per chi ascolta <strong>\u00e8 sempre una cosa nuova, una cosa sorprendente.<\/strong> Sia la produzione che la fruizione si organizzano sulla lunga durata un po\u2019 come un\u2019installazione, non c\u2019\u00e8 pi\u00f9 un inizio e una fine. \u00c9 una\u00a0modalit\u00e0 diversa da quella del concerto tradizionale. Questo si pu\u00f2 fare lavorando sull\u2019idea di improvvisazione tematica e collettiva. Il Glitch \u00e8 un altro elemento che \u00e8 venuto fuori durante il lockdown. <strong>Tutti abbiamo fruito di eventi online<\/strong>, sistemi che portano errori, problemi, scarsa qualit\u00e0. Quindi perch\u00e8 non usare questo materiale come elemento espressivo. Tre ore in cui ognuno fa quello che vuole.<\/p>\n<p><strong>La libert\u00e0 estrema insomma\u2026<\/strong><\/p>\n<p>Negli anni \u201960 c\u2019\u00e8 gi\u00e0 chi ha fatto esperienza di questo tipo ma ora le contestualizziamo in modo nuovo. Anche <strong>il concerto LFO che presentiamo ha una durata molto lunga<\/strong>. Ci sono <strong>15 musicisti diretti da me<\/strong> che improvvisano e anche in questo caso il pubblico entra ed esce quando vuole. Varie parole chiave che si intersecano: <strong>improvvisazione, presenza online, lunga durata, fruizione e produzione libere.<\/strong> Elementi che esistevano gi\u00e0 ma che in questa fase ci piaceva riassemblare insieme in <strong>una grande &#8216;minestra&#8217; buona, con tanti ingeredienti miscelati da un bravo cuoco.<\/strong><\/p>\n<p><strong>Tutti noi abbiamo vissuto il Covid, il lockdown prima o poi gli artisti produrranno qualcosa che ci racconter\u00e0 quello che abbiamo passato?<\/strong><\/p>\n<p>Noi abbiamo fatto il progetto #<strong>HOMEPLAYING da marzo ad aprile,<\/strong> concerti con musicisti ognuno a casa sua dal vivo, improvvisazioni. Su questo tema abbiamo gi\u00e0 lavorato quello che ci interessava \u00e8 una cosa diversa. Questo nuovo modo di attuale lo spettacolo dal vivo all\u2019aria aperta, chiediamoci: possono rimanere anche dopo il Covid? Questo mi interessa, ricercare qualcosa che ci faccia migliorare e ampliare le modalit\u00e0 della produzione e della fruizione della musica. Certamente se si guardano le avanguardie non si scopre nulla di nuovo, ci sono gi\u00e0 state delle esperienze in questo senso. <strong>Queste nuove modalit\u00e0 possono diventare un patrimonio, il Covid le ha ispirate ma potrebbero divenire mezzi espressivi per il futuro<\/strong>.<\/p>\n<h3>Il programma<\/h3>\n<p><a href=\"https:\/\/temporeale.it\/festival\/tempo-reale-festival-2020-unlocked-sound\/\"><strong>Unlocked Sound<\/strong> <\/a>prende il via dalla <strong>Limonaia di Villa Strozzi sabato 5 settembre<\/strong> dalle 20.00 alle 23.00, 3 ore in cui gli spettatori si alternano liberamente in una vera e propria festa elettroacustica dal vivo e in streaming,<strong> Glitch Party con il Tempo Reale Electroacoustic Ensemble<\/strong> dal vivo, cui si uniscono <strong>in streaming l&#8217;Ensemble Il\u00e9a da Montr\u00e9al e l&#8217;Elettronica Collettiva da Bologna<\/strong>, per un totale di <strong>40 musicisti<\/strong> che, come il pubblico, entrano ed escono dalla performance. \u2028\u00a0<strong>Domenica 6 settembre<\/strong> sempre alla <strong>Limonaia<\/strong> dalle 17.30 alle 19.30 l&#8217;incontro pubblico sulla musica di ricerca in toscana a cura di <strong>Fango radio.\u2028\u2028<\/strong><\/p>\n<p><strong>Mercoled\u00ec 9 settembre<\/strong>, dalle h. 20 alle 22.00 alla<strong> Limonaia<\/strong> spazio all&#8217;improvvisazione con il <strong>progetto formativo LFO (IN SPACE),<\/strong> la conduction di <strong>Francesco Giomi<\/strong> con i partecipanti al laboratorio creativo organizzato da Tempo Reale.<\/p>\n<p><strong>Sabato 12 e domenica 13 settembre,<\/strong> due appuntamenti aperti a tutti, sabato 12 varie azioni sonore animano il <strong>Parco di Villa Strozzi<\/strong> dalle 16 alle 20.00, 5 progetti scelti fra 70 in un bando pubblico, evidenziano la creativit\u00e0 e vitalit\u00e0 della scena italiana dell&#8217;arte sonora. In chiusura, <strong>domenica 13 sulla Riva d&#8217;Arno al Parco delle Cascine<\/strong> si segue il suono della marching band <strong>ZASTAVA ORKESTAR<\/strong>, musica popolare dai Balcani fra le altre installazioni e performance open air nell\u2019ambito di <strong>Secret Florence 2020 _ Cascine Edition,<\/strong> il progetto speciale dell&#8217;Estate Fiorentina in collaborazione con Fabbrica Europa, Musicus Concentus, Tempo Reale, Virgilio Sieni \u2013 Centro Nazionale di Produzione, Lo Schermo dell\u2019arte insieme a Istituto Marangoni.<\/p>\n<p><iframe loading=\"lazy\" src=\"https:\/\/www.youtube.com\/embed\/ProRhTMefV8\" width=\"800\" height=\"500\" frameborder=\"0\" allowfullscreen=\"allowfullscreen\"><span data-mce-type=\"bookmark\" style=\"display: inline-block; width: 0px; overflow: hidden; line-height: 0;\" class=\"mce_SELRES_start\">\ufeff<\/span><\/iframe><\/p>\n","protected":false},"excerpt":{"rendered":"<p>Dal 5 al 13 settembre spazi aperti e un suono \u2018senza fine\u2019 pensato per una produzione e fruizione della musica libere da ogni limite<\/p>\n","protected":false},"author":518,"featured_media":150677,"comment_status":"open","ping_status":"open","sticky":false,"template":"","format":"standard","meta":{"_acf_changed":false,"footnotes":""},"categories":[14],"tags":[216,4474,395,4451,4505],"class_list":["post-150673","post","type-post","status-publish","format-standard","has-post-thumbnail","hentry","category-musica","tag-concerti","tag-eventi","tag-eventi-in-toscana","tag-festival-estivi","tag-tempo-reale"],"acf":[],"yoast_head":"<!-- This site is optimized with the Yoast SEO Premium plugin v24.2 (Yoast SEO v25.6) - https:\/\/yoast.com\/wordpress\/plugins\/seo\/ -->\n<title>\u2018Unlocked Sound\u2019: il suono svincolato dallo spazio e dal tempo al Tempo Reale Festival - intoscana<\/title>\n<meta name=\"description\" content=\"Dal 5 al 13 settembre spazi aperti e un suono \u2018senza fine\u2019 pensato per una produzione e fruizione della musica libere da ogni vincolo\" \/>\n<meta name=\"robots\" content=\"index, follow, max-snippet:-1, max-image-preview:large, max-video-preview:-1\" \/>\n<link rel=\"canonical\" href=\"https:\/\/www.intoscana.it\/it\/unlocked-sound-il-suono-svincolato-dallo-spazio-e-dal-tempo-al-tempo-reale-festival\/\" \/>\n<meta property=\"og:locale\" content=\"it_IT\" \/>\n<meta property=\"og:type\" content=\"article\" \/>\n<meta property=\"og:title\" content=\"\u2018Unlocked Sound\u2019: il suono svincolato dallo spazio e dal tempo al Tempo Reale Festival\" \/>\n<meta property=\"og:description\" content=\"Dal 5 al 13 settembre spazi aperti e un suono \u2018senza fine\u2019 pensato per una produzione e fruizione della musica libere da ogni vincolo\" \/>\n<meta property=\"og:url\" content=\"https:\/\/www.intoscana.it\/it\/unlocked-sound-il-suono-svincolato-dallo-spazio-e-dal-tempo-al-tempo-reale-festival\/\" \/>\n<meta property=\"og:site_name\" content=\"intoscana\" \/>\n<meta property=\"article:publisher\" content=\"https:\/\/www.facebook.com\/intoscana.it\" \/>\n<meta property=\"article:published_time\" content=\"2020-09-03T08:38:03+00:00\" \/>\n<meta property=\"article:modified_time\" content=\"2020-09-03T08:56:56+00:00\" \/>\n<meta property=\"og:image\" content=\"https:\/\/www.intoscana.it\/wp-content\/uploads\/performance-tempo-reale-festival-18.jpg\" \/>\n\t<meta property=\"og:image:width\" content=\"2000\" \/>\n\t<meta property=\"og:image:height\" content=\"1335\" \/>\n\t<meta property=\"og:image:type\" content=\"image\/jpeg\" \/>\n<meta name=\"author\" content=\"Costanza Baldini\" \/>\n<meta name=\"twitter:card\" content=\"summary_large_image\" \/>\n<meta name=\"twitter:creator\" content=\"@intoscana\" \/>\n<meta name=\"twitter:site\" content=\"@intoscana\" \/>\n<meta name=\"twitter:label1\" content=\"Written by\" \/>\n\t<meta name=\"twitter:data1\" content=\"Costanza Baldini\" \/>\n\t<meta name=\"twitter:label2\" content=\"Est. reading time\" \/>\n\t<meta name=\"twitter:data2\" content=\"5 minuti\" \/>\n<script type=\"application\/ld+json\" class=\"yoast-schema-graph\">{\"@context\":\"https:\/\/schema.org\",\"@graph\":[{\"@type\":\"WebPage\",\"@id\":\"https:\/\/www.intoscana.it\/it\/unlocked-sound-il-suono-svincolato-dallo-spazio-e-dal-tempo-al-tempo-reale-festival\/\",\"url\":\"https:\/\/www.intoscana.it\/it\/unlocked-sound-il-suono-svincolato-dallo-spazio-e-dal-tempo-al-tempo-reale-festival\/\",\"name\":\"\u2018Unlocked Sound\u2019: il suono svincolato dallo spazio e dal tempo al Tempo Reale Festival - intoscana\",\"isPartOf\":{\"@id\":\"https:\/\/www.intoscana.it\/it\/#website\"},\"primaryImageOfPage\":{\"@id\":\"https:\/\/www.intoscana.it\/it\/unlocked-sound-il-suono-svincolato-dallo-spazio-e-dal-tempo-al-tempo-reale-festival\/#primaryimage\"},\"image\":{\"@id\":\"https:\/\/www.intoscana.it\/it\/unlocked-sound-il-suono-svincolato-dallo-spazio-e-dal-tempo-al-tempo-reale-festival\/#primaryimage\"},\"thumbnailUrl\":\"https:\/\/www.intoscana.it\/wp-content\/uploads\/performance-tempo-reale-festival-18.jpg\",\"datePublished\":\"2020-09-03T08:38:03+00:00\",\"dateModified\":\"2020-09-03T08:56:56+00:00\",\"author\":{\"@id\":\"https:\/\/www.intoscana.it\/it\/#\/schema\/person\/d469f35f09739bdf00bf5dd3f0647a82\"},\"description\":\"Dal 5 al 13 settembre spazi aperti e un suono \u2018senza fine\u2019 pensato per una produzione e fruizione della musica libere da ogni vincolo\",\"breadcrumb\":{\"@id\":\"https:\/\/www.intoscana.it\/it\/unlocked-sound-il-suono-svincolato-dallo-spazio-e-dal-tempo-al-tempo-reale-festival\/#breadcrumb\"},\"inLanguage\":\"it-IT\",\"potentialAction\":[{\"@type\":\"ReadAction\",\"target\":[\"https:\/\/www.intoscana.it\/it\/unlocked-sound-il-suono-svincolato-dallo-spazio-e-dal-tempo-al-tempo-reale-festival\/\"]}]},{\"@type\":\"ImageObject\",\"inLanguage\":\"it-IT\",\"@id\":\"https:\/\/www.intoscana.it\/it\/unlocked-sound-il-suono-svincolato-dallo-spazio-e-dal-tempo-al-tempo-reale-festival\/#primaryimage\",\"url\":\"https:\/\/www.intoscana.it\/wp-content\/uploads\/performance-tempo-reale-festival-18.jpg\",\"contentUrl\":\"https:\/\/www.intoscana.it\/wp-content\/uploads\/performance-tempo-reale-festival-18.jpg\",\"width\":2000,\"height\":1335,\"caption\":\"Tempo Reale\"},{\"@type\":\"BreadcrumbList\",\"@id\":\"https:\/\/www.intoscana.it\/it\/unlocked-sound-il-suono-svincolato-dallo-spazio-e-dal-tempo-al-tempo-reale-festival\/#breadcrumb\",\"itemListElement\":[{\"@type\":\"ListItem\",\"position\":1,\"name\":\"Home\",\"item\":\"https:\/\/www.intoscana.it\/it\/\"},{\"@type\":\"ListItem\",\"position\":2,\"name\":\"\u2018Unlocked Sound\u2019: il suono svincolato dallo spazio e dal tempo al Tempo Reale Festival\"}]},{\"@type\":\"WebSite\",\"@id\":\"https:\/\/www.intoscana.it\/it\/#website\",\"url\":\"https:\/\/www.intoscana.it\/it\/\",\"name\":\"intoscana\",\"description\":\"\",\"potentialAction\":[{\"@type\":\"SearchAction\",\"target\":{\"@type\":\"EntryPoint\",\"urlTemplate\":\"https:\/\/www.intoscana.it\/it\/?s={search_term_string}\"},\"query-input\":{\"@type\":\"PropertyValueSpecification\",\"valueRequired\":true,\"valueName\":\"search_term_string\"}}],\"inLanguage\":\"it-IT\"},{\"@type\":\"Person\",\"@id\":\"https:\/\/www.intoscana.it\/it\/#\/schema\/person\/d469f35f09739bdf00bf5dd3f0647a82\",\"name\":\"Costanza Baldini\",\"url\":\"https:\/\/www.intoscana.it\/it\/author\/costanza-baldini\/\"}]}<\/script>\n<!-- \/ Yoast SEO Premium plugin. -->","yoast_head_json":{"title":"\u2018Unlocked Sound\u2019: il suono svincolato dallo spazio e dal tempo al Tempo Reale Festival - intoscana","description":"Dal 5 al 13 settembre spazi aperti e un suono \u2018senza fine\u2019 pensato per una produzione e fruizione della musica libere da ogni vincolo","robots":{"index":"index","follow":"follow","max-snippet":"max-snippet:-1","max-image-preview":"max-image-preview:large","max-video-preview":"max-video-preview:-1"},"canonical":"https:\/\/www.intoscana.it\/it\/unlocked-sound-il-suono-svincolato-dallo-spazio-e-dal-tempo-al-tempo-reale-festival\/","og_locale":"it_IT","og_type":"article","og_title":"\u2018Unlocked Sound\u2019: il suono svincolato dallo spazio e dal tempo al Tempo Reale Festival","og_description":"Dal 5 al 13 settembre spazi aperti e un suono \u2018senza fine\u2019 pensato per una produzione e fruizione della musica libere da ogni vincolo","og_url":"https:\/\/www.intoscana.it\/it\/unlocked-sound-il-suono-svincolato-dallo-spazio-e-dal-tempo-al-tempo-reale-festival\/","og_site_name":"intoscana","article_publisher":"https:\/\/www.facebook.com\/intoscana.it","article_published_time":"2020-09-03T08:38:03+00:00","article_modified_time":"2020-09-03T08:56:56+00:00","og_image":[{"width":2000,"height":1335,"url":"https:\/\/www.intoscana.it\/wp-content\/uploads\/performance-tempo-reale-festival-18.jpg","type":"image\/jpeg"}],"author":"Costanza Baldini","twitter_card":"summary_large_image","twitter_creator":"@intoscana","twitter_site":"@intoscana","twitter_misc":{"Written by":"Costanza Baldini","Est. reading time":"5 minuti"},"schema":{"@context":"https:\/\/schema.org","@graph":[{"@type":"WebPage","@id":"https:\/\/www.intoscana.it\/it\/unlocked-sound-il-suono-svincolato-dallo-spazio-e-dal-tempo-al-tempo-reale-festival\/","url":"https:\/\/www.intoscana.it\/it\/unlocked-sound-il-suono-svincolato-dallo-spazio-e-dal-tempo-al-tempo-reale-festival\/","name":"\u2018Unlocked Sound\u2019: il suono svincolato dallo spazio e dal tempo al Tempo Reale Festival - intoscana","isPartOf":{"@id":"https:\/\/www.intoscana.it\/it\/#website"},"primaryImageOfPage":{"@id":"https:\/\/www.intoscana.it\/it\/unlocked-sound-il-suono-svincolato-dallo-spazio-e-dal-tempo-al-tempo-reale-festival\/#primaryimage"},"image":{"@id":"https:\/\/www.intoscana.it\/it\/unlocked-sound-il-suono-svincolato-dallo-spazio-e-dal-tempo-al-tempo-reale-festival\/#primaryimage"},"thumbnailUrl":"https:\/\/www.intoscana.it\/wp-content\/uploads\/performance-tempo-reale-festival-18.jpg","datePublished":"2020-09-03T08:38:03+00:00","dateModified":"2020-09-03T08:56:56+00:00","author":{"@id":"https:\/\/www.intoscana.it\/it\/#\/schema\/person\/d469f35f09739bdf00bf5dd3f0647a82"},"description":"Dal 5 al 13 settembre spazi aperti e un suono \u2018senza fine\u2019 pensato per una produzione e fruizione della musica libere da ogni vincolo","breadcrumb":{"@id":"https:\/\/www.intoscana.it\/it\/unlocked-sound-il-suono-svincolato-dallo-spazio-e-dal-tempo-al-tempo-reale-festival\/#breadcrumb"},"inLanguage":"it-IT","potentialAction":[{"@type":"ReadAction","target":["https:\/\/www.intoscana.it\/it\/unlocked-sound-il-suono-svincolato-dallo-spazio-e-dal-tempo-al-tempo-reale-festival\/"]}]},{"@type":"ImageObject","inLanguage":"it-IT","@id":"https:\/\/www.intoscana.it\/it\/unlocked-sound-il-suono-svincolato-dallo-spazio-e-dal-tempo-al-tempo-reale-festival\/#primaryimage","url":"https:\/\/www.intoscana.it\/wp-content\/uploads\/performance-tempo-reale-festival-18.jpg","contentUrl":"https:\/\/www.intoscana.it\/wp-content\/uploads\/performance-tempo-reale-festival-18.jpg","width":2000,"height":1335,"caption":"Tempo Reale"},{"@type":"BreadcrumbList","@id":"https:\/\/www.intoscana.it\/it\/unlocked-sound-il-suono-svincolato-dallo-spazio-e-dal-tempo-al-tempo-reale-festival\/#breadcrumb","itemListElement":[{"@type":"ListItem","position":1,"name":"Home","item":"https:\/\/www.intoscana.it\/it\/"},{"@type":"ListItem","position":2,"name":"\u2018Unlocked Sound\u2019: il suono svincolato dallo spazio e dal tempo al Tempo Reale Festival"}]},{"@type":"WebSite","@id":"https:\/\/www.intoscana.it\/it\/#website","url":"https:\/\/www.intoscana.it\/it\/","name":"intoscana","description":"","potentialAction":[{"@type":"SearchAction","target":{"@type":"EntryPoint","urlTemplate":"https:\/\/www.intoscana.it\/it\/?s={search_term_string}"},"query-input":{"@type":"PropertyValueSpecification","valueRequired":true,"valueName":"search_term_string"}}],"inLanguage":"it-IT"},{"@type":"Person","@id":"https:\/\/www.intoscana.it\/it\/#\/schema\/person\/d469f35f09739bdf00bf5dd3f0647a82","name":"Costanza Baldini","url":"https:\/\/www.intoscana.it\/it\/author\/costanza-baldini\/"}]}},"_links":{"self":[{"href":"https:\/\/www.intoscana.it\/it\/wp-json\/wp\/v2\/posts\/150673","targetHints":{"allow":["GET"]}}],"collection":[{"href":"https:\/\/www.intoscana.it\/it\/wp-json\/wp\/v2\/posts"}],"about":[{"href":"https:\/\/www.intoscana.it\/it\/wp-json\/wp\/v2\/types\/post"}],"author":[{"embeddable":true,"href":"https:\/\/www.intoscana.it\/it\/wp-json\/wp\/v2\/users\/518"}],"replies":[{"embeddable":true,"href":"https:\/\/www.intoscana.it\/it\/wp-json\/wp\/v2\/comments?post=150673"}],"version-history":[{"count":0,"href":"https:\/\/www.intoscana.it\/it\/wp-json\/wp\/v2\/posts\/150673\/revisions"}],"wp:featuredmedia":[{"embeddable":true,"href":"https:\/\/www.intoscana.it\/it\/wp-json\/wp\/v2\/media\/150677"}],"wp:attachment":[{"href":"https:\/\/www.intoscana.it\/it\/wp-json\/wp\/v2\/media?parent=150673"}],"wp:term":[{"taxonomy":"category","embeddable":true,"href":"https:\/\/www.intoscana.it\/it\/wp-json\/wp\/v2\/categories?post=150673"},{"taxonomy":"post_tag","embeddable":true,"href":"https:\/\/www.intoscana.it\/it\/wp-json\/wp\/v2\/tags?post=150673"}],"curies":[{"name":"wp","href":"https:\/\/api.w.org\/{rel}","templated":true}]}}