{"id":150766,"date":"2020-09-04T09:58:17","date_gmt":"2020-09-04T07:58:17","guid":{"rendered":"https:\/\/www.intoscana.it\/it\/?p=150766"},"modified":"2020-09-04T09:59:45","modified_gmt":"2020-09-04T07:59:45","slug":"rossana-francesco-perissi","status":"publish","type":"post","link":"https:\/\/www.intoscana.it\/it\/rossana-francesco-perissi\/","title":{"rendered":"\u2018ROSSANA\u2019 di Francesco Perissi: terapia sonora contro la morte"},"content":{"rendered":"<p><strong>Esistono parole adatte per parlare della morte?<\/strong> Chi ha dovuto dire addio a una persona che amava sa quanto \u00e8 difficile parlarne. <a href=\"https:\/\/digipur.it\/project\/francesco-perissi-xo\/\"><strong>Francesco Perissi<\/strong> <\/a>ha deciso di fare un viaggio in <strong>Svezia<\/strong>, per allontanarsi da tutto e da tutti. In quella splendida terra \u00e8 riuscito a mettere a fuoco quello che gli \u00e8 capitato e a lasciare che <strong>al posto delle parole parlasse per lui la musica.<\/strong><\/p>\n<p>\u00c9 nato cos\u00ec \u2018<strong>ROSSANA\u2019<\/strong> un <strong>concept album avant-pop elettronico sull\u2019elaborazione del lutto.<\/strong> Il disco ripercorre le <strong>cinque fasi<\/strong> progressive, prese in prestito dalla<strong> psichiatra svizzera <a href=\"https:\/\/it.wikipedia.org\/wiki\/Elisabeth_K\u00fcbler_Ross\">Elisabeth K\u00fcbler-Ross<\/a><\/strong>, che descrivono il superamento di un evento traumatico: <strong>negazione, rabbia, patteggiamento, depressione, accettazione<\/strong>. In<strong> ROSSANA<\/strong>\u00a0ogni fase \u00e8 restituita nelle sue sensazioni da due brani, per un totale quindi di dieci brani, con l\u2019idea di una dimensione \u201ccatartica\u201d della musica che, in questo caso, si muove tra avanguardia dei sentimenti, forma-canzone dark pop, IDM e minimalismo.<\/p>\n<p>Il primo album di Perissi\u00a0<strong>Near Death Experience<\/strong>, autoprodotto nel 2014, si riferiva alle <strong>esperienze pre-morte<\/strong> raggiunte tramite sostanze psicoattive. Il successivo <strong>EP NDEr \u2013 Near Death Experience Reflections,<\/strong> pubblicato da Blame Records nel 2019, ripercorreva con sguardo riflessivo le stesse tracce di Near Death Experience, aggiungendovi per la prima volta parole e linee canore. &#8216;<strong>ROSSANA&#8217;<\/strong> invece \u00e8 un disco che per Perissi \u00e8 stato\u00a0<strong>una vera e propria \u2018terapia sonora\u2019<\/strong> che ha prodotto una musica ottenuta dalla fusione di potenza ed eleganza.<\/p>\n<h3>Ecco la nostra intervista.<\/h3>\n<p><strong>Ciao Francesco! Il tuo disco mi ha ricordato i Nin Inch Nails, penso che a Trent Reznor piacerebbe molto&#8230;\u00a0Mi ha colpito il tema che affronti, in pochi scelgono di parlare della morte nei loro dischi. Chi \u00e8 Rossana?<\/strong><\/p>\n<p>Non te lo dico per scelta personale, \u00e8 una persona molto vicina a me che se n\u2019\u00e8 andata quando ero piccolo.<\/p>\n<p><span class=\"citazione\">Il mio lavoro negli ultimi anni \u00e8 stato quello di rendermi conto che <strong>ognuno ha i suoi dubbi e le sue perdite.<\/strong> Ho capito che anche se siamo tutti diversi, abbiamo tutti qualcosa in comune<\/span><\/p>\n<p><strong>La morte \u00e8 un evento con cui tutti prima o poi devono fare i conti, innesta grandi cambiamenti, in un certo senso \u00e8 un \u2018privilegio\u2019 aver passato questa esperienza<\/strong><\/p>\n<p>Hai centrato assolutamente il punto. Prima o poi tutti ci facciamo i conti a et\u00e0 diverse.\u00a0\u00c9 un\u2019esperienza che io ho vissuto quando ero piccolo e <strong>a volte mi chiedo se la decisione di fare musica o comunque di lavorare in un mondo creativo sia nata per questo<\/strong>. Il disco per me \u00e8 stato \u2018catartico\u2019, <strong>ho reso \u2018oggetto\u2019 questo dolore infinito nel tentativo di liberarmene<\/strong>. Detto questo penso che a qualsiasi et\u00e0 succeda sia un dolore enorme, <strong>una parte di te stesso che viene annientata e che te nel tempo leccandoti le ferite devi ritrovare<\/strong>. Sono cose che ti segnano e ti fanno crescere, niente \u00e8 eterno. Il dolore \u00e8 una cosa soggettiva, la mia vita \u00e8 stata segnata dal sentirmi diverso e pi\u00f9 sensibile rispetto agli altri. Il mio lavoro negli ultimi anni \u00e8 stato quello di rendermi conto che <strong>ognuno ha i suoi dubbi e le sue perdite.<\/strong> Ho capito che anche se siamo tutti diversi, abbiamo tutti qualcosa in comune e quindi anche metterlo in musica per me \u00e8 lanciare un messaggio e vedere se viene recepito.<\/p>\n<p><strong>Nel tuo disco analizzi tutte le fasi del lutto: negazione, rabbia, patteggiamento, depressione, accettazione. Devo dire che la mia canzone preferita \u00e8 proprio quella che riguarda la \u2018rabbia\u2019 F**k (anger), come e quando hai scritto ROSSANA?<\/strong><\/p>\n<p><strong>Ho fatto un viaggio in Svezia<\/strong> che per me \u00e8 stato importantissimo per la scrittura del disco, perch\u00e8 venivo da ambienti \u2018accademici\u2019. Ero immerso nell\u2019ambiente del conservatorio e a un certo punto <strong>avevo perso la condizione reale di me stesso,<\/strong> stavo dietro a stimoli esterni che mi venivano continuamente rimandati e subivo anche una certa pressione. <strong>Mi ero dimenticato chi ero io, cosa volevo veramente,<\/strong> perch\u00e8 mi piace fare musica. Andare in Svezia dove ero completamente libero in quei panorami incredibili \u00e8 stato un modo di riprendere in mano me stesso e la mia vita. Sono appassionato di psicologia e un\u2019altra cosa che sapevo di interessante \u00e8 che se ti scrivi su un muro degli obiettivi da raggiungere in un periodo specifico questo ti aiuta nei momenti in cui ti senti pi\u00f9 \u2018perso\u2019 e cerchi un appiglio, anche razionale.\u00a0\u00c9 quello che ho fatto io in Svezia, mi sono segnato tutto quello che mi veniva in mente e questo \u00e8 il testo della canzone <strong>F**k.<\/strong><\/p>\n<p><iframe loading=\"lazy\" src=\"https:\/\/www.youtube.com\/embed\/kNpJ5Z0rHg0\" width=\"800\" height=\"500\" frameborder=\"0\" allowfullscreen=\"allowfullscreen\"><span data-mce-type=\"bookmark\" style=\"display: inline-block; width: 0px; overflow: hidden; line-height: 0;\" class=\"mce_SELRES_start\">\ufeff<\/span><\/iframe><\/p>\n<p><strong>Come ti sei avvicinato alla musica elettronica?<\/strong><\/p>\n<p>Suonavo la chitarra in una <strong>band post-metal di Firenze<\/strong>. Poi mi ero talmente annoiato del genere che nel 2013 ho deciso di iscrivermi al <strong>corso di musica elettronica al conservatorio<\/strong>. Ho lavorato anche a <a href=\"https:\/\/www.intoscana.it\/it\/articolo\/unlocked-sound-il-suono-svincolato-dallo-spazio-e-dal-tempo-al-tempo-reale-festival\/\"><strong>Tempo Reale<\/strong><\/a> e mi sono immerso in questo mondo fatto di <strong>sperimentazione.<\/strong> Mi ero stancato del mio mondo di appartenenza, mi sembrava molto \u2018contenitore\u2019 e poco \u2018contenuto\u2019, volevo fare ricerca, trovare qualcosa di diverso. In Svezia ho riunito tutti i pezzi del puzzle e li ho fatti diventare miei.<\/p>\n<p><strong>Mi sembri essere una persona che sceglie sempre la strada pi\u00f9 difficile<\/strong><\/p>\n<p>Esatto, assolutamente s\u00ec.<\/p>\n<p><strong>Per esperienze personali a volte mi sembra che qualsiasi cosa faccia, qualsiasi persona incontro, la morte si sempre presente accanto a me. E\u2019 un pensiero ricorrente di cui non riesco a liberarmi, a te capita mai?<\/strong><\/p>\n<p>Ti dico questo l\u2019etichetta che produce il mio disco che mi sono costruita da solo porta il nome di mio nonno, una persona che non ho mai conosciuto. Ma anche in questo casa c\u2019\u00e8 di mezzo la morte.\u00a0\u00c9 sicuramente una cosa con cui faccio i conti spesso. Ma i momenti in cui non ci penso sono sicuramente i momenti migliori.<\/p>\n<p><strong>Si pu\u00f2 dire che questo disco \u00e8 stato per te un atto catartico?<\/strong><\/p>\n<p>Pensa solo a questo, scrivere il nome di questa persona <strong>\u2018Rossana\u2019<\/strong> pi\u00f9 volte al giorno per mesi. L\u2019ho fatto anche poco coscientemente, la \u2018botta\u2019 mi \u00e8 arrivata tutta in fondo. Per me <strong>questo disco \u00e8 stato come sottopormi a un percorso interiore anche se non non razionalmente<\/strong>. Mi sono messo a lavorare con una materia che conosco bene come la musica entro questi confini, per me \u00e8 stato un lavoro enorme. <strong>Mi sono quasi costretto a mettermi davanti allo specchio e tirare fuori le emozioni.<\/strong> Una parte del lavoro \u00e8 concluso, adesso dovrei iniziare a suonare il disco e anche parlarne per avere feedback come sto facendo adesso con te. Non \u00e8 scontato che tutti capiscano di cosa sto parlando e siano interessati. Quindi il vero \u2018lavoro\u2019 dovrebbe iniziare adesso anche se purtroppo per la situazione che stiamo vivendo, non so come e quando potr\u00f2 farlo.<\/p>\n<h3>Ascolta il nuovo singolo appena uscito \u2018Soul\u2019<\/h3>\n<p><iframe loading=\"lazy\" src=\"https:\/\/w.soundcloud.com\/player\/?url=https%3A\/\/api.soundcloud.com\/tracks\/823700869&amp;color=%23ff5500&amp;auto_play=false&amp;hide_related=false&amp;show_comments=true&amp;show_user=true&amp;show_reposts=false&amp;show_teaser=true&amp;visual=true\" width=\"100%\" height=\"300\" frameborder=\"no\" scrolling=\"no\"><\/iframe><\/p>\n<div style=\"font-size: 10px; color: #cccccc; line-break: anywhere; word-break: normal; overflow: hidden; white-space: nowrap; text-overflow: ellipsis; font-family: Interstate,Lucida Grande,Lucida Sans Unicode,Lucida Sans,Garuda,Verdana,Tahoma,sans-serif; font-weight: 100;\"><a style=\"color: #cccccc; text-decoration: none;\" title=\"Francesco Perissi XO\" href=\"https:\/\/soundcloud.com\/francescoperissixo\" target=\"_blank\" rel=\"noopener noreferrer\">Francesco Perissi XO<\/a> \u00b7 <a style=\"color: #cccccc; text-decoration: none;\" title=\"soul\" href=\"https:\/\/soundcloud.com\/francescoperissixo\/soul-1\" target=\"_blank\" rel=\"noopener noreferrer\">soul<\/a><\/div>\n","protected":false},"excerpt":{"rendered":"<p>Il sound designer toscano nel suo terzo disco scritto durante un viaggio in Svezia racconta le fasi dell\u2019accettazione del lutto<\/p>\n","protected":false},"author":518,"featured_media":150767,"comment_status":"open","ping_status":"open","sticky":false,"template":"","format":"standard","meta":{"_acf_changed":false,"footnotes":""},"categories":[14],"tags":[3138,3196],"class_list":["post-150766","post","type-post","status-publish","format-standard","has-post-thumbnail","hentry","category-musica","tag-interviste-agli-artisti","tag-musicisti"],"acf":[],"yoast_head":"<!-- This site is optimized with the Yoast SEO Premium plugin v24.2 (Yoast SEO v25.6) - https:\/\/yoast.com\/wordpress\/plugins\/seo\/ -->\n<title>\u2018ROSSANA\u2019 di Francesco Perissi: terapia sonora contro la morte - intoscana<\/title>\n<meta name=\"description\" content=\"Il sound designer toscano nel suo terzo disco scritto durante un viaggio in Svezia racconta le fasi dell\u2019accettazione del lutto\" \/>\n<meta name=\"robots\" content=\"index, follow, max-snippet:-1, max-image-preview:large, max-video-preview:-1\" \/>\n<link rel=\"canonical\" href=\"https:\/\/www.intoscana.it\/it\/rossana-francesco-perissi\/\" \/>\n<meta property=\"og:locale\" content=\"it_IT\" \/>\n<meta property=\"og:type\" content=\"article\" \/>\n<meta property=\"og:title\" content=\"\u2018ROSSANA\u2019 di Francesco Perissi: terapia sonora contro la morte\" \/>\n<meta property=\"og:description\" content=\"Il sound designer toscano nel suo terzo disco scritto durante un viaggio in Svezia racconta le fasi dell\u2019accettazione del lutto\" \/>\n<meta property=\"og:url\" content=\"https:\/\/www.intoscana.it\/it\/rossana-francesco-perissi\/\" \/>\n<meta property=\"og:site_name\" content=\"intoscana\" \/>\n<meta property=\"article:publisher\" content=\"https:\/\/www.facebook.com\/intoscana.it\" \/>\n<meta property=\"article:published_time\" content=\"2020-09-04T07:58:17+00:00\" \/>\n<meta property=\"article:modified_time\" content=\"2020-09-04T07:59:45+00:00\" \/>\n<meta property=\"og:image\" content=\"https:\/\/www.intoscana.it\/wp-content\/uploads\/Francesco-Perissi-accettazione.jpg\" \/>\n\t<meta property=\"og:image:width\" content=\"2048\" \/>\n\t<meta property=\"og:image:height\" content=\"1367\" \/>\n\t<meta property=\"og:image:type\" content=\"image\/jpeg\" \/>\n<meta name=\"author\" content=\"Costanza Baldini\" \/>\n<meta name=\"twitter:card\" content=\"summary_large_image\" \/>\n<meta name=\"twitter:creator\" content=\"@intoscana\" \/>\n<meta name=\"twitter:site\" content=\"@intoscana\" \/>\n<meta name=\"twitter:label1\" content=\"Written by\" \/>\n\t<meta name=\"twitter:data1\" content=\"Costanza Baldini\" \/>\n\t<meta name=\"twitter:label2\" content=\"Est. reading time\" \/>\n\t<meta name=\"twitter:data2\" content=\"5 minuti\" \/>\n<script type=\"application\/ld+json\" class=\"yoast-schema-graph\">{\"@context\":\"https:\/\/schema.org\",\"@graph\":[{\"@type\":\"WebPage\",\"@id\":\"https:\/\/www.intoscana.it\/it\/rossana-francesco-perissi\/\",\"url\":\"https:\/\/www.intoscana.it\/it\/rossana-francesco-perissi\/\",\"name\":\"\u2018ROSSANA\u2019 di Francesco Perissi: terapia sonora contro la morte - intoscana\",\"isPartOf\":{\"@id\":\"https:\/\/www.intoscana.it\/it\/#website\"},\"primaryImageOfPage\":{\"@id\":\"https:\/\/www.intoscana.it\/it\/rossana-francesco-perissi\/#primaryimage\"},\"image\":{\"@id\":\"https:\/\/www.intoscana.it\/it\/rossana-francesco-perissi\/#primaryimage\"},\"thumbnailUrl\":\"https:\/\/www.intoscana.it\/wp-content\/uploads\/Francesco-Perissi-accettazione.jpg\",\"datePublished\":\"2020-09-04T07:58:17+00:00\",\"dateModified\":\"2020-09-04T07:59:45+00:00\",\"author\":{\"@id\":\"https:\/\/www.intoscana.it\/it\/#\/schema\/person\/d469f35f09739bdf00bf5dd3f0647a82\"},\"description\":\"Il sound designer toscano nel suo terzo disco scritto durante un viaggio in Svezia racconta le fasi dell\u2019accettazione del lutto\",\"breadcrumb\":{\"@id\":\"https:\/\/www.intoscana.it\/it\/rossana-francesco-perissi\/#breadcrumb\"},\"inLanguage\":\"it-IT\",\"potentialAction\":[{\"@type\":\"ReadAction\",\"target\":[\"https:\/\/www.intoscana.it\/it\/rossana-francesco-perissi\/\"]}]},{\"@type\":\"ImageObject\",\"inLanguage\":\"it-IT\",\"@id\":\"https:\/\/www.intoscana.it\/it\/rossana-francesco-perissi\/#primaryimage\",\"url\":\"https:\/\/www.intoscana.it\/wp-content\/uploads\/Francesco-Perissi-accettazione.jpg\",\"contentUrl\":\"https:\/\/www.intoscana.it\/wp-content\/uploads\/Francesco-Perissi-accettazione.jpg\",\"width\":2048,\"height\":1367,\"caption\":\"Francesco Perissi, accettazione\"},{\"@type\":\"BreadcrumbList\",\"@id\":\"https:\/\/www.intoscana.it\/it\/rossana-francesco-perissi\/#breadcrumb\",\"itemListElement\":[{\"@type\":\"ListItem\",\"position\":1,\"name\":\"Home\",\"item\":\"https:\/\/www.intoscana.it\/it\/\"},{\"@type\":\"ListItem\",\"position\":2,\"name\":\"\u2018ROSSANA\u2019 di Francesco Perissi: terapia sonora contro la morte\"}]},{\"@type\":\"WebSite\",\"@id\":\"https:\/\/www.intoscana.it\/it\/#website\",\"url\":\"https:\/\/www.intoscana.it\/it\/\",\"name\":\"intoscana\",\"description\":\"\",\"potentialAction\":[{\"@type\":\"SearchAction\",\"target\":{\"@type\":\"EntryPoint\",\"urlTemplate\":\"https:\/\/www.intoscana.it\/it\/?s={search_term_string}\"},\"query-input\":{\"@type\":\"PropertyValueSpecification\",\"valueRequired\":true,\"valueName\":\"search_term_string\"}}],\"inLanguage\":\"it-IT\"},{\"@type\":\"Person\",\"@id\":\"https:\/\/www.intoscana.it\/it\/#\/schema\/person\/d469f35f09739bdf00bf5dd3f0647a82\",\"name\":\"Costanza Baldini\",\"url\":\"https:\/\/www.intoscana.it\/it\/author\/costanza-baldini\/\"}]}<\/script>\n<!-- \/ Yoast SEO Premium plugin. -->","yoast_head_json":{"title":"\u2018ROSSANA\u2019 di Francesco Perissi: terapia sonora contro la morte - intoscana","description":"Il sound designer toscano nel suo terzo disco scritto durante un viaggio in Svezia racconta le fasi dell\u2019accettazione del lutto","robots":{"index":"index","follow":"follow","max-snippet":"max-snippet:-1","max-image-preview":"max-image-preview:large","max-video-preview":"max-video-preview:-1"},"canonical":"https:\/\/www.intoscana.it\/it\/rossana-francesco-perissi\/","og_locale":"it_IT","og_type":"article","og_title":"\u2018ROSSANA\u2019 di Francesco Perissi: terapia sonora contro la morte","og_description":"Il sound designer toscano nel suo terzo disco scritto durante un viaggio in Svezia racconta le fasi dell\u2019accettazione del lutto","og_url":"https:\/\/www.intoscana.it\/it\/rossana-francesco-perissi\/","og_site_name":"intoscana","article_publisher":"https:\/\/www.facebook.com\/intoscana.it","article_published_time":"2020-09-04T07:58:17+00:00","article_modified_time":"2020-09-04T07:59:45+00:00","og_image":[{"width":2048,"height":1367,"url":"https:\/\/www.intoscana.it\/wp-content\/uploads\/Francesco-Perissi-accettazione.jpg","type":"image\/jpeg"}],"author":"Costanza Baldini","twitter_card":"summary_large_image","twitter_creator":"@intoscana","twitter_site":"@intoscana","twitter_misc":{"Written by":"Costanza Baldini","Est. reading time":"5 minuti"},"schema":{"@context":"https:\/\/schema.org","@graph":[{"@type":"WebPage","@id":"https:\/\/www.intoscana.it\/it\/rossana-francesco-perissi\/","url":"https:\/\/www.intoscana.it\/it\/rossana-francesco-perissi\/","name":"\u2018ROSSANA\u2019 di Francesco Perissi: terapia sonora contro la morte - intoscana","isPartOf":{"@id":"https:\/\/www.intoscana.it\/it\/#website"},"primaryImageOfPage":{"@id":"https:\/\/www.intoscana.it\/it\/rossana-francesco-perissi\/#primaryimage"},"image":{"@id":"https:\/\/www.intoscana.it\/it\/rossana-francesco-perissi\/#primaryimage"},"thumbnailUrl":"https:\/\/www.intoscana.it\/wp-content\/uploads\/Francesco-Perissi-accettazione.jpg","datePublished":"2020-09-04T07:58:17+00:00","dateModified":"2020-09-04T07:59:45+00:00","author":{"@id":"https:\/\/www.intoscana.it\/it\/#\/schema\/person\/d469f35f09739bdf00bf5dd3f0647a82"},"description":"Il sound designer toscano nel suo terzo disco scritto durante un viaggio in Svezia racconta le fasi dell\u2019accettazione del lutto","breadcrumb":{"@id":"https:\/\/www.intoscana.it\/it\/rossana-francesco-perissi\/#breadcrumb"},"inLanguage":"it-IT","potentialAction":[{"@type":"ReadAction","target":["https:\/\/www.intoscana.it\/it\/rossana-francesco-perissi\/"]}]},{"@type":"ImageObject","inLanguage":"it-IT","@id":"https:\/\/www.intoscana.it\/it\/rossana-francesco-perissi\/#primaryimage","url":"https:\/\/www.intoscana.it\/wp-content\/uploads\/Francesco-Perissi-accettazione.jpg","contentUrl":"https:\/\/www.intoscana.it\/wp-content\/uploads\/Francesco-Perissi-accettazione.jpg","width":2048,"height":1367,"caption":"Francesco Perissi, accettazione"},{"@type":"BreadcrumbList","@id":"https:\/\/www.intoscana.it\/it\/rossana-francesco-perissi\/#breadcrumb","itemListElement":[{"@type":"ListItem","position":1,"name":"Home","item":"https:\/\/www.intoscana.it\/it\/"},{"@type":"ListItem","position":2,"name":"\u2018ROSSANA\u2019 di Francesco Perissi: terapia sonora contro la morte"}]},{"@type":"WebSite","@id":"https:\/\/www.intoscana.it\/it\/#website","url":"https:\/\/www.intoscana.it\/it\/","name":"intoscana","description":"","potentialAction":[{"@type":"SearchAction","target":{"@type":"EntryPoint","urlTemplate":"https:\/\/www.intoscana.it\/it\/?s={search_term_string}"},"query-input":{"@type":"PropertyValueSpecification","valueRequired":true,"valueName":"search_term_string"}}],"inLanguage":"it-IT"},{"@type":"Person","@id":"https:\/\/www.intoscana.it\/it\/#\/schema\/person\/d469f35f09739bdf00bf5dd3f0647a82","name":"Costanza Baldini","url":"https:\/\/www.intoscana.it\/it\/author\/costanza-baldini\/"}]}},"_links":{"self":[{"href":"https:\/\/www.intoscana.it\/it\/wp-json\/wp\/v2\/posts\/150766","targetHints":{"allow":["GET"]}}],"collection":[{"href":"https:\/\/www.intoscana.it\/it\/wp-json\/wp\/v2\/posts"}],"about":[{"href":"https:\/\/www.intoscana.it\/it\/wp-json\/wp\/v2\/types\/post"}],"author":[{"embeddable":true,"href":"https:\/\/www.intoscana.it\/it\/wp-json\/wp\/v2\/users\/518"}],"replies":[{"embeddable":true,"href":"https:\/\/www.intoscana.it\/it\/wp-json\/wp\/v2\/comments?post=150766"}],"version-history":[{"count":0,"href":"https:\/\/www.intoscana.it\/it\/wp-json\/wp\/v2\/posts\/150766\/revisions"}],"wp:featuredmedia":[{"embeddable":true,"href":"https:\/\/www.intoscana.it\/it\/wp-json\/wp\/v2\/media\/150767"}],"wp:attachment":[{"href":"https:\/\/www.intoscana.it\/it\/wp-json\/wp\/v2\/media?parent=150766"}],"wp:term":[{"taxonomy":"category","embeddable":true,"href":"https:\/\/www.intoscana.it\/it\/wp-json\/wp\/v2\/categories?post=150766"},{"taxonomy":"post_tag","embeddable":true,"href":"https:\/\/www.intoscana.it\/it\/wp-json\/wp\/v2\/tags?post=150766"}],"curies":[{"name":"wp","href":"https:\/\/api.w.org\/{rel}","templated":true}]}}