{"id":150797,"date":"2020-09-07T08:06:14","date_gmt":"2020-09-07T06:06:14","guid":{"rendered":"https:\/\/www.intoscana.it\/it\/?p=150797"},"modified":"2020-09-07T10:53:38","modified_gmt":"2020-09-07T08:53:38","slug":"centenario-terremoto-garfagnana-lunigiana","status":"publish","type":"post","link":"https:\/\/www.intoscana.it\/it\/centenario-terremoto-garfagnana-lunigiana\/","title":{"rendered":"\u201cQuando la terra trem\u00f2\u201d, Garfagnana e Lunigiana a cento anni dal terremoto"},"content":{"rendered":"<p>Il <strong>7 settembre 1920, alle 7:56 della mattina<\/strong>, la Garfagnana e la Lunigiana furono colpite da una violenta scossa che provoc\u00f2 numerosi danni alle abitazioni, vittime e tantissimi sfollati. Questo terremoto \u00e8 stato uno degli <strong>eventi sismici pi\u00f9 distruttivi<\/strong> registrati nella regione appenninica nel ventesimo secolo, ed \u00e8 il<strong> pi\u00f9 forte mai registrato in Toscana<\/strong> in tempi storici, nonch\u00e9 quello con il pi\u00f9 alto numero di vittime del novecento, superando quello avvenuto l&#8217;anno precedente nel Mugello.<\/p>\n<h3>Il sisma<\/h3>\n<div class=\"focuson\"><a href=\"https:\/\/www.intoscana.it\/it\/articolo\/opinione\/terremoto-1920-sismologo\/\"><img decoding=\"async\" class=\"lazy\" src=\"https:\/\/www.intoscana.it\/wp-content\/uploads\/Terremoto-1920-Piazza-Medicea-Fivizzano.jpg\" style=\"\">\n                <div class=\"cat\">L'opinione<\/div>\n                <h4>Intervista a Carlo Meletti INGV<\/h4><\/a>\n              <\/div>\n<p>Il sisma di <strong>magnitudo 6,48<\/strong> interess\u00f2 un\u2019area di circa 160km<sup>2<\/sup> della Toscana settentrionale ai confini con la Liguria: all\u2019epicentro l&#8217;intensit\u00e0 registrata fu del IX-X grado della scala MCS (Mercalli Cancani Sieberg). Furono praticamente distrutte le localit\u00e0 di Vigneta (frazione di Casola in Lunigiana, MS), Villa Collemandina (LU) e Fivizzano (MS). Danni di minore entit\u00e0 si registrano fino alle province di Genova, Modena, Reggio Emilia e Pisa.<\/p>\n<p><strong>I morti ufficialmente furono 171, i feriti 650. Migliaia le persone che rimasero senza casa.<\/strong> I numeri furono cos\u00ec bassi perch\u00e9, fortunatamente a quell\u2019ora della mattina, le persone erano gi\u00e0 impegnate nel lavoro nei campi. Nel 1920 la maggior parte della popolazione, infatti, era occupate nell\u2019agricoltura, nell\u2019allevamento e nell\u2019estrazione del marmo. Oltre a questo, la sera prima si era verificata una scossa che preallert\u00f2 la popolazione e tante persone dormirono fuori casa.<\/p>\n<figure id=\"attachment_150798\" aria-describedby=\"caption-attachment-150798\" style=\"width: 611px\" class=\"wp-caption aligncenter\"><img loading=\"lazy\" decoding=\"async\" class=\" wp-image-150798\" src=\"https:\/\/www.intoscana.it\/wp-content\/uploads\/terremoto-1920-Garfagnana-INGV.png\" alt=\"Terremoto 1920, studio macrosismico dell'Istituto Nazionale di Geofisica e Vulcanologia\" width=\"611\" height=\"611\" srcset=\"https:\/\/www.intoscana.it\/wp-content\/uploads\/terremoto-1920-Garfagnana-INGV.png 1080w, https:\/\/www.intoscana.it\/wp-content\/uploads\/terremoto-1920-Garfagnana-INGV-300x300.png 300w, https:\/\/www.intoscana.it\/wp-content\/uploads\/terremoto-1920-Garfagnana-INGV-500x500.png 500w, https:\/\/www.intoscana.it\/wp-content\/uploads\/terremoto-1920-Garfagnana-INGV-150x150.png 150w, https:\/\/www.intoscana.it\/wp-content\/uploads\/terremoto-1920-Garfagnana-INGV-768x768.png 768w\" sizes=\"auto, (max-width: 611px) 100vw, 611px\" \/><figcaption id=\"caption-attachment-150798\" class=\"wp-caption-text\">Terremoto 1920, studio macrosismico dell&#8217;Istituto Nazionale di Geofisica e Vulcanologia<\/figcaption><\/figure>\n<h3>I soccorsi<\/h3>\n<p>All\u2019epoca il sistema di protezione civile che oggi conosciamo non esisteva. <strong>I soccorsi furono segnati da ritardi e difficolt\u00e0 di organizzazione<\/strong>, in parte provocati dall\u2019interruzione delle comunicazioni telegrafiche. Fu impossibile, infatti, avere notizie certe, in particolare dai piccoli centri dell\u2019entroterra montuoso della regione colpita dal terremoto. Dopo una prima sottovalutazione dei danni causati, il Ministero dell\u2019Interno mise in moto la macchina dei soccorsi. Dalla Liguria e dalla Spezia furono inviate le prime squadre di soccorso e i marinai della nave Cavour furono attivati per lo sgombero delle macerie e il salvataggio di eventuali superstiti. Per le operazioni di primo soccorso intervennero a Fivizzano e negli altri centri colpiti <strong>volontari da Spezia, da Massa, da Carrara, squadre della pubblica assistenza e un migliaio di soldati di fanteria<\/strong>, zappatori e del genio da Firenze, Piacenza, Bologna, Reggio Emilia, che operarono, alternandosi, fino al primo dicembre 1920. A questi si aggiunsero i pompieri che intervennero per la messa in sicurezza degli edifici lesionati.<\/p>\n<h3>Le iniziative per i cento anni dal terremoto<\/h3>\n<p>Oggi, a cento anni da questa tragedia, <strong>l\u2019Unione Comuni Garfagnana<\/strong> ha organizzato due convegni e una commemorazione. Questa ricorrenza non \u00e8 solo un anniversario da ricordare, ma vuole diventare l\u2019occasione per proporre un progetto pilota di respiro nazionale ed europeo attraverso un pacchetto di misure che vedono nella strategia nazionale per le aree interne il punto di avvio e di cerniera per il futuro.<\/p>\n<p>Per quanto riguarda le iniziative, si tratta di un <strong>convegno dal titolo \u201c1920-2020 Cent\u2019anni di attenzione al territorio\u201d<\/strong> al Teatro Alfieri di Castelnuovo di Garfagnana dove interverranno tecnici e professionisti del settore oltre alle autorit\u00e0 locali. Parallelamente si terr\u00e0 una conferenza di <strong>presentazione del sistema di Protezione Civile della Garfagnana presso il Centro di Protezione Civile<\/strong> in localit\u00e0 \u201cOrto Murato\u201d sempre a Castelnuovo di Garfagnana. A questo evento parteciperanno il <strong>Capo del Dipartimento di Protezione Civile Angelo Borelli<\/strong>, i rappresentanti della Regione, Provincia e Unione Comuni Garfagnana e autorit\u00e0 locali e tecniche. Infine, si terr\u00e0 un evento commemorativo delle vittime del terremoto presso il Chiostro della Chiesa di Villa Collemandina, luogo dell\u2019epicentro, alla presenza del <strong>ministro della Difesa, Lorenzo Guerini<\/strong> e delle autorit\u00e0 militari, civili e religiose. L\u2019accesso \u00e8 limitato e su prenotazione, gli eventi sono visibili in streaming. \u00a0Oltre a questi eventi in presenza, presso il chiostro delle Chiesa di Villa Collemandina \u00e8 allestita una <strong>mostra fotografica<\/strong> rappresentativa della situazione posteriore al sisma. Questa sera, andr\u00e0 poi in onda su <a href=\"https:\/\/www.intoscana.it\/it\/articolo\/documentario-terremoto-garfagnana\/\" target=\"_blank\" rel=\"noopener noreferrer\">Rai Storia il documentario<\/a> <strong>\u201c1920. Il terremoto in Garfagnana e Lunigiana\u201d.<\/strong><\/p>\n","protected":false},"excerpt":{"rendered":"<p>Cento anni fa la Garfagnana e la Lunigiana furono colpite dal pi\u00f9 forte terremoto mai registrato in Toscana, numerosi i danni, le vittime e gli sfollati. Oggi questi territori si fermano per ricordare e commemorare l&#039;anniversario di questo tragico evento<\/p>\n","protected":false},"author":507,"featured_media":150799,"comment_status":"open","ping_status":"open","sticky":false,"template":"","format":"standard","meta":{"_acf_changed":false,"footnotes":""},"categories":[19],"tags":[4368,4437,4509,3471,4508],"class_list":["post-150797","post","type-post","status-publish","format-standard","has-post-thumbnail","hentry","category-ambiente","tag-anniversario","tag-garfagnana","tag-lunigiana","tag-protezione-civile","tag-terremoto"],"acf":[],"yoast_head":"<!-- This site is optimized with the Yoast SEO Premium plugin v24.2 (Yoast SEO v25.6) - https:\/\/yoast.com\/wordpress\/plugins\/seo\/ -->\n<title>\u201cQuando la terra trem\u00f2\u201d, Garfagnana e Lunigiana a cento anni dal terremoto - intoscana<\/title>\n<meta name=\"robots\" content=\"index, follow, max-snippet:-1, max-image-preview:large, max-video-preview:-1\" \/>\n<link rel=\"canonical\" href=\"https:\/\/www.intoscana.it\/it\/centenario-terremoto-garfagnana-lunigiana\/\" \/>\n<meta property=\"og:locale\" content=\"it_IT\" \/>\n<meta property=\"og:type\" content=\"article\" \/>\n<meta property=\"og:title\" content=\"\u201cQuando la terra trem\u00f2\u201d, Garfagnana e Lunigiana a cento anni dal terremoto\" \/>\n<meta property=\"og:description\" content=\"Cento anni fa la Garfagnana e la Lunigiana furono colpite dal pi\u00f9 forte terremoto mai registrato in Toscana, numerosi i danni, le vittime e gli sfollati. Oggi questi territori si fermano per ricordare e commemorare l&#039;anniversario di questo tragico evento\" \/>\n<meta property=\"og:url\" content=\"https:\/\/www.intoscana.it\/it\/centenario-terremoto-garfagnana-lunigiana\/\" \/>\n<meta property=\"og:site_name\" content=\"intoscana\" \/>\n<meta property=\"article:publisher\" content=\"https:\/\/www.facebook.com\/intoscana.it\" \/>\n<meta property=\"article:published_time\" content=\"2020-09-07T06:06:14+00:00\" \/>\n<meta property=\"article:modified_time\" content=\"2020-09-07T08:53:38+00:00\" \/>\n<meta property=\"og:image\" content=\"https:\/\/www.intoscana.it\/wp-content\/uploads\/Terremoto-1920-biglietto-lotteria.jpg\" \/>\n\t<meta property=\"og:image:width\" content=\"880\" \/>\n\t<meta property=\"og:image:height\" content=\"647\" \/>\n\t<meta property=\"og:image:type\" content=\"image\/jpeg\" \/>\n<meta name=\"author\" content=\"Chiara Bianchini\" \/>\n<meta name=\"twitter:card\" content=\"summary_large_image\" \/>\n<meta name=\"twitter:creator\" content=\"@intoscana\" \/>\n<meta name=\"twitter:site\" content=\"@intoscana\" \/>\n<meta name=\"twitter:label1\" content=\"Written by\" \/>\n\t<meta name=\"twitter:data1\" content=\"Chiara Bianchini\" \/>\n\t<meta name=\"twitter:label2\" content=\"Est. reading time\" \/>\n\t<meta name=\"twitter:data2\" content=\"3 minuti\" \/>\n<script type=\"application\/ld+json\" class=\"yoast-schema-graph\">{\"@context\":\"https:\/\/schema.org\",\"@graph\":[{\"@type\":\"WebPage\",\"@id\":\"https:\/\/www.intoscana.it\/it\/centenario-terremoto-garfagnana-lunigiana\/\",\"url\":\"https:\/\/www.intoscana.it\/it\/centenario-terremoto-garfagnana-lunigiana\/\",\"name\":\"\u201cQuando la terra trem\u00f2\u201d, Garfagnana e Lunigiana a cento anni dal terremoto - intoscana\",\"isPartOf\":{\"@id\":\"https:\/\/www.intoscana.it\/it\/#website\"},\"primaryImageOfPage\":{\"@id\":\"https:\/\/www.intoscana.it\/it\/centenario-terremoto-garfagnana-lunigiana\/#primaryimage\"},\"image\":{\"@id\":\"https:\/\/www.intoscana.it\/it\/centenario-terremoto-garfagnana-lunigiana\/#primaryimage\"},\"thumbnailUrl\":\"https:\/\/www.intoscana.it\/wp-content\/uploads\/Terremoto-1920-biglietto-lotteria.jpg\",\"datePublished\":\"2020-09-07T06:06:14+00:00\",\"dateModified\":\"2020-09-07T08:53:38+00:00\",\"author\":{\"@id\":\"https:\/\/www.intoscana.it\/it\/#\/schema\/person\/010af92117f50561886339ad5b873a41\"},\"breadcrumb\":{\"@id\":\"https:\/\/www.intoscana.it\/it\/centenario-terremoto-garfagnana-lunigiana\/#breadcrumb\"},\"inLanguage\":\"it-IT\",\"potentialAction\":[{\"@type\":\"ReadAction\",\"target\":[\"https:\/\/www.intoscana.it\/it\/centenario-terremoto-garfagnana-lunigiana\/\"]}]},{\"@type\":\"ImageObject\",\"inLanguage\":\"it-IT\",\"@id\":\"https:\/\/www.intoscana.it\/it\/centenario-terremoto-garfagnana-lunigiana\/#primaryimage\",\"url\":\"https:\/\/www.intoscana.it\/wp-content\/uploads\/Terremoto-1920-biglietto-lotteria.jpg\",\"contentUrl\":\"https:\/\/www.intoscana.it\/wp-content\/uploads\/Terremoto-1920-biglietto-lotteria.jpg\",\"width\":880,\"height\":647,\"caption\":\"Terremoto 1920, biglietto della lotteria\"},{\"@type\":\"BreadcrumbList\",\"@id\":\"https:\/\/www.intoscana.it\/it\/centenario-terremoto-garfagnana-lunigiana\/#breadcrumb\",\"itemListElement\":[{\"@type\":\"ListItem\",\"position\":1,\"name\":\"Home\",\"item\":\"https:\/\/www.intoscana.it\/it\/\"},{\"@type\":\"ListItem\",\"position\":2,\"name\":\"\u201cQuando la terra trem\u00f2\u201d, Garfagnana e Lunigiana a cento anni dal terremoto\"}]},{\"@type\":\"WebSite\",\"@id\":\"https:\/\/www.intoscana.it\/it\/#website\",\"url\":\"https:\/\/www.intoscana.it\/it\/\",\"name\":\"intoscana\",\"description\":\"\",\"potentialAction\":[{\"@type\":\"SearchAction\",\"target\":{\"@type\":\"EntryPoint\",\"urlTemplate\":\"https:\/\/www.intoscana.it\/it\/?s={search_term_string}\"},\"query-input\":{\"@type\":\"PropertyValueSpecification\",\"valueRequired\":true,\"valueName\":\"search_term_string\"}}],\"inLanguage\":\"it-IT\"},{\"@type\":\"Person\",\"@id\":\"https:\/\/www.intoscana.it\/it\/#\/schema\/person\/010af92117f50561886339ad5b873a41\",\"name\":\"Chiara Bianchini\",\"sameAs\":[\"c.bianchini@fst.it\"],\"url\":\"https:\/\/www.intoscana.it\/it\/author\/chiara-bianchini\/\"}]}<\/script>\n<!-- \/ Yoast SEO Premium plugin. -->","yoast_head_json":{"title":"\u201cQuando la terra trem\u00f2\u201d, Garfagnana e Lunigiana a cento anni dal terremoto - intoscana","robots":{"index":"index","follow":"follow","max-snippet":"max-snippet:-1","max-image-preview":"max-image-preview:large","max-video-preview":"max-video-preview:-1"},"canonical":"https:\/\/www.intoscana.it\/it\/centenario-terremoto-garfagnana-lunigiana\/","og_locale":"it_IT","og_type":"article","og_title":"\u201cQuando la terra trem\u00f2\u201d, Garfagnana e Lunigiana a cento anni dal terremoto","og_description":"Cento anni fa la Garfagnana e la Lunigiana furono colpite dal pi\u00f9 forte terremoto mai registrato in Toscana, numerosi i danni, le vittime e gli sfollati. Oggi questi territori si fermano per ricordare e commemorare l&#039;anniversario di questo tragico evento","og_url":"https:\/\/www.intoscana.it\/it\/centenario-terremoto-garfagnana-lunigiana\/","og_site_name":"intoscana","article_publisher":"https:\/\/www.facebook.com\/intoscana.it","article_published_time":"2020-09-07T06:06:14+00:00","article_modified_time":"2020-09-07T08:53:38+00:00","og_image":[{"width":880,"height":647,"url":"https:\/\/www.intoscana.it\/wp-content\/uploads\/Terremoto-1920-biglietto-lotteria.jpg","type":"image\/jpeg"}],"author":"Chiara Bianchini","twitter_card":"summary_large_image","twitter_creator":"@intoscana","twitter_site":"@intoscana","twitter_misc":{"Written by":"Chiara Bianchini","Est. reading time":"3 minuti"},"schema":{"@context":"https:\/\/schema.org","@graph":[{"@type":"WebPage","@id":"https:\/\/www.intoscana.it\/it\/centenario-terremoto-garfagnana-lunigiana\/","url":"https:\/\/www.intoscana.it\/it\/centenario-terremoto-garfagnana-lunigiana\/","name":"\u201cQuando la terra trem\u00f2\u201d, Garfagnana e Lunigiana a cento anni dal terremoto - intoscana","isPartOf":{"@id":"https:\/\/www.intoscana.it\/it\/#website"},"primaryImageOfPage":{"@id":"https:\/\/www.intoscana.it\/it\/centenario-terremoto-garfagnana-lunigiana\/#primaryimage"},"image":{"@id":"https:\/\/www.intoscana.it\/it\/centenario-terremoto-garfagnana-lunigiana\/#primaryimage"},"thumbnailUrl":"https:\/\/www.intoscana.it\/wp-content\/uploads\/Terremoto-1920-biglietto-lotteria.jpg","datePublished":"2020-09-07T06:06:14+00:00","dateModified":"2020-09-07T08:53:38+00:00","author":{"@id":"https:\/\/www.intoscana.it\/it\/#\/schema\/person\/010af92117f50561886339ad5b873a41"},"breadcrumb":{"@id":"https:\/\/www.intoscana.it\/it\/centenario-terremoto-garfagnana-lunigiana\/#breadcrumb"},"inLanguage":"it-IT","potentialAction":[{"@type":"ReadAction","target":["https:\/\/www.intoscana.it\/it\/centenario-terremoto-garfagnana-lunigiana\/"]}]},{"@type":"ImageObject","inLanguage":"it-IT","@id":"https:\/\/www.intoscana.it\/it\/centenario-terremoto-garfagnana-lunigiana\/#primaryimage","url":"https:\/\/www.intoscana.it\/wp-content\/uploads\/Terremoto-1920-biglietto-lotteria.jpg","contentUrl":"https:\/\/www.intoscana.it\/wp-content\/uploads\/Terremoto-1920-biglietto-lotteria.jpg","width":880,"height":647,"caption":"Terremoto 1920, biglietto della lotteria"},{"@type":"BreadcrumbList","@id":"https:\/\/www.intoscana.it\/it\/centenario-terremoto-garfagnana-lunigiana\/#breadcrumb","itemListElement":[{"@type":"ListItem","position":1,"name":"Home","item":"https:\/\/www.intoscana.it\/it\/"},{"@type":"ListItem","position":2,"name":"\u201cQuando la terra trem\u00f2\u201d, Garfagnana e Lunigiana a cento anni dal terremoto"}]},{"@type":"WebSite","@id":"https:\/\/www.intoscana.it\/it\/#website","url":"https:\/\/www.intoscana.it\/it\/","name":"intoscana","description":"","potentialAction":[{"@type":"SearchAction","target":{"@type":"EntryPoint","urlTemplate":"https:\/\/www.intoscana.it\/it\/?s={search_term_string}"},"query-input":{"@type":"PropertyValueSpecification","valueRequired":true,"valueName":"search_term_string"}}],"inLanguage":"it-IT"},{"@type":"Person","@id":"https:\/\/www.intoscana.it\/it\/#\/schema\/person\/010af92117f50561886339ad5b873a41","name":"Chiara Bianchini","sameAs":["c.bianchini@fst.it"],"url":"https:\/\/www.intoscana.it\/it\/author\/chiara-bianchini\/"}]}},"_links":{"self":[{"href":"https:\/\/www.intoscana.it\/it\/wp-json\/wp\/v2\/posts\/150797","targetHints":{"allow":["GET"]}}],"collection":[{"href":"https:\/\/www.intoscana.it\/it\/wp-json\/wp\/v2\/posts"}],"about":[{"href":"https:\/\/www.intoscana.it\/it\/wp-json\/wp\/v2\/types\/post"}],"author":[{"embeddable":true,"href":"https:\/\/www.intoscana.it\/it\/wp-json\/wp\/v2\/users\/507"}],"replies":[{"embeddable":true,"href":"https:\/\/www.intoscana.it\/it\/wp-json\/wp\/v2\/comments?post=150797"}],"version-history":[{"count":0,"href":"https:\/\/www.intoscana.it\/it\/wp-json\/wp\/v2\/posts\/150797\/revisions"}],"wp:featuredmedia":[{"embeddable":true,"href":"https:\/\/www.intoscana.it\/it\/wp-json\/wp\/v2\/media\/150799"}],"wp:attachment":[{"href":"https:\/\/www.intoscana.it\/it\/wp-json\/wp\/v2\/media?parent=150797"}],"wp:term":[{"taxonomy":"category","embeddable":true,"href":"https:\/\/www.intoscana.it\/it\/wp-json\/wp\/v2\/categories?post=150797"},{"taxonomy":"post_tag","embeddable":true,"href":"https:\/\/www.intoscana.it\/it\/wp-json\/wp\/v2\/tags?post=150797"}],"curies":[{"name":"wp","href":"https:\/\/api.w.org\/{rel}","templated":true}]}}