{"id":151016,"date":"2020-09-07T14:11:29","date_gmt":"2020-09-07T12:11:29","guid":{"rendered":"https:\/\/www.intoscana.it\/it\/?p=151016"},"modified":"2020-09-07T14:13:05","modified_gmt":"2020-09-07T12:13:05","slug":"jacopo-benassi-al-pecci-con-vuoto-25-anni-di-foto-nei-centri-sociali","status":"publish","type":"post","link":"https:\/\/www.intoscana.it\/it\/jacopo-benassi-al-pecci-con-vuoto-25-anni-di-foto-nei-centri-sociali\/","title":{"rendered":"Jacopo Benassi al Pecci con \u2018Vuoto\u2019: 25 anni di foto nei centri sociali"},"content":{"rendered":"<p><strong>La mostra \u2018Vuoto\u2019<\/strong> sar\u00e0 esposta al <a href=\"https:\/\/www.centropecci.it\"><strong>Centro Pecci di Prato<\/strong><\/a> <strong>dall\u20198 settembre al 1\u00b0 novembre<\/strong> ed \u00e8 la prima personale del fotografo<a href=\"https:\/\/www.jacopobenassi.com\"><strong> Jacopo Benassi<\/strong> <\/a>in un museo. Il progetto porta al Pecci <strong>lo studio del fotografo, parzialmente ricreato all\u2019interno della mostra<\/strong>. I soggetti di Benassi sono i pi\u00f9 disparati, dall&#8217;<strong>umanit\u00e0 che abita la cultura underground e musicale internazionale<\/strong> (a partire dall&#8217;esperienza del club <strong>Btomic<\/strong>, gestito dallo stesso fotografo con alcuni amici) a ritratti di <strong>modelle, attrici, artisti, stilisti<\/strong> pubblicati nelle pi\u00f9 importanti riviste italiane, fino all&#8217;<strong>indagine sul corpo,<\/strong> che varia dalla documentazione autobiografica di incontri sessuali, allo <strong>sguardo intenso sulla statuaria antica<\/strong> e che pu\u00f2 essere considerato il &#8220;filo rosso&#8221; della sua <strong>produzione pantagruelica<\/strong>.<\/p>\n<p><strong>Le foto di Jacopo Benassi<\/strong> usciranno poi dalle mura del Centro Pecci per invadere le strade della citt\u00e0 con una campagna di affissioni pubbliche che utilizzano le immagini tratte da <strong>&#8216;The Belt&#8217;,<\/strong> progetto fotografico\u00a0<strong>dedicato al distretto tessile pratese<\/strong> in collaborazione con l&#8217;<a href=\"https:\/\/manteco.com\/\"><strong>Archivio Manteco<\/strong><\/a>. Il progetto di <strong>Benassi<\/strong> si concentra su Prato come\u00a0<strong>centro riconosciuto dell&#8217;industria tessile<\/strong> che si contraddistingue per la <strong>fitta filiera di piccole e grandi aziende d&#8217;eccellenza<\/strong> capaci di lavorare grandi quantit\u00e0 di tessuti provenienti da ogni parte del mondo mixando le pi\u00f9 alte tecnologie e i vecchi saperi artigianali. Nelle immagini a forte contrasto bianco e nero sono protagonisti <strong>i tessuti, i macchinari, i ritratti degli artigiani<\/strong> e le loro mani che lavorano. Il titolo del progetto, <strong>The Belt, si rif\u00e0 alla <a href=\"https:\/\/it.wikipedia.org\/wiki\/Sacra_Cintola\">Sacra Cintola<\/a><\/strong>, preziosa reliquia della Madonna conservata nella cattedrale di Prato, elemento identitario della citt\u00e0.<\/p>\n<h3><strong>Ecco la nostra intervista<\/strong><\/h3>\n<p><strong>Ciao Jacopo come hai iniziato a scattare?<\/strong><\/p>\n<p><strong>Sono 25 anni che faccio foto<\/strong>, al Pecci sono presenti le foto degli ultimi anni del mio lavoro. <strong>Ho iniziato che avevo 18 anni nei centri sociali. Facevo il meccanico, sono autodidatta<\/strong>, non venivo da una cultura scolastica. Mi sono comprato una macchina fotografica, ho iniziato da solo per i cavoli miei, poi ho capito che mi piaceva fare foto e ho provato. Poi ho avuto la fortuna di conoscere <strong>questo grande fotografo, un guru, una persona che \u2018si dava agli altri\u2019 Sergio Fregoso<\/strong>. Lui mi ha insegnato a guardare, a capire, a leggere una fotografia, mi ha insegnato molte cose. Da l\u00ec c\u2019\u00e8 stata un\u2019evoluzione, tanto lavoro e tanta strada.<\/p>\n<p><strong>La tua mostra si intitola \u2018Vuoto\u2019 mi sembra un titolo paradossale, perch\u00e8 in realt\u00e0 le tue foto sono sempre piene di persone, di cose<\/strong><\/p>\n<p>L\u2019ho chiamata \u2018<strong>Vuoto<\/strong>\u2019 perch\u00e8 al Pecci non porto solo le foto ma porto tutto il mio studio. <strong>Ho svuotato lo studio per riflettere, \u00e8 un punto di arrivo per me, adesso devo capire.<\/strong> Mi da modo di riflettere sul mio lavoro.<\/p>\n<p><strong>Dopo 25 anni qual \u00e8 la tua riflessione, com\u2019\u00e8 cambiato il tuo lavoro, il tuo modo di scattare<\/strong><\/p>\n<p>Sicuramente \u00e8 cambiato in meglio per me. Devo dire che <strong>ho vissuto il passaggio al digitale in maniera molto morbida e molto lenta.<\/strong> Alla fine mi ha velocizzato. Ho capito che la velocit\u00e0 era il mio modo di lavorare. Prima no, spendevo miliardi nelle pellicole. Vedo il passaggio al digitale come una svolta nel mio lavoro.<\/p>\n<p><strong>Cosa ne pensi del fatto che ormai sono tutti \u2018fotografi\u2019 tra virgolette, grazie alla tecnologia dei cellulari<\/strong><\/p>\n<p>Anche prima tutti avevano la macchina fotografica, oggi tutti sono fotografi perch\u00e8 hanno Instagram, diventa la loro galleria, la loro piattaforma, per me non \u00e8 cos\u00ec. Nel mio modo di vedere le cose io vedo tante fotografie ma non vedo fotografi. Bisogna vedere il lavoro complessivo, per me un artista \u00e8 uno che lavora su un progetto che sente di fare. <strong>Ci sono tanti fotografi bravi ma vedo anche tanta standardizzazione. Spero che qualcuno mi smentisca.<\/strong><\/p>\n<p><strong>Accanto alla mostra al Pecci c\u2019\u00e8 anche il progetto \u2018The Belt\u2019 che vede le tue foto in giro per le strada di Prato<\/strong><\/p>\n<p>Gli scatti scelti <strong>sono le foto di un libro che uscir\u00e0 per Skira,<\/strong> un progetto editoriale. Mi hanno dato carta bianca, si fidavano molto di me, gli piaceva molto il mio lavoro. Sono stati coraggiosi perch\u00e8 le mie foto sono molto forti e dure, io ho fatto quello che volevo.<\/p>\n<p><strong>L\u2019immagine scelta per la locandina della mostra \u00e8 la foto del petto di un uomo che si \u00e8 tatuato \u2018Stay Away\u2019 vicino al cuore, che significato ha per te questa immagine?<\/strong><\/p>\n<p><strong>Ha un significato molto forte<\/strong> perch\u00e8 l\u2019ho fatta durante il lockdown. Ho partecipato a una chiamata della rivista milanese Perimetro per donare una foto per l\u2019ospedale di Bergamo che non aveva materiale. E\u2019 stata un successo, abbiamo raccolto 800mila euro. <strong>Questa foto per me \u00e8 diventata il simbolo di quel periodo brutto, tremendo<\/strong> e quindi l\u2019abbiamo scelta come manifesto.<\/p>\n","protected":false},"excerpt":{"rendered":"<p>Il Centro Pecci per l\u2019arte contemporanea dedica uno spazio importante al fotografo Jacopo Benassi e porta le sue foto in giro per la citt\u00e0 col progetto &#8216;The Belt&#8217;<\/p>\n","protected":false},"author":518,"featured_media":151021,"comment_status":"open","ping_status":"open","sticky":false,"template":"","format":"standard","meta":{"_acf_changed":false,"footnotes":""},"categories":[493],"tags":[4517,4398,242,222],"class_list":["post-151016","post","type-post","status-publish","format-standard","has-post-thumbnail","hentry","category-cultura","tag-centro-pecci-prato","tag-fotografi","tag-fotografia","tag-mostre"],"acf":[],"yoast_head":"<!-- This site is optimized with the Yoast SEO Premium plugin v24.2 (Yoast SEO v25.6) - https:\/\/yoast.com\/wordpress\/plugins\/seo\/ -->\n<title>Jacopo Benassi al Pecci con \u2018Vuoto\u2019: 25 anni di foto nei centri sociali - intoscana<\/title>\n<meta name=\"description\" content=\"Il Centro Pecci dedica uno spazio importante al fotografo Jacopo Benassi e porta le sue foto in giro per la citt\u00e0 col progetto &#039;The Belt&#039;\" \/>\n<meta name=\"robots\" content=\"index, follow, max-snippet:-1, max-image-preview:large, max-video-preview:-1\" \/>\n<link rel=\"canonical\" href=\"https:\/\/www.intoscana.it\/it\/jacopo-benassi-al-pecci-con-vuoto-25-anni-di-foto-nei-centri-sociali\/\" \/>\n<meta property=\"og:locale\" content=\"it_IT\" \/>\n<meta property=\"og:type\" content=\"article\" \/>\n<meta property=\"og:title\" content=\"Jacopo Benassi al Pecci con \u2018Vuoto\u2019: 25 anni di foto nei centri sociali\" \/>\n<meta property=\"og:description\" content=\"Il Centro Pecci dedica uno spazio importante al fotografo Jacopo Benassi e porta le sue foto in giro per la citt\u00e0 col progetto &#039;The Belt&#039;\" \/>\n<meta property=\"og:url\" content=\"https:\/\/www.intoscana.it\/it\/jacopo-benassi-al-pecci-con-vuoto-25-anni-di-foto-nei-centri-sociali\/\" \/>\n<meta property=\"og:site_name\" content=\"intoscana\" \/>\n<meta property=\"article:publisher\" content=\"https:\/\/www.facebook.com\/intoscana.it\" \/>\n<meta property=\"article:published_time\" content=\"2020-09-07T12:11:29+00:00\" \/>\n<meta property=\"article:modified_time\" content=\"2020-09-07T12:13:05+00:00\" \/>\n<meta property=\"og:image\" content=\"https:\/\/www.intoscana.it\/wp-content\/uploads\/Benassi-1-1-scaled.jpeg\" \/>\n\t<meta property=\"og:image:width\" content=\"2048\" \/>\n\t<meta property=\"og:image:height\" content=\"1575\" \/>\n\t<meta property=\"og:image:type\" content=\"image\/jpeg\" \/>\n<meta name=\"author\" content=\"Costanza Baldini\" \/>\n<meta name=\"twitter:card\" content=\"summary_large_image\" \/>\n<meta name=\"twitter:creator\" content=\"@intoscana\" \/>\n<meta name=\"twitter:site\" content=\"@intoscana\" \/>\n<meta name=\"twitter:label1\" content=\"Written by\" \/>\n\t<meta name=\"twitter:data1\" content=\"Costanza Baldini\" \/>\n\t<meta name=\"twitter:label2\" content=\"Est. reading time\" \/>\n\t<meta name=\"twitter:data2\" content=\"4 minuti\" \/>\n<script type=\"application\/ld+json\" class=\"yoast-schema-graph\">{\"@context\":\"https:\/\/schema.org\",\"@graph\":[{\"@type\":\"WebPage\",\"@id\":\"https:\/\/www.intoscana.it\/it\/jacopo-benassi-al-pecci-con-vuoto-25-anni-di-foto-nei-centri-sociali\/\",\"url\":\"https:\/\/www.intoscana.it\/it\/jacopo-benassi-al-pecci-con-vuoto-25-anni-di-foto-nei-centri-sociali\/\",\"name\":\"Jacopo Benassi al Pecci con \u2018Vuoto\u2019: 25 anni di foto nei centri sociali - intoscana\",\"isPartOf\":{\"@id\":\"https:\/\/www.intoscana.it\/it\/#website\"},\"primaryImageOfPage\":{\"@id\":\"https:\/\/www.intoscana.it\/it\/jacopo-benassi-al-pecci-con-vuoto-25-anni-di-foto-nei-centri-sociali\/#primaryimage\"},\"image\":{\"@id\":\"https:\/\/www.intoscana.it\/it\/jacopo-benassi-al-pecci-con-vuoto-25-anni-di-foto-nei-centri-sociali\/#primaryimage\"},\"thumbnailUrl\":\"https:\/\/www.intoscana.it\/wp-content\/uploads\/Benassi-1-1-scaled.jpeg\",\"datePublished\":\"2020-09-07T12:11:29+00:00\",\"dateModified\":\"2020-09-07T12:13:05+00:00\",\"author\":{\"@id\":\"https:\/\/www.intoscana.it\/it\/#\/schema\/person\/d469f35f09739bdf00bf5dd3f0647a82\"},\"description\":\"Il Centro Pecci dedica uno spazio importante al fotografo Jacopo Benassi e porta le sue foto in giro per la citt\u00e0 col progetto 'The Belt'\",\"breadcrumb\":{\"@id\":\"https:\/\/www.intoscana.it\/it\/jacopo-benassi-al-pecci-con-vuoto-25-anni-di-foto-nei-centri-sociali\/#breadcrumb\"},\"inLanguage\":\"it-IT\",\"potentialAction\":[{\"@type\":\"ReadAction\",\"target\":[\"https:\/\/www.intoscana.it\/it\/jacopo-benassi-al-pecci-con-vuoto-25-anni-di-foto-nei-centri-sociali\/\"]}]},{\"@type\":\"ImageObject\",\"inLanguage\":\"it-IT\",\"@id\":\"https:\/\/www.intoscana.it\/it\/jacopo-benassi-al-pecci-con-vuoto-25-anni-di-foto-nei-centri-sociali\/#primaryimage\",\"url\":\"https:\/\/www.intoscana.it\/wp-content\/uploads\/Benassi-1-1-scaled.jpeg\",\"contentUrl\":\"https:\/\/www.intoscana.it\/wp-content\/uploads\/Benassi-1-1-scaled.jpeg\",\"width\":2048,\"height\":1575,\"caption\":\"Jacopo Benassi, Brutal Casual, 2020\"},{\"@type\":\"BreadcrumbList\",\"@id\":\"https:\/\/www.intoscana.it\/it\/jacopo-benassi-al-pecci-con-vuoto-25-anni-di-foto-nei-centri-sociali\/#breadcrumb\",\"itemListElement\":[{\"@type\":\"ListItem\",\"position\":1,\"name\":\"Home\",\"item\":\"https:\/\/www.intoscana.it\/it\/\"},{\"@type\":\"ListItem\",\"position\":2,\"name\":\"Jacopo Benassi al Pecci con \u2018Vuoto\u2019: 25 anni di foto nei centri sociali\"}]},{\"@type\":\"WebSite\",\"@id\":\"https:\/\/www.intoscana.it\/it\/#website\",\"url\":\"https:\/\/www.intoscana.it\/it\/\",\"name\":\"intoscana\",\"description\":\"\",\"potentialAction\":[{\"@type\":\"SearchAction\",\"target\":{\"@type\":\"EntryPoint\",\"urlTemplate\":\"https:\/\/www.intoscana.it\/it\/?s={search_term_string}\"},\"query-input\":{\"@type\":\"PropertyValueSpecification\",\"valueRequired\":true,\"valueName\":\"search_term_string\"}}],\"inLanguage\":\"it-IT\"},{\"@type\":\"Person\",\"@id\":\"https:\/\/www.intoscana.it\/it\/#\/schema\/person\/d469f35f09739bdf00bf5dd3f0647a82\",\"name\":\"Costanza Baldini\",\"url\":\"https:\/\/www.intoscana.it\/it\/author\/costanza-baldini\/\"}]}<\/script>\n<!-- \/ Yoast SEO Premium plugin. -->","yoast_head_json":{"title":"Jacopo Benassi al Pecci con \u2018Vuoto\u2019: 25 anni di foto nei centri sociali - intoscana","description":"Il Centro Pecci dedica uno spazio importante al fotografo Jacopo Benassi e porta le sue foto in giro per la citt\u00e0 col progetto 'The Belt'","robots":{"index":"index","follow":"follow","max-snippet":"max-snippet:-1","max-image-preview":"max-image-preview:large","max-video-preview":"max-video-preview:-1"},"canonical":"https:\/\/www.intoscana.it\/it\/jacopo-benassi-al-pecci-con-vuoto-25-anni-di-foto-nei-centri-sociali\/","og_locale":"it_IT","og_type":"article","og_title":"Jacopo Benassi al Pecci con \u2018Vuoto\u2019: 25 anni di foto nei centri sociali","og_description":"Il Centro Pecci dedica uno spazio importante al fotografo Jacopo Benassi e porta le sue foto in giro per la citt\u00e0 col progetto 'The Belt'","og_url":"https:\/\/www.intoscana.it\/it\/jacopo-benassi-al-pecci-con-vuoto-25-anni-di-foto-nei-centri-sociali\/","og_site_name":"intoscana","article_publisher":"https:\/\/www.facebook.com\/intoscana.it","article_published_time":"2020-09-07T12:11:29+00:00","article_modified_time":"2020-09-07T12:13:05+00:00","og_image":[{"width":2048,"height":1575,"url":"https:\/\/www.intoscana.it\/wp-content\/uploads\/Benassi-1-1-scaled.jpeg","type":"image\/jpeg"}],"author":"Costanza Baldini","twitter_card":"summary_large_image","twitter_creator":"@intoscana","twitter_site":"@intoscana","twitter_misc":{"Written by":"Costanza Baldini","Est. reading time":"4 minuti"},"schema":{"@context":"https:\/\/schema.org","@graph":[{"@type":"WebPage","@id":"https:\/\/www.intoscana.it\/it\/jacopo-benassi-al-pecci-con-vuoto-25-anni-di-foto-nei-centri-sociali\/","url":"https:\/\/www.intoscana.it\/it\/jacopo-benassi-al-pecci-con-vuoto-25-anni-di-foto-nei-centri-sociali\/","name":"Jacopo Benassi al Pecci con \u2018Vuoto\u2019: 25 anni di foto nei centri sociali - intoscana","isPartOf":{"@id":"https:\/\/www.intoscana.it\/it\/#website"},"primaryImageOfPage":{"@id":"https:\/\/www.intoscana.it\/it\/jacopo-benassi-al-pecci-con-vuoto-25-anni-di-foto-nei-centri-sociali\/#primaryimage"},"image":{"@id":"https:\/\/www.intoscana.it\/it\/jacopo-benassi-al-pecci-con-vuoto-25-anni-di-foto-nei-centri-sociali\/#primaryimage"},"thumbnailUrl":"https:\/\/www.intoscana.it\/wp-content\/uploads\/Benassi-1-1-scaled.jpeg","datePublished":"2020-09-07T12:11:29+00:00","dateModified":"2020-09-07T12:13:05+00:00","author":{"@id":"https:\/\/www.intoscana.it\/it\/#\/schema\/person\/d469f35f09739bdf00bf5dd3f0647a82"},"description":"Il Centro Pecci dedica uno spazio importante al fotografo Jacopo Benassi e porta le sue foto in giro per la citt\u00e0 col progetto 'The Belt'","breadcrumb":{"@id":"https:\/\/www.intoscana.it\/it\/jacopo-benassi-al-pecci-con-vuoto-25-anni-di-foto-nei-centri-sociali\/#breadcrumb"},"inLanguage":"it-IT","potentialAction":[{"@type":"ReadAction","target":["https:\/\/www.intoscana.it\/it\/jacopo-benassi-al-pecci-con-vuoto-25-anni-di-foto-nei-centri-sociali\/"]}]},{"@type":"ImageObject","inLanguage":"it-IT","@id":"https:\/\/www.intoscana.it\/it\/jacopo-benassi-al-pecci-con-vuoto-25-anni-di-foto-nei-centri-sociali\/#primaryimage","url":"https:\/\/www.intoscana.it\/wp-content\/uploads\/Benassi-1-1-scaled.jpeg","contentUrl":"https:\/\/www.intoscana.it\/wp-content\/uploads\/Benassi-1-1-scaled.jpeg","width":2048,"height":1575,"caption":"Jacopo Benassi, Brutal Casual, 2020"},{"@type":"BreadcrumbList","@id":"https:\/\/www.intoscana.it\/it\/jacopo-benassi-al-pecci-con-vuoto-25-anni-di-foto-nei-centri-sociali\/#breadcrumb","itemListElement":[{"@type":"ListItem","position":1,"name":"Home","item":"https:\/\/www.intoscana.it\/it\/"},{"@type":"ListItem","position":2,"name":"Jacopo Benassi al Pecci con \u2018Vuoto\u2019: 25 anni di foto nei centri sociali"}]},{"@type":"WebSite","@id":"https:\/\/www.intoscana.it\/it\/#website","url":"https:\/\/www.intoscana.it\/it\/","name":"intoscana","description":"","potentialAction":[{"@type":"SearchAction","target":{"@type":"EntryPoint","urlTemplate":"https:\/\/www.intoscana.it\/it\/?s={search_term_string}"},"query-input":{"@type":"PropertyValueSpecification","valueRequired":true,"valueName":"search_term_string"}}],"inLanguage":"it-IT"},{"@type":"Person","@id":"https:\/\/www.intoscana.it\/it\/#\/schema\/person\/d469f35f09739bdf00bf5dd3f0647a82","name":"Costanza Baldini","url":"https:\/\/www.intoscana.it\/it\/author\/costanza-baldini\/"}]}},"_links":{"self":[{"href":"https:\/\/www.intoscana.it\/it\/wp-json\/wp\/v2\/posts\/151016","targetHints":{"allow":["GET"]}}],"collection":[{"href":"https:\/\/www.intoscana.it\/it\/wp-json\/wp\/v2\/posts"}],"about":[{"href":"https:\/\/www.intoscana.it\/it\/wp-json\/wp\/v2\/types\/post"}],"author":[{"embeddable":true,"href":"https:\/\/www.intoscana.it\/it\/wp-json\/wp\/v2\/users\/518"}],"replies":[{"embeddable":true,"href":"https:\/\/www.intoscana.it\/it\/wp-json\/wp\/v2\/comments?post=151016"}],"version-history":[{"count":0,"href":"https:\/\/www.intoscana.it\/it\/wp-json\/wp\/v2\/posts\/151016\/revisions"}],"wp:featuredmedia":[{"embeddable":true,"href":"https:\/\/www.intoscana.it\/it\/wp-json\/wp\/v2\/media\/151021"}],"wp:attachment":[{"href":"https:\/\/www.intoscana.it\/it\/wp-json\/wp\/v2\/media?parent=151016"}],"wp:term":[{"taxonomy":"category","embeddable":true,"href":"https:\/\/www.intoscana.it\/it\/wp-json\/wp\/v2\/categories?post=151016"},{"taxonomy":"post_tag","embeddable":true,"href":"https:\/\/www.intoscana.it\/it\/wp-json\/wp\/v2\/tags?post=151016"}],"curies":[{"name":"wp","href":"https:\/\/api.w.org\/{rel}","templated":true}]}}