{"id":151273,"date":"2020-09-09T11:15:30","date_gmt":"2020-09-09T09:15:30","guid":{"rendered":"https:\/\/www.intoscana.it\/it\/?p=151273"},"modified":"2020-09-09T11:20:12","modified_gmt":"2020-09-09T09:20:12","slug":"internet-festival-intervista-giua","status":"publish","type":"post","link":"https:\/\/www.intoscana.it\/it\/internet-festival-intervista-giua\/","title":{"rendered":"Internet Festival, anno zero: la pandemia ha cambiato le nostre vite ma anche la Rete"},"content":{"rendered":"<p><strong>Internet Festival<\/strong> riparte da #Reset. \u00c8 questo il tema della <a href=\"https:\/\/www.intoscana.it\/it\/articolo\/internet-festival-2020\/\" target=\"_blank\" rel=\"noopener noreferrer\">decima edizione<\/a> della manifestazione che indaga la Rete e in questo 2020 difficile, segnato dalla<strong> pandemia<\/strong> di Covid-19, sceglie di \u201cresettare\u201d il sistema, per ricominciare da nuove basi, online e offline.<br \/>\nDall\u20198 all\u201911 ottobre esperti internazionali si ritroveranno a <strong>Pisa<\/strong> per <a href=\"https:\/\/www.internetfestival.it\/\" target=\"_blank\" rel=\"noopener noreferrer\">quattro giorni<\/a> di panel, laboratori e appuntamenti culturali. Ma il festival non si ferma qui: proseguir\u00e0 fino a dicembre con tante iniziative in streaming.<\/p>\n<p>Abbiamo chiesto al direttore di IF <strong>Claudio Giua<\/strong> di raccontarci qualcosa di pi\u00f9 su questa edizione speciale, non solo perch\u00e9 segna il decennale ma anche perch\u00e9 avviene in un anno complicato e di grande cambiamento.<\/p>\n<p><strong>Direttore, come mai avete scelto il tema #Reset? Cosa significa?<br \/>\n<\/strong>\u00c8 un tema che \u00e8 stato deciso negli ultimi mesi. Abbiamo attraversato uno dei <strong>momenti pi\u00f9 bui<\/strong> e pi\u00f9 difficili della nostra storia recente in cui tutto si \u00e8 fermato. Non c\u2019\u00e8 stato un guasto della societ\u00e0 come \u00e8 avvenuto in altre occasioni, come ad esempio dopo la guerra. Abbiamo vissuto un vero <strong>stop della societ\u00e0,<\/strong> nelle sue varie articolazioni: la politica, la vita civile e sociale. E anche il mondo digitale, che \u00e8 stato di grande supporto nella fase del lockdown, ha molto sofferto.<br \/>\nOra bisogna resettare tutto, ripartire e capire che le condizioni a cui oggi ciascuno di noi deve adattarsi sono diverse da quelle precedenti.<\/p>\n<p><strong>La pandemia quindi ha cambiato anche il web?<\/strong><br \/>\nCertamente. Durante il lockdown siamo stati costretti a utilizzare la Rete per fare molte delle attivit\u00e0 che prima avvenivano fisicamente, dai rapporti di lavoro a quelli personali.\u00a0 Questo ha cambiato il rapporto che molti avevano con la Rete, da sporadico \u00e8 diventato molto frequente, e ci siamo abituati anche a informarci molto pi\u00f9 sul web rispetto a prima, senza passare dalla tv o dalla radio.<br \/>\nInoltre molte <strong>aziende<\/strong> lo hanno utilizzato come canale fondamentale di distribuzione. Insomma il cambiamento ha riguardato un po\u2019 tutti, dalle imprese ai cittadini, pensiamo al rapporto con gli<strong> uffici pubblici <\/strong>che si \u00e8 spostato online, ancora oggi i rapporti con alcuni uffici \u00e8 quasi impossibile averli fisicamente, \u00e8 un cambiamento epocale.<\/p>\n<p><strong>Di questo mutamento antropologico che siamo stati costretti a vivere rimarr\u00e0 qualcosa?<\/strong><br \/>\nRimarr\u00e0 tantissimo. Lo <strong>smart working<\/strong> ad esempio sta diventando un asset fondamentale per le aziende, che hanno capito che avere tutte quelle persone in uno stanza per otto ore al giorno non ha un gran senso. Il lavoro pu\u00f2 essere fatto a distanza, con tempi diversi e risultati che in molti casi sono migliori perch\u00e9 la gente lavora in modo pi\u00f9 tranquillo.<br \/>\nCi sar\u00e0 certamente una quota di lavoratori che non torneranno negli stessi locali e nelle stesse condizioni in cui erano precedentemente. Come i call center, che oggi sono quasi tutti organizzati da casa e rispondono con la stessa efficienza e celerit\u00e0 di prima, anzi pi\u00f9 velocemente perch\u00e9 ha meno distrazioni e meno frustrazioni.<br \/>\nVedremo nelle prossime settimane invece cosa succeder\u00e0 per la <strong>didattica a distanza<\/strong>, credo che in molti casi continuer\u00e0, i docenti pi\u00f9 capaci di utilizzare la rete continueranno dove possibile ad avere una parte del loro rapporto con gli studenti a distanza.<\/p>\n<div class=\"focuson\"><a href=\"https:\/\/www.intoscana.it\/it\/articolo\/internet-festival-video\/\"><img decoding=\"async\" class=\"lazy\" src=\"https:\/\/www.intoscana.it\/wp-content\/uploads\/internet-festival-pisa-2016_AI3.jpg\" style=\"\">\n                <div class=\"cat\">Internet Festival: un viaggio nel passato, tra video e interviste ai protagonisti<\/div>\n                <h4>Da Nathan Jurgenson a Cecilia Laschi, i grandi personaggi che in 10 anni hanno raccontato la loro visione della Rete.<\/h4><\/a>\n              <\/div>\n<p>Dovremo anche adeguare gli <strong>spazi architettonici<\/strong> alle nuove condizioni. Il ricorso allo smart working probabilmente liberer\u00e0 una serie di spazi che dovranno essere utilizzati per creare situazioni di lavoro pi\u00f9 consone alla nuova situazione e anche pi\u00f9 gradevoli di quelle del passato.<br \/>\nInvece quello che \u00e8 successo nelle ultime settimane, col virus che si \u00e8 moltiplicato nei luoghi di divertimento pi\u00f9 affollati, in futuro cambier\u00e0 anche il modo di stare assieme nei <strong>luoghi pubblici<\/strong>, come i cinema dove gi\u00e0 oggi si sta seduti lontani.<\/p>\n<p>Ci sono alcune <strong>soluzioni digitali<\/strong> che possono aiutare a ricostruire il <strong>senso di una comunit\u00e0<\/strong> che altrimenti andrebbe perso. Qualche giorno fa ho visto la partita di tennis di Berrettini a New York e sotto si sentiva una registrazione di applausi e voci, ma non erano gli applausi finti delle sit-com americane: trasmettevano il senso della realt\u00e0 perch\u00e9 erano reali, erano le voci di alcune persone che stavano veramente seguendo la partita.<\/p>\n<p><strong>Qual \u00e8 il bilancio di questo primo decennio di Internet Festival?<\/strong><\/p>\n<p>IF ha una missione molto precisa: fare il punto ogni anno sulle <strong>forme di futuro<\/strong> che stanno prevalendo. Spesso abbiamo presentato e in alcuni casi anticipato alcune<strong> tendenze<\/strong> che poi sono entrate a far parte della vita di ciascuno di noi, anche se qualche volta \u00e8 successo anche di presentare come rilevanti fenomeni che poi sono rapidamente scomparsi.<br \/>\nNegli anni poi ci siamo specializzati su alcune tematiche: abbiamo <strong>un\u2019area giuridica<\/strong> unica in Italia, dove valutiamo con attenzione gli effetti delle normative e dei regolamenti sul mondo digitale.<\/p>\n<p>Quindi il bilancio complessivo \u00e8 molto positivo. Quest\u2019anno il festival sar\u00e0 in parte in presenza e in parte a distanza, per cui non avremo gli stessi numeri di persone fisicamente presenti degli anni scorsi. Non avremo quel numero enorme di studenti che affollava le nostre proposte dei <strong>T-Tour<\/strong>, cio\u00e8 i percorsi formativi per bambini e ragazzi dalle elementari alle scuole superiori. Cercheremo di raggiungerli anche a distanza con delle iniziative ad hoc, perch\u00e9 il festival non si fermer\u00e0 dopo i quattro giorni a Pisa ma continuer\u00e0 successivamente.<\/p>\n<p>Io credo che il ruolo di Internet Festival sia fondamentale e che godr\u00e0 di una lunga vita. Non parla pi\u00f9 soltanto della Rete ma dell\u2019<strong>innovazione<\/strong> in senso lato, quindi ogni anno potr\u00e0 essere innovato e adeguarsi alla realt\u00e0.<\/p>\n","protected":false},"excerpt":{"rendered":"<p>Intervista a Claudio Giua, direttore della manifestazione che da dieci anni indaga il web e quest\u2019anno riparte dal tema #Reset<\/p>\n","protected":false},"author":502,"featured_media":151274,"comment_status":"open","ping_status":"open","sticky":false,"template":"","format":"standard","meta":{"_acf_changed":false,"footnotes":""},"categories":[475],"tags":[176,4522,3136],"class_list":["post-151273","post","type-post","status-publish","format-standard","has-post-thumbnail","hentry","category-innovazione","tag-internet-festival","tag-internet-festival-2020","tag-interviste"],"acf":[],"yoast_head":"<!-- This site is optimized with the Yoast SEO Premium plugin v24.2 (Yoast SEO v25.6) - https:\/\/yoast.com\/wordpress\/plugins\/seo\/ -->\n<title>Internet Festival, anno zero: la pandemia ha cambiato le nostre vite ma anche la Rete - intoscana<\/title>\n<meta name=\"description\" content=\"Intervista a Claudio Giua, direttore di Internet Festival, la manifestazione che da 10 anni indaga la Rete e riparte dal tema #Reset.\" \/>\n<meta name=\"robots\" content=\"index, follow, max-snippet:-1, max-image-preview:large, max-video-preview:-1\" \/>\n<link rel=\"canonical\" href=\"https:\/\/www.intoscana.it\/it\/internet-festival-intervista-giua\/\" \/>\n<meta property=\"og:locale\" content=\"it_IT\" \/>\n<meta property=\"og:type\" content=\"article\" \/>\n<meta property=\"og:title\" content=\"Internet Festival, anno zero: la pandemia ha cambiato le nostre vite ma anche la Rete\" \/>\n<meta property=\"og:description\" content=\"Intervista a Claudio Giua, direttore di Internet Festival, la manifestazione che da 10 anni indaga la Rete e riparte dal tema #Reset.\" \/>\n<meta property=\"og:url\" content=\"https:\/\/www.intoscana.it\/it\/internet-festival-intervista-giua\/\" \/>\n<meta property=\"og:site_name\" content=\"intoscana\" \/>\n<meta property=\"article:publisher\" content=\"https:\/\/www.facebook.com\/intoscana.it\" \/>\n<meta property=\"article:published_time\" content=\"2020-09-09T09:15:30+00:00\" \/>\n<meta property=\"article:modified_time\" content=\"2020-09-09T09:20:12+00:00\" \/>\n<meta property=\"og:image\" content=\"https:\/\/www.intoscana.it\/wp-content\/uploads\/Claudio-Giua-1.jpg\" \/>\n\t<meta property=\"og:image:width\" content=\"1360\" \/>\n\t<meta property=\"og:image:height\" content=\"907\" \/>\n\t<meta property=\"og:image:type\" content=\"image\/jpeg\" \/>\n<meta name=\"author\" content=\"Ilaria Giannini\" \/>\n<meta name=\"twitter:card\" content=\"summary_large_image\" \/>\n<meta name=\"twitter:creator\" content=\"@i.giannini@fst.it\" \/>\n<meta name=\"twitter:site\" content=\"@intoscana\" \/>\n<meta name=\"twitter:label1\" content=\"Written by\" \/>\n\t<meta name=\"twitter:data1\" content=\"Ilaria Giannini\" \/>\n\t<meta name=\"twitter:label2\" content=\"Est. reading time\" \/>\n\t<meta name=\"twitter:data2\" content=\"4 minuti\" \/>\n<script type=\"application\/ld+json\" class=\"yoast-schema-graph\">{\"@context\":\"https:\/\/schema.org\",\"@graph\":[{\"@type\":\"WebPage\",\"@id\":\"https:\/\/www.intoscana.it\/it\/internet-festival-intervista-giua\/\",\"url\":\"https:\/\/www.intoscana.it\/it\/internet-festival-intervista-giua\/\",\"name\":\"Internet Festival, anno zero: la pandemia ha cambiato le nostre vite ma anche la Rete - intoscana\",\"isPartOf\":{\"@id\":\"https:\/\/www.intoscana.it\/it\/#website\"},\"primaryImageOfPage\":{\"@id\":\"https:\/\/www.intoscana.it\/it\/internet-festival-intervista-giua\/#primaryimage\"},\"image\":{\"@id\":\"https:\/\/www.intoscana.it\/it\/internet-festival-intervista-giua\/#primaryimage\"},\"thumbnailUrl\":\"https:\/\/www.intoscana.it\/wp-content\/uploads\/Claudio-Giua-1.jpg\",\"datePublished\":\"2020-09-09T09:15:30+00:00\",\"dateModified\":\"2020-09-09T09:20:12+00:00\",\"author\":{\"@id\":\"https:\/\/www.intoscana.it\/it\/#\/schema\/person\/de95e1ed2c1c8c30a6922bbba3a90185\"},\"description\":\"Intervista a Claudio Giua, direttore di Internet Festival, la manifestazione che da 10 anni indaga la Rete e riparte dal tema #Reset.\",\"breadcrumb\":{\"@id\":\"https:\/\/www.intoscana.it\/it\/internet-festival-intervista-giua\/#breadcrumb\"},\"inLanguage\":\"it-IT\",\"potentialAction\":[{\"@type\":\"ReadAction\",\"target\":[\"https:\/\/www.intoscana.it\/it\/internet-festival-intervista-giua\/\"]}]},{\"@type\":\"ImageObject\",\"inLanguage\":\"it-IT\",\"@id\":\"https:\/\/www.intoscana.it\/it\/internet-festival-intervista-giua\/#primaryimage\",\"url\":\"https:\/\/www.intoscana.it\/wp-content\/uploads\/Claudio-Giua-1.jpg\",\"contentUrl\":\"https:\/\/www.intoscana.it\/wp-content\/uploads\/Claudio-Giua-1.jpg\",\"width\":1360,\"height\":907},{\"@type\":\"BreadcrumbList\",\"@id\":\"https:\/\/www.intoscana.it\/it\/internet-festival-intervista-giua\/#breadcrumb\",\"itemListElement\":[{\"@type\":\"ListItem\",\"position\":1,\"name\":\"Home\",\"item\":\"https:\/\/www.intoscana.it\/it\/\"},{\"@type\":\"ListItem\",\"position\":2,\"name\":\"Internet Festival, anno zero: la pandemia ha cambiato le nostre vite ma anche la Rete\"}]},{\"@type\":\"WebSite\",\"@id\":\"https:\/\/www.intoscana.it\/it\/#website\",\"url\":\"https:\/\/www.intoscana.it\/it\/\",\"name\":\"intoscana\",\"description\":\"\",\"potentialAction\":[{\"@type\":\"SearchAction\",\"target\":{\"@type\":\"EntryPoint\",\"urlTemplate\":\"https:\/\/www.intoscana.it\/it\/?s={search_term_string}\"},\"query-input\":{\"@type\":\"PropertyValueSpecification\",\"valueRequired\":true,\"valueName\":\"search_term_string\"}}],\"inLanguage\":\"it-IT\"},{\"@type\":\"Person\",\"@id\":\"https:\/\/www.intoscana.it\/it\/#\/schema\/person\/de95e1ed2c1c8c30a6922bbba3a90185\",\"name\":\"Ilaria Giannini\",\"sameAs\":[\"https:\/\/x.com\/i.giannini@fst.it\"],\"url\":\"https:\/\/www.intoscana.it\/it\/author\/ilaria-giannini\/\"}]}<\/script>\n<!-- \/ Yoast SEO Premium plugin. -->","yoast_head_json":{"title":"Internet Festival, anno zero: la pandemia ha cambiato le nostre vite ma anche la Rete - intoscana","description":"Intervista a Claudio Giua, direttore di Internet Festival, la manifestazione che da 10 anni indaga la Rete e riparte dal tema #Reset.","robots":{"index":"index","follow":"follow","max-snippet":"max-snippet:-1","max-image-preview":"max-image-preview:large","max-video-preview":"max-video-preview:-1"},"canonical":"https:\/\/www.intoscana.it\/it\/internet-festival-intervista-giua\/","og_locale":"it_IT","og_type":"article","og_title":"Internet Festival, anno zero: la pandemia ha cambiato le nostre vite ma anche la Rete","og_description":"Intervista a Claudio Giua, direttore di Internet Festival, la manifestazione che da 10 anni indaga la Rete e riparte dal tema #Reset.","og_url":"https:\/\/www.intoscana.it\/it\/internet-festival-intervista-giua\/","og_site_name":"intoscana","article_publisher":"https:\/\/www.facebook.com\/intoscana.it","article_published_time":"2020-09-09T09:15:30+00:00","article_modified_time":"2020-09-09T09:20:12+00:00","og_image":[{"width":1360,"height":907,"url":"https:\/\/www.intoscana.it\/wp-content\/uploads\/Claudio-Giua-1.jpg","type":"image\/jpeg"}],"author":"Ilaria Giannini","twitter_card":"summary_large_image","twitter_creator":"@i.giannini@fst.it","twitter_site":"@intoscana","twitter_misc":{"Written by":"Ilaria Giannini","Est. reading time":"4 minuti"},"schema":{"@context":"https:\/\/schema.org","@graph":[{"@type":"WebPage","@id":"https:\/\/www.intoscana.it\/it\/internet-festival-intervista-giua\/","url":"https:\/\/www.intoscana.it\/it\/internet-festival-intervista-giua\/","name":"Internet Festival, anno zero: la pandemia ha cambiato le nostre vite ma anche la Rete - intoscana","isPartOf":{"@id":"https:\/\/www.intoscana.it\/it\/#website"},"primaryImageOfPage":{"@id":"https:\/\/www.intoscana.it\/it\/internet-festival-intervista-giua\/#primaryimage"},"image":{"@id":"https:\/\/www.intoscana.it\/it\/internet-festival-intervista-giua\/#primaryimage"},"thumbnailUrl":"https:\/\/www.intoscana.it\/wp-content\/uploads\/Claudio-Giua-1.jpg","datePublished":"2020-09-09T09:15:30+00:00","dateModified":"2020-09-09T09:20:12+00:00","author":{"@id":"https:\/\/www.intoscana.it\/it\/#\/schema\/person\/de95e1ed2c1c8c30a6922bbba3a90185"},"description":"Intervista a Claudio Giua, direttore di Internet Festival, la manifestazione che da 10 anni indaga la Rete e riparte dal tema #Reset.","breadcrumb":{"@id":"https:\/\/www.intoscana.it\/it\/internet-festival-intervista-giua\/#breadcrumb"},"inLanguage":"it-IT","potentialAction":[{"@type":"ReadAction","target":["https:\/\/www.intoscana.it\/it\/internet-festival-intervista-giua\/"]}]},{"@type":"ImageObject","inLanguage":"it-IT","@id":"https:\/\/www.intoscana.it\/it\/internet-festival-intervista-giua\/#primaryimage","url":"https:\/\/www.intoscana.it\/wp-content\/uploads\/Claudio-Giua-1.jpg","contentUrl":"https:\/\/www.intoscana.it\/wp-content\/uploads\/Claudio-Giua-1.jpg","width":1360,"height":907},{"@type":"BreadcrumbList","@id":"https:\/\/www.intoscana.it\/it\/internet-festival-intervista-giua\/#breadcrumb","itemListElement":[{"@type":"ListItem","position":1,"name":"Home","item":"https:\/\/www.intoscana.it\/it\/"},{"@type":"ListItem","position":2,"name":"Internet Festival, anno zero: la pandemia ha cambiato le nostre vite ma anche la Rete"}]},{"@type":"WebSite","@id":"https:\/\/www.intoscana.it\/it\/#website","url":"https:\/\/www.intoscana.it\/it\/","name":"intoscana","description":"","potentialAction":[{"@type":"SearchAction","target":{"@type":"EntryPoint","urlTemplate":"https:\/\/www.intoscana.it\/it\/?s={search_term_string}"},"query-input":{"@type":"PropertyValueSpecification","valueRequired":true,"valueName":"search_term_string"}}],"inLanguage":"it-IT"},{"@type":"Person","@id":"https:\/\/www.intoscana.it\/it\/#\/schema\/person\/de95e1ed2c1c8c30a6922bbba3a90185","name":"Ilaria Giannini","sameAs":["https:\/\/x.com\/i.giannini@fst.it"],"url":"https:\/\/www.intoscana.it\/it\/author\/ilaria-giannini\/"}]}},"_links":{"self":[{"href":"https:\/\/www.intoscana.it\/it\/wp-json\/wp\/v2\/posts\/151273","targetHints":{"allow":["GET"]}}],"collection":[{"href":"https:\/\/www.intoscana.it\/it\/wp-json\/wp\/v2\/posts"}],"about":[{"href":"https:\/\/www.intoscana.it\/it\/wp-json\/wp\/v2\/types\/post"}],"author":[{"embeddable":true,"href":"https:\/\/www.intoscana.it\/it\/wp-json\/wp\/v2\/users\/502"}],"replies":[{"embeddable":true,"href":"https:\/\/www.intoscana.it\/it\/wp-json\/wp\/v2\/comments?post=151273"}],"version-history":[{"count":0,"href":"https:\/\/www.intoscana.it\/it\/wp-json\/wp\/v2\/posts\/151273\/revisions"}],"wp:featuredmedia":[{"embeddable":true,"href":"https:\/\/www.intoscana.it\/it\/wp-json\/wp\/v2\/media\/151274"}],"wp:attachment":[{"href":"https:\/\/www.intoscana.it\/it\/wp-json\/wp\/v2\/media?parent=151273"}],"wp:term":[{"taxonomy":"category","embeddable":true,"href":"https:\/\/www.intoscana.it\/it\/wp-json\/wp\/v2\/categories?post=151273"},{"taxonomy":"post_tag","embeddable":true,"href":"https:\/\/www.intoscana.it\/it\/wp-json\/wp\/v2\/tags?post=151273"}],"curies":[{"name":"wp","href":"https:\/\/api.w.org\/{rel}","templated":true}]}}