{"id":151517,"date":"2020-09-11T11:40:05","date_gmt":"2020-09-11T09:40:05","guid":{"rendered":"https:\/\/www.intoscana.it\/it\/?p=151517"},"modified":"2020-09-11T11:42:18","modified_gmt":"2020-09-11T09:42:18","slug":"scuola-bidelli-positivi-bibbiena-firenze-classi-quarantena","status":"publish","type":"post","link":"https:\/\/www.intoscana.it\/it\/scuola-bidelli-positivi-bibbiena-firenze-classi-quarantena\/","title":{"rendered":"Bidelli positivi a Bibbiena, slitta rientro a scuola. Firenze, classi in quarantena"},"content":{"rendered":"<p>Per due bidelli (un uomo e una donna) trovati positivi al Coronavirus, il sindaco di Bibbiena (Arezzo) ha stabilito che i <strong>600 alunni<\/strong> della scuola del paese, l&#8217;istituto Dovizi, comprensivo di asilo, elementari e medie, <strong>non rientrino alla data del 14 settembre ma il successivo 23 settembre<\/strong>. Il sindaco ha infatti disposto per questo periodo la <em>&#8220;sospensione delle lezioni in presenza per tutti gli ordini di scuola fino al giorno 23 settembre&#8221;<\/em>, pertanto, scatta analogamente al periodo di lockdown, la didattica a distanza, da casa, via web.<\/p>\n<p><span class=\"citazione\">&#8220;Abbiamo preso questa decisione per evitare situazioni peggiori<\/span><\/p>\n<h3>Sospese le lezioni in presenza<\/h3>\n<p><em>&#8220;I tamponi dei contatti diretti non sono ancora pervenuti<\/em> &#8211; spiega il sindaco &#8211; <em>ma di fatto, a seguito delle positivit\u00e0 riscontrate e soprattutto a seguito delle indicazioni che ci sono pervenute dal responsabile dell&#8217;igiene pubblica del Casentino, abbiamo pensato di andare in questa direzione per evitare situazioni peggiori in un periodo successivo. <mark>Crediamo sia meglio un piccolo sacrificio adesso che un grande sacrificio tra un po&#8217; di tempo.<\/mark> Credo che sospendere le lezioni in presenza sia la giusta decisione per questo momento che vede solo a Bibbiena 25 casi di positivit\u00e0 sul territorio e tante quarantene&#8221;.<\/em><\/p>\n<h3>Didattica on-line<\/h3>\n<p>Le lezioni, come confermato dal dirigente scolastico <strong>Alessandra Mucci<\/strong>, verranno garantite in modalit\u00e0 on-line (didattica a distanza) per la prima settimana<em> &#8220;quindi attivit\u00e0 sincrone con degli orari e attivit\u00e0 asincrone utilizzando il registro elettronico e le piattaforme della scuola. La scuola sar\u00e0 presente con i ragazzi e le famiglie dal 14 settembre. Cercheremo di non gravare molto su tutti loro ma di essere vicini ai nostri studenti&#8221;<\/em>. Il 23 settembre, spiega il sindaco, <em>&#8220;\u00e8 data strategica e non casuale perch\u00e9 \u00e8 dopo le elezioni e perch\u00e9 le quarantene del personale si concluderanno il 21 settembre&#8221;.<\/em><\/p>\n<h3>Due classi in quarantena<\/h3>\n<p>Intanto \u00e8 risultato <strong>positivo al Coronavirus anche un bambino di 8 anni<\/strong> di una classe di seconda elementare all&#8217;International School of Florence, una scuola privata americana con sede a Bagno a Ripoli, alle porte di Firenze. La Asl precisa che in quarantena, nella stessa scuola, oltre al bambino di 8 anni, sono stati messi anche <strong>due classi di seconda elementare e le rispettive maestre<\/strong>. In totale, sono adesso sotto sorveglianza sanitaria 25 bambini e quattro insegnanti. Secondo quanto appreso, le due classi si sono incontrate durante la ricreazione il primo giorno di scuola e quindi le autorit\u00e0 sanitarie temono una potenziale trasmissione del virus, per questo sono scattati i protocolli. L&#8217;istituto americano aveva ripreso le lezioni il 3 settembre scorso ed \u00e8 una delle prime scuole a Firenze e nella provincia ad aver riavviato l&#8217;attivit\u00e0 didattica.<\/p>\n","protected":false},"excerpt":{"rendered":"<p>Dopo la positivit\u00e0 dei bidelli, a Bibbiena (Arezzo) 600 alunni resteranno a casa fino al 23 settembre. A Firenze bimbo di 8 anni positivo al Covid: due classi e quattro maestre in isolamento<\/p>\n","protected":false},"author":525,"featured_media":151518,"comment_status":"open","ping_status":"open","sticky":false,"template":"","format":"standard","meta":{"_acf_changed":false,"footnotes":""},"categories":[494],"tags":[418,212],"class_list":["post-151517","post","type-post","status-publish","format-standard","has-post-thumbnail","hentry","category-attualita","tag-covid-19","tag-scuola"],"acf":[],"yoast_head":"<!-- This site is optimized with the Yoast SEO Premium plugin v24.2 (Yoast SEO v25.6) - https:\/\/yoast.com\/wordpress\/plugins\/seo\/ -->\n<title>Bidelli positivi a Bibbiena, slitta rientro a scuola. Firenze, classi in quarantena - intoscana<\/title>\n<meta name=\"description\" content=\"Dopo la positivit\u00e0 dei bidelli, a Bibbiena (Arezzo) 600 alunni resteranno a casa fino al 23 settembre. A Firenze bimbo di 8 anni positivo al Covid: due classi e quattro maestre in isolamento\" \/>\n<meta name=\"robots\" content=\"index, follow, max-snippet:-1, max-image-preview:large, max-video-preview:-1\" \/>\n<link rel=\"canonical\" href=\"https:\/\/www.intoscana.it\/it\/scuola-bidelli-positivi-bibbiena-firenze-classi-quarantena\/\" \/>\n<meta property=\"og:locale\" content=\"it_IT\" \/>\n<meta property=\"og:type\" content=\"article\" \/>\n<meta property=\"og:title\" content=\"Bidelli positivi a Bibbiena, slitta rientro a scuola. Firenze, classi in quarantena\" \/>\n<meta property=\"og:description\" content=\"Dopo la positivit\u00e0 dei bidelli, a Bibbiena (Arezzo) 600 alunni resteranno a casa fino al 23 settembre. A Firenze bimbo di 8 anni positivo al Covid: due classi e quattro maestre in isolamento\" \/>\n<meta property=\"og:url\" content=\"https:\/\/www.intoscana.it\/it\/scuola-bidelli-positivi-bibbiena-firenze-classi-quarantena\/\" \/>\n<meta property=\"og:site_name\" content=\"intoscana\" \/>\n<meta property=\"article:publisher\" content=\"https:\/\/www.facebook.com\/intoscana.it\" \/>\n<meta property=\"article:published_time\" content=\"2020-09-11T09:40:05+00:00\" \/>\n<meta property=\"article:modified_time\" content=\"2020-09-11T09:42:18+00:00\" \/>\n<meta property=\"og:image\" content=\"https:\/\/www.intoscana.it\/wp-content\/uploads\/scuola-kyo-azuma-Unsplash.jpg\" \/>\n\t<meta property=\"og:image:width\" content=\"1920\" \/>\n\t<meta property=\"og:image:height\" content=\"1289\" \/>\n\t<meta property=\"og:image:type\" content=\"image\/jpeg\" \/>\n<meta name=\"author\" content=\"Redazione\" \/>\n<meta name=\"twitter:card\" content=\"summary_large_image\" \/>\n<meta name=\"twitter:creator\" content=\"@intoscana\" \/>\n<meta name=\"twitter:site\" content=\"@intoscana\" \/>\n<meta name=\"twitter:label1\" content=\"Written by\" \/>\n\t<meta name=\"twitter:data1\" content=\"Redazione\" \/>\n\t<meta name=\"twitter:label2\" content=\"Est. reading time\" \/>\n\t<meta name=\"twitter:data2\" content=\"2 minuti\" \/>\n<script type=\"application\/ld+json\" class=\"yoast-schema-graph\">{\"@context\":\"https:\/\/schema.org\",\"@graph\":[{\"@type\":\"WebPage\",\"@id\":\"https:\/\/www.intoscana.it\/it\/scuola-bidelli-positivi-bibbiena-firenze-classi-quarantena\/\",\"url\":\"https:\/\/www.intoscana.it\/it\/scuola-bidelli-positivi-bibbiena-firenze-classi-quarantena\/\",\"name\":\"Bidelli positivi a Bibbiena, slitta rientro a scuola. Firenze, classi in quarantena - intoscana\",\"isPartOf\":{\"@id\":\"https:\/\/www.intoscana.it\/it\/#website\"},\"primaryImageOfPage\":{\"@id\":\"https:\/\/www.intoscana.it\/it\/scuola-bidelli-positivi-bibbiena-firenze-classi-quarantena\/#primaryimage\"},\"image\":{\"@id\":\"https:\/\/www.intoscana.it\/it\/scuola-bidelli-positivi-bibbiena-firenze-classi-quarantena\/#primaryimage\"},\"thumbnailUrl\":\"https:\/\/www.intoscana.it\/wp-content\/uploads\/scuola-kyo-azuma-Unsplash.jpg\",\"datePublished\":\"2020-09-11T09:40:05+00:00\",\"dateModified\":\"2020-09-11T09:42:18+00:00\",\"author\":{\"@id\":\"https:\/\/www.intoscana.it\/it\/#\/schema\/person\/9223810753230f20bd670fdd322661f8\"},\"description\":\"Dopo la positivit\u00e0 dei bidelli, a Bibbiena (Arezzo) 600 alunni resteranno a casa fino al 23 settembre. A Firenze bimbo di 8 anni positivo al Covid: due classi e quattro maestre in isolamento\",\"breadcrumb\":{\"@id\":\"https:\/\/www.intoscana.it\/it\/scuola-bidelli-positivi-bibbiena-firenze-classi-quarantena\/#breadcrumb\"},\"inLanguage\":\"it-IT\",\"potentialAction\":[{\"@type\":\"ReadAction\",\"target\":[\"https:\/\/www.intoscana.it\/it\/scuola-bidelli-positivi-bibbiena-firenze-classi-quarantena\/\"]}]},{\"@type\":\"ImageObject\",\"inLanguage\":\"it-IT\",\"@id\":\"https:\/\/www.intoscana.it\/it\/scuola-bidelli-positivi-bibbiena-firenze-classi-quarantena\/#primaryimage\",\"url\":\"https:\/\/www.intoscana.it\/wp-content\/uploads\/scuola-kyo-azuma-Unsplash.jpg\",\"contentUrl\":\"https:\/\/www.intoscana.it\/wp-content\/uploads\/scuola-kyo-azuma-Unsplash.jpg\",\"width\":1920,\"height\":1289,\"caption\":\"Scuola vuota\"},{\"@type\":\"BreadcrumbList\",\"@id\":\"https:\/\/www.intoscana.it\/it\/scuola-bidelli-positivi-bibbiena-firenze-classi-quarantena\/#breadcrumb\",\"itemListElement\":[{\"@type\":\"ListItem\",\"position\":1,\"name\":\"Home\",\"item\":\"https:\/\/www.intoscana.it\/it\/\"},{\"@type\":\"ListItem\",\"position\":2,\"name\":\"Bidelli positivi a Bibbiena, slitta rientro a scuola. Firenze, classi in quarantena\"}]},{\"@type\":\"WebSite\",\"@id\":\"https:\/\/www.intoscana.it\/it\/#website\",\"url\":\"https:\/\/www.intoscana.it\/it\/\",\"name\":\"intoscana\",\"description\":\"\",\"potentialAction\":[{\"@type\":\"SearchAction\",\"target\":{\"@type\":\"EntryPoint\",\"urlTemplate\":\"https:\/\/www.intoscana.it\/it\/?s={search_term_string}\"},\"query-input\":{\"@type\":\"PropertyValueSpecification\",\"valueRequired\":true,\"valueName\":\"search_term_string\"}}],\"inLanguage\":\"it-IT\"},{\"@type\":\"Person\",\"@id\":\"https:\/\/www.intoscana.it\/it\/#\/schema\/person\/9223810753230f20bd670fdd322661f8\",\"name\":\"Redazione\",\"url\":\"https:\/\/www.intoscana.it\/it\/author\/redazione\/\"}]}<\/script>\n<!-- \/ Yoast SEO Premium plugin. -->","yoast_head_json":{"title":"Bidelli positivi a Bibbiena, slitta rientro a scuola. Firenze, classi in quarantena - intoscana","description":"Dopo la positivit\u00e0 dei bidelli, a Bibbiena (Arezzo) 600 alunni resteranno a casa fino al 23 settembre. A Firenze bimbo di 8 anni positivo al Covid: due classi e quattro maestre in isolamento","robots":{"index":"index","follow":"follow","max-snippet":"max-snippet:-1","max-image-preview":"max-image-preview:large","max-video-preview":"max-video-preview:-1"},"canonical":"https:\/\/www.intoscana.it\/it\/scuola-bidelli-positivi-bibbiena-firenze-classi-quarantena\/","og_locale":"it_IT","og_type":"article","og_title":"Bidelli positivi a Bibbiena, slitta rientro a scuola. Firenze, classi in quarantena","og_description":"Dopo la positivit\u00e0 dei bidelli, a Bibbiena (Arezzo) 600 alunni resteranno a casa fino al 23 settembre. A Firenze bimbo di 8 anni positivo al Covid: due classi e quattro maestre in isolamento","og_url":"https:\/\/www.intoscana.it\/it\/scuola-bidelli-positivi-bibbiena-firenze-classi-quarantena\/","og_site_name":"intoscana","article_publisher":"https:\/\/www.facebook.com\/intoscana.it","article_published_time":"2020-09-11T09:40:05+00:00","article_modified_time":"2020-09-11T09:42:18+00:00","og_image":[{"width":1920,"height":1289,"url":"https:\/\/www.intoscana.it\/wp-content\/uploads\/scuola-kyo-azuma-Unsplash.jpg","type":"image\/jpeg"}],"author":"Redazione","twitter_card":"summary_large_image","twitter_creator":"@intoscana","twitter_site":"@intoscana","twitter_misc":{"Written by":"Redazione","Est. reading time":"2 minuti"},"schema":{"@context":"https:\/\/schema.org","@graph":[{"@type":"WebPage","@id":"https:\/\/www.intoscana.it\/it\/scuola-bidelli-positivi-bibbiena-firenze-classi-quarantena\/","url":"https:\/\/www.intoscana.it\/it\/scuola-bidelli-positivi-bibbiena-firenze-classi-quarantena\/","name":"Bidelli positivi a Bibbiena, slitta rientro a scuola. Firenze, classi in quarantena - intoscana","isPartOf":{"@id":"https:\/\/www.intoscana.it\/it\/#website"},"primaryImageOfPage":{"@id":"https:\/\/www.intoscana.it\/it\/scuola-bidelli-positivi-bibbiena-firenze-classi-quarantena\/#primaryimage"},"image":{"@id":"https:\/\/www.intoscana.it\/it\/scuola-bidelli-positivi-bibbiena-firenze-classi-quarantena\/#primaryimage"},"thumbnailUrl":"https:\/\/www.intoscana.it\/wp-content\/uploads\/scuola-kyo-azuma-Unsplash.jpg","datePublished":"2020-09-11T09:40:05+00:00","dateModified":"2020-09-11T09:42:18+00:00","author":{"@id":"https:\/\/www.intoscana.it\/it\/#\/schema\/person\/9223810753230f20bd670fdd322661f8"},"description":"Dopo la positivit\u00e0 dei bidelli, a Bibbiena (Arezzo) 600 alunni resteranno a casa fino al 23 settembre. A Firenze bimbo di 8 anni positivo al Covid: due classi e quattro maestre in isolamento","breadcrumb":{"@id":"https:\/\/www.intoscana.it\/it\/scuola-bidelli-positivi-bibbiena-firenze-classi-quarantena\/#breadcrumb"},"inLanguage":"it-IT","potentialAction":[{"@type":"ReadAction","target":["https:\/\/www.intoscana.it\/it\/scuola-bidelli-positivi-bibbiena-firenze-classi-quarantena\/"]}]},{"@type":"ImageObject","inLanguage":"it-IT","@id":"https:\/\/www.intoscana.it\/it\/scuola-bidelli-positivi-bibbiena-firenze-classi-quarantena\/#primaryimage","url":"https:\/\/www.intoscana.it\/wp-content\/uploads\/scuola-kyo-azuma-Unsplash.jpg","contentUrl":"https:\/\/www.intoscana.it\/wp-content\/uploads\/scuola-kyo-azuma-Unsplash.jpg","width":1920,"height":1289,"caption":"Scuola vuota"},{"@type":"BreadcrumbList","@id":"https:\/\/www.intoscana.it\/it\/scuola-bidelli-positivi-bibbiena-firenze-classi-quarantena\/#breadcrumb","itemListElement":[{"@type":"ListItem","position":1,"name":"Home","item":"https:\/\/www.intoscana.it\/it\/"},{"@type":"ListItem","position":2,"name":"Bidelli positivi a Bibbiena, slitta rientro a scuola. Firenze, classi in quarantena"}]},{"@type":"WebSite","@id":"https:\/\/www.intoscana.it\/it\/#website","url":"https:\/\/www.intoscana.it\/it\/","name":"intoscana","description":"","potentialAction":[{"@type":"SearchAction","target":{"@type":"EntryPoint","urlTemplate":"https:\/\/www.intoscana.it\/it\/?s={search_term_string}"},"query-input":{"@type":"PropertyValueSpecification","valueRequired":true,"valueName":"search_term_string"}}],"inLanguage":"it-IT"},{"@type":"Person","@id":"https:\/\/www.intoscana.it\/it\/#\/schema\/person\/9223810753230f20bd670fdd322661f8","name":"Redazione","url":"https:\/\/www.intoscana.it\/it\/author\/redazione\/"}]}},"_links":{"self":[{"href":"https:\/\/www.intoscana.it\/it\/wp-json\/wp\/v2\/posts\/151517","targetHints":{"allow":["GET"]}}],"collection":[{"href":"https:\/\/www.intoscana.it\/it\/wp-json\/wp\/v2\/posts"}],"about":[{"href":"https:\/\/www.intoscana.it\/it\/wp-json\/wp\/v2\/types\/post"}],"author":[{"embeddable":true,"href":"https:\/\/www.intoscana.it\/it\/wp-json\/wp\/v2\/users\/525"}],"replies":[{"embeddable":true,"href":"https:\/\/www.intoscana.it\/it\/wp-json\/wp\/v2\/comments?post=151517"}],"version-history":[{"count":0,"href":"https:\/\/www.intoscana.it\/it\/wp-json\/wp\/v2\/posts\/151517\/revisions"}],"wp:featuredmedia":[{"embeddable":true,"href":"https:\/\/www.intoscana.it\/it\/wp-json\/wp\/v2\/media\/151518"}],"wp:attachment":[{"href":"https:\/\/www.intoscana.it\/it\/wp-json\/wp\/v2\/media?parent=151517"}],"wp:term":[{"taxonomy":"category","embeddable":true,"href":"https:\/\/www.intoscana.it\/it\/wp-json\/wp\/v2\/categories?post=151517"},{"taxonomy":"post_tag","embeddable":true,"href":"https:\/\/www.intoscana.it\/it\/wp-json\/wp\/v2\/tags?post=151517"}],"curies":[{"name":"wp","href":"https:\/\/api.w.org\/{rel}","templated":true}]}}