{"id":151643,"date":"2020-09-12T09:58:18","date_gmt":"2020-09-12T07:58:18","guid":{"rendered":"https:\/\/www.intoscana.it\/it\/?p=151643"},"modified":"2020-09-12T09:58:18","modified_gmt":"2020-09-12T07:58:18","slug":"immuni-a-che-punto-siamo-con-i-download-in-toscana","status":"publish","type":"post","link":"https:\/\/www.intoscana.it\/it\/immuni-a-che-punto-siamo-con-i-download-in-toscana\/","title":{"rendered":"Immuni: a che punto siamo con i download in Toscana?"},"content":{"rendered":"<p>A tre mesi dalla sua entrata in funzione, \u00e8 tempo di un primo bilancio per <strong>Immuni<\/strong>, l\u2019applicazione per smartphone sviluppata da Bending Spoons e adottata dal nostro Paese per il tracciamento dei contatti da covid-19.<\/p>\n<p>Inizialmente si pensava che per risultare efficace questa app dovesse essere scaricata dal 60% della popolazione italiana, numeri sinceramente molto elevati e difficili da raggiungere vista l\u2019iniziale diffidenza verso questo sistema. Uno studio condotto dall\u2019universit\u00e0 di Oxford insieme a Google ha invece dimostrato che anche <mark>se una piccola parte dei cittadini, equivalente al <strong>15% della popolazione<\/strong>, utilizza Immuni potrebbe esserci una riduzione significativa dei contagi e dei decessi associati.<\/mark><\/p>\n<h3>Obiettivo 15%<\/h3>\n<p>Dal 60%, il nuovo obiettivo da raggiungere \u00e8 proprio quello del 15%, dato che, secondo le statistiche del ministero della Salute, non \u00e8 poi cos\u00ec lontano. Proprio alcuni giorni fa il ministero ha diffuso i primi dati riferiti ai download (fino al 31 agosto) della app Immuni, sia per quanto riguarda l\u2019Italia che per le singole regioni.<\/p>\n<h3>I dati della Toscana<\/h3>\n<p>Partiamo subito dalla Toscana dove il <strong>tasso dei download \u00e8 del 12,4%<\/strong> che equivale a circa 405mila persone che hanno adottato la app Immuni. Per arrivare all\u2019obiettivo minimo del 15%, indicato dallo studio dell\u2019Universit\u00e0 di Oxford, <strong>mancano ancora 153mila persone<\/strong>. Un dato che colloca la Toscana al quinto posto per download, classifica dove troviamo un sud Italia ancora molto indietro per numeri di download e un nord Italia dove spicca la Provincia di Bolzano con il 15,1%.<\/p>\n<p><center><\/center><\/p>\n<blockquote class=\"twitter-tweet\">\n<p dir=\"ltr\" lang=\"it\">Immuni \u00e8 efficace? Gli ultimi numeri, le luci e le ombre dell&#8217;app per il Covid-19<br \/>\nProcede a fatica il cammino dell&#8217;app nazionale sul covid-19, tra crescenti evidenze di efficacia, dubbi e polemiche al contorno <a href=\"https:\/\/t.co\/mY747BEpNu\">https:\/\/t.co\/mY747BEpNu<\/a> <a href=\"https:\/\/twitter.com\/AlessLongo?ref_src=twsrc%5Etfw\">@AlessLongo<\/a> <a href=\"https:\/\/t.co\/0JiR0zJiRV\">pic.twitter.com\/0JiR0zJiRV<\/a><\/p>\n<p>\u2014 Nova24 (@Nova24Tec) <a href=\"https:\/\/twitter.com\/Nova24Tec\/status\/1303585250086449154?ref_src=twsrc%5Etfw\">September 9, 2020<\/a><\/p><\/blockquote>\n<p><script async src=\"https:\/\/platform.twitter.com\/widgets.js\" charset=\"utf-8\"><\/script><\/p>\n<h3>I download totali in Italia<\/h3>\n<p>Immuni \u00e8 stata scaricata su <strong>oltre 5.5milioni<\/strong> di smartphone, che \u00e8 pari al <strong>9,9% della popolazione<\/strong> (al lordo di disinstallazioni e di installazioni da parte dello stesso utente su pi\u00f9 cellulari). Questa cifra <strong>equivale al 14% dei cellulari presenti in Italia<\/strong>, dato da cui sono esclusi i minori di 14 anni (requisito per utilizzare Immuni) e chi non \u00e8 in possesso di uno smartphone. Dopo una fase iniziale di interesse, i download hanno iniziato a rallentare, aumentando di appena 100 mila a settimana. <mark>Nonostante la crescita dei contagi, i rischi e le ansie per la riapertura delle scuole, l\u2019interesse verso Immuni non decolla.<\/mark> Per questo motivo il ministero ha rafforzato le campagne di comunicazione per invitare la popolazione a utilizzarla a cui aggiungono le iniziative di promozione delle varie amministrazioni, istituzioni e dei medici di base.<\/p>\n<p>Dal primo giugno a fine agosto, Immuni ha per\u00f2 dimostrato la sua efficacia. <strong>155 utenti hanno segnalato di essere positivi su Immuni<\/strong>: 21 a giugno, 38 a luglio e 96 in agosto. L\u2019applicazione ha poi inviato, tra il 13 luglio e la fine di agosto, <strong>1.878 notifiche<\/strong> ad altrettanti dispositivi di persone che sono entrate in contatto con il virus.<\/p>\n<h3>La strategia delle 3 T<\/h3>\n<p>Immuni \u00e8 un elemento fondamentale della strategia delle 3 T adottata dal nostro Paese e caldeggiata dall\u2019Oms per fermare la diffusione del virus. Questo approccio consiste nel <mark> <strong>Testare<\/strong> pi\u00f9 persone possibili con i tamponi (ma anche effettuando test sierologici), <strong>Tracciare<\/strong> con app o indagini analogiche i contatti tra persone con casi positivi per testarli a loro volta e isolarli dalla comunit\u00e0 e, infine, <strong>Trattare<\/strong> i malati con l\u2019assistenza ospedaliera o domiciliare coordinata.<\/mark> Strategia che \u00e8 stata fin da subito adottata anche dalla Regione Toscana in questa lotta contro la malattia da coronavirus. Questo per\u00f2 non basta, ognuno di noi deve fare la propria parte, seguendo le misure di distanziamento sociale, come il rispetto della distanza di un metro e indossare la mascherina.<\/p>\n","protected":false},"excerpt":{"rendered":"<p>Per l&#8217;universit\u00e0 di Oxford le app di tracciamento contatti come Immuni danno risultati gi\u00e0 con il 15% dei download sul totale della popolazione. In Toscana e nel nostro Paese siamo ancora sotto questo obiettivo minimo<\/p>\n","protected":false},"author":507,"featured_media":151644,"comment_status":"open","ping_status":"open","sticky":false,"template":"","format":"standard","meta":{"_acf_changed":false,"footnotes":""},"categories":[18],"tags":[418,4546],"class_list":["post-151643","post","type-post","status-publish","format-standard","has-post-thumbnail","hentry","category-salute","tag-covid-19","tag-immuni"],"acf":[],"yoast_head":"<!-- This site is optimized with the Yoast SEO Premium plugin v24.2 (Yoast SEO v25.6) - https:\/\/yoast.com\/wordpress\/plugins\/seo\/ -->\n<title>Immuni: a che punto siamo con i download in Toscana? - intoscana<\/title>\n<meta name=\"description\" content=\"Aumentano i contagi e i rischi per la riapertura delle scuole ma l&#039;adozione di Immuni non decolla. Pochii download anche in Toscana\" \/>\n<meta name=\"robots\" content=\"index, follow, max-snippet:-1, max-image-preview:large, max-video-preview:-1\" \/>\n<link rel=\"canonical\" href=\"https:\/\/www.intoscana.it\/it\/immuni-a-che-punto-siamo-con-i-download-in-toscana\/\" \/>\n<meta property=\"og:locale\" content=\"it_IT\" \/>\n<meta property=\"og:type\" content=\"article\" \/>\n<meta property=\"og:title\" content=\"Immuni: a che punto siamo con i download in Toscana?\" \/>\n<meta property=\"og:description\" content=\"Aumentano i contagi e i rischi per la riapertura delle scuole ma l&#039;adozione di Immuni non decolla. Pochii download anche in Toscana\" \/>\n<meta property=\"og:url\" content=\"https:\/\/www.intoscana.it\/it\/immuni-a-che-punto-siamo-con-i-download-in-toscana\/\" \/>\n<meta property=\"og:site_name\" content=\"intoscana\" \/>\n<meta property=\"article:publisher\" content=\"https:\/\/www.facebook.com\/intoscana.it\" \/>\n<meta property=\"article:published_time\" content=\"2020-09-12T07:58:18+00:00\" \/>\n<meta property=\"og:image\" content=\"https:\/\/www.intoscana.it\/wp-content\/uploads\/immuni-app.png\" \/>\n\t<meta property=\"og:image:width\" content=\"1200\" \/>\n\t<meta property=\"og:image:height\" content=\"630\" \/>\n\t<meta property=\"og:image:type\" content=\"image\/png\" \/>\n<meta name=\"author\" content=\"Chiara Bianchini\" \/>\n<meta name=\"twitter:card\" content=\"summary_large_image\" \/>\n<meta name=\"twitter:creator\" content=\"@intoscana\" \/>\n<meta name=\"twitter:site\" content=\"@intoscana\" \/>\n<meta name=\"twitter:label1\" content=\"Written by\" \/>\n\t<meta name=\"twitter:data1\" content=\"Chiara Bianchini\" \/>\n\t<meta name=\"twitter:label2\" content=\"Est. reading time\" \/>\n\t<meta name=\"twitter:data2\" content=\"3 minuti\" \/>\n<script type=\"application\/ld+json\" class=\"yoast-schema-graph\">{\"@context\":\"https:\/\/schema.org\",\"@graph\":[{\"@type\":\"WebPage\",\"@id\":\"https:\/\/www.intoscana.it\/it\/immuni-a-che-punto-siamo-con-i-download-in-toscana\/\",\"url\":\"https:\/\/www.intoscana.it\/it\/immuni-a-che-punto-siamo-con-i-download-in-toscana\/\",\"name\":\"Immuni: a che punto siamo con i download in Toscana? - intoscana\",\"isPartOf\":{\"@id\":\"https:\/\/www.intoscana.it\/it\/#website\"},\"primaryImageOfPage\":{\"@id\":\"https:\/\/www.intoscana.it\/it\/immuni-a-che-punto-siamo-con-i-download-in-toscana\/#primaryimage\"},\"image\":{\"@id\":\"https:\/\/www.intoscana.it\/it\/immuni-a-che-punto-siamo-con-i-download-in-toscana\/#primaryimage\"},\"thumbnailUrl\":\"https:\/\/www.intoscana.it\/wp-content\/uploads\/immuni-app.png\",\"datePublished\":\"2020-09-12T07:58:18+00:00\",\"author\":{\"@id\":\"https:\/\/www.intoscana.it\/it\/#\/schema\/person\/010af92117f50561886339ad5b873a41\"},\"description\":\"Aumentano i contagi e i rischi per la riapertura delle scuole ma l'adozione di Immuni non decolla. Pochii download anche in Toscana\",\"breadcrumb\":{\"@id\":\"https:\/\/www.intoscana.it\/it\/immuni-a-che-punto-siamo-con-i-download-in-toscana\/#breadcrumb\"},\"inLanguage\":\"it-IT\",\"potentialAction\":[{\"@type\":\"ReadAction\",\"target\":[\"https:\/\/www.intoscana.it\/it\/immuni-a-che-punto-siamo-con-i-download-in-toscana\/\"]}]},{\"@type\":\"ImageObject\",\"inLanguage\":\"it-IT\",\"@id\":\"https:\/\/www.intoscana.it\/it\/immuni-a-che-punto-siamo-con-i-download-in-toscana\/#primaryimage\",\"url\":\"https:\/\/www.intoscana.it\/wp-content\/uploads\/immuni-app.png\",\"contentUrl\":\"https:\/\/www.intoscana.it\/wp-content\/uploads\/immuni-app.png\",\"width\":1200,\"height\":630,\"caption\":\"Immuni - Ministero della Salute\"},{\"@type\":\"BreadcrumbList\",\"@id\":\"https:\/\/www.intoscana.it\/it\/immuni-a-che-punto-siamo-con-i-download-in-toscana\/#breadcrumb\",\"itemListElement\":[{\"@type\":\"ListItem\",\"position\":1,\"name\":\"Home\",\"item\":\"https:\/\/www.intoscana.it\/it\/\"},{\"@type\":\"ListItem\",\"position\":2,\"name\":\"Immuni: a che punto siamo con i download in Toscana?\"}]},{\"@type\":\"WebSite\",\"@id\":\"https:\/\/www.intoscana.it\/it\/#website\",\"url\":\"https:\/\/www.intoscana.it\/it\/\",\"name\":\"intoscana\",\"description\":\"\",\"potentialAction\":[{\"@type\":\"SearchAction\",\"target\":{\"@type\":\"EntryPoint\",\"urlTemplate\":\"https:\/\/www.intoscana.it\/it\/?s={search_term_string}\"},\"query-input\":{\"@type\":\"PropertyValueSpecification\",\"valueRequired\":true,\"valueName\":\"search_term_string\"}}],\"inLanguage\":\"it-IT\"},{\"@type\":\"Person\",\"@id\":\"https:\/\/www.intoscana.it\/it\/#\/schema\/person\/010af92117f50561886339ad5b873a41\",\"name\":\"Chiara Bianchini\",\"sameAs\":[\"c.bianchini@fst.it\"],\"url\":\"https:\/\/www.intoscana.it\/it\/author\/chiara-bianchini\/\"}]}<\/script>\n<!-- \/ Yoast SEO Premium plugin. -->","yoast_head_json":{"title":"Immuni: a che punto siamo con i download in Toscana? - intoscana","description":"Aumentano i contagi e i rischi per la riapertura delle scuole ma l'adozione di Immuni non decolla. Pochii download anche in Toscana","robots":{"index":"index","follow":"follow","max-snippet":"max-snippet:-1","max-image-preview":"max-image-preview:large","max-video-preview":"max-video-preview:-1"},"canonical":"https:\/\/www.intoscana.it\/it\/immuni-a-che-punto-siamo-con-i-download-in-toscana\/","og_locale":"it_IT","og_type":"article","og_title":"Immuni: a che punto siamo con i download in Toscana?","og_description":"Aumentano i contagi e i rischi per la riapertura delle scuole ma l'adozione di Immuni non decolla. Pochii download anche in Toscana","og_url":"https:\/\/www.intoscana.it\/it\/immuni-a-che-punto-siamo-con-i-download-in-toscana\/","og_site_name":"intoscana","article_publisher":"https:\/\/www.facebook.com\/intoscana.it","article_published_time":"2020-09-12T07:58:18+00:00","og_image":[{"width":1200,"height":630,"url":"https:\/\/www.intoscana.it\/wp-content\/uploads\/immuni-app.png","type":"image\/png"}],"author":"Chiara Bianchini","twitter_card":"summary_large_image","twitter_creator":"@intoscana","twitter_site":"@intoscana","twitter_misc":{"Written by":"Chiara Bianchini","Est. reading time":"3 minuti"},"schema":{"@context":"https:\/\/schema.org","@graph":[{"@type":"WebPage","@id":"https:\/\/www.intoscana.it\/it\/immuni-a-che-punto-siamo-con-i-download-in-toscana\/","url":"https:\/\/www.intoscana.it\/it\/immuni-a-che-punto-siamo-con-i-download-in-toscana\/","name":"Immuni: a che punto siamo con i download in Toscana? - intoscana","isPartOf":{"@id":"https:\/\/www.intoscana.it\/it\/#website"},"primaryImageOfPage":{"@id":"https:\/\/www.intoscana.it\/it\/immuni-a-che-punto-siamo-con-i-download-in-toscana\/#primaryimage"},"image":{"@id":"https:\/\/www.intoscana.it\/it\/immuni-a-che-punto-siamo-con-i-download-in-toscana\/#primaryimage"},"thumbnailUrl":"https:\/\/www.intoscana.it\/wp-content\/uploads\/immuni-app.png","datePublished":"2020-09-12T07:58:18+00:00","author":{"@id":"https:\/\/www.intoscana.it\/it\/#\/schema\/person\/010af92117f50561886339ad5b873a41"},"description":"Aumentano i contagi e i rischi per la riapertura delle scuole ma l'adozione di Immuni non decolla. Pochii download anche in Toscana","breadcrumb":{"@id":"https:\/\/www.intoscana.it\/it\/immuni-a-che-punto-siamo-con-i-download-in-toscana\/#breadcrumb"},"inLanguage":"it-IT","potentialAction":[{"@type":"ReadAction","target":["https:\/\/www.intoscana.it\/it\/immuni-a-che-punto-siamo-con-i-download-in-toscana\/"]}]},{"@type":"ImageObject","inLanguage":"it-IT","@id":"https:\/\/www.intoscana.it\/it\/immuni-a-che-punto-siamo-con-i-download-in-toscana\/#primaryimage","url":"https:\/\/www.intoscana.it\/wp-content\/uploads\/immuni-app.png","contentUrl":"https:\/\/www.intoscana.it\/wp-content\/uploads\/immuni-app.png","width":1200,"height":630,"caption":"Immuni - Ministero della Salute"},{"@type":"BreadcrumbList","@id":"https:\/\/www.intoscana.it\/it\/immuni-a-che-punto-siamo-con-i-download-in-toscana\/#breadcrumb","itemListElement":[{"@type":"ListItem","position":1,"name":"Home","item":"https:\/\/www.intoscana.it\/it\/"},{"@type":"ListItem","position":2,"name":"Immuni: a che punto siamo con i download in Toscana?"}]},{"@type":"WebSite","@id":"https:\/\/www.intoscana.it\/it\/#website","url":"https:\/\/www.intoscana.it\/it\/","name":"intoscana","description":"","potentialAction":[{"@type":"SearchAction","target":{"@type":"EntryPoint","urlTemplate":"https:\/\/www.intoscana.it\/it\/?s={search_term_string}"},"query-input":{"@type":"PropertyValueSpecification","valueRequired":true,"valueName":"search_term_string"}}],"inLanguage":"it-IT"},{"@type":"Person","@id":"https:\/\/www.intoscana.it\/it\/#\/schema\/person\/010af92117f50561886339ad5b873a41","name":"Chiara Bianchini","sameAs":["c.bianchini@fst.it"],"url":"https:\/\/www.intoscana.it\/it\/author\/chiara-bianchini\/"}]}},"_links":{"self":[{"href":"https:\/\/www.intoscana.it\/it\/wp-json\/wp\/v2\/posts\/151643","targetHints":{"allow":["GET"]}}],"collection":[{"href":"https:\/\/www.intoscana.it\/it\/wp-json\/wp\/v2\/posts"}],"about":[{"href":"https:\/\/www.intoscana.it\/it\/wp-json\/wp\/v2\/types\/post"}],"author":[{"embeddable":true,"href":"https:\/\/www.intoscana.it\/it\/wp-json\/wp\/v2\/users\/507"}],"replies":[{"embeddable":true,"href":"https:\/\/www.intoscana.it\/it\/wp-json\/wp\/v2\/comments?post=151643"}],"version-history":[{"count":0,"href":"https:\/\/www.intoscana.it\/it\/wp-json\/wp\/v2\/posts\/151643\/revisions"}],"wp:featuredmedia":[{"embeddable":true,"href":"https:\/\/www.intoscana.it\/it\/wp-json\/wp\/v2\/media\/151644"}],"wp:attachment":[{"href":"https:\/\/www.intoscana.it\/it\/wp-json\/wp\/v2\/media?parent=151643"}],"wp:term":[{"taxonomy":"category","embeddable":true,"href":"https:\/\/www.intoscana.it\/it\/wp-json\/wp\/v2\/categories?post=151643"},{"taxonomy":"post_tag","embeddable":true,"href":"https:\/\/www.intoscana.it\/it\/wp-json\/wp\/v2\/tags?post=151643"}],"curies":[{"name":"wp","href":"https:\/\/api.w.org\/{rel}","templated":true}]}}