{"id":151661,"date":"2020-09-14T00:02:30","date_gmt":"2020-09-13T22:02:30","guid":{"rendered":"https:\/\/www.intoscana.it\/it\/?p=151661"},"modified":"2020-09-14T06:57:17","modified_gmt":"2020-09-14T04:57:17","slug":"le-dieci-domande-per-orientarsi-nella-scuola-del-post-covid","status":"publish","type":"post","link":"https:\/\/www.intoscana.it\/it\/le-dieci-domande-per-orientarsi-nella-scuola-del-post-covid\/","title":{"rendered":"Le dieci domande per orientarsi nella scuola del post Covid"},"content":{"rendered":"<p>Con la <strong>prima campanella post Covid<\/strong> da oggi inizia un anno scolastico particolare per quasi <strong>mezzo milione di studenti toscani<\/strong> e per le loro famiglie. Sono passati sei mesi dall\u2019ultimo giorno di scuola per molti di questi ragazzi, tanta la contentezza cos\u00ec come i dubbi e le domande che i genitori si pongono in attesa di prendere confidenza con la gestione e l\u2019organizzazione della didattica nei prossimi mesi.<\/p>\n<p>Qui ne abbiamo raccolte alcune.<\/p>\n<ol>\n<li><strong>\u00c8 prevista la misurazione della temperatura all\u2019ingresso a scuola?\u00a0<\/strong>No. \u00c8 una responsabilit\u00e0 individuale. La misurazione della temperatura dovr\u00e0 essere accertata prima dell\u2019arrivo a scuola e in caso di temperatura corporea superiore a 37.5\u00b0C dovr\u00e0 restare a casa.<\/li>\n<li><strong>La mascherina sar\u00e0 sempre obbligatoria o solo quando non sar\u00e0 possibile mantenere il distanziamento?\u00a0<\/strong>Gli alunni dovranno indossare per l\u2019intera permanenza nei locali scolastici una mascherina chirurgica o di comunit\u00e0 di propria dotazione, fatte salve le dovute eccezioni (ad es. attivit\u00e0 fisica, pausa pasto). In linea di massima l&#8217;utilizzo della mascherina \u00e8 necessario in situazioni di movimento e in generale in tutte quelle situazioni (statiche o dinamiche) nelle quali non sia possibile garantire il distanziamento prescritto di 1 metro. Le scuole comunque sono state dotate di mascherine da dare agli alunni nel caso di dimenticanze. Non sono per\u00f2 soggetti all&#8217;obbligo i bambini al di sotto dei sei anni, nonch\u00e9 i soggetti con forme di disabilit\u00e0 non compatibili con l&#8217;uso continuativo della mascherina.<\/li>\n<li><strong>Cosa succede se un bambino manifesta una temperatura superiore a 37.5 dopo essere entrato in aula?\u00a0<\/strong>Sar\u00e0 il Referente scolastico per COVID-19 individuato in ogni scuola ad avvertire i genitori dell\u2019alunno minorenne. L\u2019alunno sar\u00e0 preso in carico facendo evitare lui contatti con altri. Sar\u00e0 poi la famiglia a mettersi in contatto con il proprio medico di medicina generale per valutare i passi successivi.<\/li>\n<li><strong>Chi \u00e8 il referente scolastico per COVID-19?\u00a0<\/strong>\u00c8 una figura, che sar\u00e0 presente in ogni scuola, e che far\u00e0 da raccordo tra la scuola stessa il dipartimento di Prevenzione della Asl di riferimento. In Toscana vi \u00e8 un\u2019apposita ordinanza (<a href=\"https:\/\/www.toscana-notizie.it\/documents\/735693\/1398893\/Ordinanza_del_Presidente_n.81_del_26-08-2020.pdf\/a7acbe61-fc90-248d-6756-88351a47f9bc?t=1598460589253\">la numero 81<\/a>) che, recependo le linee guida ministeriali, punta a rafforzare la sanit\u00e0 territoriale prevedendo un medico in ogni scuola. Le Asl territoriali hanno gi\u00e0 aperto i bandi per il reclutamento del personale medico.<\/li>\n<li><strong>Se un bambino risultasse positivo al Covid, l\u2019intera classe sar\u00e0 messa in quarantena?\u00a0<\/strong>Il passaggio non \u00e8 automatico, sar\u00e0 compito del dipartimento di Prevenzione, attraverso l\u2019attivit\u00e0 di indagine, individuare la strategia pi\u00f9 adatta in merito ad eventuali screening al personale scolastico e agli alunni. Lo studente positivo potr\u00e0 rientrare a scuola solo dopo che sia stata accertata la guarigione clinica, vale a dire la totale assenza di sintomi. La conferma di avvenuta guarigione prevede l\u2019effettuazione di due tamponi a distanza di 24 ore l\u2019uno dall&#8217;altro. Se entrambi i tamponi risulteranno negativi l\u2019alunno potr\u00e0 interrompere l\u2019isolamento.<\/li>\n<li><strong>Ma se il bambino manifestasse febbre prima di entrare a scuola?\u00a0<\/strong>In quel caso i genitori dovranno allertare il pediatra e comunicare l\u2019assenza all\u2019istituto.<\/li>\n<li><strong>In quali casi verr\u00e0 chiusa la scuola?\u00a0<\/strong>Sar\u00e0 sempre il dipartimento di Prevenzione a valutare il da farsi. La chiusura di un servizio educativo\/istituzione scolastica, o parte delle stesse, \u00e8 disposta da parte del responsabile del servizio (o dirigente scolastico) sulla base dei provvedimenti adottati dal dipartimento di Prevenzione in base al numero di casi confermati e di eventuali cluster e del livello di circolazione del virus all\u2019interno della comunit\u00e0.<\/li>\n<li><strong>Saranno fatti tamponi ai compagni e ai familiari?\u00a0<\/strong>Sar\u00e0 sempre il Dipartimento ad attivarsi ricostruendo i contatti dell\u2019alunno, qualora fosse risultato positivo al Covid.19, e ad intraprendere le azioni necessarie.<\/li>\n<li><strong>Se un professore fosse costretto a casa per contatto sospetto con un caso Covid, sarebbero interrotte le lezioni?\u00a0<\/strong>No. Sar\u00e0 possibile garantire la continuit\u00e0 del programma avvalendosi della didattica a distanza integrativa che rappresenta un supporto a quella in presenza. In Toscana un terzo delle scuole superiori utilizzer\u00e0 la dad in modo complementare alle lezioni in presenza come scelta organizzativa.<\/li>\n<li><strong>Se un bambino \u00e8 a casa in isolamento domiciliare, quali forme di supporto sono previste per i genitori che non hanno nessuno cui affidarlo?\u00a0<\/strong>Il genitore lavoratore potr\u00e0 richiedere lo smart working o usufruire dei congedi parentali. Il congedo pu\u00f2 essere usufruito sia dal padre che dalla madre ma in modalit\u00e0 alternata come specificato nella <a href=\"https:\/\/www.inps.it\/bussola\/VisualizzaDoc.aspx?sVirtualURL=\/Circolari\/Circolare%20numero%2099%20del%2003-09-2020.htm\">circolare<\/a> Inps del 3 settembre (n.99). La domanda deve essere presentata in modalit\u00e0 telematica, utilizzando la procedura per la presentazione delle domande di congedo parentale a ore ordinario, selezionando la specifica opzione &#8220;COVID-19&#8221;.\u00a0 Per quanto riguarda lo smart working straordinario, invece, cos\u00ec come specificato nel dpcm del 7 settembre \u201cUn genitore lavoratore dipendente pu\u00f2 svolgere la prestazione di lavoro in modalit\u00e0 agile per tutto o parte del periodo corrispondente alla durata della quarantena del figlio convivente, minore di anni quattordici, disposta dal Dipartimento di prevenzione della ASL territorialmente competente a seguito di contatto verificatosi all\u2019interno del plesso scolastico\u201d.<\/li>\n<\/ol>\n","protected":false},"excerpt":{"rendered":"<p>Cosa succede se un bambino risulta positivo al Covid? E se gli insegnanti fossero costretti all&#8217;isolamento domiciliare? Chi \u00e8 il referente Covid? Proviamo a fare chiarezza tra i molti dubbi che accompagnano la prima campanella<\/p>\n","protected":false},"author":503,"featured_media":151681,"comment_status":"open","ping_status":"open","sticky":false,"template":"","format":"standard","meta":{"_acf_changed":false,"footnotes":""},"categories":[18],"tags":[418,4425,212,4547],"class_list":["post-151661","post","type-post","status-publish","format-standard","has-post-thumbnail","hentry","category-salute","tag-covid-19","tag-docenti","tag-scuola","tag-smart-working"],"acf":[],"yoast_head":"<!-- This site is optimized with the Yoast SEO Premium plugin v24.2 (Yoast SEO v25.6) - https:\/\/yoast.com\/wordpress\/plugins\/seo\/ -->\n<title>Le dieci domande per orientarsi nella scuola del post Covid - intoscana<\/title>\n<meta name=\"description\" content=\"Abbiamo raccolto una serie di domande per aiutare le famiglie a prendere confidenza con le novit\u00e0 della scuola post Covid\" \/>\n<meta name=\"robots\" content=\"index, follow, max-snippet:-1, max-image-preview:large, max-video-preview:-1\" \/>\n<link rel=\"canonical\" href=\"https:\/\/www.intoscana.it\/it\/le-dieci-domande-per-orientarsi-nella-scuola-del-post-covid\/\" \/>\n<meta property=\"og:locale\" content=\"it_IT\" \/>\n<meta property=\"og:type\" content=\"article\" \/>\n<meta property=\"og:title\" content=\"Le dieci domande per orientarsi nella scuola del post Covid\" \/>\n<meta property=\"og:description\" content=\"Abbiamo raccolto una serie di domande per aiutare le famiglie a prendere confidenza con le novit\u00e0 della scuola post Covid\" \/>\n<meta property=\"og:url\" content=\"https:\/\/www.intoscana.it\/it\/le-dieci-domande-per-orientarsi-nella-scuola-del-post-covid\/\" \/>\n<meta property=\"og:site_name\" content=\"intoscana\" \/>\n<meta property=\"article:publisher\" content=\"https:\/\/www.facebook.com\/intoscana.it\" \/>\n<meta property=\"article:published_time\" content=\"2020-09-13T22:02:30+00:00\" \/>\n<meta property=\"article:modified_time\" content=\"2020-09-14T04:57:17+00:00\" \/>\n<meta property=\"og:image\" content=\"https:\/\/www.intoscana.it\/wp-content\/uploads\/ragazza-con-zaiano.jpg\" \/>\n\t<meta property=\"og:image:width\" content=\"1307\" \/>\n\t<meta property=\"og:image:height\" content=\"873\" \/>\n\t<meta property=\"og:image:type\" content=\"image\/jpeg\" \/>\n<meta name=\"author\" content=\"Giulia Rafanelli\" \/>\n<meta name=\"twitter:card\" content=\"summary_large_image\" \/>\n<meta name=\"twitter:creator\" content=\"@intoscana\" \/>\n<meta name=\"twitter:site\" content=\"@intoscana\" \/>\n<meta name=\"twitter:label1\" content=\"Written by\" \/>\n\t<meta name=\"twitter:data1\" content=\"Giulia Rafanelli\" \/>\n\t<meta name=\"twitter:label2\" content=\"Est. reading time\" \/>\n\t<meta name=\"twitter:data2\" content=\"4 minuti\" \/>\n<script type=\"application\/ld+json\" class=\"yoast-schema-graph\">{\"@context\":\"https:\/\/schema.org\",\"@graph\":[{\"@type\":\"WebPage\",\"@id\":\"https:\/\/www.intoscana.it\/it\/le-dieci-domande-per-orientarsi-nella-scuola-del-post-covid\/\",\"url\":\"https:\/\/www.intoscana.it\/it\/le-dieci-domande-per-orientarsi-nella-scuola-del-post-covid\/\",\"name\":\"Le dieci domande per orientarsi nella scuola del post Covid - intoscana\",\"isPartOf\":{\"@id\":\"https:\/\/www.intoscana.it\/it\/#website\"},\"primaryImageOfPage\":{\"@id\":\"https:\/\/www.intoscana.it\/it\/le-dieci-domande-per-orientarsi-nella-scuola-del-post-covid\/#primaryimage\"},\"image\":{\"@id\":\"https:\/\/www.intoscana.it\/it\/le-dieci-domande-per-orientarsi-nella-scuola-del-post-covid\/#primaryimage\"},\"thumbnailUrl\":\"https:\/\/www.intoscana.it\/wp-content\/uploads\/ragazza-con-zaiano.jpg\",\"datePublished\":\"2020-09-13T22:02:30+00:00\",\"dateModified\":\"2020-09-14T04:57:17+00:00\",\"author\":{\"@id\":\"https:\/\/www.intoscana.it\/it\/#\/schema\/person\/333569b367b301e30262defcea56c939\"},\"description\":\"Abbiamo raccolto una serie di domande per aiutare le famiglie a prendere confidenza con le novit\u00e0 della scuola post Covid\",\"breadcrumb\":{\"@id\":\"https:\/\/www.intoscana.it\/it\/le-dieci-domande-per-orientarsi-nella-scuola-del-post-covid\/#breadcrumb\"},\"inLanguage\":\"it-IT\",\"potentialAction\":[{\"@type\":\"ReadAction\",\"target\":[\"https:\/\/www.intoscana.it\/it\/le-dieci-domande-per-orientarsi-nella-scuola-del-post-covid\/\"]}]},{\"@type\":\"ImageObject\",\"inLanguage\":\"it-IT\",\"@id\":\"https:\/\/www.intoscana.it\/it\/le-dieci-domande-per-orientarsi-nella-scuola-del-post-covid\/#primaryimage\",\"url\":\"https:\/\/www.intoscana.it\/wp-content\/uploads\/ragazza-con-zaiano.jpg\",\"contentUrl\":\"https:\/\/www.intoscana.it\/wp-content\/uploads\/ragazza-con-zaiano.jpg\",\"width\":1307,\"height\":873},{\"@type\":\"BreadcrumbList\",\"@id\":\"https:\/\/www.intoscana.it\/it\/le-dieci-domande-per-orientarsi-nella-scuola-del-post-covid\/#breadcrumb\",\"itemListElement\":[{\"@type\":\"ListItem\",\"position\":1,\"name\":\"Home\",\"item\":\"https:\/\/www.intoscana.it\/it\/\"},{\"@type\":\"ListItem\",\"position\":2,\"name\":\"Le dieci domande per orientarsi nella scuola del post Covid\"}]},{\"@type\":\"WebSite\",\"@id\":\"https:\/\/www.intoscana.it\/it\/#website\",\"url\":\"https:\/\/www.intoscana.it\/it\/\",\"name\":\"intoscana\",\"description\":\"\",\"potentialAction\":[{\"@type\":\"SearchAction\",\"target\":{\"@type\":\"EntryPoint\",\"urlTemplate\":\"https:\/\/www.intoscana.it\/it\/?s={search_term_string}\"},\"query-input\":{\"@type\":\"PropertyValueSpecification\",\"valueRequired\":true,\"valueName\":\"search_term_string\"}}],\"inLanguage\":\"it-IT\"},{\"@type\":\"Person\",\"@id\":\"https:\/\/www.intoscana.it\/it\/#\/schema\/person\/333569b367b301e30262defcea56c939\",\"name\":\"Giulia Rafanelli\",\"url\":\"https:\/\/www.intoscana.it\/it\/author\/giulia-rafanelli\/\"}]}<\/script>\n<!-- \/ Yoast SEO Premium plugin. -->","yoast_head_json":{"title":"Le dieci domande per orientarsi nella scuola del post Covid - intoscana","description":"Abbiamo raccolto una serie di domande per aiutare le famiglie a prendere confidenza con le novit\u00e0 della scuola post Covid","robots":{"index":"index","follow":"follow","max-snippet":"max-snippet:-1","max-image-preview":"max-image-preview:large","max-video-preview":"max-video-preview:-1"},"canonical":"https:\/\/www.intoscana.it\/it\/le-dieci-domande-per-orientarsi-nella-scuola-del-post-covid\/","og_locale":"it_IT","og_type":"article","og_title":"Le dieci domande per orientarsi nella scuola del post Covid","og_description":"Abbiamo raccolto una serie di domande per aiutare le famiglie a prendere confidenza con le novit\u00e0 della scuola post Covid","og_url":"https:\/\/www.intoscana.it\/it\/le-dieci-domande-per-orientarsi-nella-scuola-del-post-covid\/","og_site_name":"intoscana","article_publisher":"https:\/\/www.facebook.com\/intoscana.it","article_published_time":"2020-09-13T22:02:30+00:00","article_modified_time":"2020-09-14T04:57:17+00:00","og_image":[{"width":1307,"height":873,"url":"https:\/\/www.intoscana.it\/wp-content\/uploads\/ragazza-con-zaiano.jpg","type":"image\/jpeg"}],"author":"Giulia Rafanelli","twitter_card":"summary_large_image","twitter_creator":"@intoscana","twitter_site":"@intoscana","twitter_misc":{"Written by":"Giulia Rafanelli","Est. reading time":"4 minuti"},"schema":{"@context":"https:\/\/schema.org","@graph":[{"@type":"WebPage","@id":"https:\/\/www.intoscana.it\/it\/le-dieci-domande-per-orientarsi-nella-scuola-del-post-covid\/","url":"https:\/\/www.intoscana.it\/it\/le-dieci-domande-per-orientarsi-nella-scuola-del-post-covid\/","name":"Le dieci domande per orientarsi nella scuola del post Covid - intoscana","isPartOf":{"@id":"https:\/\/www.intoscana.it\/it\/#website"},"primaryImageOfPage":{"@id":"https:\/\/www.intoscana.it\/it\/le-dieci-domande-per-orientarsi-nella-scuola-del-post-covid\/#primaryimage"},"image":{"@id":"https:\/\/www.intoscana.it\/it\/le-dieci-domande-per-orientarsi-nella-scuola-del-post-covid\/#primaryimage"},"thumbnailUrl":"https:\/\/www.intoscana.it\/wp-content\/uploads\/ragazza-con-zaiano.jpg","datePublished":"2020-09-13T22:02:30+00:00","dateModified":"2020-09-14T04:57:17+00:00","author":{"@id":"https:\/\/www.intoscana.it\/it\/#\/schema\/person\/333569b367b301e30262defcea56c939"},"description":"Abbiamo raccolto una serie di domande per aiutare le famiglie a prendere confidenza con le novit\u00e0 della scuola post Covid","breadcrumb":{"@id":"https:\/\/www.intoscana.it\/it\/le-dieci-domande-per-orientarsi-nella-scuola-del-post-covid\/#breadcrumb"},"inLanguage":"it-IT","potentialAction":[{"@type":"ReadAction","target":["https:\/\/www.intoscana.it\/it\/le-dieci-domande-per-orientarsi-nella-scuola-del-post-covid\/"]}]},{"@type":"ImageObject","inLanguage":"it-IT","@id":"https:\/\/www.intoscana.it\/it\/le-dieci-domande-per-orientarsi-nella-scuola-del-post-covid\/#primaryimage","url":"https:\/\/www.intoscana.it\/wp-content\/uploads\/ragazza-con-zaiano.jpg","contentUrl":"https:\/\/www.intoscana.it\/wp-content\/uploads\/ragazza-con-zaiano.jpg","width":1307,"height":873},{"@type":"BreadcrumbList","@id":"https:\/\/www.intoscana.it\/it\/le-dieci-domande-per-orientarsi-nella-scuola-del-post-covid\/#breadcrumb","itemListElement":[{"@type":"ListItem","position":1,"name":"Home","item":"https:\/\/www.intoscana.it\/it\/"},{"@type":"ListItem","position":2,"name":"Le dieci domande per orientarsi nella scuola del post Covid"}]},{"@type":"WebSite","@id":"https:\/\/www.intoscana.it\/it\/#website","url":"https:\/\/www.intoscana.it\/it\/","name":"intoscana","description":"","potentialAction":[{"@type":"SearchAction","target":{"@type":"EntryPoint","urlTemplate":"https:\/\/www.intoscana.it\/it\/?s={search_term_string}"},"query-input":{"@type":"PropertyValueSpecification","valueRequired":true,"valueName":"search_term_string"}}],"inLanguage":"it-IT"},{"@type":"Person","@id":"https:\/\/www.intoscana.it\/it\/#\/schema\/person\/333569b367b301e30262defcea56c939","name":"Giulia Rafanelli","url":"https:\/\/www.intoscana.it\/it\/author\/giulia-rafanelli\/"}]}},"_links":{"self":[{"href":"https:\/\/www.intoscana.it\/it\/wp-json\/wp\/v2\/posts\/151661","targetHints":{"allow":["GET"]}}],"collection":[{"href":"https:\/\/www.intoscana.it\/it\/wp-json\/wp\/v2\/posts"}],"about":[{"href":"https:\/\/www.intoscana.it\/it\/wp-json\/wp\/v2\/types\/post"}],"author":[{"embeddable":true,"href":"https:\/\/www.intoscana.it\/it\/wp-json\/wp\/v2\/users\/503"}],"replies":[{"embeddable":true,"href":"https:\/\/www.intoscana.it\/it\/wp-json\/wp\/v2\/comments?post=151661"}],"version-history":[{"count":0,"href":"https:\/\/www.intoscana.it\/it\/wp-json\/wp\/v2\/posts\/151661\/revisions"}],"wp:featuredmedia":[{"embeddable":true,"href":"https:\/\/www.intoscana.it\/it\/wp-json\/wp\/v2\/media\/151681"}],"wp:attachment":[{"href":"https:\/\/www.intoscana.it\/it\/wp-json\/wp\/v2\/media?parent=151661"}],"wp:term":[{"taxonomy":"category","embeddable":true,"href":"https:\/\/www.intoscana.it\/it\/wp-json\/wp\/v2\/categories?post=151661"},{"taxonomy":"post_tag","embeddable":true,"href":"https:\/\/www.intoscana.it\/it\/wp-json\/wp\/v2\/tags?post=151661"}],"curies":[{"name":"wp","href":"https:\/\/api.w.org\/{rel}","templated":true}]}}