{"id":151864,"date":"2020-09-14T14:37:57","date_gmt":"2020-09-14T12:37:57","guid":{"rendered":"https:\/\/www.intoscana.it\/it\/?p=151864"},"modified":"2020-09-14T15:03:02","modified_gmt":"2020-09-14T13:03:02","slug":"pegaso-oro-personale-sanita","status":"publish","type":"post","link":"https:\/\/www.intoscana.it\/it\/pegaso-oro-personale-sanita\/","title":{"rendered":"Pegaso d&#8217;Oro al personale della sanit\u00e0 toscana, gli eroi della pandemia"},"content":{"rendered":"<p><strong>Pegaso d&#8217;Oro al personale sanitario<\/strong> che ha affrontato in prima linea l&#8217;emergenza sanitaria del <strong>Covid-19<\/strong>. Oggi all&#8217;ospedale delle Apuane di Massa il presidente della Toscana ha assegnato la massima onoreficenza della Regione a tutti gli operatori del Sistema sanitario regionale, per come hanno fronteggiato la pandemia.<\/p>\n<p>Il riconoscimento \u00e8 stato simbolicamente consegnato nelle mani del direttore generale della Asl Nord Ovest. <strong>Massa<\/strong> \u00e8 stata scelta in quanto la provincia apuana \u00e8 stata tra le prime e tra quelle pi\u00f9 duramente colpite dal virus. Ma \u00e8 come se il presidente l\u2019avesse dato a ciascuno dei circa <strong>50mila operatori<\/strong> del Sistema sanitario regionale, in quanto tutti, in qualunque zona l\u2019abbiano fatto hanno saputo dare un generoso ed instancabile contributo nella cura dei tanti cittadini colpiti.<\/p>\n<h3>Grazie a medici, infermieri, pediatri e a tutto il personale<\/h3>\n<p>\u201c<em>Durante tutto il periodo della pandemia da Covid-19, dalla prima emergenza fino alla fase attuale, il Sistema Sanitario Regionale ha saputo rispondere efficacemente grazie alla professionalit\u00e0 e alla dedizione di tutto il personale sanitario e dei volontari, e ad una efficiente organizzazione territorial<\/em>e&#8221; si legge nella motivazione ufficiale del Pegaso d&#8217;Oro.<\/p>\n<p>In Toscana infatti i malati Covid sono stati gestiti con efficacia, grazie alla tempestiva presa in carico da parte di tutto il <strong>personale medico e infermieristico<\/strong> e di tutti gli altri operatori della sanit\u00e0 degli ospedali, dei medici di medicina generale e dei pediatri di libera scelta. Ma anche grazie ad una rete della sanit\u00e0 fatta di <strong>presidi territoriali piccoli ma efficienti,<\/strong> e di grandi strutture moderne e flessibili, nelle quali \u00e8 stato possibile aumentare in tempi rapidi, nelle ore pi\u00f9 difficili dell&#8217;emergenza, i <strong>posti letto di terapia intensiva.<\/strong><\/p>\n<h3>Massa e Carrara tra i territori colpiti pi\u00f9 duramente dal Coronavirus<\/h3>\n<p>&#8220;<em>Si tratta di esempi di ottima sanit\u00e0, che intendiamo valorizzare e celebrare con il conferimento della Medaglia d&#8217;Oro Pegaso della Regione Toscana a tutto il personale della sanit\u00e0 toscan<\/em>a &#8211; continua la motivazione del premio &#8211; <em>consegnandolo simbolicamente nelle mani del Direttore Generale della alla Asl nord ovest in rappresentanza di <strong>uno dei territori colpiti per primi e pi\u00f9 duramente dal virus<\/strong>, ma che, nonostante questo, ha saputo operare efficacemente a tutela della salute di tutti i cittadini e della risorsa-ospedale, fondamentale per limitare la diffusione del contagio in situazioni altamente suscettibili<\/em>\u201d.<\/p>\n<p>Il Pegaso d&#8217;Oro \u00e8 un riconoscimento istituito dalla Giunta regionale nel 1993 per segnalare cittadini italiani o di altri Paesi, che hanno reso un servizio alla comunit\u00e0 nazionale e internazionale attraverso la loro opera in campo culturale, politico, filantropico e del rispetto dei diritti umani.<br \/>\nIl premio consiste in una riproduzione del cavallo alato Pegaso, eletto a simbolo della Regione Toscana gi\u00e0 a partire dalla prima legislatura, tratto, e in parte modificato, da una moneta attribuita a Benvenuto Cellini, oggi conservata al Museo Nazionale del Bargello di Firenze.<\/p>\n<figure id=\"attachment_151869\" aria-describedby=\"caption-attachment-151869\" style=\"width: 800px\" class=\"wp-caption alignnone\"><img loading=\"lazy\" decoding=\"async\" class=\"wp-image-151869\" src=\"https:\/\/www.intoscana.it\/wp-content\/uploads\/pegaso-oro-covid-273x300.jpeg\" alt=\"\" width=\"800\" height=\"880\" srcset=\"https:\/\/www.intoscana.it\/wp-content\/uploads\/pegaso-oro-covid-273x300.jpeg 273w, https:\/\/www.intoscana.it\/wp-content\/uploads\/pegaso-oro-covid-455x500.jpeg 455w, https:\/\/www.intoscana.it\/wp-content\/uploads\/pegaso-oro-covid-768x845.jpeg 768w, https:\/\/www.intoscana.it\/wp-content\/uploads\/pegaso-oro-covid.jpeg 1200w\" sizes=\"auto, (max-width: 800px) 100vw, 800px\" \/><figcaption id=\"caption-attachment-151869\" class=\"wp-caption-text\">Il Pegaso d&#8217;Oro consegnato al personale sanitario<\/figcaption><\/figure>\n<h3>Le terapie intensive sono state riorganizzate<\/h3>\n<p>&#8220;<em>Un ringraziamento collettivo tutti gli operatori e volontari della sanit\u00e0 apuana per come hanno saputo reagire all\u2019emergenza rappresentata dal Covid, che qui ha colpito pi\u00f9 duramente che altrove facendo in modo che in quest&#8217;area si registrasse il punto pi\u00f9 alto della lotta al contagio<\/em>&#8221; ha commentato il presidente della Toscana consegnando il Pegaso d&#8217;Oro.<\/p>\n<p>Dopo aver ricordato tutti coloro (oltre 150) che non ce l&#8217;hanno fatta nella provincia di <strong>Massa Carrara<\/strong>, il presidente ha sottolineato come tutta l&#8217;organizzazione regionale abbia dato buona prova di s\u00e9 e come l&#8217;esperienza fatta abbia dimostrato che era giusto rinnovare e modernizzare gli ospedali e la sanit\u00e0 toscana spendendo, negli ultimi anni, oltre 3,8 miliardi di euro. Nell&#8217;area apuana tutti si sono mossi con grande efficienza ed efficacia.<\/p>\n<p>Il presidente ha aggiunto che le <strong>terapie intensive<\/strong> sono state organizzate in modo tale che, se ce ne fosse ancora bisogno, sarebbero pronte per rispondere alle nuove necessit\u00e0. L&#8217;obiettivo a cui in questi mesi si \u00e8 lavorato \u00e8 quello di riuscire a non interrompere i normali servizi in caso di ripresa dei contagi e gi\u00e0 oggi il volume delle prestazioni fornite \u00e8 tornato ad essere quello di prima della pandemia.<\/p>\n","protected":false},"excerpt":{"rendered":"<p>Il riconoscimento pi\u00f9 alto della Regione \u00e8 stato consegnato oggi a Massa al direttore generale della Asl Nord Ovest: la provincia apuana \u00e8 stata infatti tra le prime e tra quelle pi\u00f9 duramente colpite dal Covid-19<\/p>\n","protected":false},"author":525,"featured_media":143756,"comment_status":"open","ping_status":"open","sticky":false,"template":"","format":"standard","meta":{"_acf_changed":false,"footnotes":""},"categories":[18],"tags":[151,349],"class_list":["post-151864","post","type-post","status-publish","format-standard","has-post-thumbnail","hentry","category-salute","tag-regione-toscana","tag-sanita"],"acf":[],"yoast_head":"<!-- This site is optimized with the Yoast SEO Premium plugin v24.2 (Yoast SEO v25.6) - https:\/\/yoast.com\/wordpress\/plugins\/seo\/ -->\n<title>Pegaso d&#039;Oro al personale della sanit\u00e0 toscana, gli eroi della pandemia - intoscana<\/title>\n<meta name=\"description\" content=\"La Regione Toscana ha assegnato il Pegaso d&#039;Oro, il suo pi\u00f9 alto riconoscimento, al personale sanitario che ha affrontato il Covid-19.\" \/>\n<meta name=\"robots\" content=\"index, follow, max-snippet:-1, max-image-preview:large, max-video-preview:-1\" \/>\n<link rel=\"canonical\" href=\"https:\/\/www.intoscana.it\/it\/pegaso-oro-personale-sanita\/\" \/>\n<meta property=\"og:locale\" content=\"it_IT\" \/>\n<meta property=\"og:type\" content=\"article\" \/>\n<meta property=\"og:title\" content=\"Pegaso d&#039;Oro al personale della sanit\u00e0 toscana, gli eroi della pandemia\" \/>\n<meta property=\"og:description\" content=\"La Regione Toscana ha assegnato il Pegaso d&#039;Oro, il suo pi\u00f9 alto riconoscimento, al personale sanitario che ha affrontato il Covid-19.\" \/>\n<meta property=\"og:url\" content=\"https:\/\/www.intoscana.it\/it\/pegaso-oro-personale-sanita\/\" \/>\n<meta property=\"og:site_name\" content=\"intoscana\" \/>\n<meta property=\"article:publisher\" content=\"https:\/\/www.facebook.com\/intoscana.it\" \/>\n<meta property=\"article:published_time\" content=\"2020-09-14T12:37:57+00:00\" \/>\n<meta property=\"article:modified_time\" content=\"2020-09-14T13:03:02+00:00\" \/>\n<meta property=\"og:image\" content=\"https:\/\/www.intoscana.it\/wp-content\/uploads\/shutterstock_1641184882-3.jpg\" \/>\n\t<meta property=\"og:image:width\" content=\"2000\" \/>\n\t<meta property=\"og:image:height\" content=\"1333\" \/>\n\t<meta property=\"og:image:type\" content=\"image\/jpeg\" \/>\n<meta name=\"author\" content=\"Redazione\" \/>\n<meta name=\"twitter:card\" content=\"summary_large_image\" \/>\n<meta name=\"twitter:creator\" content=\"@intoscana\" \/>\n<meta name=\"twitter:site\" content=\"@intoscana\" \/>\n<meta name=\"twitter:label1\" content=\"Written by\" \/>\n\t<meta name=\"twitter:data1\" content=\"Redazione\" \/>\n\t<meta name=\"twitter:label2\" content=\"Est. reading time\" \/>\n\t<meta name=\"twitter:data2\" content=\"3 minuti\" \/>\n<script type=\"application\/ld+json\" class=\"yoast-schema-graph\">{\"@context\":\"https:\/\/schema.org\",\"@graph\":[{\"@type\":\"WebPage\",\"@id\":\"https:\/\/www.intoscana.it\/it\/pegaso-oro-personale-sanita\/\",\"url\":\"https:\/\/www.intoscana.it\/it\/pegaso-oro-personale-sanita\/\",\"name\":\"Pegaso d'Oro al personale della sanit\u00e0 toscana, gli eroi della pandemia - intoscana\",\"isPartOf\":{\"@id\":\"https:\/\/www.intoscana.it\/it\/#website\"},\"primaryImageOfPage\":{\"@id\":\"https:\/\/www.intoscana.it\/it\/pegaso-oro-personale-sanita\/#primaryimage\"},\"image\":{\"@id\":\"https:\/\/www.intoscana.it\/it\/pegaso-oro-personale-sanita\/#primaryimage\"},\"thumbnailUrl\":\"https:\/\/www.intoscana.it\/wp-content\/uploads\/shutterstock_1641184882-3.jpg\",\"datePublished\":\"2020-09-14T12:37:57+00:00\",\"dateModified\":\"2020-09-14T13:03:02+00:00\",\"author\":{\"@id\":\"https:\/\/www.intoscana.it\/it\/#\/schema\/person\/9223810753230f20bd670fdd322661f8\"},\"description\":\"La Regione Toscana ha assegnato il Pegaso d'Oro, il suo pi\u00f9 alto riconoscimento, al personale sanitario che ha affrontato il Covid-19.\",\"breadcrumb\":{\"@id\":\"https:\/\/www.intoscana.it\/it\/pegaso-oro-personale-sanita\/#breadcrumb\"},\"inLanguage\":\"it-IT\",\"potentialAction\":[{\"@type\":\"ReadAction\",\"target\":[\"https:\/\/www.intoscana.it\/it\/pegaso-oro-personale-sanita\/\"]}]},{\"@type\":\"ImageObject\",\"inLanguage\":\"it-IT\",\"@id\":\"https:\/\/www.intoscana.it\/it\/pegaso-oro-personale-sanita\/#primaryimage\",\"url\":\"https:\/\/www.intoscana.it\/wp-content\/uploads\/shutterstock_1641184882-3.jpg\",\"contentUrl\":\"https:\/\/www.intoscana.it\/wp-content\/uploads\/shutterstock_1641184882-3.jpg\",\"width\":2000,\"height\":1333,\"caption\":\"Mascherine contro il Coronavirus\"},{\"@type\":\"BreadcrumbList\",\"@id\":\"https:\/\/www.intoscana.it\/it\/pegaso-oro-personale-sanita\/#breadcrumb\",\"itemListElement\":[{\"@type\":\"ListItem\",\"position\":1,\"name\":\"Home\",\"item\":\"https:\/\/www.intoscana.it\/it\/\"},{\"@type\":\"ListItem\",\"position\":2,\"name\":\"Pegaso d&#8217;Oro al personale della sanit\u00e0 toscana, gli eroi della pandemia\"}]},{\"@type\":\"WebSite\",\"@id\":\"https:\/\/www.intoscana.it\/it\/#website\",\"url\":\"https:\/\/www.intoscana.it\/it\/\",\"name\":\"intoscana\",\"description\":\"\",\"potentialAction\":[{\"@type\":\"SearchAction\",\"target\":{\"@type\":\"EntryPoint\",\"urlTemplate\":\"https:\/\/www.intoscana.it\/it\/?s={search_term_string}\"},\"query-input\":{\"@type\":\"PropertyValueSpecification\",\"valueRequired\":true,\"valueName\":\"search_term_string\"}}],\"inLanguage\":\"it-IT\"},{\"@type\":\"Person\",\"@id\":\"https:\/\/www.intoscana.it\/it\/#\/schema\/person\/9223810753230f20bd670fdd322661f8\",\"name\":\"Redazione\",\"url\":\"https:\/\/www.intoscana.it\/it\/author\/redazione\/\"}]}<\/script>\n<!-- \/ Yoast SEO Premium plugin. -->","yoast_head_json":{"title":"Pegaso d'Oro al personale della sanit\u00e0 toscana, gli eroi della pandemia - intoscana","description":"La Regione Toscana ha assegnato il Pegaso d'Oro, il suo pi\u00f9 alto riconoscimento, al personale sanitario che ha affrontato il Covid-19.","robots":{"index":"index","follow":"follow","max-snippet":"max-snippet:-1","max-image-preview":"max-image-preview:large","max-video-preview":"max-video-preview:-1"},"canonical":"https:\/\/www.intoscana.it\/it\/pegaso-oro-personale-sanita\/","og_locale":"it_IT","og_type":"article","og_title":"Pegaso d'Oro al personale della sanit\u00e0 toscana, gli eroi della pandemia","og_description":"La Regione Toscana ha assegnato il Pegaso d'Oro, il suo pi\u00f9 alto riconoscimento, al personale sanitario che ha affrontato il Covid-19.","og_url":"https:\/\/www.intoscana.it\/it\/pegaso-oro-personale-sanita\/","og_site_name":"intoscana","article_publisher":"https:\/\/www.facebook.com\/intoscana.it","article_published_time":"2020-09-14T12:37:57+00:00","article_modified_time":"2020-09-14T13:03:02+00:00","og_image":[{"width":2000,"height":1333,"url":"https:\/\/www.intoscana.it\/wp-content\/uploads\/shutterstock_1641184882-3.jpg","type":"image\/jpeg"}],"author":"Redazione","twitter_card":"summary_large_image","twitter_creator":"@intoscana","twitter_site":"@intoscana","twitter_misc":{"Written by":"Redazione","Est. reading time":"3 minuti"},"schema":{"@context":"https:\/\/schema.org","@graph":[{"@type":"WebPage","@id":"https:\/\/www.intoscana.it\/it\/pegaso-oro-personale-sanita\/","url":"https:\/\/www.intoscana.it\/it\/pegaso-oro-personale-sanita\/","name":"Pegaso d'Oro al personale della sanit\u00e0 toscana, gli eroi della pandemia - intoscana","isPartOf":{"@id":"https:\/\/www.intoscana.it\/it\/#website"},"primaryImageOfPage":{"@id":"https:\/\/www.intoscana.it\/it\/pegaso-oro-personale-sanita\/#primaryimage"},"image":{"@id":"https:\/\/www.intoscana.it\/it\/pegaso-oro-personale-sanita\/#primaryimage"},"thumbnailUrl":"https:\/\/www.intoscana.it\/wp-content\/uploads\/shutterstock_1641184882-3.jpg","datePublished":"2020-09-14T12:37:57+00:00","dateModified":"2020-09-14T13:03:02+00:00","author":{"@id":"https:\/\/www.intoscana.it\/it\/#\/schema\/person\/9223810753230f20bd670fdd322661f8"},"description":"La Regione Toscana ha assegnato il Pegaso d'Oro, il suo pi\u00f9 alto riconoscimento, al personale sanitario che ha affrontato il Covid-19.","breadcrumb":{"@id":"https:\/\/www.intoscana.it\/it\/pegaso-oro-personale-sanita\/#breadcrumb"},"inLanguage":"it-IT","potentialAction":[{"@type":"ReadAction","target":["https:\/\/www.intoscana.it\/it\/pegaso-oro-personale-sanita\/"]}]},{"@type":"ImageObject","inLanguage":"it-IT","@id":"https:\/\/www.intoscana.it\/it\/pegaso-oro-personale-sanita\/#primaryimage","url":"https:\/\/www.intoscana.it\/wp-content\/uploads\/shutterstock_1641184882-3.jpg","contentUrl":"https:\/\/www.intoscana.it\/wp-content\/uploads\/shutterstock_1641184882-3.jpg","width":2000,"height":1333,"caption":"Mascherine contro il Coronavirus"},{"@type":"BreadcrumbList","@id":"https:\/\/www.intoscana.it\/it\/pegaso-oro-personale-sanita\/#breadcrumb","itemListElement":[{"@type":"ListItem","position":1,"name":"Home","item":"https:\/\/www.intoscana.it\/it\/"},{"@type":"ListItem","position":2,"name":"Pegaso d&#8217;Oro al personale della sanit\u00e0 toscana, gli eroi della pandemia"}]},{"@type":"WebSite","@id":"https:\/\/www.intoscana.it\/it\/#website","url":"https:\/\/www.intoscana.it\/it\/","name":"intoscana","description":"","potentialAction":[{"@type":"SearchAction","target":{"@type":"EntryPoint","urlTemplate":"https:\/\/www.intoscana.it\/it\/?s={search_term_string}"},"query-input":{"@type":"PropertyValueSpecification","valueRequired":true,"valueName":"search_term_string"}}],"inLanguage":"it-IT"},{"@type":"Person","@id":"https:\/\/www.intoscana.it\/it\/#\/schema\/person\/9223810753230f20bd670fdd322661f8","name":"Redazione","url":"https:\/\/www.intoscana.it\/it\/author\/redazione\/"}]}},"_links":{"self":[{"href":"https:\/\/www.intoscana.it\/it\/wp-json\/wp\/v2\/posts\/151864","targetHints":{"allow":["GET"]}}],"collection":[{"href":"https:\/\/www.intoscana.it\/it\/wp-json\/wp\/v2\/posts"}],"about":[{"href":"https:\/\/www.intoscana.it\/it\/wp-json\/wp\/v2\/types\/post"}],"author":[{"embeddable":true,"href":"https:\/\/www.intoscana.it\/it\/wp-json\/wp\/v2\/users\/525"}],"replies":[{"embeddable":true,"href":"https:\/\/www.intoscana.it\/it\/wp-json\/wp\/v2\/comments?post=151864"}],"version-history":[{"count":0,"href":"https:\/\/www.intoscana.it\/it\/wp-json\/wp\/v2\/posts\/151864\/revisions"}],"wp:featuredmedia":[{"embeddable":true,"href":"https:\/\/www.intoscana.it\/it\/wp-json\/wp\/v2\/media\/143756"}],"wp:attachment":[{"href":"https:\/\/www.intoscana.it\/it\/wp-json\/wp\/v2\/media?parent=151864"}],"wp:term":[{"taxonomy":"category","embeddable":true,"href":"https:\/\/www.intoscana.it\/it\/wp-json\/wp\/v2\/categories?post=151864"},{"taxonomy":"post_tag","embeddable":true,"href":"https:\/\/www.intoscana.it\/it\/wp-json\/wp\/v2\/tags?post=151864"}],"curies":[{"name":"wp","href":"https:\/\/api.w.org\/{rel}","templated":true}]}}