{"id":151997,"date":"2020-09-15T15:31:32","date_gmt":"2020-09-15T13:31:32","guid":{"rendered":"https:\/\/www.intoscana.it\/it\/?p=151997"},"modified":"2020-09-15T15:31:32","modified_gmt":"2020-09-15T13:31:32","slug":"rocco-commisso-torna-a-firenze-per-la-prima-volta-da-febbraio","status":"publish","type":"post","link":"https:\/\/www.intoscana.it\/it\/rocco-commisso-torna-a-firenze-per-la-prima-volta-da-febbraio\/","title":{"rendered":"Rocco Commisso torna a Firenze per la prima volta da febbraio"},"content":{"rendered":"<p>&#8220;Spero che con Chiesa finisca bene, ho letto molte cose sui contratti da rifare con <strong>Milenkovic, Pezzella e Federico<\/strong>, parler\u00f2 con Prad\u00e8 poi con i ragazzi e vedremo cosa succeder\u00e0: <strong>la mia volont\u00e0 \u00e8 fare una Fiorentina sempre pi\u00f9 forte&#8221;<\/strong>. Lo ha detto <strong>Rocco Commisso appena arrivato dagli Stati Uniti a Firenze<\/strong> da dove mancava<strong> da febbraio scorso.<\/strong><\/p>\n<p><strong>&#8220;Ora che sono tornato voglio rimanere almeno qualche mese<\/strong> &#8211; ha proseguito il patron viola &#8211; La squadra comunque \u00e8 quasi gi\u00e0 fatta, se poi si presenter\u00e0 qualche opportunit\u00e0 interverremo, mancano ancora venti giorni&#8221;.<strong> A pochi giorni dall&#8217;inizio del campionato<\/strong> (sabato alle 18 col Torino) il patron viola ha ribadito stima e fiducia in <strong>Iachini riconfermato alla guida della squadra<\/strong>. &#8221;Tra noi c&#8217;\u00e8 un bel rapporto e da quando lui \u00e8 arrivato ha fatto una media punti non lontana dall&#8217;Europa. Spero di centrare questo obiettivo, se non ci riusciremo non sar\u00e0 un fallimento per\u00f2 voglio stare a sinistra della classifica e poi sempre pi\u00f9 in alto. <strong>Nessuno ha voglia di vincere pi\u00f9 di me&#8221;.<\/strong><\/p>\n<p>Una riflessione sull&#8217;ingresso di media company per i diritti tv: &#8220;Se pu\u00f2 essere una svolta? Me lo auguro &#8211; ha detto il magnate italo-americano &#8211; Molte societ\u00e0 non hanno i conti a posto,<strong> la Fiorentina non ha debiti con le banche<\/strong>, semmai solo per i giocatori&#8230;Andate a vedere invece quanti debiti hanno Milan, Roma, Juve, Inter. Il nostro club dal punto di vista finanziario \u00e8 a posto ma non si pu\u00f2 spendere cos\u00ec ogni anno&#8221;.<\/p>\n<p><strong>Poi sul recente emendamento sblocca-stadi<\/strong>: &#8220;Premesso che il calcio \u00e8 cambiato e nessuno deve aspettarsi follie, ritengo sia stata fatta una cosa buona, di aiuto al calcio italiano. <strong>Per il centro sportivo e lo stadio andremo avanti in attesa di parlare con le istituzioni.<\/strong> A Bagno a Ripoli abbiamo fatto molti cambiamenti e i costi stanno aumentando, si dovr\u00e0 capire che non si possono oltrepassare certi limiti&#8221;.<\/p>\n","protected":false},"excerpt":{"rendered":"<p>&#8220;La mia volont\u00e0 \u00e8 fare una Fiorentina sempre pi\u00f9 forte&#8221; la sua prima dichiarazione alla stampa<\/p>\n","protected":false},"author":525,"featured_media":143518,"comment_status":"open","ping_status":"open","sticky":false,"template":"","format":"standard","meta":{"_acf_changed":false,"footnotes":""},"categories":[494],"tags":[290,199],"class_list":["post-151997","post","type-post","status-publish","format-standard","has-post-thumbnail","hentry","category-attualita","tag-calcio","tag-fiorentina"],"acf":[],"yoast_head":"<!-- This site is optimized with the Yoast SEO Premium plugin v24.2 (Yoast SEO v25.6) - https:\/\/yoast.com\/wordpress\/plugins\/seo\/ -->\n<title>Rocco Commisso torna a Firenze per la prima volta da febbraio - intoscana<\/title>\n<meta name=\"description\" content=\"&quot;La mia volont\u00e0 \u00e8 fare una Fiorentina sempre pi\u00f9 forte&quot; la prima dichiarazione alla stampa del patron della squadra toscana\" \/>\n<meta name=\"robots\" content=\"index, follow, max-snippet:-1, max-image-preview:large, max-video-preview:-1\" \/>\n<link rel=\"canonical\" href=\"https:\/\/www.intoscana.it\/it\/rocco-commisso-torna-a-firenze-per-la-prima-volta-da-febbraio\/\" \/>\n<meta property=\"og:locale\" content=\"it_IT\" \/>\n<meta property=\"og:type\" content=\"article\" \/>\n<meta property=\"og:title\" content=\"Rocco Commisso torna a Firenze per la prima volta da febbraio\" \/>\n<meta property=\"og:description\" content=\"&quot;La mia volont\u00e0 \u00e8 fare una Fiorentina sempre pi\u00f9 forte&quot; la prima dichiarazione alla stampa del patron della squadra toscana\" \/>\n<meta property=\"og:url\" content=\"https:\/\/www.intoscana.it\/it\/rocco-commisso-torna-a-firenze-per-la-prima-volta-da-febbraio\/\" \/>\n<meta property=\"og:site_name\" content=\"intoscana\" \/>\n<meta property=\"article:publisher\" content=\"https:\/\/www.facebook.com\/intoscana.it\" \/>\n<meta property=\"article:published_time\" content=\"2020-09-15T13:31:32+00:00\" \/>\n<meta property=\"og:image\" content=\"https:\/\/www.intoscana.it\/wp-content\/uploads\/rocco-commisso-1.jpg\" \/>\n\t<meta property=\"og:image:width\" content=\"1000\" \/>\n\t<meta property=\"og:image:height\" content=\"667\" \/>\n\t<meta property=\"og:image:type\" content=\"image\/jpeg\" \/>\n<meta name=\"author\" content=\"Redazione\" \/>\n<meta name=\"twitter:card\" content=\"summary_large_image\" \/>\n<meta name=\"twitter:creator\" content=\"@intoscana\" \/>\n<meta name=\"twitter:site\" content=\"@intoscana\" \/>\n<meta name=\"twitter:label1\" content=\"Written by\" \/>\n\t<meta name=\"twitter:data1\" content=\"Redazione\" \/>\n\t<meta name=\"twitter:label2\" content=\"Est. reading time\" \/>\n\t<meta name=\"twitter:data2\" content=\"2 minuti\" \/>\n<script type=\"application\/ld+json\" class=\"yoast-schema-graph\">{\"@context\":\"https:\/\/schema.org\",\"@graph\":[{\"@type\":\"WebPage\",\"@id\":\"https:\/\/www.intoscana.it\/it\/rocco-commisso-torna-a-firenze-per-la-prima-volta-da-febbraio\/\",\"url\":\"https:\/\/www.intoscana.it\/it\/rocco-commisso-torna-a-firenze-per-la-prima-volta-da-febbraio\/\",\"name\":\"Rocco Commisso torna a Firenze per la prima volta da febbraio - intoscana\",\"isPartOf\":{\"@id\":\"https:\/\/www.intoscana.it\/it\/#website\"},\"primaryImageOfPage\":{\"@id\":\"https:\/\/www.intoscana.it\/it\/rocco-commisso-torna-a-firenze-per-la-prima-volta-da-febbraio\/#primaryimage\"},\"image\":{\"@id\":\"https:\/\/www.intoscana.it\/it\/rocco-commisso-torna-a-firenze-per-la-prima-volta-da-febbraio\/#primaryimage\"},\"thumbnailUrl\":\"https:\/\/www.intoscana.it\/wp-content\/uploads\/rocco-commisso-1.jpg\",\"datePublished\":\"2020-09-15T13:31:32+00:00\",\"author\":{\"@id\":\"https:\/\/www.intoscana.it\/it\/#\/schema\/person\/9223810753230f20bd670fdd322661f8\"},\"description\":\"\\\"La mia volont\u00e0 \u00e8 fare una Fiorentina sempre pi\u00f9 forte\\\" la prima dichiarazione alla stampa del patron della squadra toscana\",\"breadcrumb\":{\"@id\":\"https:\/\/www.intoscana.it\/it\/rocco-commisso-torna-a-firenze-per-la-prima-volta-da-febbraio\/#breadcrumb\"},\"inLanguage\":\"it-IT\",\"potentialAction\":[{\"@type\":\"ReadAction\",\"target\":[\"https:\/\/www.intoscana.it\/it\/rocco-commisso-torna-a-firenze-per-la-prima-volta-da-febbraio\/\"]}]},{\"@type\":\"ImageObject\",\"inLanguage\":\"it-IT\",\"@id\":\"https:\/\/www.intoscana.it\/it\/rocco-commisso-torna-a-firenze-per-la-prima-volta-da-febbraio\/#primaryimage\",\"url\":\"https:\/\/www.intoscana.it\/wp-content\/uploads\/rocco-commisso-1.jpg\",\"contentUrl\":\"https:\/\/www.intoscana.it\/wp-content\/uploads\/rocco-commisso-1.jpg\",\"width\":1000,\"height\":667,\"caption\":\"Il presidente della Fiorentina Rocco Commisso \u00e8 intervenuto prima della ripresa degli allenamenti.\"},{\"@type\":\"BreadcrumbList\",\"@id\":\"https:\/\/www.intoscana.it\/it\/rocco-commisso-torna-a-firenze-per-la-prima-volta-da-febbraio\/#breadcrumb\",\"itemListElement\":[{\"@type\":\"ListItem\",\"position\":1,\"name\":\"Home\",\"item\":\"https:\/\/www.intoscana.it\/it\/\"},{\"@type\":\"ListItem\",\"position\":2,\"name\":\"Rocco Commisso torna a Firenze per la prima volta da febbraio\"}]},{\"@type\":\"WebSite\",\"@id\":\"https:\/\/www.intoscana.it\/it\/#website\",\"url\":\"https:\/\/www.intoscana.it\/it\/\",\"name\":\"intoscana\",\"description\":\"\",\"potentialAction\":[{\"@type\":\"SearchAction\",\"target\":{\"@type\":\"EntryPoint\",\"urlTemplate\":\"https:\/\/www.intoscana.it\/it\/?s={search_term_string}\"},\"query-input\":{\"@type\":\"PropertyValueSpecification\",\"valueRequired\":true,\"valueName\":\"search_term_string\"}}],\"inLanguage\":\"it-IT\"},{\"@type\":\"Person\",\"@id\":\"https:\/\/www.intoscana.it\/it\/#\/schema\/person\/9223810753230f20bd670fdd322661f8\",\"name\":\"Redazione\",\"url\":\"https:\/\/www.intoscana.it\/it\/author\/redazione\/\"}]}<\/script>\n<!-- \/ Yoast SEO Premium plugin. -->","yoast_head_json":{"title":"Rocco Commisso torna a Firenze per la prima volta da febbraio - intoscana","description":"\"La mia volont\u00e0 \u00e8 fare una Fiorentina sempre pi\u00f9 forte\" la prima dichiarazione alla stampa del patron della squadra toscana","robots":{"index":"index","follow":"follow","max-snippet":"max-snippet:-1","max-image-preview":"max-image-preview:large","max-video-preview":"max-video-preview:-1"},"canonical":"https:\/\/www.intoscana.it\/it\/rocco-commisso-torna-a-firenze-per-la-prima-volta-da-febbraio\/","og_locale":"it_IT","og_type":"article","og_title":"Rocco Commisso torna a Firenze per la prima volta da febbraio","og_description":"\"La mia volont\u00e0 \u00e8 fare una Fiorentina sempre pi\u00f9 forte\" la prima dichiarazione alla stampa del patron della squadra toscana","og_url":"https:\/\/www.intoscana.it\/it\/rocco-commisso-torna-a-firenze-per-la-prima-volta-da-febbraio\/","og_site_name":"intoscana","article_publisher":"https:\/\/www.facebook.com\/intoscana.it","article_published_time":"2020-09-15T13:31:32+00:00","og_image":[{"width":1000,"height":667,"url":"https:\/\/www.intoscana.it\/wp-content\/uploads\/rocco-commisso-1.jpg","type":"image\/jpeg"}],"author":"Redazione","twitter_card":"summary_large_image","twitter_creator":"@intoscana","twitter_site":"@intoscana","twitter_misc":{"Written by":"Redazione","Est. reading time":"2 minuti"},"schema":{"@context":"https:\/\/schema.org","@graph":[{"@type":"WebPage","@id":"https:\/\/www.intoscana.it\/it\/rocco-commisso-torna-a-firenze-per-la-prima-volta-da-febbraio\/","url":"https:\/\/www.intoscana.it\/it\/rocco-commisso-torna-a-firenze-per-la-prima-volta-da-febbraio\/","name":"Rocco Commisso torna a Firenze per la prima volta da febbraio - intoscana","isPartOf":{"@id":"https:\/\/www.intoscana.it\/it\/#website"},"primaryImageOfPage":{"@id":"https:\/\/www.intoscana.it\/it\/rocco-commisso-torna-a-firenze-per-la-prima-volta-da-febbraio\/#primaryimage"},"image":{"@id":"https:\/\/www.intoscana.it\/it\/rocco-commisso-torna-a-firenze-per-la-prima-volta-da-febbraio\/#primaryimage"},"thumbnailUrl":"https:\/\/www.intoscana.it\/wp-content\/uploads\/rocco-commisso-1.jpg","datePublished":"2020-09-15T13:31:32+00:00","author":{"@id":"https:\/\/www.intoscana.it\/it\/#\/schema\/person\/9223810753230f20bd670fdd322661f8"},"description":"\"La mia volont\u00e0 \u00e8 fare una Fiorentina sempre pi\u00f9 forte\" la prima dichiarazione alla stampa del patron della squadra toscana","breadcrumb":{"@id":"https:\/\/www.intoscana.it\/it\/rocco-commisso-torna-a-firenze-per-la-prima-volta-da-febbraio\/#breadcrumb"},"inLanguage":"it-IT","potentialAction":[{"@type":"ReadAction","target":["https:\/\/www.intoscana.it\/it\/rocco-commisso-torna-a-firenze-per-la-prima-volta-da-febbraio\/"]}]},{"@type":"ImageObject","inLanguage":"it-IT","@id":"https:\/\/www.intoscana.it\/it\/rocco-commisso-torna-a-firenze-per-la-prima-volta-da-febbraio\/#primaryimage","url":"https:\/\/www.intoscana.it\/wp-content\/uploads\/rocco-commisso-1.jpg","contentUrl":"https:\/\/www.intoscana.it\/wp-content\/uploads\/rocco-commisso-1.jpg","width":1000,"height":667,"caption":"Il presidente della Fiorentina Rocco Commisso \u00e8 intervenuto prima della ripresa degli allenamenti."},{"@type":"BreadcrumbList","@id":"https:\/\/www.intoscana.it\/it\/rocco-commisso-torna-a-firenze-per-la-prima-volta-da-febbraio\/#breadcrumb","itemListElement":[{"@type":"ListItem","position":1,"name":"Home","item":"https:\/\/www.intoscana.it\/it\/"},{"@type":"ListItem","position":2,"name":"Rocco Commisso torna a Firenze per la prima volta da febbraio"}]},{"@type":"WebSite","@id":"https:\/\/www.intoscana.it\/it\/#website","url":"https:\/\/www.intoscana.it\/it\/","name":"intoscana","description":"","potentialAction":[{"@type":"SearchAction","target":{"@type":"EntryPoint","urlTemplate":"https:\/\/www.intoscana.it\/it\/?s={search_term_string}"},"query-input":{"@type":"PropertyValueSpecification","valueRequired":true,"valueName":"search_term_string"}}],"inLanguage":"it-IT"},{"@type":"Person","@id":"https:\/\/www.intoscana.it\/it\/#\/schema\/person\/9223810753230f20bd670fdd322661f8","name":"Redazione","url":"https:\/\/www.intoscana.it\/it\/author\/redazione\/"}]}},"_links":{"self":[{"href":"https:\/\/www.intoscana.it\/it\/wp-json\/wp\/v2\/posts\/151997","targetHints":{"allow":["GET"]}}],"collection":[{"href":"https:\/\/www.intoscana.it\/it\/wp-json\/wp\/v2\/posts"}],"about":[{"href":"https:\/\/www.intoscana.it\/it\/wp-json\/wp\/v2\/types\/post"}],"author":[{"embeddable":true,"href":"https:\/\/www.intoscana.it\/it\/wp-json\/wp\/v2\/users\/525"}],"replies":[{"embeddable":true,"href":"https:\/\/www.intoscana.it\/it\/wp-json\/wp\/v2\/comments?post=151997"}],"version-history":[{"count":0,"href":"https:\/\/www.intoscana.it\/it\/wp-json\/wp\/v2\/posts\/151997\/revisions"}],"wp:featuredmedia":[{"embeddable":true,"href":"https:\/\/www.intoscana.it\/it\/wp-json\/wp\/v2\/media\/143518"}],"wp:attachment":[{"href":"https:\/\/www.intoscana.it\/it\/wp-json\/wp\/v2\/media?parent=151997"}],"wp:term":[{"taxonomy":"category","embeddable":true,"href":"https:\/\/www.intoscana.it\/it\/wp-json\/wp\/v2\/categories?post=151997"},{"taxonomy":"post_tag","embeddable":true,"href":"https:\/\/www.intoscana.it\/it\/wp-json\/wp\/v2\/tags?post=151997"}],"curies":[{"name":"wp","href":"https:\/\/api.w.org\/{rel}","templated":true}]}}