{"id":152162,"date":"2020-09-16T17:05:49","date_gmt":"2020-09-16T15:05:49","guid":{"rendered":"https:\/\/www.intoscana.it\/it\/?p=152162"},"modified":"2020-09-16T17:06:46","modified_gmt":"2020-09-16T15:06:46","slug":"contributo-affitti-imprese-pisa","status":"publish","type":"post","link":"https:\/\/www.intoscana.it\/it\/contributo-affitti-imprese-pisa\/","title":{"rendered":"Sostegno alle imprese: dal Comune di Pisa 700mila euro per gli affitti commerciali"},"content":{"rendered":"<p>Un sostegno per pagare gli<strong> affitti<\/strong> pensato per le aziende in difficolt\u00e0 a causa del Coronavirus. A vararlo \u00e8 il <strong>Comune di Pisa<\/strong>, che da domani pubblicher\u00e0 il bando per l&#8217;erogazione di un contributo economico una tantum a sostegno delle locazioni per le <strong>imprese commerciali, artigianali<\/strong> e di particolari<strong> studi professionali<\/strong> le cui attivit\u00e0 sono state sospese per l&#8217;emergenza sanitaria Covid-19.<\/p>\n<h3>Un fondo da 700mila euro: si potr\u00e0 fare domanda fino al 17 ottobre<\/h3>\n<p>Si tratta di un fondo, spiega l&#8217;amministrazione comunale pari a<strong> 700mila euro<\/strong>, di cui 650 mila per\u00a0 il sostegno dei canoni commerciali e 50 mila dei canoni di locazione per professionisti. Le domande di ammissione al contributo dovranno essere presentate, entro il prossimo 17 ottobre, congiuntamente dal titolare rappresentante legale dell&#8217;attivit\u00e0 economica o professionale e dal proprietario dell&#8217;immobile entro il quale si esercita l&#8217;attivit\u00e0 stessa, al quale sar\u00e0 erogato il contributo.<\/p>\n<p>Beneficeranno del sostegno economico i titolari di <strong>locazione commerciale o artigianale<\/strong> che svolgano impresa commerciale, di somministrazione o artigianale mcon sede legale in provincia di Pisa e sede operativa nel Comune di Pisa che, in conseguenza dell&#8217;emergenza epidemiologica da Covid-19, abbiano sospeso le attivit\u00e0 dopo il 12 marzo, ma attivi e operativi alla data del 23 febbraio.<\/p>\n<p>Il contributo pu\u00f2 essere chiesto anche dai liberi professionisti, titolari di studio o ufficio in Pisa, di et\u00e0 non superiore a 35 anni che per il 2019 abbiano dichiarato un reddito non superiore a 30 mila euro. Sar\u00e0 la giunta a definire l&#8217;entit\u00e0 del contributo in base alle domande ammesse.<\/p>\n<h3>La soddisfazione di Confcommercio<\/h3>\n<p>Soddisfatta la Confcommercio. &#8220;\u00c8 una misura attesa e molto importante per le imprese. L&#8217;emergenza Covid-19 ha costretto la citt\u00e0 a una situazione senza precedenti: saracinesche abbassate, fatturati azzerati e crollo delle presenze turistiche. Un&#8217;apocalisse che richiede <strong>misure e impegni straordinari<\/strong>, a partire dall&#8217;abbattimento delle spese fisse come il pagamento del canone d&#8217;affitto&#8221;.<\/p>\n","protected":false},"excerpt":{"rendered":"<p>Un contributo economico a sostegno delle locazioni per gli artigiani, i commercianti e gli studi professionali in difficolt\u00e0 per la crisi innescata dalla pandemia<\/p>\n","protected":false},"author":525,"featured_media":141453,"comment_status":"open","ping_status":"open","sticky":false,"template":"","format":"standard","meta":{"_acf_changed":false,"footnotes":""},"categories":[494],"tags":[267,203],"class_list":["post-152162","post","type-post","status-publish","format-standard","has-post-thumbnail","hentry","category-attualita","tag-imprese","tag-pisa"],"acf":[],"yoast_head":"<!-- This site is optimized with the Yoast SEO Premium plugin v24.2 (Yoast SEO v25.6) - https:\/\/yoast.com\/wordpress\/plugins\/seo\/ -->\n<title>Sostegno alle imprese: dal Comune di Pisa 700mila euro per gli affitti commerciali - intoscana<\/title>\n<meta name=\"description\" content=\"Il Comune di Pisa vara un bando da 700mila euro per contributi affitti per le imprese commerciali, artigianali e professionisti.\" \/>\n<meta name=\"robots\" content=\"index, follow, max-snippet:-1, max-image-preview:large, max-video-preview:-1\" \/>\n<link rel=\"canonical\" href=\"https:\/\/www.intoscana.it\/it\/contributo-affitti-imprese-pisa\/\" \/>\n<meta property=\"og:locale\" content=\"it_IT\" \/>\n<meta property=\"og:type\" content=\"article\" \/>\n<meta property=\"og:title\" content=\"Sostegno alle imprese: dal Comune di Pisa 700mila euro per gli affitti commerciali\" \/>\n<meta property=\"og:description\" content=\"Il Comune di Pisa vara un bando da 700mila euro per contributi affitti per le imprese commerciali, artigianali e professionisti.\" \/>\n<meta property=\"og:url\" content=\"https:\/\/www.intoscana.it\/it\/contributo-affitti-imprese-pisa\/\" \/>\n<meta property=\"og:site_name\" content=\"intoscana\" \/>\n<meta property=\"article:publisher\" content=\"https:\/\/www.facebook.com\/intoscana.it\" \/>\n<meta property=\"article:published_time\" content=\"2020-09-16T15:05:49+00:00\" \/>\n<meta property=\"article:modified_time\" content=\"2020-09-16T15:06:46+00:00\" \/>\n<meta property=\"og:image\" content=\"https:\/\/www.intoscana.it\/wp-content\/uploads\/pisa-lungarno-3.jpg\" \/>\n\t<meta property=\"og:image:width\" content=\"1000\" \/>\n\t<meta property=\"og:image:height\" content=\"750\" \/>\n\t<meta property=\"og:image:type\" content=\"image\/jpeg\" \/>\n<meta name=\"author\" content=\"Redazione\" \/>\n<meta name=\"twitter:card\" content=\"summary_large_image\" \/>\n<meta name=\"twitter:creator\" content=\"@intoscana\" \/>\n<meta name=\"twitter:site\" content=\"@intoscana\" \/>\n<meta name=\"twitter:label1\" content=\"Written by\" \/>\n\t<meta name=\"twitter:data1\" content=\"Redazione\" \/>\n\t<meta name=\"twitter:label2\" content=\"Est. reading time\" \/>\n\t<meta name=\"twitter:data2\" content=\"1 minuto\" \/>\n<script type=\"application\/ld+json\" class=\"yoast-schema-graph\">{\"@context\":\"https:\/\/schema.org\",\"@graph\":[{\"@type\":\"WebPage\",\"@id\":\"https:\/\/www.intoscana.it\/it\/contributo-affitti-imprese-pisa\/\",\"url\":\"https:\/\/www.intoscana.it\/it\/contributo-affitti-imprese-pisa\/\",\"name\":\"Sostegno alle imprese: dal Comune di Pisa 700mila euro per gli affitti commerciali - intoscana\",\"isPartOf\":{\"@id\":\"https:\/\/www.intoscana.it\/it\/#website\"},\"primaryImageOfPage\":{\"@id\":\"https:\/\/www.intoscana.it\/it\/contributo-affitti-imprese-pisa\/#primaryimage\"},\"image\":{\"@id\":\"https:\/\/www.intoscana.it\/it\/contributo-affitti-imprese-pisa\/#primaryimage\"},\"thumbnailUrl\":\"https:\/\/www.intoscana.it\/wp-content\/uploads\/pisa-lungarno-3.jpg\",\"datePublished\":\"2020-09-16T15:05:49+00:00\",\"dateModified\":\"2020-09-16T15:06:46+00:00\",\"author\":{\"@id\":\"https:\/\/www.intoscana.it\/it\/#\/schema\/person\/9223810753230f20bd670fdd322661f8\"},\"description\":\"Il Comune di Pisa vara un bando da 700mila euro per contributi affitti per le imprese commerciali, artigianali e professionisti.\",\"breadcrumb\":{\"@id\":\"https:\/\/www.intoscana.it\/it\/contributo-affitti-imprese-pisa\/#breadcrumb\"},\"inLanguage\":\"it-IT\",\"potentialAction\":[{\"@type\":\"ReadAction\",\"target\":[\"https:\/\/www.intoscana.it\/it\/contributo-affitti-imprese-pisa\/\"]}]},{\"@type\":\"ImageObject\",\"inLanguage\":\"it-IT\",\"@id\":\"https:\/\/www.intoscana.it\/it\/contributo-affitti-imprese-pisa\/#primaryimage\",\"url\":\"https:\/\/www.intoscana.it\/wp-content\/uploads\/pisa-lungarno-3.jpg\",\"contentUrl\":\"https:\/\/www.intoscana.it\/wp-content\/uploads\/pisa-lungarno-3.jpg\",\"width\":1000,\"height\":750},{\"@type\":\"BreadcrumbList\",\"@id\":\"https:\/\/www.intoscana.it\/it\/contributo-affitti-imprese-pisa\/#breadcrumb\",\"itemListElement\":[{\"@type\":\"ListItem\",\"position\":1,\"name\":\"Home\",\"item\":\"https:\/\/www.intoscana.it\/it\/\"},{\"@type\":\"ListItem\",\"position\":2,\"name\":\"Sostegno alle imprese: dal Comune di Pisa 700mila euro per gli affitti commerciali\"}]},{\"@type\":\"WebSite\",\"@id\":\"https:\/\/www.intoscana.it\/it\/#website\",\"url\":\"https:\/\/www.intoscana.it\/it\/\",\"name\":\"intoscana\",\"description\":\"\",\"potentialAction\":[{\"@type\":\"SearchAction\",\"target\":{\"@type\":\"EntryPoint\",\"urlTemplate\":\"https:\/\/www.intoscana.it\/it\/?s={search_term_string}\"},\"query-input\":{\"@type\":\"PropertyValueSpecification\",\"valueRequired\":true,\"valueName\":\"search_term_string\"}}],\"inLanguage\":\"it-IT\"},{\"@type\":\"Person\",\"@id\":\"https:\/\/www.intoscana.it\/it\/#\/schema\/person\/9223810753230f20bd670fdd322661f8\",\"name\":\"Redazione\",\"url\":\"https:\/\/www.intoscana.it\/it\/author\/redazione\/\"}]}<\/script>\n<!-- \/ Yoast SEO Premium plugin. -->","yoast_head_json":{"title":"Sostegno alle imprese: dal Comune di Pisa 700mila euro per gli affitti commerciali - intoscana","description":"Il Comune di Pisa vara un bando da 700mila euro per contributi affitti per le imprese commerciali, artigianali e professionisti.","robots":{"index":"index","follow":"follow","max-snippet":"max-snippet:-1","max-image-preview":"max-image-preview:large","max-video-preview":"max-video-preview:-1"},"canonical":"https:\/\/www.intoscana.it\/it\/contributo-affitti-imprese-pisa\/","og_locale":"it_IT","og_type":"article","og_title":"Sostegno alle imprese: dal Comune di Pisa 700mila euro per gli affitti commerciali","og_description":"Il Comune di Pisa vara un bando da 700mila euro per contributi affitti per le imprese commerciali, artigianali e professionisti.","og_url":"https:\/\/www.intoscana.it\/it\/contributo-affitti-imprese-pisa\/","og_site_name":"intoscana","article_publisher":"https:\/\/www.facebook.com\/intoscana.it","article_published_time":"2020-09-16T15:05:49+00:00","article_modified_time":"2020-09-16T15:06:46+00:00","og_image":[{"width":1000,"height":750,"url":"https:\/\/www.intoscana.it\/wp-content\/uploads\/pisa-lungarno-3.jpg","type":"image\/jpeg"}],"author":"Redazione","twitter_card":"summary_large_image","twitter_creator":"@intoscana","twitter_site":"@intoscana","twitter_misc":{"Written by":"Redazione","Est. reading time":"1 minuto"},"schema":{"@context":"https:\/\/schema.org","@graph":[{"@type":"WebPage","@id":"https:\/\/www.intoscana.it\/it\/contributo-affitti-imprese-pisa\/","url":"https:\/\/www.intoscana.it\/it\/contributo-affitti-imprese-pisa\/","name":"Sostegno alle imprese: dal Comune di Pisa 700mila euro per gli affitti commerciali - intoscana","isPartOf":{"@id":"https:\/\/www.intoscana.it\/it\/#website"},"primaryImageOfPage":{"@id":"https:\/\/www.intoscana.it\/it\/contributo-affitti-imprese-pisa\/#primaryimage"},"image":{"@id":"https:\/\/www.intoscana.it\/it\/contributo-affitti-imprese-pisa\/#primaryimage"},"thumbnailUrl":"https:\/\/www.intoscana.it\/wp-content\/uploads\/pisa-lungarno-3.jpg","datePublished":"2020-09-16T15:05:49+00:00","dateModified":"2020-09-16T15:06:46+00:00","author":{"@id":"https:\/\/www.intoscana.it\/it\/#\/schema\/person\/9223810753230f20bd670fdd322661f8"},"description":"Il Comune di Pisa vara un bando da 700mila euro per contributi affitti per le imprese commerciali, artigianali e professionisti.","breadcrumb":{"@id":"https:\/\/www.intoscana.it\/it\/contributo-affitti-imprese-pisa\/#breadcrumb"},"inLanguage":"it-IT","potentialAction":[{"@type":"ReadAction","target":["https:\/\/www.intoscana.it\/it\/contributo-affitti-imprese-pisa\/"]}]},{"@type":"ImageObject","inLanguage":"it-IT","@id":"https:\/\/www.intoscana.it\/it\/contributo-affitti-imprese-pisa\/#primaryimage","url":"https:\/\/www.intoscana.it\/wp-content\/uploads\/pisa-lungarno-3.jpg","contentUrl":"https:\/\/www.intoscana.it\/wp-content\/uploads\/pisa-lungarno-3.jpg","width":1000,"height":750},{"@type":"BreadcrumbList","@id":"https:\/\/www.intoscana.it\/it\/contributo-affitti-imprese-pisa\/#breadcrumb","itemListElement":[{"@type":"ListItem","position":1,"name":"Home","item":"https:\/\/www.intoscana.it\/it\/"},{"@type":"ListItem","position":2,"name":"Sostegno alle imprese: dal Comune di Pisa 700mila euro per gli affitti commerciali"}]},{"@type":"WebSite","@id":"https:\/\/www.intoscana.it\/it\/#website","url":"https:\/\/www.intoscana.it\/it\/","name":"intoscana","description":"","potentialAction":[{"@type":"SearchAction","target":{"@type":"EntryPoint","urlTemplate":"https:\/\/www.intoscana.it\/it\/?s={search_term_string}"},"query-input":{"@type":"PropertyValueSpecification","valueRequired":true,"valueName":"search_term_string"}}],"inLanguage":"it-IT"},{"@type":"Person","@id":"https:\/\/www.intoscana.it\/it\/#\/schema\/person\/9223810753230f20bd670fdd322661f8","name":"Redazione","url":"https:\/\/www.intoscana.it\/it\/author\/redazione\/"}]}},"_links":{"self":[{"href":"https:\/\/www.intoscana.it\/it\/wp-json\/wp\/v2\/posts\/152162","targetHints":{"allow":["GET"]}}],"collection":[{"href":"https:\/\/www.intoscana.it\/it\/wp-json\/wp\/v2\/posts"}],"about":[{"href":"https:\/\/www.intoscana.it\/it\/wp-json\/wp\/v2\/types\/post"}],"author":[{"embeddable":true,"href":"https:\/\/www.intoscana.it\/it\/wp-json\/wp\/v2\/users\/525"}],"replies":[{"embeddable":true,"href":"https:\/\/www.intoscana.it\/it\/wp-json\/wp\/v2\/comments?post=152162"}],"version-history":[{"count":0,"href":"https:\/\/www.intoscana.it\/it\/wp-json\/wp\/v2\/posts\/152162\/revisions"}],"wp:featuredmedia":[{"embeddable":true,"href":"https:\/\/www.intoscana.it\/it\/wp-json\/wp\/v2\/media\/141453"}],"wp:attachment":[{"href":"https:\/\/www.intoscana.it\/it\/wp-json\/wp\/v2\/media?parent=152162"}],"wp:term":[{"taxonomy":"category","embeddable":true,"href":"https:\/\/www.intoscana.it\/it\/wp-json\/wp\/v2\/categories?post=152162"},{"taxonomy":"post_tag","embeddable":true,"href":"https:\/\/www.intoscana.it\/it\/wp-json\/wp\/v2\/tags?post=152162"}],"curies":[{"name":"wp","href":"https:\/\/api.w.org\/{rel}","templated":true}]}}