{"id":152536,"date":"2020-09-22T10:26:00","date_gmt":"2020-09-22T08:26:00","guid":{"rendered":"https:\/\/www.intoscana.it\/it\/?p=152536"},"modified":"2020-09-23T09:44:34","modified_gmt":"2020-09-23T07:44:34","slug":"mary-sarnataro-lemancipazione-femminile-passa-dalla-comicita","status":"publish","type":"post","link":"https:\/\/www.intoscana.it\/it\/mary-sarnataro-lemancipazione-femminile-passa-dalla-comicita\/","title":{"rendered":"Mary Sarnataro: \u201cL\u2019emancipazione femminile passa dalla comicit\u00e0\u201d"},"content":{"rendered":"<p><strong>Maria Anna Assunta \u2018Mustela\u2019 in arte <a href=\"https:\/\/www.facebook.com\/MarySarnataro\/\" target=\"_blank\" rel=\"noopener noreferrer\">Mary Sarnataro<\/a>,<\/strong> 40 anni, \u00e8 una delle comiche emergenti del panorama televisivo italiano. <strong>Ha due lauree una in lingue e una in filosofia<\/strong> ma ha trovato il lato \u2018comico\u2019 della vita facendo la cameriera.\u00a0\u00c9 stata scoperta da<a href=\"https:\/\/italiasgottalent.it\" target=\"_blank\" rel=\"noopener noreferrer\"><strong> Italia\u2019s Got Talent<\/strong><\/a> e poi si \u00e8 fatta \u2018le ossa\u2019 a <strong>Colorado<\/strong> e successivamente a<a href=\"https:\/\/www.iene.mediaset.it\" target=\"_blank\" rel=\"noopener noreferrer\"> <strong>Le Iene<\/strong><\/a>. Dice parolacce, fuma, beve, prende in giro tutti senza peli sulla lingua <strong>dai gay ai lavavetri, dalle star di internet alle mamme.<\/strong> Nel tentativo di \u2018migliorarsi\u2019 e raggiungere milioni di follower su Instagram come<a href=\"https:\/\/www.instagram.com\/chiaraferragni\/?hl=it\" target=\"_blank\" rel=\"noopener noreferrer\"> <strong>Chiara Ferragni<\/strong><\/a> ha fatto tantissimi corsi dal <a href=\"https:\/\/www.youtube.com\/watch?v=9r40X0wbzlA\" target=\"_blank\" rel=\"noopener noreferrer\"><strong>mermaiding<\/strong><\/a> \u2013 ovvero nuoto a sirena \u2013 al corso per diventare arbitro, senza tralasciare quelli classici, ma sempre attuali, di ballo latino-americano, chitarra, uncinetto e ginnastica militare. Ed ora sa fare tantissime cose\u2026 ma tutte male, ovviamente! Alla fine ha capito che<strong> la chiave per vivere felici e far sorridere gli altri \u00e8 essere sempre, inevitabilmente e in ogni occasione se stessi,<\/strong> anche a costo di essere una brutta persona.<\/p>\n<h3>Ecco la nostra intervista<\/h3>\n<p><strong>Ciao Mary! Sei un simbolo della situazione dei giovani in Italia perch\u00e8 con due lauree hai trovato lavoro come cameriera, giusto?<\/strong><\/p>\n<p>Esatto quando uno ha delle grandi aspettative nella vita vero?<\/p>\n<p><strong>Proprio dal tuo lavoro di cameriera \u00e8 nato anche il tuo lavoro di comica, ma quando hai capito che poteva davvero essere la tua nuova occupazione?<\/strong><\/p>\n<p>In realt\u00e0 te lo faccio sapere quando lo capir\u00f2, perch\u00e8 ancora lo devo capire se \u00e8 veramente il mio lavoro. Per il momento \u00e8 e continua ad essere un piacere.<\/p>\n<p><strong>Per\u00f2 diciamo a un certo punto ti sei resa conto che facevi ridere?<\/strong><\/p>\n<p>Noi comici di solito abbiamo questa presunzione di essere chiss\u00e0 chi. In realt\u00e0 penso che noi comici non salviamo vite umane, per\u00f2 cerchiamo di fare il possibile per migliorarle con qualche battuta, qualche risata.<\/p>\n<p><strong>Il tuo percorso \u00e8 partito da Italia\u2019s Got Talent, poi Colorado e Le iene. La tua vita \u00e8 cambiata?<\/strong><\/p>\n<p>Posso dirti la verit\u00e0? Sai che non \u00e8 cambiata molto. Forse potr\u00e0 sembrarti un\u2019assurdit\u00e0 ma la mia vita \u00e8 rimasta un po\u2019 quella che era. S\u00ec conosco pi\u00f9 gente e <strong>ancora mi imbarazzo se qualcuno per strada mi chiede di fare una foto insieme<\/strong>, perch\u00e8 io mi sento esattamente come voi. \u00c9 un\u00a0po\u2019 come la prendi la vita. I miei amici sono rimasti gli stessi, magari ne ho conosciuto qualcuno in pi\u00f9, ho conosciuto anche qualche merda in pi\u00f9 per\u00f2, bisogna dire anche questo.<\/p>\n<p><span class=\"citazione\">Le donne sono state sempre educate ad essere carine e non buffe<\/span><\/p>\n<p><strong>Il tuo nuovo spettacolo si intitola \u201cSono una brutta persona, ma una fantastica scimmia\u201d, il tuo cavallo di battaglia \u00e8 il \u201cpolitically uncorrect\u201d, tu dici alle persone quello che non vogliono assolutamente sentirsi dire<\/strong><\/p>\n<p>Pu\u00f2 sembrare una cosa da stronzi, ma in realt\u00e0 \u00e8 quello che tutti noi pensiamo, bisognerebbe a volte avere il coraggio di dire e spiegare perch\u00e8 si dice una cosa. Spesso abbiamo dei paletti nella comicit\u00e0, <strong>non si possono fare battute sui neri se non sei nera, sugli ebrei se non sei ebrea, sui gay se non sei gay<\/strong>. Io invece questo lo trovo molto discriminante, io prendo in giro le donne, gli uomini, i cani, le istituzioni, i politici, trovo giusto che si possa ironizzare e prendere in giro tutti ovviamente con un perch\u00e8, altrimenti sarebbe solo cattiveria gratuita. Io sono una brutta persona perch\u00e8 un giorno ho letto un libro di <a href=\"https:\/\/it.wikipedia.org\/wiki\/Jodi_Picoult\" target=\"_blank\" rel=\"noopener noreferrer\"><strong>Jodi Picoult<\/strong><\/a> dove diceva che l\u2019unico modo per essere felice in realt\u00e0 sono due: <strong>o migliori te stessa o abbassi le aspettative. Io non sono riuscita a migliorarmi e ho abbassato le aspettative.<\/strong><\/p>\n<p><iframe loading=\"lazy\" src=\"https:\/\/www.youtube.com\/embed\/nCBITIso06Y\" width=\"800\" height=\"500\" frameborder=\"0\" allowfullscreen=\"allowfullscreen\"><span data-mce-type=\"bookmark\" style=\"display: inline-block; width: 0px; overflow: hidden; line-height: 0;\" class=\"mce_SELRES_start\">\ufeff<\/span><\/iframe><\/p>\n<p><strong>Mi sembra che una cosa bella che emerge dai tuoi spettacoli sia che quando si \u00e8 veramente se stessi \u00e8 quando si sta meglio con gli altri e si fanno ridere gli altri, accettare se stessi \u00e8 una cosa che ci aiuta a vivere meglio<\/strong><\/p>\n<p>Assolutamente, infatti ti racconto questa cosa. Quando iniziai il mio percorso come comica, c\u2019era un laboratorio artistico a<a href=\"https:\/\/www.areazelig.it\" target=\"_blank\" rel=\"noopener noreferrer\"><strong> Zelig<\/strong><\/a>, dove si andavano a provare i pezzi e io raccontavo tutto quello che non mi andava durante la settimana.<strong> Uno degli autori mi disse: \u2018Guarda che il cabaret non \u00e8 terapia\u2019. Invece io penso esattamente il contrario<\/strong>, penso che il cabaret cos\u00ec come la comicit\u00e0 sia una terapia per chi la fa e per chi la ascolta. Perch\u00e8 riesci a metabolizzare qualcosa che non ti va gi\u00f9,<strong> io dico sempre mangio merda per renderla comica.<\/strong> Mi succede qualcosa di brutto, la mastico e poi la butto gi\u00f9 e la racconto. <strong>Tre quarti delle cose che racconto sono vere<\/strong>, per fortuna non dico quali, perch\u00e8 senn\u00f2 sarebbe una guerra.<\/p>\n<p><strong>In fondo la Stand Up Comedy \u00e8 nata proprio per questo per potersi lamentare dei propri problemi in modo ironico, per poterci ridere sopra<\/strong><\/p>\n<p>Certo, assolutamente, infatti per me chiunque pu\u00f2 fare Stand Up. Hai qualcosa da dire? Buttati su un palco e dilla<\/p>\n<p><strong>\u00c9 un momento straordinario per la Stan Up Comedy anche dal punto di vista delle donne. In tutto il mondo e per fortuna adesso anche in Italia, le donne prendono in mano un microfono e dicono senza peli sulla lingua quello che pensano<\/strong><\/p>\n<p>Finalmente!!!<\/p>\n<p><strong>Potrebbe essere paradossalmente un vantaggio adesso essere donna perch\u00e8 abbiamo molte pi\u00f9 cose di cui lamentarci rispetto agli uomini!<\/strong><\/p>\n<p>Certo, il fatto \u00e8 che siamo anche molto pi\u00f9 comiche nel raccontarle, bisogna solo passare quei \u2018gap\u2019 che per anni ci sono stati. <strong>Le donne sono state sempre educate ad essere carine e non buffe<\/strong>. Ti faccio un esempio stupido, se un bambino si mette le scarpe della mamma e va in giro per casa tutti dicono \u2018Guarda che buffo!\u2019, se una bambina si mette le scarpe del pap\u00e0 le dicono \u2018dai non fare la stupida\u2019. Per anni<strong>\u00a0la mia generazione \u00e8 nata con l\u2019idea che le bambine devono essere educate<\/strong>. Io fortunatamente avevo 8 fratelli maschi, quindi l\u2019educazione non poteva essere troppo \u2018femminile\u2019, di conseguenza ho met\u00e0 di me che \u00e8 completamente maschile.<strong> Ora siamo libere da questi tab\u00f9, possiamo permetterci di dire le parolacce senza sembrare volgari.<\/strong><\/p>\n<p><strong>In USA le comiche sono molto avanti in questo senso, ci sono alcune che sono talmente volgari che fanno davvero morire dal ridere, perch\u00e8 ancora \u00e8 percepito come un contrasto<\/strong><\/p>\n<p>Fortunatamente anche l\u2019Italia pu\u00f2 permettere alle donne di essere \u2018politically uncorrect\u2019 anche se non \u00e8 cos\u00ec ovunque. <strong>A me \u00e8 capitato di fare spettacoli in alcuni posti in cui mi guardavano come se fossi l\u2019anticristo.<\/strong><\/p>\n<p><strong>Ti lancio un\u2019altra provocazione, ti \u00e8 successo al nord o al sud?<\/strong><\/p>\n<p>Guarda \u00e8 successo sia al nord che al sud. Non te lo dico perch\u00e8 non voglio prendere una posizione, anzi. Al nord mi \u00e8 successo in un paesino piccolo in provincia di Pavia, invece al sud \u00e8 successo in una grande citt\u00e0 Catania.\u00a0\u00c9 stata una cosa che mi ha scioccata, a Pavia l\u2019organizzatrice della serata mi ha detto: adesso devi mandare una lettera al sindaco per scusarti per quello che hai detto. Ma non avevo detto niente! Avevo solo raccontato che non voglio avere bambini, io sono una donna che non ha istinto materno. Sbeffeggiavo un po\u2019 il mondo delle mamme. Invece al sud <strong>una donna forte sul palco, non andava bene. La donna deve essere la \u2018sfigata\u2019 della situazione non il boia.<\/strong> Sono stati per\u00f2 episodi sporadici, capitati 4 anni fa, probabilmente oggi ci siamo evoluti un po\u2019 tutti.<\/p>\n<p><strong>Lo spero vivamente, spero che anche grazie ai tuoi spettacoli la mentalit\u00e0 italiana si evolva un po\u2019\u00a0<\/strong><\/p>\n<p>Io sono dell\u2019idea che una cosa ti pu\u00f2 piacere o non ti pu\u00f2 piacere. Se non ti piace non lo guardi, abbiamo ancora questa possibilit\u00e0.<\/p>\n<p><strong>Ti faccio un\u2019ultima domanda, mi sembra che in questo momento in Italia ci sia tanto bisogno di tornare a ridere. Ma secondo te si pu\u00f2 gi\u00e0 ridere di tutto quello che ci \u00e8 capitato con il Covid, oppure ancora \u00e8 troppo presto? O \u00e8 troppo difficile?<\/strong><\/p>\n<p>Mentre eravamo chiusi in casa in quarantena forzata tutti quanti ho pensato di non scrivere niente sul <strong>Covid<\/strong>, perch\u00e8 ho detto quando usciremo nessuno avr\u00e0 pi\u00f9 voglia di parlarne. In realt\u00e0 stiamo gi\u00e0 ridendo del Covid, o forse della nostra stupidit\u00e0. Un po\u2019 perch\u00e8 siamo stupidi noi, passiamo da un estremo all\u2019altro, abbiamo paura di tossire in mezzo alla gente perch\u00e8 poi ci guardano male come se fossimo appestati.\u00a0<strong>C\u2019\u00e8 da dire che si pu\u00f2 ridere di tutto, ma ci sono dei tempi.<\/strong> Il Covid ci ha parecchio provati, abbiamo visto tanti morti, \u00e8 difficile ridere di qualcosa che ha provocato \u00a0tutto questo e allora sai che c\u2019\u00e8 ridiamo della morte stessa! <strong>Prendiamo in giro la morte,<\/strong> cos\u00ec magari riusciamo a superare questo periodo che \u00e8 nero perch\u00e8 ci sono stati tanti morti a causa del Covid, ma anche del Post-Covid perch\u00e8 le persone non riescono pi\u00f9 a lavorare, hanno chiuso l\u2019attivit\u00e0 e non sanno come andare avanti. <strong>Io vorrei riuscire ad essere pi\u00f9 leggera possibile, vorrei dire: mandiamo affanculo il Covid e divertiamoci!<\/strong><\/p>\n<p><strong>ATTENZIONE! Lo spettacolo di\u00a0Mary Sarnataro in programma il 30 settembre a Firenze nel Guelfi Sport Center \u00e8\u00a0stato annullato.<\/strong><\/p>\n<p>&nbsp;<\/p>\n","protected":false},"excerpt":{"rendered":"<p>Lo spettacolo del 30 settembre a Firenze nel Guelfi Sport Center \u00e8 stato annullato ma Mary ci ha promesso che torner\u00e0 presto in citt\u00e0!<\/p>\n","protected":false},"author":518,"featured_media":152540,"comment_status":"open","ping_status":"open","sticky":false,"template":"","format":"standard","meta":{"_acf_changed":false,"footnotes":""},"categories":[493,4],"tags":[4474,388,3138,236],"class_list":["post-152536","post","type-post","status-publish","format-standard","has-post-thumbnail","hentry","category-cultura","category-storie","tag-eventi","tag-eventi-a-firenze","tag-interviste-agli-artisti","tag-teatro"],"acf":[],"yoast_head":"<!-- This site is optimized with the Yoast SEO Premium plugin v24.2 (Yoast SEO v25.6) - https:\/\/yoast.com\/wordpress\/plugins\/seo\/ -->\n<title>Mary Sarnataro: \u201cL\u2019emancipazione femminile passa dalla comicit\u00e0\u201d - intoscana<\/title>\n<meta name=\"description\" content=\"Lo spettacolo del 30 settembre a Firenze nel Guelfi Sport Center \u00e8 stato annullato ma Mary ci ha promesso che torner\u00e0 presto in citt\u00e0!\" \/>\n<meta name=\"robots\" content=\"index, follow, max-snippet:-1, max-image-preview:large, max-video-preview:-1\" \/>\n<link rel=\"canonical\" href=\"https:\/\/www.intoscana.it\/it\/mary-sarnataro-lemancipazione-femminile-passa-dalla-comicita\/\" \/>\n<meta property=\"og:locale\" content=\"it_IT\" \/>\n<meta property=\"og:type\" content=\"article\" \/>\n<meta property=\"og:title\" content=\"Mary Sarnataro: \u201cL\u2019emancipazione femminile passa dalla comicit\u00e0\u201d\" \/>\n<meta property=\"og:description\" content=\"Lo spettacolo del 30 settembre a Firenze nel Guelfi Sport Center \u00e8 stato annullato ma Mary ci ha promesso che torner\u00e0 presto in citt\u00e0!\" \/>\n<meta property=\"og:url\" content=\"https:\/\/www.intoscana.it\/it\/mary-sarnataro-lemancipazione-femminile-passa-dalla-comicita\/\" \/>\n<meta property=\"og:site_name\" content=\"intoscana\" \/>\n<meta property=\"article:publisher\" content=\"https:\/\/www.facebook.com\/intoscana.it\" \/>\n<meta property=\"article:published_time\" content=\"2020-09-22T08:26:00+00:00\" \/>\n<meta property=\"article:modified_time\" content=\"2020-09-23T07:44:34+00:00\" \/>\n<meta property=\"og:image\" content=\"https:\/\/www.intoscana.it\/wp-content\/uploads\/94611838_2560578910713967_4597678850174877696_o.jpg\" \/>\n\t<meta property=\"og:image:width\" content=\"1080\" \/>\n\t<meta property=\"og:image:height\" content=\"864\" \/>\n\t<meta property=\"og:image:type\" content=\"image\/jpeg\" \/>\n<meta name=\"author\" content=\"Costanza Baldini\" \/>\n<meta name=\"twitter:card\" content=\"summary_large_image\" \/>\n<meta name=\"twitter:creator\" content=\"@intoscana\" \/>\n<meta name=\"twitter:site\" content=\"@intoscana\" \/>\n<meta name=\"twitter:label1\" content=\"Written by\" \/>\n\t<meta name=\"twitter:data1\" content=\"Costanza Baldini\" \/>\n\t<meta name=\"twitter:label2\" content=\"Est. reading time\" \/>\n\t<meta name=\"twitter:data2\" content=\"7 minuti\" \/>\n<script type=\"application\/ld+json\" class=\"yoast-schema-graph\">{\"@context\":\"https:\/\/schema.org\",\"@graph\":[{\"@type\":\"WebPage\",\"@id\":\"https:\/\/www.intoscana.it\/it\/mary-sarnataro-lemancipazione-femminile-passa-dalla-comicita\/\",\"url\":\"https:\/\/www.intoscana.it\/it\/mary-sarnataro-lemancipazione-femminile-passa-dalla-comicita\/\",\"name\":\"Mary Sarnataro: \u201cL\u2019emancipazione femminile passa dalla comicit\u00e0\u201d - intoscana\",\"isPartOf\":{\"@id\":\"https:\/\/www.intoscana.it\/it\/#website\"},\"primaryImageOfPage\":{\"@id\":\"https:\/\/www.intoscana.it\/it\/mary-sarnataro-lemancipazione-femminile-passa-dalla-comicita\/#primaryimage\"},\"image\":{\"@id\":\"https:\/\/www.intoscana.it\/it\/mary-sarnataro-lemancipazione-femminile-passa-dalla-comicita\/#primaryimage\"},\"thumbnailUrl\":\"https:\/\/www.intoscana.it\/wp-content\/uploads\/94611838_2560578910713967_4597678850174877696_o.jpg\",\"datePublished\":\"2020-09-22T08:26:00+00:00\",\"dateModified\":\"2020-09-23T07:44:34+00:00\",\"author\":{\"@id\":\"https:\/\/www.intoscana.it\/it\/#\/schema\/person\/d469f35f09739bdf00bf5dd3f0647a82\"},\"description\":\"Lo spettacolo del 30 settembre a Firenze nel Guelfi Sport Center \u00e8 stato annullato ma Mary ci ha promesso che torner\u00e0 presto in citt\u00e0!\",\"breadcrumb\":{\"@id\":\"https:\/\/www.intoscana.it\/it\/mary-sarnataro-lemancipazione-femminile-passa-dalla-comicita\/#breadcrumb\"},\"inLanguage\":\"it-IT\",\"potentialAction\":[{\"@type\":\"ReadAction\",\"target\":[\"https:\/\/www.intoscana.it\/it\/mary-sarnataro-lemancipazione-femminile-passa-dalla-comicita\/\"]}]},{\"@type\":\"ImageObject\",\"inLanguage\":\"it-IT\",\"@id\":\"https:\/\/www.intoscana.it\/it\/mary-sarnataro-lemancipazione-femminile-passa-dalla-comicita\/#primaryimage\",\"url\":\"https:\/\/www.intoscana.it\/wp-content\/uploads\/94611838_2560578910713967_4597678850174877696_o.jpg\",\"contentUrl\":\"https:\/\/www.intoscana.it\/wp-content\/uploads\/94611838_2560578910713967_4597678850174877696_o.jpg\",\"width\":1080,\"height\":864,\"caption\":\"Mary Sarnataro\"},{\"@type\":\"BreadcrumbList\",\"@id\":\"https:\/\/www.intoscana.it\/it\/mary-sarnataro-lemancipazione-femminile-passa-dalla-comicita\/#breadcrumb\",\"itemListElement\":[{\"@type\":\"ListItem\",\"position\":1,\"name\":\"Home\",\"item\":\"https:\/\/www.intoscana.it\/it\/\"},{\"@type\":\"ListItem\",\"position\":2,\"name\":\"Mary Sarnataro: \u201cL\u2019emancipazione femminile passa dalla comicit\u00e0\u201d\"}]},{\"@type\":\"WebSite\",\"@id\":\"https:\/\/www.intoscana.it\/it\/#website\",\"url\":\"https:\/\/www.intoscana.it\/it\/\",\"name\":\"intoscana\",\"description\":\"\",\"potentialAction\":[{\"@type\":\"SearchAction\",\"target\":{\"@type\":\"EntryPoint\",\"urlTemplate\":\"https:\/\/www.intoscana.it\/it\/?s={search_term_string}\"},\"query-input\":{\"@type\":\"PropertyValueSpecification\",\"valueRequired\":true,\"valueName\":\"search_term_string\"}}],\"inLanguage\":\"it-IT\"},{\"@type\":\"Person\",\"@id\":\"https:\/\/www.intoscana.it\/it\/#\/schema\/person\/d469f35f09739bdf00bf5dd3f0647a82\",\"name\":\"Costanza Baldini\",\"url\":\"https:\/\/www.intoscana.it\/it\/author\/costanza-baldini\/\"}]}<\/script>\n<!-- \/ Yoast SEO Premium plugin. -->","yoast_head_json":{"title":"Mary Sarnataro: \u201cL\u2019emancipazione femminile passa dalla comicit\u00e0\u201d - intoscana","description":"Lo spettacolo del 30 settembre a Firenze nel Guelfi Sport Center \u00e8 stato annullato ma Mary ci ha promesso che torner\u00e0 presto in citt\u00e0!","robots":{"index":"index","follow":"follow","max-snippet":"max-snippet:-1","max-image-preview":"max-image-preview:large","max-video-preview":"max-video-preview:-1"},"canonical":"https:\/\/www.intoscana.it\/it\/mary-sarnataro-lemancipazione-femminile-passa-dalla-comicita\/","og_locale":"it_IT","og_type":"article","og_title":"Mary Sarnataro: \u201cL\u2019emancipazione femminile passa dalla comicit\u00e0\u201d","og_description":"Lo spettacolo del 30 settembre a Firenze nel Guelfi Sport Center \u00e8 stato annullato ma Mary ci ha promesso che torner\u00e0 presto in citt\u00e0!","og_url":"https:\/\/www.intoscana.it\/it\/mary-sarnataro-lemancipazione-femminile-passa-dalla-comicita\/","og_site_name":"intoscana","article_publisher":"https:\/\/www.facebook.com\/intoscana.it","article_published_time":"2020-09-22T08:26:00+00:00","article_modified_time":"2020-09-23T07:44:34+00:00","og_image":[{"width":1080,"height":864,"url":"https:\/\/www.intoscana.it\/wp-content\/uploads\/94611838_2560578910713967_4597678850174877696_o.jpg","type":"image\/jpeg"}],"author":"Costanza Baldini","twitter_card":"summary_large_image","twitter_creator":"@intoscana","twitter_site":"@intoscana","twitter_misc":{"Written by":"Costanza Baldini","Est. reading time":"7 minuti"},"schema":{"@context":"https:\/\/schema.org","@graph":[{"@type":"WebPage","@id":"https:\/\/www.intoscana.it\/it\/mary-sarnataro-lemancipazione-femminile-passa-dalla-comicita\/","url":"https:\/\/www.intoscana.it\/it\/mary-sarnataro-lemancipazione-femminile-passa-dalla-comicita\/","name":"Mary Sarnataro: \u201cL\u2019emancipazione femminile passa dalla comicit\u00e0\u201d - intoscana","isPartOf":{"@id":"https:\/\/www.intoscana.it\/it\/#website"},"primaryImageOfPage":{"@id":"https:\/\/www.intoscana.it\/it\/mary-sarnataro-lemancipazione-femminile-passa-dalla-comicita\/#primaryimage"},"image":{"@id":"https:\/\/www.intoscana.it\/it\/mary-sarnataro-lemancipazione-femminile-passa-dalla-comicita\/#primaryimage"},"thumbnailUrl":"https:\/\/www.intoscana.it\/wp-content\/uploads\/94611838_2560578910713967_4597678850174877696_o.jpg","datePublished":"2020-09-22T08:26:00+00:00","dateModified":"2020-09-23T07:44:34+00:00","author":{"@id":"https:\/\/www.intoscana.it\/it\/#\/schema\/person\/d469f35f09739bdf00bf5dd3f0647a82"},"description":"Lo spettacolo del 30 settembre a Firenze nel Guelfi Sport Center \u00e8 stato annullato ma Mary ci ha promesso che torner\u00e0 presto in citt\u00e0!","breadcrumb":{"@id":"https:\/\/www.intoscana.it\/it\/mary-sarnataro-lemancipazione-femminile-passa-dalla-comicita\/#breadcrumb"},"inLanguage":"it-IT","potentialAction":[{"@type":"ReadAction","target":["https:\/\/www.intoscana.it\/it\/mary-sarnataro-lemancipazione-femminile-passa-dalla-comicita\/"]}]},{"@type":"ImageObject","inLanguage":"it-IT","@id":"https:\/\/www.intoscana.it\/it\/mary-sarnataro-lemancipazione-femminile-passa-dalla-comicita\/#primaryimage","url":"https:\/\/www.intoscana.it\/wp-content\/uploads\/94611838_2560578910713967_4597678850174877696_o.jpg","contentUrl":"https:\/\/www.intoscana.it\/wp-content\/uploads\/94611838_2560578910713967_4597678850174877696_o.jpg","width":1080,"height":864,"caption":"Mary Sarnataro"},{"@type":"BreadcrumbList","@id":"https:\/\/www.intoscana.it\/it\/mary-sarnataro-lemancipazione-femminile-passa-dalla-comicita\/#breadcrumb","itemListElement":[{"@type":"ListItem","position":1,"name":"Home","item":"https:\/\/www.intoscana.it\/it\/"},{"@type":"ListItem","position":2,"name":"Mary Sarnataro: \u201cL\u2019emancipazione femminile passa dalla comicit\u00e0\u201d"}]},{"@type":"WebSite","@id":"https:\/\/www.intoscana.it\/it\/#website","url":"https:\/\/www.intoscana.it\/it\/","name":"intoscana","description":"","potentialAction":[{"@type":"SearchAction","target":{"@type":"EntryPoint","urlTemplate":"https:\/\/www.intoscana.it\/it\/?s={search_term_string}"},"query-input":{"@type":"PropertyValueSpecification","valueRequired":true,"valueName":"search_term_string"}}],"inLanguage":"it-IT"},{"@type":"Person","@id":"https:\/\/www.intoscana.it\/it\/#\/schema\/person\/d469f35f09739bdf00bf5dd3f0647a82","name":"Costanza Baldini","url":"https:\/\/www.intoscana.it\/it\/author\/costanza-baldini\/"}]}},"_links":{"self":[{"href":"https:\/\/www.intoscana.it\/it\/wp-json\/wp\/v2\/posts\/152536","targetHints":{"allow":["GET"]}}],"collection":[{"href":"https:\/\/www.intoscana.it\/it\/wp-json\/wp\/v2\/posts"}],"about":[{"href":"https:\/\/www.intoscana.it\/it\/wp-json\/wp\/v2\/types\/post"}],"author":[{"embeddable":true,"href":"https:\/\/www.intoscana.it\/it\/wp-json\/wp\/v2\/users\/518"}],"replies":[{"embeddable":true,"href":"https:\/\/www.intoscana.it\/it\/wp-json\/wp\/v2\/comments?post=152536"}],"version-history":[{"count":0,"href":"https:\/\/www.intoscana.it\/it\/wp-json\/wp\/v2\/posts\/152536\/revisions"}],"wp:featuredmedia":[{"embeddable":true,"href":"https:\/\/www.intoscana.it\/it\/wp-json\/wp\/v2\/media\/152540"}],"wp:attachment":[{"href":"https:\/\/www.intoscana.it\/it\/wp-json\/wp\/v2\/media?parent=152536"}],"wp:term":[{"taxonomy":"category","embeddable":true,"href":"https:\/\/www.intoscana.it\/it\/wp-json\/wp\/v2\/categories?post=152536"},{"taxonomy":"post_tag","embeddable":true,"href":"https:\/\/www.intoscana.it\/it\/wp-json\/wp\/v2\/tags?post=152536"}],"curies":[{"name":"wp","href":"https:\/\/api.w.org\/{rel}","templated":true}]}}