{"id":152756,"date":"2020-09-23T12:41:16","date_gmt":"2020-09-23T10:41:16","guid":{"rendered":"https:\/\/www.intoscana.it\/it\/?p=152756"},"modified":"2020-09-23T12:41:16","modified_gmt":"2020-09-23T10:41:16","slug":"modartech-milano-fashion-week","status":"publish","type":"post","link":"https:\/\/www.intoscana.it\/it\/modartech-milano-fashion-week\/","title":{"rendered":"L&#8217;Istituto Modartech di Pontedera protagonista della Milano Fashion Week"},"content":{"rendered":"<p>L&#8217;<b>Istituto Modartech<\/b> di Pontedera sar\u00e0 tra i protagonisti della <b>Milano Fashion Week. <\/b>Gli outfit creati dagli studenti della scuola di alta formazione toscana dedicata alla moda infatti sono al centro del <strong>fashion film<\/strong>\u00a0\u201cThe Values\u201d, che sar\u00e0 trasmesso gioved\u00ec 24 settembre sulla piattaforma ufficiale dell&#8217;evento milanese.<\/p>\n<p>Il titolo del film si lega al filo conduttore che ha ispirato le collezioni degli studenti di Modartech, chiamati a dare una rilettura personale dei valori intrinsechi nel Dna dell\u2019istituto: <b>Artigianalit\u00e0, Heritage, Tecnologia e Innovazione, Sostenibilit\u00e0, Responsabilit\u00e0 sociale, Diversit\u00e0 e Inclusione<\/b>.<\/p>\n<p>\u201c<a href=\"https:\/\/milanofashionweek.cameramoda.it\/it\/italian-education-hub\/fashion-graduate-italia-2020\/\" target=\"_blank\" rel=\"noopener noreferrer\">The Values<\/a>\u201d sar\u00e0 trasmesso\u00a0nell\u2019ambito della\u00a0<b>Fashion Graduate Italia 2020<\/b>, l&#8217;evento promosso da Piattaforma Sistema Formativo Moda, in collaborazione con Camera Nazionale della Moda per valorizzare le migliori accademie d\u2019Italia.<\/p>\n<h3>I giovani designer di Modartech finalisti in due importanti premi<\/h3>\n<p>Inoltre sono due gli studenti di Modartech finalisti nel contest <b>Milano Moda Graduate,<\/b> dedicato ai giovani designer emergenti. La studentessa <strong>Serena Carpita<\/strong> \u00e8 in finale nella sezione YKK con un capo realizzato utilizzando le zip del main partner giapponese, leader nel mondo degli accessori di chiusura.<br \/>\nInvece nella sezione Fashion Design concorre per la vittoria <strong>Giulia Barbieri,<\/strong> con una collezione di sei capi, tre presentati in anteprima durante il Modartech Digital Fashion Show dello scorso luglio e tre inediti.<\/p>\n<p>Per l\u2019intera durata della Milano Fashion Week e fino alla fine dell\u2019anno, Istituto Modartech avr\u00e0 a disposizione una\u00a0<b>digital room<\/b>\u00a0sul sito ufficiale, spazio virtuale dove far conoscere le opportunit\u00e0 della scuola e le produzioni creative degli studenti.<\/p>\n<h3>La moda \u00e8 sempre pi\u00f9 digitale<\/h3>\n<p>Le collezioni dei laureandi del corso in Fashion Design inoltre <b>sfileranno in chiave digital<\/b>, grazie a un\u00a0<b>fashion film<\/b>\u00a0prodotto in esclusiva da Istituto Modartech. Una modalit\u00e0 che segna la <a href=\"https:\/\/www.intoscana.it\/it\/articolo\/modartech-didattica-digitale\/\" target=\"_blank\" rel=\"noopener noreferrer\">nuova tendenza<\/a> della moda, cos\u00ec come della formazione di moda, in un mix equilibrato tra online e offline.<\/p>\n<p>\u201c<em>Questa accelerazione verso la tecnologia<\/em> \u2013 spiega il direttore di Modartech, <b>Alessandro Bertini\u00a0<\/b>&#8211;<em> sta spingendo sempre pi\u00f9 verso figure professionali che sapranno utilizzare la strumentazione digitale e saranno in grado di integrare la capacit\u00e0 artigianale del saper fare, che contraddistingue il bello e ben fatto del \u201cMade in Italy\u201d e delle produzioni presenti in Toscana, con l\u2019innovazione tecnologica. Una caratterizzazione che ha da sempre contraddistinto l\u2019istituto, sin dalla sua fondazione. E che ha portato nel corso degli anni ad ampliare una rete di connessioni con i distretti produttivi del territorio: <b>oggi sono circa 600 le aziende<\/b> con cui Modartech sviluppa progetti, stage formativi, collaborazioni che fruttano spesso contratti di lavoro per gli studenti, al termine del percorso di studi<\/em>\u201d.<\/p>\n","protected":false},"excerpt":{"rendered":"<p>Le collezioni degli studenti della scuola di moda saranno al centro di un fashion film che sar\u00e0 trasmesso online nell\u2019ambito della Fashion Graduate Italia 2020<\/p>\n","protected":false},"author":525,"featured_media":152762,"comment_status":"open","ping_status":"open","sticky":false,"template":"","format":"standard","meta":{"_acf_changed":false,"footnotes":""},"categories":[9],"tags":[189],"class_list":["post-152756","post","type-post","status-publish","format-standard","has-post-thumbnail","hentry","category-made-in-toscana","tag-moda"],"acf":[],"yoast_head":"<!-- This site is optimized with the Yoast SEO Premium plugin v24.2 (Yoast SEO v25.6) - https:\/\/yoast.com\/wordpress\/plugins\/seo\/ -->\n<title>L&#039;Istituto Modartech di Pontedera protagonista della Milano Fashion Week - intoscana<\/title>\n<meta name=\"description\" content=\"L&#039;Istituto Modartech di Pontedera protagonista alla Milano Fashion Week con un fashion film con le creazioni degli studenti.\" \/>\n<meta name=\"robots\" content=\"index, follow, max-snippet:-1, max-image-preview:large, max-video-preview:-1\" \/>\n<link rel=\"canonical\" href=\"https:\/\/www.intoscana.it\/it\/modartech-milano-fashion-week\/\" \/>\n<meta property=\"og:locale\" content=\"it_IT\" \/>\n<meta property=\"og:type\" content=\"article\" \/>\n<meta property=\"og:title\" content=\"L&#039;Istituto Modartech di Pontedera protagonista della Milano Fashion Week\" \/>\n<meta property=\"og:description\" content=\"L&#039;Istituto Modartech di Pontedera protagonista alla Milano Fashion Week con un fashion film con le creazioni degli studenti.\" \/>\n<meta property=\"og:url\" content=\"https:\/\/www.intoscana.it\/it\/modartech-milano-fashion-week\/\" \/>\n<meta property=\"og:site_name\" content=\"intoscana\" \/>\n<meta property=\"article:publisher\" content=\"https:\/\/www.facebook.com\/intoscana.it\" \/>\n<meta property=\"article:published_time\" content=\"2020-09-23T10:41:16+00:00\" \/>\n<meta property=\"og:image\" content=\"https:\/\/www.intoscana.it\/wp-content\/uploads\/modartech-9.jpg\" \/>\n\t<meta property=\"og:image:width\" content=\"1500\" \/>\n\t<meta property=\"og:image:height\" content=\"1000\" \/>\n\t<meta property=\"og:image:type\" content=\"image\/jpeg\" \/>\n<meta name=\"author\" content=\"Redazione\" \/>\n<meta name=\"twitter:card\" content=\"summary_large_image\" \/>\n<meta name=\"twitter:creator\" content=\"@intoscana\" \/>\n<meta name=\"twitter:site\" content=\"@intoscana\" \/>\n<meta name=\"twitter:label1\" content=\"Written by\" \/>\n\t<meta name=\"twitter:data1\" content=\"Redazione\" \/>\n\t<meta name=\"twitter:label2\" content=\"Est. reading time\" \/>\n\t<meta name=\"twitter:data2\" content=\"2 minuti\" \/>\n<script type=\"application\/ld+json\" class=\"yoast-schema-graph\">{\"@context\":\"https:\/\/schema.org\",\"@graph\":[{\"@type\":\"WebPage\",\"@id\":\"https:\/\/www.intoscana.it\/it\/modartech-milano-fashion-week\/\",\"url\":\"https:\/\/www.intoscana.it\/it\/modartech-milano-fashion-week\/\",\"name\":\"L'Istituto Modartech di Pontedera protagonista della Milano Fashion Week - intoscana\",\"isPartOf\":{\"@id\":\"https:\/\/www.intoscana.it\/it\/#website\"},\"primaryImageOfPage\":{\"@id\":\"https:\/\/www.intoscana.it\/it\/modartech-milano-fashion-week\/#primaryimage\"},\"image\":{\"@id\":\"https:\/\/www.intoscana.it\/it\/modartech-milano-fashion-week\/#primaryimage\"},\"thumbnailUrl\":\"https:\/\/www.intoscana.it\/wp-content\/uploads\/modartech-9.jpg\",\"datePublished\":\"2020-09-23T10:41:16+00:00\",\"author\":{\"@id\":\"https:\/\/www.intoscana.it\/it\/#\/schema\/person\/9223810753230f20bd670fdd322661f8\"},\"description\":\"L'Istituto Modartech di Pontedera protagonista alla Milano Fashion Week con un fashion film con le creazioni degli studenti.\",\"breadcrumb\":{\"@id\":\"https:\/\/www.intoscana.it\/it\/modartech-milano-fashion-week\/#breadcrumb\"},\"inLanguage\":\"it-IT\",\"potentialAction\":[{\"@type\":\"ReadAction\",\"target\":[\"https:\/\/www.intoscana.it\/it\/modartech-milano-fashion-week\/\"]}]},{\"@type\":\"ImageObject\",\"inLanguage\":\"it-IT\",\"@id\":\"https:\/\/www.intoscana.it\/it\/modartech-milano-fashion-week\/#primaryimage\",\"url\":\"https:\/\/www.intoscana.it\/wp-content\/uploads\/modartech-9.jpg\",\"contentUrl\":\"https:\/\/www.intoscana.it\/wp-content\/uploads\/modartech-9.jpg\",\"width\":1500,\"height\":1000},{\"@type\":\"BreadcrumbList\",\"@id\":\"https:\/\/www.intoscana.it\/it\/modartech-milano-fashion-week\/#breadcrumb\",\"itemListElement\":[{\"@type\":\"ListItem\",\"position\":1,\"name\":\"Home\",\"item\":\"https:\/\/www.intoscana.it\/it\/\"},{\"@type\":\"ListItem\",\"position\":2,\"name\":\"L&#8217;Istituto Modartech di Pontedera protagonista della Milano Fashion Week\"}]},{\"@type\":\"WebSite\",\"@id\":\"https:\/\/www.intoscana.it\/it\/#website\",\"url\":\"https:\/\/www.intoscana.it\/it\/\",\"name\":\"intoscana\",\"description\":\"\",\"potentialAction\":[{\"@type\":\"SearchAction\",\"target\":{\"@type\":\"EntryPoint\",\"urlTemplate\":\"https:\/\/www.intoscana.it\/it\/?s={search_term_string}\"},\"query-input\":{\"@type\":\"PropertyValueSpecification\",\"valueRequired\":true,\"valueName\":\"search_term_string\"}}],\"inLanguage\":\"it-IT\"},{\"@type\":\"Person\",\"@id\":\"https:\/\/www.intoscana.it\/it\/#\/schema\/person\/9223810753230f20bd670fdd322661f8\",\"name\":\"Redazione\",\"url\":\"https:\/\/www.intoscana.it\/it\/author\/redazione\/\"}]}<\/script>\n<!-- \/ Yoast SEO Premium plugin. -->","yoast_head_json":{"title":"L'Istituto Modartech di Pontedera protagonista della Milano Fashion Week - intoscana","description":"L'Istituto Modartech di Pontedera protagonista alla Milano Fashion Week con un fashion film con le creazioni degli studenti.","robots":{"index":"index","follow":"follow","max-snippet":"max-snippet:-1","max-image-preview":"max-image-preview:large","max-video-preview":"max-video-preview:-1"},"canonical":"https:\/\/www.intoscana.it\/it\/modartech-milano-fashion-week\/","og_locale":"it_IT","og_type":"article","og_title":"L'Istituto Modartech di Pontedera protagonista della Milano Fashion Week","og_description":"L'Istituto Modartech di Pontedera protagonista alla Milano Fashion Week con un fashion film con le creazioni degli studenti.","og_url":"https:\/\/www.intoscana.it\/it\/modartech-milano-fashion-week\/","og_site_name":"intoscana","article_publisher":"https:\/\/www.facebook.com\/intoscana.it","article_published_time":"2020-09-23T10:41:16+00:00","og_image":[{"width":1500,"height":1000,"url":"https:\/\/www.intoscana.it\/wp-content\/uploads\/modartech-9.jpg","type":"image\/jpeg"}],"author":"Redazione","twitter_card":"summary_large_image","twitter_creator":"@intoscana","twitter_site":"@intoscana","twitter_misc":{"Written by":"Redazione","Est. reading time":"2 minuti"},"schema":{"@context":"https:\/\/schema.org","@graph":[{"@type":"WebPage","@id":"https:\/\/www.intoscana.it\/it\/modartech-milano-fashion-week\/","url":"https:\/\/www.intoscana.it\/it\/modartech-milano-fashion-week\/","name":"L'Istituto Modartech di Pontedera protagonista della Milano Fashion Week - intoscana","isPartOf":{"@id":"https:\/\/www.intoscana.it\/it\/#website"},"primaryImageOfPage":{"@id":"https:\/\/www.intoscana.it\/it\/modartech-milano-fashion-week\/#primaryimage"},"image":{"@id":"https:\/\/www.intoscana.it\/it\/modartech-milano-fashion-week\/#primaryimage"},"thumbnailUrl":"https:\/\/www.intoscana.it\/wp-content\/uploads\/modartech-9.jpg","datePublished":"2020-09-23T10:41:16+00:00","author":{"@id":"https:\/\/www.intoscana.it\/it\/#\/schema\/person\/9223810753230f20bd670fdd322661f8"},"description":"L'Istituto Modartech di Pontedera protagonista alla Milano Fashion Week con un fashion film con le creazioni degli studenti.","breadcrumb":{"@id":"https:\/\/www.intoscana.it\/it\/modartech-milano-fashion-week\/#breadcrumb"},"inLanguage":"it-IT","potentialAction":[{"@type":"ReadAction","target":["https:\/\/www.intoscana.it\/it\/modartech-milano-fashion-week\/"]}]},{"@type":"ImageObject","inLanguage":"it-IT","@id":"https:\/\/www.intoscana.it\/it\/modartech-milano-fashion-week\/#primaryimage","url":"https:\/\/www.intoscana.it\/wp-content\/uploads\/modartech-9.jpg","contentUrl":"https:\/\/www.intoscana.it\/wp-content\/uploads\/modartech-9.jpg","width":1500,"height":1000},{"@type":"BreadcrumbList","@id":"https:\/\/www.intoscana.it\/it\/modartech-milano-fashion-week\/#breadcrumb","itemListElement":[{"@type":"ListItem","position":1,"name":"Home","item":"https:\/\/www.intoscana.it\/it\/"},{"@type":"ListItem","position":2,"name":"L&#8217;Istituto Modartech di Pontedera protagonista della Milano Fashion Week"}]},{"@type":"WebSite","@id":"https:\/\/www.intoscana.it\/it\/#website","url":"https:\/\/www.intoscana.it\/it\/","name":"intoscana","description":"","potentialAction":[{"@type":"SearchAction","target":{"@type":"EntryPoint","urlTemplate":"https:\/\/www.intoscana.it\/it\/?s={search_term_string}"},"query-input":{"@type":"PropertyValueSpecification","valueRequired":true,"valueName":"search_term_string"}}],"inLanguage":"it-IT"},{"@type":"Person","@id":"https:\/\/www.intoscana.it\/it\/#\/schema\/person\/9223810753230f20bd670fdd322661f8","name":"Redazione","url":"https:\/\/www.intoscana.it\/it\/author\/redazione\/"}]}},"_links":{"self":[{"href":"https:\/\/www.intoscana.it\/it\/wp-json\/wp\/v2\/posts\/152756","targetHints":{"allow":["GET"]}}],"collection":[{"href":"https:\/\/www.intoscana.it\/it\/wp-json\/wp\/v2\/posts"}],"about":[{"href":"https:\/\/www.intoscana.it\/it\/wp-json\/wp\/v2\/types\/post"}],"author":[{"embeddable":true,"href":"https:\/\/www.intoscana.it\/it\/wp-json\/wp\/v2\/users\/525"}],"replies":[{"embeddable":true,"href":"https:\/\/www.intoscana.it\/it\/wp-json\/wp\/v2\/comments?post=152756"}],"version-history":[{"count":0,"href":"https:\/\/www.intoscana.it\/it\/wp-json\/wp\/v2\/posts\/152756\/revisions"}],"wp:featuredmedia":[{"embeddable":true,"href":"https:\/\/www.intoscana.it\/it\/wp-json\/wp\/v2\/media\/152762"}],"wp:attachment":[{"href":"https:\/\/www.intoscana.it\/it\/wp-json\/wp\/v2\/media?parent=152756"}],"wp:term":[{"taxonomy":"category","embeddable":true,"href":"https:\/\/www.intoscana.it\/it\/wp-json\/wp\/v2\/categories?post=152756"},{"taxonomy":"post_tag","embeddable":true,"href":"https:\/\/www.intoscana.it\/it\/wp-json\/wp\/v2\/tags?post=152756"}],"curies":[{"name":"wp","href":"https:\/\/api.w.org\/{rel}","templated":true}]}}