{"id":152946,"date":"2020-09-25T09:48:43","date_gmt":"2020-09-25T07:48:43","guid":{"rendered":"https:\/\/www.intoscana.it\/it\/?p=152946"},"modified":"2020-09-25T09:53:53","modified_gmt":"2020-09-25T07:53:53","slug":"la-luce-led-blu-puo-sterilizzare-le-superfici-dal-covid-19-la-scoperta-a-siena","status":"publish","type":"post","link":"https:\/\/www.intoscana.it\/it\/la-luce-led-blu-puo-sterilizzare-le-superfici-dal-covid-19-la-scoperta-a-siena\/","title":{"rendered":"La luce led blu pu\u00f2 sterilizzare le superfici dal Covid-19: la scoperta a Siena"},"content":{"rendered":"<p><strong>La luce a led blu<\/strong> \u00e8 in grado di <strong>inattivare batteri e virus,<\/strong> tra questi anche il <strong>coronavirus Sars-Cov2,<\/strong> responsabile dell&#8217;infezione da <a href=\"https:\/\/www.intoscana.it\/it\/articolo\/coronavirus-dati-24-settembre\/\" target=\"_blank\" rel=\"noopener noreferrer\"><strong>Covid-19.<\/strong><\/a>La conferma arriva dal <strong>Laboratorio di Microbiologia e Virologia dell&#8217;<a href=\"https:\/\/www.unisi.it\" target=\"_blank\" rel=\"noopener noreferrer\">Universit\u00e0 di Siena<\/a><\/strong> dove, in collaborazione con la <a href=\"https:\/\/emoled.com\" target=\"_blank\" rel=\"noopener noreferrer\"><strong>Emoled<\/strong><\/a>, azienda specializzata in dispositivi sanitari innovativi, attraverso una serie di test in vitro, \u00e8 stato verificato come, <strong>dopo un&#8217;esposizione di 15-30 minuti a questo tipo di radiazione<\/strong>, a una lunghezza d&#8217;onda compresa tra i 410 e i 430 nanometri, anche<strong> il virus che ha messo in ginocchio il mondo perda vitalit\u00e0.<\/strong><\/p>\n<h3>Come funziona?<\/h3>\n<p><strong>Maria Grazia Cusi<\/strong>, professoressa ordinaria di <strong>Microbiologia e Microbiologia Clinica dell&#8217;Universit\u00e0 di Siena<\/strong> ha dichiarato:\u00a0&#8220;Abbiamo visto che dopo 30 minuti di trattamento, gi\u00e0 a 15 siamo in presenza di <strong>una riduzione della quantit\u00e0 di almeno 4 logaritmi,<\/strong> rispetto al controllo virus, come dosi infettanti; <strong>dopo 30 minuti l&#8217;attivit\u00e0 virucida \u00e8 pressoch\u00e9 completa<\/strong> &#8211; ha spiegato &#8211; per verificare se effettivamente il virus \u00e8 morto o vivo, dobbiamo inocularlo su colture cellulari, e verificare se \u00e8 cresciuto o meno. Parlando del meccanismo d&#8217;azione, cio\u00e8 perch\u00e9 il virus viene ucciso, verosimilmente possiamo affermare che <strong>quella lunghezza d&#8217;onda riesce a danneggiare o addirittura distruggere le proteine che ricoprono il genoma virale<\/strong>. Nel caso del <strong>Covid<\/strong>, si tratta di un virus che contiene <strong>un genoma a Rna, ricoperto di proteine che lo proteggono.<\/strong> Esiste poi una membrana esterna, sempre arricchita di proteine virali, che potrebbe essere sensibile a questa luce blu. Quindi, il prossimo passo \u00e8 andare a verificare se agisce pi\u00f9 sulle proteine o sulla membrana che avvolge il virus&#8221;.<\/p>\n<h3>La luce led blu \u00e8 pericolosa per l&#8217;essere umano?<\/h3>\n<p><strong>La luce blu<\/strong> \u00e8 una lunghezza d&#8217;onda che <strong>non interagisce con il Dna delle cellule, quindi, \u00e8 ritenuta del tutto innocua per l&#8217;uomo.<\/strong> Per questo si pensa a tanti possibili scenari applicativi, a partire dalla sanificazione e <strong>disinfezione di ambienti e oggetti in ambito sanitario<\/strong> ma non solo, come ha spiegato <strong>Lorenzo Targetti, amministratore delegato di Emoled:<\/strong>\u00a0&#8220;Desidero ricordare che la luce blu, da qualche anno, <strong>viene utilizzata a scopo terapeutico in dermatologia,<\/strong> per la cura delle ulcere e delle ferite che non guariscono &#8211; ha detto &#8211; quindi, certamente il mondo della sanit\u00e0 e degli ambienti ospedalieri riveste un&#8217;importanza primaria per quanto riguarda la gestione della disinfezione e della sterilizzazione. Ma, poi, <strong>ci sono molte altre applicazioni, anche in ambiente domestico;<\/strong> con la possibilit\u00e0 di usare questa luce per la disinfezione di superfici, ad esempio,<strong> in cucina, oppure in ambito commerciale.<\/strong> So che nel retail, un grande problema \u00e8 la gestione degli abiti che vengono indossati per una prova. Con questo sistema, pensare a delle cabine di luce, che sanificano i vestiti appena indossati, rapidamente, senza creare danni ai capi stessi potrebbe essere di grande interesse&#8221;. Le prime soluzioni per il mercato potrebbero essere disponibili gi\u00e0 nel giro dei prossimi mesi, appena saranno ultimati gli studi sulle possibili applicazioni, sia a livello consumer che in ambito commerciale.<\/p>\n","protected":false},"excerpt":{"rendered":"<p>Dopo un&#8217;esposizione di 15-30 minuti a questo tipo di radiazione il virus che ha messo in ginocchio il mondo perda vitalit\u00e0<\/p>\n","protected":false},"author":525,"featured_media":152947,"comment_status":"open","ping_status":"open","sticky":false,"template":"","format":"standard","meta":{"_acf_changed":false,"footnotes":""},"categories":[494,475],"tags":[418,378],"class_list":["post-152946","post","type-post","status-publish","format-standard","has-post-thumbnail","hentry","category-attualita","category-innovazione","tag-covid-19","tag-universita-di-siena"],"acf":[],"yoast_head":"<!-- This site is optimized with the Yoast SEO Premium plugin v24.2 (Yoast SEO v25.6) - https:\/\/yoast.com\/wordpress\/plugins\/seo\/ -->\n<title>La luce led blu pu\u00f2 sterilizzare le superfici dal Covid-19: la scoperta a Siena - intoscana<\/title>\n<meta name=\"description\" content=\"Dopo un&#039;esposizione di 15-30 minuti a questo tipo di radiazione il virus che ha messo in ginocchio il mondo perda vitalit\u00e0\" \/>\n<meta name=\"robots\" content=\"index, follow, max-snippet:-1, max-image-preview:large, max-video-preview:-1\" \/>\n<link rel=\"canonical\" href=\"https:\/\/www.intoscana.it\/it\/la-luce-led-blu-puo-sterilizzare-le-superfici-dal-covid-19-la-scoperta-a-siena\/\" \/>\n<meta property=\"og:locale\" content=\"it_IT\" \/>\n<meta property=\"og:type\" content=\"article\" \/>\n<meta property=\"og:title\" content=\"La luce led blu pu\u00f2 sterilizzare le superfici dal Covid-19: la scoperta a Siena\" \/>\n<meta property=\"og:description\" content=\"Dopo un&#039;esposizione di 15-30 minuti a questo tipo di radiazione il virus che ha messo in ginocchio il mondo perda vitalit\u00e0\" \/>\n<meta property=\"og:url\" content=\"https:\/\/www.intoscana.it\/it\/la-luce-led-blu-puo-sterilizzare-le-superfici-dal-covid-19-la-scoperta-a-siena\/\" \/>\n<meta property=\"og:site_name\" content=\"intoscana\" \/>\n<meta property=\"article:publisher\" content=\"https:\/\/www.facebook.com\/intoscana.it\" \/>\n<meta property=\"article:published_time\" content=\"2020-09-25T07:48:43+00:00\" \/>\n<meta property=\"article:modified_time\" content=\"2020-09-25T07:53:53+00:00\" \/>\n<meta property=\"og:image\" content=\"https:\/\/www.intoscana.it\/wp-content\/uploads\/20200923_video_15320546.jpg\" \/>\n\t<meta property=\"og:image:width\" content=\"720\" \/>\n\t<meta property=\"og:image:height\" content=\"404\" \/>\n\t<meta property=\"og:image:type\" content=\"image\/jpeg\" \/>\n<meta name=\"author\" content=\"Redazione\" \/>\n<meta name=\"twitter:card\" content=\"summary_large_image\" \/>\n<meta name=\"twitter:creator\" content=\"@intoscana\" \/>\n<meta name=\"twitter:site\" content=\"@intoscana\" \/>\n<meta name=\"twitter:label1\" content=\"Written by\" \/>\n\t<meta name=\"twitter:data1\" content=\"Redazione\" \/>\n\t<meta name=\"twitter:label2\" content=\"Est. reading time\" \/>\n\t<meta name=\"twitter:data2\" content=\"2 minuti\" \/>\n<script type=\"application\/ld+json\" class=\"yoast-schema-graph\">{\"@context\":\"https:\/\/schema.org\",\"@graph\":[{\"@type\":\"WebPage\",\"@id\":\"https:\/\/www.intoscana.it\/it\/la-luce-led-blu-puo-sterilizzare-le-superfici-dal-covid-19-la-scoperta-a-siena\/\",\"url\":\"https:\/\/www.intoscana.it\/it\/la-luce-led-blu-puo-sterilizzare-le-superfici-dal-covid-19-la-scoperta-a-siena\/\",\"name\":\"La luce led blu pu\u00f2 sterilizzare le superfici dal Covid-19: la scoperta a Siena - intoscana\",\"isPartOf\":{\"@id\":\"https:\/\/www.intoscana.it\/it\/#website\"},\"primaryImageOfPage\":{\"@id\":\"https:\/\/www.intoscana.it\/it\/la-luce-led-blu-puo-sterilizzare-le-superfici-dal-covid-19-la-scoperta-a-siena\/#primaryimage\"},\"image\":{\"@id\":\"https:\/\/www.intoscana.it\/it\/la-luce-led-blu-puo-sterilizzare-le-superfici-dal-covid-19-la-scoperta-a-siena\/#primaryimage\"},\"thumbnailUrl\":\"https:\/\/www.intoscana.it\/wp-content\/uploads\/20200923_video_15320546.jpg\",\"datePublished\":\"2020-09-25T07:48:43+00:00\",\"dateModified\":\"2020-09-25T07:53:53+00:00\",\"author\":{\"@id\":\"https:\/\/www.intoscana.it\/it\/#\/schema\/person\/9223810753230f20bd670fdd322661f8\"},\"description\":\"Dopo un'esposizione di 15-30 minuti a questo tipo di radiazione il virus che ha messo in ginocchio il mondo perda vitalit\u00e0\",\"breadcrumb\":{\"@id\":\"https:\/\/www.intoscana.it\/it\/la-luce-led-blu-puo-sterilizzare-le-superfici-dal-covid-19-la-scoperta-a-siena\/#breadcrumb\"},\"inLanguage\":\"it-IT\",\"potentialAction\":[{\"@type\":\"ReadAction\",\"target\":[\"https:\/\/www.intoscana.it\/it\/la-luce-led-blu-puo-sterilizzare-le-superfici-dal-covid-19-la-scoperta-a-siena\/\"]}]},{\"@type\":\"ImageObject\",\"inLanguage\":\"it-IT\",\"@id\":\"https:\/\/www.intoscana.it\/it\/la-luce-led-blu-puo-sterilizzare-le-superfici-dal-covid-19-la-scoperta-a-siena\/#primaryimage\",\"url\":\"https:\/\/www.intoscana.it\/wp-content\/uploads\/20200923_video_15320546.jpg\",\"contentUrl\":\"https:\/\/www.intoscana.it\/wp-content\/uploads\/20200923_video_15320546.jpg\",\"width\":720,\"height\":404,\"caption\":\"Luce Led Blu\"},{\"@type\":\"BreadcrumbList\",\"@id\":\"https:\/\/www.intoscana.it\/it\/la-luce-led-blu-puo-sterilizzare-le-superfici-dal-covid-19-la-scoperta-a-siena\/#breadcrumb\",\"itemListElement\":[{\"@type\":\"ListItem\",\"position\":1,\"name\":\"Home\",\"item\":\"https:\/\/www.intoscana.it\/it\/\"},{\"@type\":\"ListItem\",\"position\":2,\"name\":\"La luce led blu pu\u00f2 sterilizzare le superfici dal Covid-19: la scoperta a Siena\"}]},{\"@type\":\"WebSite\",\"@id\":\"https:\/\/www.intoscana.it\/it\/#website\",\"url\":\"https:\/\/www.intoscana.it\/it\/\",\"name\":\"intoscana\",\"description\":\"\",\"potentialAction\":[{\"@type\":\"SearchAction\",\"target\":{\"@type\":\"EntryPoint\",\"urlTemplate\":\"https:\/\/www.intoscana.it\/it\/?s={search_term_string}\"},\"query-input\":{\"@type\":\"PropertyValueSpecification\",\"valueRequired\":true,\"valueName\":\"search_term_string\"}}],\"inLanguage\":\"it-IT\"},{\"@type\":\"Person\",\"@id\":\"https:\/\/www.intoscana.it\/it\/#\/schema\/person\/9223810753230f20bd670fdd322661f8\",\"name\":\"Redazione\",\"url\":\"https:\/\/www.intoscana.it\/it\/author\/redazione\/\"}]}<\/script>\n<!-- \/ Yoast SEO Premium plugin. -->","yoast_head_json":{"title":"La luce led blu pu\u00f2 sterilizzare le superfici dal Covid-19: la scoperta a Siena - intoscana","description":"Dopo un'esposizione di 15-30 minuti a questo tipo di radiazione il virus che ha messo in ginocchio il mondo perda vitalit\u00e0","robots":{"index":"index","follow":"follow","max-snippet":"max-snippet:-1","max-image-preview":"max-image-preview:large","max-video-preview":"max-video-preview:-1"},"canonical":"https:\/\/www.intoscana.it\/it\/la-luce-led-blu-puo-sterilizzare-le-superfici-dal-covid-19-la-scoperta-a-siena\/","og_locale":"it_IT","og_type":"article","og_title":"La luce led blu pu\u00f2 sterilizzare le superfici dal Covid-19: la scoperta a Siena","og_description":"Dopo un'esposizione di 15-30 minuti a questo tipo di radiazione il virus che ha messo in ginocchio il mondo perda vitalit\u00e0","og_url":"https:\/\/www.intoscana.it\/it\/la-luce-led-blu-puo-sterilizzare-le-superfici-dal-covid-19-la-scoperta-a-siena\/","og_site_name":"intoscana","article_publisher":"https:\/\/www.facebook.com\/intoscana.it","article_published_time":"2020-09-25T07:48:43+00:00","article_modified_time":"2020-09-25T07:53:53+00:00","og_image":[{"width":720,"height":404,"url":"https:\/\/www.intoscana.it\/wp-content\/uploads\/20200923_video_15320546.jpg","type":"image\/jpeg"}],"author":"Redazione","twitter_card":"summary_large_image","twitter_creator":"@intoscana","twitter_site":"@intoscana","twitter_misc":{"Written by":"Redazione","Est. reading time":"2 minuti"},"schema":{"@context":"https:\/\/schema.org","@graph":[{"@type":"WebPage","@id":"https:\/\/www.intoscana.it\/it\/la-luce-led-blu-puo-sterilizzare-le-superfici-dal-covid-19-la-scoperta-a-siena\/","url":"https:\/\/www.intoscana.it\/it\/la-luce-led-blu-puo-sterilizzare-le-superfici-dal-covid-19-la-scoperta-a-siena\/","name":"La luce led blu pu\u00f2 sterilizzare le superfici dal Covid-19: la scoperta a Siena - intoscana","isPartOf":{"@id":"https:\/\/www.intoscana.it\/it\/#website"},"primaryImageOfPage":{"@id":"https:\/\/www.intoscana.it\/it\/la-luce-led-blu-puo-sterilizzare-le-superfici-dal-covid-19-la-scoperta-a-siena\/#primaryimage"},"image":{"@id":"https:\/\/www.intoscana.it\/it\/la-luce-led-blu-puo-sterilizzare-le-superfici-dal-covid-19-la-scoperta-a-siena\/#primaryimage"},"thumbnailUrl":"https:\/\/www.intoscana.it\/wp-content\/uploads\/20200923_video_15320546.jpg","datePublished":"2020-09-25T07:48:43+00:00","dateModified":"2020-09-25T07:53:53+00:00","author":{"@id":"https:\/\/www.intoscana.it\/it\/#\/schema\/person\/9223810753230f20bd670fdd322661f8"},"description":"Dopo un'esposizione di 15-30 minuti a questo tipo di radiazione il virus che ha messo in ginocchio il mondo perda vitalit\u00e0","breadcrumb":{"@id":"https:\/\/www.intoscana.it\/it\/la-luce-led-blu-puo-sterilizzare-le-superfici-dal-covid-19-la-scoperta-a-siena\/#breadcrumb"},"inLanguage":"it-IT","potentialAction":[{"@type":"ReadAction","target":["https:\/\/www.intoscana.it\/it\/la-luce-led-blu-puo-sterilizzare-le-superfici-dal-covid-19-la-scoperta-a-siena\/"]}]},{"@type":"ImageObject","inLanguage":"it-IT","@id":"https:\/\/www.intoscana.it\/it\/la-luce-led-blu-puo-sterilizzare-le-superfici-dal-covid-19-la-scoperta-a-siena\/#primaryimage","url":"https:\/\/www.intoscana.it\/wp-content\/uploads\/20200923_video_15320546.jpg","contentUrl":"https:\/\/www.intoscana.it\/wp-content\/uploads\/20200923_video_15320546.jpg","width":720,"height":404,"caption":"Luce Led Blu"},{"@type":"BreadcrumbList","@id":"https:\/\/www.intoscana.it\/it\/la-luce-led-blu-puo-sterilizzare-le-superfici-dal-covid-19-la-scoperta-a-siena\/#breadcrumb","itemListElement":[{"@type":"ListItem","position":1,"name":"Home","item":"https:\/\/www.intoscana.it\/it\/"},{"@type":"ListItem","position":2,"name":"La luce led blu pu\u00f2 sterilizzare le superfici dal Covid-19: la scoperta a Siena"}]},{"@type":"WebSite","@id":"https:\/\/www.intoscana.it\/it\/#website","url":"https:\/\/www.intoscana.it\/it\/","name":"intoscana","description":"","potentialAction":[{"@type":"SearchAction","target":{"@type":"EntryPoint","urlTemplate":"https:\/\/www.intoscana.it\/it\/?s={search_term_string}"},"query-input":{"@type":"PropertyValueSpecification","valueRequired":true,"valueName":"search_term_string"}}],"inLanguage":"it-IT"},{"@type":"Person","@id":"https:\/\/www.intoscana.it\/it\/#\/schema\/person\/9223810753230f20bd670fdd322661f8","name":"Redazione","url":"https:\/\/www.intoscana.it\/it\/author\/redazione\/"}]}},"_links":{"self":[{"href":"https:\/\/www.intoscana.it\/it\/wp-json\/wp\/v2\/posts\/152946","targetHints":{"allow":["GET"]}}],"collection":[{"href":"https:\/\/www.intoscana.it\/it\/wp-json\/wp\/v2\/posts"}],"about":[{"href":"https:\/\/www.intoscana.it\/it\/wp-json\/wp\/v2\/types\/post"}],"author":[{"embeddable":true,"href":"https:\/\/www.intoscana.it\/it\/wp-json\/wp\/v2\/users\/525"}],"replies":[{"embeddable":true,"href":"https:\/\/www.intoscana.it\/it\/wp-json\/wp\/v2\/comments?post=152946"}],"version-history":[{"count":0,"href":"https:\/\/www.intoscana.it\/it\/wp-json\/wp\/v2\/posts\/152946\/revisions"}],"wp:featuredmedia":[{"embeddable":true,"href":"https:\/\/www.intoscana.it\/it\/wp-json\/wp\/v2\/media\/152947"}],"wp:attachment":[{"href":"https:\/\/www.intoscana.it\/it\/wp-json\/wp\/v2\/media?parent=152946"}],"wp:term":[{"taxonomy":"category","embeddable":true,"href":"https:\/\/www.intoscana.it\/it\/wp-json\/wp\/v2\/categories?post=152946"},{"taxonomy":"post_tag","embeddable":true,"href":"https:\/\/www.intoscana.it\/it\/wp-json\/wp\/v2\/tags?post=152946"}],"curies":[{"name":"wp","href":"https:\/\/api.w.org\/{rel}","templated":true}]}}