{"id":152982,"date":"2020-09-25T12:40:41","date_gmt":"2020-09-25T10:40:41","guid":{"rendered":"https:\/\/www.intoscana.it\/it\/?p=152982"},"modified":"2020-09-25T12:44:45","modified_gmt":"2020-09-25T10:44:45","slug":"gli-occhi-del-bosco-sul-monte-pisano-telecamere-di-sorveglianza-dopo-lincendio-del-2018","status":"publish","type":"post","link":"https:\/\/www.intoscana.it\/it\/gli-occhi-del-bosco-sul-monte-pisano-telecamere-di-sorveglianza-dopo-lincendio-del-2018\/","title":{"rendered":"Gli occhi del bosco sul Monte Pisano: telecamere di sorveglianza dopo l\u2019incendio del 2018"},"content":{"rendered":"<p class=\"p1\"><span class=\"s1\">Chi ha vissuto quella notte non pu\u00f2 dimenticare. Le<strong> fiamme<\/strong> correvano ingestibili sulla scia di un vento potente che cambiava costantemente direzione, rendendo di fatto le operazioni di spegnimento dell\u2019incendio quasi impossibili. Il buio, le persone da far evacuare velocemente per salvare vite umane e poi le case, il bosco. <\/span><\/p>\n<p class=\"p1\"><span class=\"s1\">Tra il<strong> 24 e il 25 settembre 2018<\/strong> il Monte Pisano \u00e8 stato devastato da qualcosa di molto simile all\u2019inferno. Quattro comuni coinvolti inizialmente (Calci, Vicopisano. Buti, Cascina), altri due il giorno successivo (San Giuliano Terme e Vecchiano). Tutto ebbe inizio intorno alle 22 in localit\u00e0 Le Porte: il fuoco part\u00ec attaccando una fustaia di pini marittimi, poi si allarg\u00f2 con velocit\u00e0 vertiginosa, inghiottendo anche le case ma &#8211; per fortuna &#8211; non provocando nessuna vittima,<\/span><\/p>\n<h3>Due anni fa l&#8217;incendio del Monte Pisano: i danni e la rinascita<\/h3>\n<p class=\"p1\"><span class=\"s1\">Quas<strong>i 1200 ettari di vegetazione resi polvere<\/strong>, di questi 1000 appartenevano al bosco, il restante era superficie agricola. L\u2019uomo che distrugge ma anche l\u2019uomo che fa rinascere perch\u00e9 da quei giorni, molto \u00e8 cambiato sul monte. Da subito iniziarono gli interventi di salvaguardia, poi la nascita lo scorso anno della <strong>Comunit\u00e0 del bosco<\/strong>, un progetto da una parte di ripristino ambientale e dall\u2019altra di valorizzazione turistica della zona.<\/span><\/p>\n<p><iframe loading=\"lazy\" src=\"https:\/\/www.youtube.com\/embed\/tyD1sNhbG3M\" width=\"800\" height=\"560\" frameborder=\"0\" allowfullscreen=\"allowfullscreen\"><span data-mce-type=\"bookmark\" style=\"display: inline-block; width: 0px; overflow: hidden; line-height: 0;\" class=\"mce_SELRES_start\">\ufeff<\/span><\/iframe><\/p>\n<h3>Occhi elettronici per proteggere il bosco<\/h3>\n<p class=\"p1\"><span class=\"s1\">Oggi al puzzle si aggiunge un ulteriore tassello grazie all\u2019iniziativa di Unicoop Firenze e delle sezioni soci di Coop Valdera, Cascina, Pisa e Valdiserchio &#8211; Versilia,<\/span><span class=\"s2\">\u00a0<\/span><span class=\"s1\"><strong> \u2018Gli occhi del bosco\u2019<\/strong>, una vera e propria sala di regia da cui controllare il Monte Pisano attraverso le immagini di otto telecamere di videosorveglianza ad alta risoluzione, collegate alla sala operativa di Protezione Civile. <\/span><\/p>\n<p class=\"p3\"><span class=\"s1\">Un\u2019iniziativa di prevenzione per contrastare eventuali atti dolosi o involontari e tutelare dunque natura e persone, monitorando la situazione in real time.<span class=\"Apple-converted-space\">\u00a0 <\/span>Il sistema di controllo permetter\u00e0 dunque alla Protezione Civile e al sistema regionale di anti-incendi boschivi<span class=\"Apple-converted-space\">\u00a0 <\/span>la verifica delle situazioni a rischio, ma anche la gestione delle emergenze e la messa in sicurezza delle popolazioni e degli operatori.\u00a0<\/span><\/p>\n<p class=\"p3\"><span class=\"s1\">La<strong> sala di regia<\/strong> &#8211; come ha ricordato nella cerimonia di inaugurazione tenutasi ieri a Calci il sindaco <strong>Massimiliano Ghimenti &#8211;<\/strong> \u00e8 stata intitolata alla memoria di<strong> Giuliano Manett<\/strong>i, cittadino calcesano che dedicato tutta la sua vita all\u2019impegno ed alla lotta contro gli incendi boschivi formando &#8211; ha spiegato &#8211;<em> \u2018le giovani generazioni sul tema dell\u2019AIB<\/em> (antincendi boschivi, n.d.r)\u2019.<\/span><\/p>\n<p class=\"p3\"><span class=\"s1\">Il presidente della sezione soci della Coop di Cascina<strong> Paolo Brunetti<\/strong> ha ricordato poi che<span class=\"Apple-converted-space\">\u00a0 <\/span>il progetto \u2018Occhi del bosco\u2019 \u00e8 stato reso possibile grazie alla campagna di crowdfunding attivata e<em> \u2018al contributo della cooperativa da una parte e di tanti soci e clienti dall\u2019altra\u2019.\u00a0<\/em><\/span><\/p>\n<p class=\"p4\"><span class=\"s3\">La sala di regia appena inaugurata sar\u00e0 fondamentale &#8211; ha chiosato <strong>Virgilio Russo<\/strong> della <\/span><span class=\"s1\">Polizia anticrimine della Questura, in caso di indagini, grazie<em> \u2018agli strumenti di altissima tecnologia\u2019<\/em> utilizzati.<\/span><\/p>\n<p><iframe loading=\"lazy\" src=\"https:\/\/www.youtube.com\/embed\/475danpkHcE\" width=\"800\" height=\"560\" frameborder=\"0\" allowfullscreen=\"allowfullscreen\"><span data-mce-type=\"bookmark\" style=\"display: inline-block; width: 0px; overflow: hidden; line-height: 0;\" class=\"mce_SELRES_start\">\ufeff<\/span><\/iframe><\/p>\n<h3 class=\"p6\"><span class=\"s4\">A Monticiano l&#8217;unico centro di addestramento antincendi d&#8217;Italia<\/span><\/h3>\n<p class=\"p8\"><span class=\"s1\">Nel senese &#8211; a Monticiano &#8211; si trova poi l<strong>\u2019unico centro di addestramento antincendi d\u2019Italia,<\/strong> realizzato dalla Regione Toscana. Un ulteriore punto di riferimento per il contrasto al fenomeno. Al centro <strong>la Pineta di Tocchi<\/strong> si formano ogni anno &#8211; con l\u2019obiettivo di prevenire e fermare gli incendi &#8211;<strong> 4900 uomini,<\/strong> di cui 4.200 volontari, 500 operai forestali e 200 direttori\u00a0 per le operazioni di antincendio boschivo. Qui poi non si fa solo addestramento ma anche aggiornamento e formazione continua. <\/span><\/p>\n<p class=\"p8\"><span class=\"s1\">Una realt\u00e0 unica a livello nazionale che ospita anche convegni, iniziative di didattica e che si pone come luogo di incontro e di scambio per la diffusione di buone pratiche nazionali e internazionali.<\/span><\/p>\n<p><iframe loading=\"lazy\" src=\"https:\/\/www.youtube.com\/embed\/pKoQm6dxwj8\" width=\"800\" height=\"560\" frameborder=\"0\" allowfullscreen=\"allowfullscreen\"><span data-mce-type=\"bookmark\" style=\"display: inline-block; width: 0px; overflow: hidden; line-height: 0;\" class=\"mce_SELRES_start\">\ufeff<\/span><\/iframe><\/p>\n","protected":false},"excerpt":{"rendered":"<p>Telecamere collegate alla Sala di Protezione Civile per prevenire e contrastare nuovi incendi a due anni dal rogo che ha toccato sei comuni del Monte Pisano. Ecco come rinasce la zona dopo l&#8217;incendio e come tutelarla<\/p>\n","protected":false},"author":513,"featured_media":80222,"comment_status":"open","ping_status":"open","sticky":false,"template":"","format":"standard","meta":{"_acf_changed":false,"footnotes":""},"categories":[19],"tags":[4435,4621,4620,4619],"class_list":["post-152982","post","type-post","status-publish","format-standard","has-post-thumbnail","hentry","category-ambiente","tag-anti-incendi-boschivi","tag-comunita-del-bosco","tag-incendio-monte-pisano","tag-monte-pisano"],"acf":[],"yoast_head":"<!-- This site is optimized with the Yoast SEO Premium plugin v24.2 (Yoast SEO v25.6) - https:\/\/yoast.com\/wordpress\/plugins\/seo\/ -->\n<title>Gli occhi del bosco sul Monte Pisano: telecamere di sorveglianza dopo l\u2019incendio del 2018 - intoscana<\/title>\n<meta name=\"description\" content=\"Un progetto di Unicoop Firenze per tutelare il Monte Pisano e prevenire nuovi roghi o situazioni di pericolo\" \/>\n<meta name=\"robots\" content=\"index, follow, max-snippet:-1, max-image-preview:large, max-video-preview:-1\" \/>\n<link rel=\"canonical\" href=\"https:\/\/www.intoscana.it\/it\/gli-occhi-del-bosco-sul-monte-pisano-telecamere-di-sorveglianza-dopo-lincendio-del-2018\/\" \/>\n<meta property=\"og:locale\" content=\"it_IT\" \/>\n<meta property=\"og:type\" content=\"article\" \/>\n<meta property=\"og:title\" content=\"Gli occhi del bosco sul Monte Pisano: telecamere di sorveglianza dopo l\u2019incendio del 2018\" \/>\n<meta property=\"og:description\" content=\"Un progetto di Unicoop Firenze per tutelare il Monte Pisano e prevenire nuovi roghi o situazioni di pericolo\" \/>\n<meta property=\"og:url\" content=\"https:\/\/www.intoscana.it\/it\/gli-occhi-del-bosco-sul-monte-pisano-telecamere-di-sorveglianza-dopo-lincendio-del-2018\/\" \/>\n<meta property=\"og:site_name\" content=\"intoscana\" \/>\n<meta property=\"article:publisher\" content=\"https:\/\/www.facebook.com\/intoscana.it\" \/>\n<meta property=\"article:published_time\" content=\"2020-09-25T10:40:41+00:00\" \/>\n<meta property=\"article:modified_time\" content=\"2020-09-25T10:44:45+00:00\" \/>\n<meta property=\"og:image\" content=\"https:\/\/www.intoscana.it\/wp-content\/uploads\/20180927_regionetoscana_incendiomontipisanipost.jpg\" \/>\n\t<meta property=\"og:image:width\" content=\"1091\" \/>\n\t<meta property=\"og:image:height\" content=\"818\" \/>\n\t<meta property=\"og:image:type\" content=\"image\/jpeg\" \/>\n<meta name=\"author\" content=\"Simona Bellocci\" \/>\n<meta name=\"twitter:card\" content=\"summary_large_image\" \/>\n<meta name=\"twitter:creator\" content=\"@intoscana\" \/>\n<meta name=\"twitter:site\" content=\"@intoscana\" \/>\n<meta name=\"twitter:label1\" content=\"Written by\" \/>\n\t<meta name=\"twitter:data1\" content=\"Simona Bellocci\" \/>\n\t<meta name=\"twitter:label2\" content=\"Est. reading time\" \/>\n\t<meta name=\"twitter:data2\" content=\"3 minuti\" \/>\n<script type=\"application\/ld+json\" class=\"yoast-schema-graph\">{\"@context\":\"https:\/\/schema.org\",\"@graph\":[{\"@type\":\"WebPage\",\"@id\":\"https:\/\/www.intoscana.it\/it\/gli-occhi-del-bosco-sul-monte-pisano-telecamere-di-sorveglianza-dopo-lincendio-del-2018\/\",\"url\":\"https:\/\/www.intoscana.it\/it\/gli-occhi-del-bosco-sul-monte-pisano-telecamere-di-sorveglianza-dopo-lincendio-del-2018\/\",\"name\":\"Gli occhi del bosco sul Monte Pisano: telecamere di sorveglianza dopo l\u2019incendio del 2018 - intoscana\",\"isPartOf\":{\"@id\":\"https:\/\/www.intoscana.it\/it\/#website\"},\"primaryImageOfPage\":{\"@id\":\"https:\/\/www.intoscana.it\/it\/gli-occhi-del-bosco-sul-monte-pisano-telecamere-di-sorveglianza-dopo-lincendio-del-2018\/#primaryimage\"},\"image\":{\"@id\":\"https:\/\/www.intoscana.it\/it\/gli-occhi-del-bosco-sul-monte-pisano-telecamere-di-sorveglianza-dopo-lincendio-del-2018\/#primaryimage\"},\"thumbnailUrl\":\"https:\/\/www.intoscana.it\/wp-content\/uploads\/20180927_regionetoscana_incendiomontipisanipost.jpg\",\"datePublished\":\"2020-09-25T10:40:41+00:00\",\"dateModified\":\"2020-09-25T10:44:45+00:00\",\"author\":{\"@id\":\"https:\/\/www.intoscana.it\/it\/#\/schema\/person\/43a95334a6f068317e0b7acba24f9e87\"},\"description\":\"Un progetto di Unicoop Firenze per tutelare il Monte Pisano e prevenire nuovi roghi o situazioni di pericolo\",\"breadcrumb\":{\"@id\":\"https:\/\/www.intoscana.it\/it\/gli-occhi-del-bosco-sul-monte-pisano-telecamere-di-sorveglianza-dopo-lincendio-del-2018\/#breadcrumb\"},\"inLanguage\":\"it-IT\",\"potentialAction\":[{\"@type\":\"ReadAction\",\"target\":[\"https:\/\/www.intoscana.it\/it\/gli-occhi-del-bosco-sul-monte-pisano-telecamere-di-sorveglianza-dopo-lincendio-del-2018\/\"]}]},{\"@type\":\"ImageObject\",\"inLanguage\":\"it-IT\",\"@id\":\"https:\/\/www.intoscana.it\/it\/gli-occhi-del-bosco-sul-monte-pisano-telecamere-di-sorveglianza-dopo-lincendio-del-2018\/#primaryimage\",\"url\":\"https:\/\/www.intoscana.it\/wp-content\/uploads\/20180927_regionetoscana_incendiomontipisanipost.jpg\",\"contentUrl\":\"https:\/\/www.intoscana.it\/wp-content\/uploads\/20180927_regionetoscana_incendiomontipisanipost.jpg\",\"width\":1091,\"height\":818,\"caption\":\"Monte Pisano\"},{\"@type\":\"BreadcrumbList\",\"@id\":\"https:\/\/www.intoscana.it\/it\/gli-occhi-del-bosco-sul-monte-pisano-telecamere-di-sorveglianza-dopo-lincendio-del-2018\/#breadcrumb\",\"itemListElement\":[{\"@type\":\"ListItem\",\"position\":1,\"name\":\"Home\",\"item\":\"https:\/\/www.intoscana.it\/it\/\"},{\"@type\":\"ListItem\",\"position\":2,\"name\":\"Gli occhi del bosco sul Monte Pisano: telecamere di sorveglianza dopo l\u2019incendio del 2018\"}]},{\"@type\":\"WebSite\",\"@id\":\"https:\/\/www.intoscana.it\/it\/#website\",\"url\":\"https:\/\/www.intoscana.it\/it\/\",\"name\":\"intoscana\",\"description\":\"\",\"potentialAction\":[{\"@type\":\"SearchAction\",\"target\":{\"@type\":\"EntryPoint\",\"urlTemplate\":\"https:\/\/www.intoscana.it\/it\/?s={search_term_string}\"},\"query-input\":{\"@type\":\"PropertyValueSpecification\",\"valueRequired\":true,\"valueName\":\"search_term_string\"}}],\"inLanguage\":\"it-IT\"},{\"@type\":\"Person\",\"@id\":\"https:\/\/www.intoscana.it\/it\/#\/schema\/person\/43a95334a6f068317e0b7acba24f9e87\",\"name\":\"Simona Bellocci\",\"url\":\"https:\/\/www.intoscana.it\/it\/author\/simona-bellocci\/\"}]}<\/script>\n<!-- \/ Yoast SEO Premium plugin. -->","yoast_head_json":{"title":"Gli occhi del bosco sul Monte Pisano: telecamere di sorveglianza dopo l\u2019incendio del 2018 - intoscana","description":"Un progetto di Unicoop Firenze per tutelare il Monte Pisano e prevenire nuovi roghi o situazioni di pericolo","robots":{"index":"index","follow":"follow","max-snippet":"max-snippet:-1","max-image-preview":"max-image-preview:large","max-video-preview":"max-video-preview:-1"},"canonical":"https:\/\/www.intoscana.it\/it\/gli-occhi-del-bosco-sul-monte-pisano-telecamere-di-sorveglianza-dopo-lincendio-del-2018\/","og_locale":"it_IT","og_type":"article","og_title":"Gli occhi del bosco sul Monte Pisano: telecamere di sorveglianza dopo l\u2019incendio del 2018","og_description":"Un progetto di Unicoop Firenze per tutelare il Monte Pisano e prevenire nuovi roghi o situazioni di pericolo","og_url":"https:\/\/www.intoscana.it\/it\/gli-occhi-del-bosco-sul-monte-pisano-telecamere-di-sorveglianza-dopo-lincendio-del-2018\/","og_site_name":"intoscana","article_publisher":"https:\/\/www.facebook.com\/intoscana.it","article_published_time":"2020-09-25T10:40:41+00:00","article_modified_time":"2020-09-25T10:44:45+00:00","og_image":[{"width":1091,"height":818,"url":"https:\/\/www.intoscana.it\/wp-content\/uploads\/20180927_regionetoscana_incendiomontipisanipost.jpg","type":"image\/jpeg"}],"author":"Simona Bellocci","twitter_card":"summary_large_image","twitter_creator":"@intoscana","twitter_site":"@intoscana","twitter_misc":{"Written by":"Simona Bellocci","Est. reading time":"3 minuti"},"schema":{"@context":"https:\/\/schema.org","@graph":[{"@type":"WebPage","@id":"https:\/\/www.intoscana.it\/it\/gli-occhi-del-bosco-sul-monte-pisano-telecamere-di-sorveglianza-dopo-lincendio-del-2018\/","url":"https:\/\/www.intoscana.it\/it\/gli-occhi-del-bosco-sul-monte-pisano-telecamere-di-sorveglianza-dopo-lincendio-del-2018\/","name":"Gli occhi del bosco sul Monte Pisano: telecamere di sorveglianza dopo l\u2019incendio del 2018 - intoscana","isPartOf":{"@id":"https:\/\/www.intoscana.it\/it\/#website"},"primaryImageOfPage":{"@id":"https:\/\/www.intoscana.it\/it\/gli-occhi-del-bosco-sul-monte-pisano-telecamere-di-sorveglianza-dopo-lincendio-del-2018\/#primaryimage"},"image":{"@id":"https:\/\/www.intoscana.it\/it\/gli-occhi-del-bosco-sul-monte-pisano-telecamere-di-sorveglianza-dopo-lincendio-del-2018\/#primaryimage"},"thumbnailUrl":"https:\/\/www.intoscana.it\/wp-content\/uploads\/20180927_regionetoscana_incendiomontipisanipost.jpg","datePublished":"2020-09-25T10:40:41+00:00","dateModified":"2020-09-25T10:44:45+00:00","author":{"@id":"https:\/\/www.intoscana.it\/it\/#\/schema\/person\/43a95334a6f068317e0b7acba24f9e87"},"description":"Un progetto di Unicoop Firenze per tutelare il Monte Pisano e prevenire nuovi roghi o situazioni di pericolo","breadcrumb":{"@id":"https:\/\/www.intoscana.it\/it\/gli-occhi-del-bosco-sul-monte-pisano-telecamere-di-sorveglianza-dopo-lincendio-del-2018\/#breadcrumb"},"inLanguage":"it-IT","potentialAction":[{"@type":"ReadAction","target":["https:\/\/www.intoscana.it\/it\/gli-occhi-del-bosco-sul-monte-pisano-telecamere-di-sorveglianza-dopo-lincendio-del-2018\/"]}]},{"@type":"ImageObject","inLanguage":"it-IT","@id":"https:\/\/www.intoscana.it\/it\/gli-occhi-del-bosco-sul-monte-pisano-telecamere-di-sorveglianza-dopo-lincendio-del-2018\/#primaryimage","url":"https:\/\/www.intoscana.it\/wp-content\/uploads\/20180927_regionetoscana_incendiomontipisanipost.jpg","contentUrl":"https:\/\/www.intoscana.it\/wp-content\/uploads\/20180927_regionetoscana_incendiomontipisanipost.jpg","width":1091,"height":818,"caption":"Monte Pisano"},{"@type":"BreadcrumbList","@id":"https:\/\/www.intoscana.it\/it\/gli-occhi-del-bosco-sul-monte-pisano-telecamere-di-sorveglianza-dopo-lincendio-del-2018\/#breadcrumb","itemListElement":[{"@type":"ListItem","position":1,"name":"Home","item":"https:\/\/www.intoscana.it\/it\/"},{"@type":"ListItem","position":2,"name":"Gli occhi del bosco sul Monte Pisano: telecamere di sorveglianza dopo l\u2019incendio del 2018"}]},{"@type":"WebSite","@id":"https:\/\/www.intoscana.it\/it\/#website","url":"https:\/\/www.intoscana.it\/it\/","name":"intoscana","description":"","potentialAction":[{"@type":"SearchAction","target":{"@type":"EntryPoint","urlTemplate":"https:\/\/www.intoscana.it\/it\/?s={search_term_string}"},"query-input":{"@type":"PropertyValueSpecification","valueRequired":true,"valueName":"search_term_string"}}],"inLanguage":"it-IT"},{"@type":"Person","@id":"https:\/\/www.intoscana.it\/it\/#\/schema\/person\/43a95334a6f068317e0b7acba24f9e87","name":"Simona Bellocci","url":"https:\/\/www.intoscana.it\/it\/author\/simona-bellocci\/"}]}},"_links":{"self":[{"href":"https:\/\/www.intoscana.it\/it\/wp-json\/wp\/v2\/posts\/152982","targetHints":{"allow":["GET"]}}],"collection":[{"href":"https:\/\/www.intoscana.it\/it\/wp-json\/wp\/v2\/posts"}],"about":[{"href":"https:\/\/www.intoscana.it\/it\/wp-json\/wp\/v2\/types\/post"}],"author":[{"embeddable":true,"href":"https:\/\/www.intoscana.it\/it\/wp-json\/wp\/v2\/users\/513"}],"replies":[{"embeddable":true,"href":"https:\/\/www.intoscana.it\/it\/wp-json\/wp\/v2\/comments?post=152982"}],"version-history":[{"count":0,"href":"https:\/\/www.intoscana.it\/it\/wp-json\/wp\/v2\/posts\/152982\/revisions"}],"wp:featuredmedia":[{"embeddable":true,"href":"https:\/\/www.intoscana.it\/it\/wp-json\/wp\/v2\/media\/80222"}],"wp:attachment":[{"href":"https:\/\/www.intoscana.it\/it\/wp-json\/wp\/v2\/media?parent=152982"}],"wp:term":[{"taxonomy":"category","embeddable":true,"href":"https:\/\/www.intoscana.it\/it\/wp-json\/wp\/v2\/categories?post=152982"},{"taxonomy":"post_tag","embeddable":true,"href":"https:\/\/www.intoscana.it\/it\/wp-json\/wp\/v2\/tags?post=152982"}],"curies":[{"name":"wp","href":"https:\/\/api.w.org\/{rel}","templated":true}]}}